{"id":25085,"date":"2023-06-06T21:16:29","date_gmt":"2023-06-07T00:16:29","guid":{"rendered":"https:\/\/correiodasemana.com\/site\/?p=25085"},"modified":"2023-06-06T21:16:29","modified_gmt":"2023-06-07T00:16:29","slug":"sobral-sobral-128","status":"publish","type":"post","link":"https:\/\/correiodasemana.com\/site\/sobral-sobral-128\/","title":{"rendered":"Sobral, Sobral"},"content":{"rendered":"<p>\u201cMESMO QUE VOC\u00ca TROPECE, CONTINUE SEGUINDO, SEM DERRUBAR NINGU\u00c9M!\u201d<\/p>\n<p>MINHAS PRECES&#8230;.<br \/>\nEclesiastes 3:1-8<br \/>\nTudo tem o seu tempo determinado, e h\u00e1 tempo para todo o prop\u00f3sito debaixo do c\u00e9u:<br \/>\nH\u00e1 tempo de nascer, e tempo de morrer; tempo de plantar, e tempo de arrancar o que se plantou;<br \/>\nTempo de matar, e tempo de curar; tempo de derribar, e tempo de edificar.<br \/>\nTempo de chorar, e tempo de rir; tempo de prantear, e tempo de saltar;<br \/>\nTempo de espalhar pedras, e tempo de ajuntar pedras; tempo de abra\u00e7ar, e tempo de afastar-se de abra\u00e7ar;<br \/>\nTempo de buscar, e tempo de perder; tempo de guardar, e tempo de deitar fora;<br \/>\nTempo de rasgar, e tempo de coser; tempo de estar calado, e tempo de falar;<br \/>\nTempo de amar, e tempo de aborrecer; tempo de guerra, e tempo de paz.<br \/>\n\ud835\udde0\ud835\udddc\ud835\udde1\ud835\udddb\ud835\uddd4\ud835\udde6 \ud835\uddd9\ud835\udde5\ud835\uddd4\ud835\udde6\ud835\uddd8\ud835\udde6&#8230;<br \/>\n\u201c\ud835\udde7\ud835\uddfc\ud835\uddf1\ud835\uddfc\ud835\ude00 \ud835\uddfc\ud835\ude00 \ud835\udddb\ud835\udde2\ud835\udde0\ud835\uddd8\ud835\udde1\ud835\udde6, \ud835\uddf1\ud835\uddf2\ud835\ude00\ud835\uddf1\ud835\uddf2 \ud835\uddee \ud835\uddf6\ud835\uddfb\ud835\uddf3\ud835\uddee\u0302\ud835\uddfb\ud835\uddf0\ud835\uddf6\ud835\uddee, \ud835\uddf3\ud835\uddee\ud835\ude07\ud835\uddf2\ud835\uddfa \ud835\uddfa\ud835\ude02\ud835\uddf6\ud835\ude01\ud835\uddfc \ud835\uddfa\ud835\uddee\ud835\uddf6\ud835\ude00 \ud835\udde0\ud835\uddd4\ud835\udddf \ud835\uddf1\ud835\uddfc \ud835\uddfe\ud835\ude02\ud835\uddf2 \ud835\uddd5\ud835\uddd8\ud835\udde0\u201d!!!<br \/>\n<a href=\"https:\/\/correiodasemana.com\/site\/sobral-sobral-128\/whatsapp-image-2023-06-02-at-14-46-01\/\" rel=\"attachment wp-att-25086\"><img fetchpriority=\"high\" decoding=\"async\" class=\"alignleft size-medium wp-image-25086\" src=\"https:\/\/correiodasemana.com\/site\/wp-content\/uploads\/2023\/06\/WhatsApp-Image-2023-06-02-at-14.46.01-214x300.jpeg\" alt=\"\" width=\"214\" height=\"300\" srcset=\"https:\/\/correiodasemana.com\/site\/wp-content\/uploads\/2023\/06\/WhatsApp-Image-2023-06-02-at-14.46.01-214x300.jpeg 214w, https:\/\/correiodasemana.com\/site\/wp-content\/uploads\/2023\/06\/WhatsApp-Image-2023-06-02-at-14.46.01.jpeg 237w\" sizes=\"(max-width: 214px) 100vw, 214px\" \/><\/a>\ud835\udde6\ud835\udde2\u0301\ud835\uddd6\ud835\udde5\ud835\uddd4\ud835\udde7\ud835\uddd8\ud835\udde6 (\ud835\uddf3\ud835\uddf6\ud835\uddf9\ud835\uddfc\u0301\ud835\ude00\ud835\uddfc\ud835\uddf3\ud835\uddfc \ud835\uddf4\ud835\uddff\ud835\uddf2\ud835\uddf4\ud835\uddfc, \ud835\uddf1\ud835\uddf2 \ud835\uddd4\ud835\udddf\ud835\udde2\u0301\ud835\udde3\ud835\uddd8\ud835\uddd6\ud835\uddd8, \ud835\uddf3\ud835\uddee\ud835\uddf9\ud835\uddf2\ud835\uddf0\ud835\uddf6\ud835\uddf1\ud835\uddfc \ud835\uddf2\ud835\uddfa \ud835\uddd4\ud835\udde7\ud835\uddd8\ud835\udde1\ud835\uddd4\ud835\udde6, \ud835\uddf2\ud835\uddfa 399 \ud835\uddee.\ud835\uddd6.). \ud835\udde3\ud835\uddfc\ud835\uddff \ud835\uddf1\ud835\uddf6\ud835\ude07\ud835\uddf2\ud835\uddff \ud835\ude00\ud835\ude02\ud835\uddee\ud835\ude00 \ud835\ude03\ud835\uddf2\ud835\uddff\ud835\uddf1\ud835\uddee\ud835\uddf1\ud835\uddf2\ud835\ude00, \ud835\udde6\ud835\udde2\u0301\ud835\uddd6\ud835\udde5\ud835\uddd4\ud835\udde7\ud835\uddd8\ud835\udde6 \ud835\uddf3\ud835\uddfc\ud835\uddf6 \ud835\uddff\ud835\uddf6\ud835\uddf1\ud835\uddf6\ud835\uddf0\ud835\ude02\ud835\uddf9\ud835\uddee\ud835\uddff\ud835\uddf6\ud835\ude07\ud835\uddee\ud835\uddf1\ud835\uddfc, \ud835\uddee\ud835\uddf0\ud835\ude02\ud835\ude00\ud835\uddee\ud835\uddf1\ud835\uddfc \ud835\uddf1\ud835\uddf2 \ud835\uddf6\ud835\uddfa\ud835\uddfd\ud835\uddf6\ud835\uddf2\ud835\uddf1\ud835\uddee\ud835\uddf1\ud835\uddf2 \ud835\uddf2 \ud835\uddf0\ud835\uddfc\ud835\uddfb\ud835\uddf1\ud835\uddf2\ud835\uddfb\ud835\uddee\ud835\uddf1\ud835\uddfc \ud835\uddee \ud835\uddef\ud835\uddf2\ud835\uddef\ud835\uddf2\ud835\uddff \ud835\uddf0\ud835\uddf6\ud835\uddf0\ud835\ude02\ud835\ude01\ud835\uddee, \ud835\ude03\ud835\uddf2\ud835\uddfb\ud835\uddf2\ud835\uddfb\ud835\uddfc \ud835\uddf2\ud835\ude05\ud835\ude01\ud835\uddff\ud835\uddee\ud835\uddf6\u0304\ud835\uddf1\ud835\uddfc \ud835\uddf1\ud835\uddf2 \ud835\ude02\ud835\uddfa \ud835\ude03\ud835\uddf2\ud835\uddf4\ud835\uddf2\ud835\ude01\ud835\uddee\ud835\uddf9.<\/p>\n","protected":false},"excerpt":{"rendered":"<p>\u201cMESMO QUE VOC\u00ca TROPECE, CONTINUE SEGUINDO, SEM DERRUBAR NINGU\u00c9M!\u201d MINHAS PRECES&#8230;. Eclesiastes 3:1-8 Tudo tem&#8230;<\/p>\n","protected":false},"author":7,"featured_media":12393,"comment_status":"open","ping_status":"open","sticky":false,"template":"","format":"standard","meta":{"_jetpack_memberships_contains_paid_content":false,"footnotes":"","jetpack_publicize_message":"","jetpack_publicize_feature_enabled":true,"jetpack_social_post_already_shared":true,"jetpack_social_options":{"image_generator_settings":{"template":"highway","default_image_id":0,"font":"","enabled":false},"version":2}},"categories":[11,75],"tags":[],"class_list":["post-25085","post","type-post","status-publish","format-standard","has-post-thumbnail","hentry","category-artigos","category-carolino-soares"],"jetpack_publicize_connections":[],"jetpack_featured_media_url":"https:\/\/correiodasemana.com\/site\/wp-content\/uploads\/2020\/08\/Carolino-Soares.png","jetpack-related-posts":[{"id":34953,"url":"https:\/\/correiodasemana.com\/site\/eriberto-ximenes-groairense-construtor-de-catedrais\/","url_meta":{"origin":25085,"position":0},"title":"Eriberto Ximenes, Groairense construtor de catedrais","author":"adminredacao","date":"Agosto 4, 2025","format":false,"excerpt":"A F\u00e9 como Obra e Constru\u00e7\u00e3o Eterna no Sert\u00e3o de Groa\u00edras no Cear\u00e1 Por Domingos Pascoal Na paisagem quente e terrosa do sert\u00e3o cearense, onde o sil\u00eancio das pedras e a sombra dos mofumbos guardam a mem\u00f3ria dos que partiram e a esperan\u00e7a dos que ficaram, um homem ousa levantar,\u2026","rel":"","context":"In &quot;Atualidade&quot;","block_context":{"text":"Atualidade","link":"https:\/\/correiodasemana.com\/site\/category\/atualidade\/"},"img":{"alt_text":"","src":"https:\/\/correiodasemana.com\/site\/wp-content\/uploads\/2025\/08\/e39bbe_0bdbbbd96a15407a90d834edf4c5c561mv2.avif","width":350,"height":200,"srcset":"https:\/\/correiodasemana.com\/site\/wp-content\/uploads\/2025\/08\/e39bbe_0bdbbbd96a15407a90d834edf4c5c561mv2.avif 1x, https:\/\/correiodasemana.com\/site\/wp-content\/uploads\/2025\/08\/e39bbe_0bdbbbd96a15407a90d834edf4c5c561mv2.avif 1.5x, https:\/\/correiodasemana.com\/site\/wp-content\/uploads\/2025\/08\/e39bbe_0bdbbbd96a15407a90d834edf4c5c561mv2.avif 2x, https:\/\/correiodasemana.com\/site\/wp-content\/uploads\/2025\/08\/e39bbe_0bdbbbd96a15407a90d834edf4c5c561mv2.avif 3x"},"classes":[]},{"id":8435,"url":"https:\/\/correiodasemana.com\/site\/em-tempo-3\/","url_meta":{"origin":25085,"position":1},"title":"Em Tempo","author":"","date":"Julho 22, 2019","format":false,"excerpt":"Hospital do Cora\u00e7\u00e3o de Sobral Hospital do Cora\u00e7\u00e3o de Sobral (HC) inaugurou nova UTI para pacientes de conv\u00eanios e particulares, com oito leitos, todos com monitores, ventiladores, bombas de infus\u00e3o e aparelhos de eletrocardiograma. Cerim\u00f4nia, no dia 9 de julho, teve a ben\u00e7\u00e3o do bispo Dom Vasconcelos. O HC realiza\u2026","rel":"","context":"In &quot;Artigos&quot;","block_context":{"text":"Artigos","link":"https:\/\/correiodasemana.com\/site\/category\/artigos\/"},"img":{"alt_text":"","src":"https:\/\/i0.wp.com\/correiodasemana.com\/site\/wp-content\/uploads\/2019\/07\/Orquestra.jpg?resize=350%2C200&ssl=1","width":350,"height":200,"srcset":"https:\/\/i0.wp.com\/correiodasemana.com\/site\/wp-content\/uploads\/2019\/07\/Orquestra.jpg?resize=350%2C200&ssl=1 1x, https:\/\/i0.wp.com\/correiodasemana.com\/site\/wp-content\/uploads\/2019\/07\/Orquestra.jpg?resize=525%2C300&ssl=1 1.5x, https:\/\/i0.wp.com\/correiodasemana.com\/site\/wp-content\/uploads\/2019\/07\/Orquestra.jpg?resize=700%2C400&ssl=1 2x"},"classes":[]},{"id":9466,"url":"https:\/\/correiodasemana.com\/site\/em-tempo-15\/","url_meta":{"origin":25085,"position":2},"title":"Em Tempo","author":"","date":"Outubro 14, 2019","format":false,"excerpt":"Sele\u00e7\u00e3o para o VLT tem 22 vagas Come\u00e7am no dia 14 de outubro as inscri\u00e7\u00f5es para sele\u00e7\u00e3o p\u00fablica do VLT de Sobral, que contratar\u00e1 22 pessoas para vagas de condutores, agentes de esta\u00e7\u00e3o, manobradores de trem e assistentes controladores de movimento para o per\u00edodo de ano, prorrog\u00e1vel por mais um\u2026","rel":"","context":"In &quot;Artigos&quot;","block_context":{"text":"Artigos","link":"https:\/\/correiodasemana.com\/site\/category\/artigos\/"},"img":{"alt_text":"","src":"https:\/\/i0.wp.com\/correiodasemana.com\/site\/wp-content\/uploads\/2019\/10\/0440c8e8-33c6-47c3-afae-edde533b3c6e.jpg?resize=350%2C200&ssl=1","width":350,"height":200,"srcset":"https:\/\/i0.wp.com\/correiodasemana.com\/site\/wp-content\/uploads\/2019\/10\/0440c8e8-33c6-47c3-afae-edde533b3c6e.jpg?resize=350%2C200&ssl=1 1x, https:\/\/i0.wp.com\/correiodasemana.com\/site\/wp-content\/uploads\/2019\/10\/0440c8e8-33c6-47c3-afae-edde533b3c6e.jpg?resize=525%2C300&ssl=1 1.5x, https:\/\/i0.wp.com\/correiodasemana.com\/site\/wp-content\/uploads\/2019\/10\/0440c8e8-33c6-47c3-afae-edde533b3c6e.jpg?resize=700%2C400&ssl=1 2x"},"classes":[]},{"id":37330,"url":"https:\/\/correiodasemana.com\/site\/em-tempo-313\/","url_meta":{"origin":25085,"position":3},"title":"EM TEMPO \u2022","author":"adminredacao","date":"Fevereiro 11, 2026","format":false,"excerpt":"Festival Jazz & Blues em Guaramiranga Definida programa\u00e7\u00e3o do Festival Jazz & Blues na 27\u00aa edi\u00e7\u00e3o no Carnaval 2026, de 14 a 17 de fevereiro, em Guaramiranga. Nos palcos, atra\u00e7\u00f5es cearenses, nacionais e internacionais com sons que passam por g\u00eaneros afins, regionais e outras vertentes da m\u00fasica brasileira. Entre os\u2026","rel":"","context":"In &quot;Artigos&quot;","block_context":{"text":"Artigos","link":"https:\/\/correiodasemana.com\/site\/category\/artigos\/"},"img":{"alt_text":"","src":"https:\/\/i0.wp.com\/correiodasemana.com\/site\/wp-content\/uploads\/2026\/02\/okMaria-Rita-150x150.jpg?resize=350%2C200&ssl=1","width":350,"height":200,"srcset":"https:\/\/i0.wp.com\/correiodasemana.com\/site\/wp-content\/uploads\/2026\/02\/okMaria-Rita-150x150.jpg?resize=350%2C200&ssl=1 1x, https:\/\/i0.wp.com\/correiodasemana.com\/site\/wp-content\/uploads\/2026\/02\/okMaria-Rita-150x150.jpg?resize=525%2C300&ssl=1 1.5x, https:\/\/i0.wp.com\/correiodasemana.com\/site\/wp-content\/uploads\/2026\/02\/okMaria-Rita-150x150.jpg?resize=700%2C400&ssl=1 2x, https:\/\/i0.wp.com\/correiodasemana.com\/site\/wp-content\/uploads\/2026\/02\/okMaria-Rita-150x150.jpg?resize=1050%2C600&ssl=1 3x"},"classes":[]},{"id":24759,"url":"https:\/\/correiodasemana.com\/site\/enquanto-esperamos-a-sua-vinda\/","url_meta":{"origin":25085,"position":4},"title":"ENQUANTO ESPERAMOS A SUA VINDA","author":"adminredacao","date":"Maio 21, 2023","format":false,"excerpt":"Jesus Cristo morreu! Jesus Cristo ressuscitou! Jesus Cristo \u00e9 o Senhor! Jesus Cristo h\u00e1 de voltar! Diante de tal an\u00fancio, desde sempre nasce a pergunta e a consequente resposta, inspirada pelo Esp\u00edrito Santo: \u201cQuando ouviram isso, ficaram com o cora\u00e7\u00e3o compungido e perguntaram a Pedro e aos outros ap\u00f3stolos: \u2018Irm\u00e3os,\u2026","rel":"","context":"In &quot;Atualidade&quot;","block_context":{"text":"Atualidade","link":"https:\/\/correiodasemana.com\/site\/category\/atualidade\/"},"img":{"alt_text":"","src":"https:\/\/i0.wp.com\/correiodasemana.com\/site\/wp-content\/uploads\/2018\/02\/Dom-Vasconcelos-posses.jpg?resize=350%2C200&ssl=1","width":350,"height":200,"srcset":"https:\/\/i0.wp.com\/correiodasemana.com\/site\/wp-content\/uploads\/2018\/02\/Dom-Vasconcelos-posses.jpg?resize=350%2C200&ssl=1 1x, https:\/\/i0.wp.com\/correiodasemana.com\/site\/wp-content\/uploads\/2018\/02\/Dom-Vasconcelos-posses.jpg?resize=525%2C300&ssl=1 1.5x, https:\/\/i0.wp.com\/correiodasemana.com\/site\/wp-content\/uploads\/2018\/02\/Dom-Vasconcelos-posses.jpg?resize=700%2C400&ssl=1 2x"},"classes":[]},{"id":28779,"url":"https:\/\/correiodasemana.com\/site\/em-tempo-220\/","url_meta":{"origin":25085,"position":5},"title":"EM TEMPO \u2022","author":"adminredacao","date":"Mar\u00e7o 25, 2024","format":false,"excerpt":"Homenagem ao artista Belchior Vai \u00e0 san\u00e7\u00e3o presidencial projeto de lei do deputado federal Le\u00f4nidas Cristino, que denomina Ant\u00f4nio Carlos Belchior o Terminal Mar\u00edtimo de Passageiros do Porto de Fortaleza, no Mucuripe. Belchior morreu em 2017, aos 70 anos, mas suas m\u00fasicas fazem sucesso at\u00e9 hoje. O projeto, aprovado no\u2026","rel":"","context":"In &quot;Artigos&quot;","block_context":{"text":"Artigos","link":"https:\/\/correiodasemana.com\/site\/category\/artigos\/"},"img":{"alt_text":"","src":"https:\/\/i0.wp.com\/correiodasemana.com\/site\/wp-content\/uploads\/2024\/03\/OSWALD-BARROSO-1_img_6454-26075622-150x150.jpg?resize=350%2C200&ssl=1","width":350,"height":200,"srcset":"https:\/\/i0.wp.com\/correiodasemana.com\/site\/wp-content\/uploads\/2024\/03\/OSWALD-BARROSO-1_img_6454-26075622-150x150.jpg?resize=350%2C200&ssl=1 1x, https:\/\/i0.wp.com\/correiodasemana.com\/site\/wp-content\/uploads\/2024\/03\/OSWALD-BARROSO-1_img_6454-26075622-150x150.jpg?resize=525%2C300&ssl=1 1.5x, https:\/\/i0.wp.com\/correiodasemana.com\/site\/wp-content\/uploads\/2024\/03\/OSWALD-BARROSO-1_img_6454-26075622-150x150.jpg?resize=700%2C400&ssl=1 2x"},"classes":[]}],"jetpack_sharing_enabled":true,"_links":{"self":[{"href":"https:\/\/correiodasemana.com\/site\/wp-json\/wp\/v2\/posts\/25085","targetHints":{"allow":["GET"]}}],"collection":[{"href":"https:\/\/correiodasemana.com\/site\/wp-json\/wp\/v2\/posts"}],"about":[{"href":"https:\/\/correiodasemana.com\/site\/wp-json\/wp\/v2\/types\/post"}],"author":[{"embeddable":true,"href":"https:\/\/correiodasemana.com\/site\/wp-json\/wp\/v2\/users\/7"}],"replies":[{"embeddable":true,"href":"https:\/\/correiodasemana.com\/site\/wp-json\/wp\/v2\/comments?post=25085"}],"version-history":[{"count":2,"href":"https:\/\/correiodasemana.com\/site\/wp-json\/wp\/v2\/posts\/25085\/revisions"}],"predecessor-version":[{"id":25088,"href":"https:\/\/correiodasemana.com\/site\/wp-json\/wp\/v2\/posts\/25085\/revisions\/25088"}],"wp:featuredmedia":[{"embeddable":true,"href":"https:\/\/correiodasemana.com\/site\/wp-json\/wp\/v2\/media\/12393"}],"wp:attachment":[{"href":"https:\/\/correiodasemana.com\/site\/wp-json\/wp\/v2\/media?parent=25085"}],"wp:term":[{"taxonomy":"category","embeddable":true,"href":"https:\/\/correiodasemana.com\/site\/wp-json\/wp\/v2\/categories?post=25085"},{"taxonomy":"post_tag","embeddable":true,"href":"https:\/\/correiodasemana.com\/site\/wp-json\/wp\/v2\/tags?post=25085"}],"curies":[{"name":"wp","href":"https:\/\/api.w.org\/{rel}","templated":true}]}}