{"id":25101,"date":"2023-06-06T21:24:03","date_gmt":"2023-06-07T00:24:03","guid":{"rendered":"https:\/\/correiodasemana.com\/site\/?p=25101"},"modified":"2023-06-06T21:24:03","modified_gmt":"2023-06-07T00:24:03","slug":"a-saudade-em-questao","status":"publish","type":"post","link":"https:\/\/correiodasemana.com\/site\/a-saudade-em-questao\/","title":{"rendered":"A Saudade em Quest\u00e3o"},"content":{"rendered":"<p>Saudade s\u00e3o lembran\u00e7as afetuosas a pessoas ausentes quer que esteja longe da gente ou que j\u00e1 n\u00e3o esteja mais aqui na Terra. S\u00e3o sentimentos causados pela falta, perda ou lembran\u00e7a de algu\u00e9m ou algo.<br \/>\nPodemos ter saudade da nossa inf\u00e2ncia quando brinc\u00e1vamos com os amigos nas cal\u00e7adas, tomando banho de chuva nas ruas, brincando de Boca de Fogo, dos Quatro Cantos, de Bila ou Bojo, de Pe\u00e3o, do Bate, de Esconde-Esconde e at\u00e9 mesmo saudade do recreio das aulas na escola.<br \/>\nNa adolesc\u00eancia temos saudade das quermesses, dos leil\u00f5es da padroeira, de uma namorada, da brincadeira \u201cMeu Lado Esquerdo Est\u00e1 Desocupado\u201d, das primeiras dan\u00e7as, do primeiro abra\u00e7o, do primeiro beijo, etc.. Estas s\u00e3o saudades que n\u00e3o d\u00e1 pra chorar, s\u00e3o lembran\u00e7as maravilhosas que temos o prazer de recordar. Como diz o ditado popular, lembrando de um programa musical que eu tinha na R\u00e1dio Universit\u00e1ria da Universidade Estadual Vale do Acara\u00fa &#8211; UVA: \u201cRecordar \u00e9 Viver\u201d. S\u00f3 m\u00fasica da Velha Guarda e da Jovem Guarda. Dos anos 1940 a 1980.<br \/>\nA portuguesa Marine Antunes tem uma saudade diferente: \u201cSe, por um lado, n\u00e3o sou muito saudosista com o meu passado \u2013 nunca acho que fui mais feliz ontem porque acredito sempre que \u201cagora \u00e9 que \u00e9 bom\u201d \u2013 as saudades aparecem-me no presente. Achas estranho? Talvez seja. Sinto saudades hoje, de hoje, sobre hoje. Se hoje estou com as pessoas, lembro-me que amanh\u00e3 n\u00e3o estarei e j\u00e1 sinto saudades delas. Que coisa \u00e9 esta de se ter saudades quando n\u00e3o h\u00e1 aus\u00eancia? Saudade n\u00e3o significa falta? Como \u00e9 que se tem saudades de quem est\u00e1 conosco? Sinto esta saudade v\u00e1rias vezes. Esta \u00e9 a minha maior saudade\u201d.<br \/>\nTodavia, a saudade de quando se perde um grande amor \u00e9 bem diferente. \u00c9 uma saudade muito dolorosa, que \u00e0s vezes ficamos um bom tempo recordando e chorando. Um choro de tristeza, de melancolia, \u00e0s vezes at\u00e9 desesperador. Mas, a seguir, Divaldo Franco nos d\u00e1 uma li\u00e7\u00e3o de quando perdemos um ente querido, principalmente de uma m\u00e3e que perde um filho.<br \/>\n\u201cSe o seu choro \u00e9 fruto da saudade de uma m\u00e3e que sente a aus\u00eancia f\u00edsica do filho, eu digo aos meus amigos, se quando eu morrer ningu\u00e9m chorar eu digo: Meu Deus, eu era uma peste, todo mundo ficou contente!<br \/>\nO chorar ou sentir saudade s\u00e3o express\u00f5es da nossa ternura, da nossa afetividade e da nossa emo\u00e7\u00e3o. O que n\u00e3o devemos fazer \u00e9 reclamar, investir contra a divindade, procurar falar que \u00e9 injusto, compreendendo que em cada segundo morrem 7.000 pessoas.<br \/>\nUm dia tem de ser uma pessoa da nossa fam\u00edlia, porque se morrerem todos menos a nossa fam\u00edlia, j\u00e1 imaginou que desastre? Ficar num planeta inteiro n\u00f3s e a fam\u00edlia? Ent\u00e3o chore. Sentiu saudade, emocione-se e diga docemente: meu filho, Deus lhe concedeu uma morte t\u00e3o cruel e t\u00e3o libertadora, porque a v\u00edtima sempre \u00e9 amparada por Deus.<br \/>\nEstou com saudade, n\u00e3o repare. Mas eu vou fazer o bem em sua homenagem, meu filho, eu vou transformar as minhas l\u00e1grimas em p\u00e9rolas de conforto. Aqueles que sofrem em sua homenagem meu filho, receber\u00e1 n\u00e3o s\u00f3 o pensamento de alegria pelo bem que voc\u00ea me pode fazer.<br \/>\nComo ficar\u00e1 aliviada de saber que voc\u00ea n\u00e3o sofre mais na medida do poss\u00edvel. Quando vierem as l\u00e1grimas lembre-se de que o seu amor de m\u00e3e pode repartir em homenagem a ele, palavra de conforto a quem esteja sofrendo mais do que voc\u00ea, e assim o bem suplanta o mal. O amor anula os nossos erros\u201d. (Divaldo Franco).<br \/>\n\u00c9 isso caro leitor. Na morte de um ente querido nosso, podemos chorar, no entanto, compreender que aquele que nos deixou \u00e9 amparado por Deus.<br \/>\nProf. Salmito Campos \u2013 (jornalista e radialista).<\/p>\n","protected":false},"excerpt":{"rendered":"<p>Saudade s\u00e3o lembran\u00e7as afetuosas a pessoas ausentes quer que esteja longe da gente ou que&#8230;<\/p>\n","protected":false},"author":7,"featured_media":18809,"comment_status":"open","ping_status":"open","sticky":false,"template":"","format":"standard","meta":{"_jetpack_memberships_contains_paid_content":false,"footnotes":"","jetpack_publicize_message":"","jetpack_publicize_feature_enabled":true,"jetpack_social_post_already_shared":true,"jetpack_social_options":{"image_generator_settings":{"template":"highway","default_image_id":0,"font":"","enabled":false},"version":2}},"categories":[11,81],"tags":[],"class_list":["post-25101","post","type-post","status-publish","format-standard","has-post-thumbnail","hentry","category-artigos","category-salmito-campos"],"jetpack_publicize_connections":[],"jetpack_featured_media_url":"https:\/\/correiodasemana.com\/site\/wp-content\/uploads\/2022\/02\/Salmito-Campos-1-scaled.jpg","jetpack-related-posts":[{"id":15606,"url":"https:\/\/correiodasemana.com\/site\/e-hoje-e-dia-da-saudade\/","url_meta":{"origin":25101,"position":0},"title":"E HOJE \u00c9 DIA DA SAUDADE&#8230;","author":"","date":"Fevereiro 2, 2021","format":false,"excerpt":"Esta coluna \u00e9 dedicada a Matusahila Santiago (In memoriam) \u201cE por falar em saudade.\/ Onde anda voc\u00ea.\/ Onde andam os seus olhos.\/ Que a gente n\u00e3o v\u00ea.\u201d, assim inicia um de seus belos poemas, Vin\u00edcius de Moraes. A palavra saudade, afirmam os lexic\u00f3grafos, \u00e9 exclusividade das l\u00ednguas portuguesa e galega.\u2026","rel":"","context":"In &quot;Artigos&quot;","block_context":{"text":"Artigos","link":"https:\/\/correiodasemana.com\/site\/category\/artigos\/"},"img":{"alt_text":"","src":"https:\/\/i0.wp.com\/correiodasemana.com\/site\/wp-content\/uploads\/2018\/02\/Jose%CC%81-1.jpg?resize=350%2C200&ssl=1","width":350,"height":200,"srcset":"https:\/\/i0.wp.com\/correiodasemana.com\/site\/wp-content\/uploads\/2018\/02\/Jose%CC%81-1.jpg?resize=350%2C200&ssl=1 1x, https:\/\/i0.wp.com\/correiodasemana.com\/site\/wp-content\/uploads\/2018\/02\/Jose%CC%81-1.jpg?resize=525%2C300&ssl=1 1.5x, https:\/\/i0.wp.com\/correiodasemana.com\/site\/wp-content\/uploads\/2018\/02\/Jose%CC%81-1.jpg?resize=700%2C400&ssl=1 2x"},"classes":[]},{"id":20359,"url":"https:\/\/correiodasemana.com\/site\/16-anos-de-saudades\/","url_meta":{"origin":25101,"position":1},"title":"16 anos de saudades","author":"","date":"Julho 11, 2022","format":false,"excerpt":"Todo dia olhamos, escutamos, vivenciamos not\u00edcias com novidades diferentes e situa\u00e7\u00f5es adversas. Tudo isso \u00e9 passageiro a onde deduzimos que o tempo corre e corre muito, \u00e0s vezes confundimos quarta feira com sexta. E nessa velocidade do tempo j\u00e1 se foram 16 anos que perdemos nossa m\u00e3ezinha mesmo com essa\u2026","rel":"","context":"In &quot;Atualidade&quot;","block_context":{"text":"Atualidade","link":"https:\/\/correiodasemana.com\/site\/category\/atualidade\/"},"img":{"alt_text":"","src":"https:\/\/i0.wp.com\/correiodasemana.com\/site\/wp-content\/uploads\/2022\/07\/Dona-Analdira-2021_12_21-15_19_14-UTC.jpg?resize=350%2C200&ssl=1","width":350,"height":200},"classes":[]},{"id":17553,"url":"https:\/\/correiodasemana.com\/site\/uma-carta-impressionando-os-anjos\/","url_meta":{"origin":25101,"position":2},"title":"UMA CARTA: \u201cIMPRESSIONANDO OS ANJOS\u201d\u00a0","author":"","date":"Setembro 19, 2021","format":false,"excerpt":"Quando meu amigo Samyr Figueiredo faleceu, Voc\u00ea n\u00e3o acreditou. Ao me ver chorando, tentando me animar, Voc\u00ea pediu que eu ouvisse a can\u00e7\u00e3o religiosa \u201cVerdades do Tempo\u201d, de Thiago Brado. Em dado trecho da m\u00fasica se ouve: \u201cPassado n\u00e3o volta, futuro n\u00e3o temos e o hoje n\u00e3o acabou\/ Por isso\u2026","rel":"","context":"In &quot;Artigos&quot;","block_context":{"text":"Artigos","link":"https:\/\/correiodasemana.com\/site\/category\/artigos\/"},"img":{"alt_text":"","src":"https:\/\/i0.wp.com\/correiodasemana.com\/site\/wp-content\/uploads\/2018\/02\/Jose%CC%81-1.jpg?resize=350%2C200&ssl=1","width":350,"height":200,"srcset":"https:\/\/i0.wp.com\/correiodasemana.com\/site\/wp-content\/uploads\/2018\/02\/Jose%CC%81-1.jpg?resize=350%2C200&ssl=1 1x, https:\/\/i0.wp.com\/correiodasemana.com\/site\/wp-content\/uploads\/2018\/02\/Jose%CC%81-1.jpg?resize=525%2C300&ssl=1 1.5x, https:\/\/i0.wp.com\/correiodasemana.com\/site\/wp-content\/uploads\/2018\/02\/Jose%CC%81-1.jpg?resize=700%2C400&ssl=1 2x"},"classes":[]},{"id":30111,"url":"https:\/\/correiodasemana.com\/site\/18-anos-de-saudades\/","url_meta":{"origin":25101,"position":3},"title":"18 ANOS DE SAUDADES","author":"adminredacao","date":"Julho 29, 2024","format":false,"excerpt":"Para n\u00f3s, \u00e9 sempre satisfa\u00e7\u00e3o lembrarmos a cada ano precisamente no m\u00eas de julho de nossa m\u00e3e Analdira, no seu anivers\u00e1rio de morte muito embora aos prantos, mas dando gl\u00f3rias a Deus pela nossa hist\u00f3ria de vida que nasceu dela, passou pelo nosso pai e agora que est\u00e1 entre n\u00f3s\u2026","rel":"","context":"In &quot;Atualidade&quot;","block_context":{"text":"Atualidade","link":"https:\/\/correiodasemana.com\/site\/category\/atualidade\/"},"img":{"alt_text":"","src":"https:\/\/i0.wp.com\/correiodasemana.com\/site\/wp-content\/uploads\/2024\/07\/Dona-Analdira-2021_12_21-15_19_14-UTC.jpg?resize=350%2C200&ssl=1","width":350,"height":200},"classes":[]},{"id":21196,"url":"https:\/\/correiodasemana.com\/site\/a-felicidade-em-questao\/","url_meta":{"origin":25101,"position":4},"title":"A Felicidade em Quest\u00e3o","author":"","date":"Outubro 10, 2022","format":false,"excerpt":"\u201cEu daria tudo que eu tivesse; Pra voltar aos dias de crian\u00e7a; Eu n\u00e3o sei pra que que a gente cresce; Se n\u00e3o sai da gente essa lembran\u00e7a. Aos domingos, missa na matriz; Da cidadezinha onde eu nasci; Ai, meu Deus, eu era t\u00e3o feliz; No meu pequenino Mira\u00ed\u201d. Essa\u2026","rel":"","context":"In &quot;Artigos&quot;","block_context":{"text":"Artigos","link":"https:\/\/correiodasemana.com\/site\/category\/artigos\/"},"img":{"alt_text":"","src":"https:\/\/i0.wp.com\/correiodasemana.com\/site\/wp-content\/uploads\/2021\/08\/Salmito-Campos.jpg?resize=350%2C200&ssl=1","width":350,"height":200,"srcset":"https:\/\/i0.wp.com\/correiodasemana.com\/site\/wp-content\/uploads\/2021\/08\/Salmito-Campos.jpg?resize=350%2C200&ssl=1 1x, https:\/\/i0.wp.com\/correiodasemana.com\/site\/wp-content\/uploads\/2021\/08\/Salmito-Campos.jpg?resize=525%2C300&ssl=1 1.5x, https:\/\/i0.wp.com\/correiodasemana.com\/site\/wp-content\/uploads\/2021\/08\/Salmito-Campos.jpg?resize=700%2C400&ssl=1 2x, https:\/\/i0.wp.com\/correiodasemana.com\/site\/wp-content\/uploads\/2021\/08\/Salmito-Campos.jpg?resize=1050%2C600&ssl=1 3x, https:\/\/i0.wp.com\/correiodasemana.com\/site\/wp-content\/uploads\/2021\/08\/Salmito-Campos.jpg?resize=1400%2C800&ssl=1 4x"},"classes":[]},{"id":26472,"url":"https:\/\/correiodasemana.com\/site\/sobral-sobral-141\/","url_meta":{"origin":25101,"position":5},"title":"Sobral, Sobral","author":"adminredacao","date":"Setembro 11, 2023","format":false,"excerpt":"SOBRAL, Sobral...(09\/setembro\/2023) NUNCA DURMA SEM TER UM SONHO, NEM SE LEVANTE SEM TER MOTIVO!! (autoria desconhecida) BOM DIA!! MINHAS HIST\u00d3RIAS\u2026 7 DE SETEMBRO \u00c9 SAUDADE, EM BREVE SER\u00c1 APENAS PIADA Perguntaram a uma menininha na escola dirigida pela esquerda no BRASIL nos \u00faltimos trinta anos: \u2013 O que aconteceu no\u2026","rel":"","context":"In &quot;Artigos&quot;","block_context":{"text":"Artigos","link":"https:\/\/correiodasemana.com\/site\/category\/artigos\/"},"img":{"alt_text":"","src":"https:\/\/i0.wp.com\/correiodasemana.com\/site\/wp-content\/uploads\/2020\/08\/Carolino-Soares.png?resize=350%2C200&ssl=1","width":350,"height":200,"srcset":"https:\/\/i0.wp.com\/correiodasemana.com\/site\/wp-content\/uploads\/2020\/08\/Carolino-Soares.png?resize=350%2C200&ssl=1 1x, https:\/\/i0.wp.com\/correiodasemana.com\/site\/wp-content\/uploads\/2020\/08\/Carolino-Soares.png?resize=525%2C300&ssl=1 1.5x, https:\/\/i0.wp.com\/correiodasemana.com\/site\/wp-content\/uploads\/2020\/08\/Carolino-Soares.png?resize=700%2C400&ssl=1 2x"},"classes":[]}],"jetpack_sharing_enabled":true,"_links":{"self":[{"href":"https:\/\/correiodasemana.com\/site\/wp-json\/wp\/v2\/posts\/25101","targetHints":{"allow":["GET"]}}],"collection":[{"href":"https:\/\/correiodasemana.com\/site\/wp-json\/wp\/v2\/posts"}],"about":[{"href":"https:\/\/correiodasemana.com\/site\/wp-json\/wp\/v2\/types\/post"}],"author":[{"embeddable":true,"href":"https:\/\/correiodasemana.com\/site\/wp-json\/wp\/v2\/users\/7"}],"replies":[{"embeddable":true,"href":"https:\/\/correiodasemana.com\/site\/wp-json\/wp\/v2\/comments?post=25101"}],"version-history":[{"count":1,"href":"https:\/\/correiodasemana.com\/site\/wp-json\/wp\/v2\/posts\/25101\/revisions"}],"predecessor-version":[{"id":25102,"href":"https:\/\/correiodasemana.com\/site\/wp-json\/wp\/v2\/posts\/25101\/revisions\/25102"}],"wp:featuredmedia":[{"embeddable":true,"href":"https:\/\/correiodasemana.com\/site\/wp-json\/wp\/v2\/media\/18809"}],"wp:attachment":[{"href":"https:\/\/correiodasemana.com\/site\/wp-json\/wp\/v2\/media?parent=25101"}],"wp:term":[{"taxonomy":"category","embeddable":true,"href":"https:\/\/correiodasemana.com\/site\/wp-json\/wp\/v2\/categories?post=25101"},{"taxonomy":"post_tag","embeddable":true,"href":"https:\/\/correiodasemana.com\/site\/wp-json\/wp\/v2\/tags?post=25101"}],"curies":[{"name":"wp","href":"https:\/\/api.w.org\/{rel}","templated":true}]}}