{"id":25103,"date":"2023-06-06T21:27:46","date_gmt":"2023-06-07T00:27:46","guid":{"rendered":"https:\/\/correiodasemana.com\/site\/?p=25103"},"modified":"2023-06-06T21:27:47","modified_gmt":"2023-06-07T00:27:47","slug":"em-tempo-178","status":"publish","type":"post","link":"https:\/\/correiodasemana.com\/site\/em-tempo-178\/","title":{"rendered":"EM TEMPO \u2022"},"content":{"rendered":"<p><strong>Primeira etapa do Circula Cear\u00e1<\/strong><br \/>\nCircula Cear\u00e1, da Secretaria da Cultura do Cear\u00e1, em parceria com Funda\u00e7\u00e3o Nacional de Artes (Funarte) teve o encerramento da primeira etapa no dia 27 de maio, em Camocim. O evento encerrou um ciclo de apresenta\u00e7\u00f5es em 15 munic\u00edpios, em todas as macrorregi\u00f5es do Estado.<br \/>\nCom a presen\u00e7a da secret\u00e1ria da Cultura Luisa Cela, e da presidenta da Funarte, Maria Marighella, a noite celebrou a for\u00e7a da nossa Cultura e import\u00e2ncia das pol\u00edticas p\u00fablicas culturais e dos investimentos na \u00e1rea. As a\u00e7\u00f5es do projeto nos munic\u00edpios tiveram in\u00edcio em 2021.<\/p>\n<p><strong>Show do violonista Cleivan Paiva<\/strong><br \/>\nImportante instrumentista da m\u00fasica brasileira, o artista Cleivan Paiva se apresentou, na noite de 2 de junho, no Cineteatro S\u00e3o Luiz, no centro de Fortaleza, com o show \u201cAmanh\u00e3\u201d. O evento teve participa\u00e7\u00e3o do violonista Cain\u00e3 Cavalcante e do flautista Cac\u00e1 Malaquias.<br \/>\nCleivan Paiva nasceu na cidade piauiense de Sim\u00f5es, mas se radicou no Cariri cearense, onde se consagrou como um dos destaques da cena musical. Aos 62 anos, \u00e9 violonista, guitarrista, compositor, arranjador e poeta. Tem tr\u00eas discos:Guerra e Paz, Cleivan Paiva e Sonhos do Brasil.<\/p>\n<p><strong>Homenagem ao cantor Belchior<\/strong><br \/>\n<a href=\"https:\/\/correiodasemana.com\/site\/em-tempo-178\/belchior-3\/\" rel=\"attachment wp-att-25104\"><img fetchpriority=\"high\" decoding=\"async\" class=\"alignleft size-medium wp-image-25104\" src=\"https:\/\/correiodasemana.com\/site\/wp-content\/uploads\/2023\/06\/belchior--300x180.jpg\" alt=\"\" width=\"300\" height=\"180\" srcset=\"https:\/\/correiodasemana.com\/site\/wp-content\/uploads\/2023\/06\/belchior--300x180.jpg 300w, https:\/\/correiodasemana.com\/site\/wp-content\/uploads\/2023\/06\/belchior--1024x615.jpg 1024w, https:\/\/correiodasemana.com\/site\/wp-content\/uploads\/2023\/06\/belchior--768x461.jpg 768w, https:\/\/correiodasemana.com\/site\/wp-content\/uploads\/2023\/06\/belchior-.jpg 1086w\" sizes=\"(max-width: 300px) 100vw, 300px\" \/><\/a>Foto: Divulga\u00e7\u00e3o<br \/>\nLei define anivers\u00e1rio de Belchior como Dia da M\u00fasica e dos M\u00fasicos Sobralenses<br \/>\nInstitu\u00eddo o Dia da M\u00fasica e dos M\u00fasicos Sobralenses em homenagem a Ant\u00f4nio Carlos Belchior, a ser comemorado no dia 26 de outubro de cada ano, data de nascimento do cantor e compositor. Lei 2.361 foi aprovada pela C\u00e2mara Municipal e sancionada pelo prefeito Ivo Gomes.<br \/>\nBelchior nasceu em Sobral no dia 26 de outubro de 1946 e faleceu em Santa Cruz do Sul (RS), em 30 de abril de 2017. Artista pl\u00e1stico, professor, poeta, m\u00fasico, compositor e cantor, Belchior \u00e9 reconhecido como um dos grandes destaques da m\u00fasica popular brasileira (mpb).<\/p>\n<p><strong>Exposi\u00e7\u00e3o Guardi\u00e3s das mem\u00f3rias<\/strong><br \/>\nO Museu de Arte da Universidade Federal do Cear\u00e1 abre, em 5 de junho, mostra\u00a0Guardi\u00e3s das mem\u00f3rias, com \u00eanfase em acervos pessoais e hist\u00f3rias cotidianas de mulheres, com\u00a0\u00e1lbuns fotogr\u00e1ficos, bordados, ilustra\u00e7\u00f5es, recortes de jornais e objetos de cunho memorial\u00edstico.<br \/>\nO evento\u00a0tem classifica\u00e7\u00e3o livre e ficar\u00e1 em cartaz at\u00e9 14 de julho.\u00a0O Museu est\u00e1 localizado em Fortaleza, na avenida da Universidade, Benfica, e funciona de segunda a s\u00e1bado (exceto feriados). A entrada e o estacionamento s\u00e3o gratuitos. Telefone: (85) 3366 7481.<\/p>\n<p><strong>Congresso internacional em Sobral<\/strong><br \/>\nNos dias 8,9 e 10 de junho acontecer\u00e1 em Sobral o XIX Congresso Internacional sobre Patologia e Reabilita\u00e7\u00e3o das Constru\u00e7\u00f5es (Cinpar 2023). O presidente do comit\u00ea executivo \u00e9 o professor Francisco Carvalho, vice-reitor da Universidade Estadual Vale do Acara\u00fa (UVA).<br \/>\nO Cinpar surgiu em 2003, com o Instituto de Estudos dos Materiais de Constru\u00e7\u00e3o da UVA, organizado pelo professor Francisco Carvalho. Hoje \u00e9 um dos congressos mais importantes da Am\u00e9rica do Sul e da Pen\u00ednsula Ib\u00e9rica, na \u00e1rea de patologia e reabilita\u00e7\u00e3o de estruturas.<\/p>\n<p>Dica da Coluna<br \/>\nLeia o Blog do Edilson (www.blogdoedilson.com.br): Cultura, educa\u00e7\u00e3o, pol\u00edtica e utilidade p\u00fablica.<\/p>\n","protected":false},"excerpt":{"rendered":"<p>Primeira etapa do Circula Cear\u00e1 Circula Cear\u00e1, da Secretaria da Cultura do Cear\u00e1, em parceria&#8230;<\/p>\n","protected":false},"author":7,"featured_media":18025,"comment_status":"open","ping_status":"open","sticky":false,"template":"","format":"standard","meta":{"_jetpack_memberships_contains_paid_content":false,"footnotes":"","jetpack_publicize_message":"","jetpack_publicize_feature_enabled":true,"jetpack_social_post_already_shared":true,"jetpack_social_options":{"image_generator_settings":{"template":"highway","default_image_id":0,"font":"","enabled":false},"version":2}},"categories":[11,36],"tags":[],"class_list":["post-25103","post","type-post","status-publish","format-standard","has-post-thumbnail","hentry","category-artigos","category-em-tempo"],"jetpack_publicize_connections":[],"jetpack_featured_media_url":"https:\/\/correiodasemana.com\/site\/wp-content\/uploads\/2021\/11\/Edilson-Silva.jpg","jetpack-related-posts":[{"id":8796,"url":"https:\/\/correiodasemana.com\/site\/em-tempo-7\/","url_meta":{"origin":25103,"position":0},"title":"Em Tempo","author":"","date":"Agosto 18, 2019","format":false,"excerpt":"Fernanda Montenegro no Cine Cear\u00e1 Fernanda Montenegro confirmou presen\u00e7a no 29\u00ba Cine Cear\u00e1 \u2013 Festival Ibero-americano de Cinema, que acontece de 30 de agosto a 6 de setembro, em Fortaleza. A atriz entregar\u00e1 o trof\u00e9u Eus\u00e9lio Oliveira ao diretor cearense Karim A\u00efnouz, um dos homenageados desta edi\u00e7\u00e3o. Ele escolheu o\u2026","rel":"","context":"In &quot;Artigos&quot;","block_context":{"text":"Artigos","link":"https:\/\/correiodasemana.com\/site\/category\/artigos\/"},"img":{"alt_text":"","src":"https:\/\/i0.wp.com\/correiodasemana.com\/site\/wp-content\/uploads\/2019\/08\/belchior-1024x768.jpg?resize=350%2C200&ssl=1","width":350,"height":200,"srcset":"https:\/\/i0.wp.com\/correiodasemana.com\/site\/wp-content\/uploads\/2019\/08\/belchior-1024x768.jpg?resize=350%2C200&ssl=1 1x, https:\/\/i0.wp.com\/correiodasemana.com\/site\/wp-content\/uploads\/2019\/08\/belchior-1024x768.jpg?resize=525%2C300&ssl=1 1.5x, https:\/\/i0.wp.com\/correiodasemana.com\/site\/wp-content\/uploads\/2019\/08\/belchior-1024x768.jpg?resize=700%2C400&ssl=1 2x"},"classes":[]},{"id":23280,"url":"https:\/\/correiodasemana.com\/site\/diretor-teatral-cearense-jose-maria-bezerra-de-paiva-morre-aos-90-anos\/","url_meta":{"origin":25103,"position":1},"title":"Diretor teatral Cearense Jos\u00e9 Maria Bezerra de Paiva morre aos 90 anos","author":"","date":"Janeiro 31, 2023","format":false,"excerpt":"Jos\u00e9 Maria Bezerra de Paiva, ator, poeta, dramaturgo, encenador, historiador, gestor e professor cearense, morreu na manh\u00e3 desta ter\u00e7a-feira, 31, aos 90 anos. A not\u00edcia foi dada por amigos do artista nas redes sociais, e a causa da morte ainda n\u00e3o foi informada. B. de Paiva (1932-2023), como era conhecido,\u2026","rel":"","context":"In &quot;Atualidade&quot;","block_context":{"text":"Atualidade","link":"https:\/\/correiodasemana.com\/site\/category\/atualidade\/"},"img":{"alt_text":"","src":"https:\/\/i0.wp.com\/correiodasemana.com\/site\/wp-content\/uploads\/2023\/01\/1_b_de_paiva_diretor_teatral_cearense-20964323.jpg?resize=350%2C200&ssl=1","width":350,"height":200,"srcset":"https:\/\/i0.wp.com\/correiodasemana.com\/site\/wp-content\/uploads\/2023\/01\/1_b_de_paiva_diretor_teatral_cearense-20964323.jpg?resize=350%2C200&ssl=1 1x, https:\/\/i0.wp.com\/correiodasemana.com\/site\/wp-content\/uploads\/2023\/01\/1_b_de_paiva_diretor_teatral_cearense-20964323.jpg?resize=525%2C300&ssl=1 1.5x, https:\/\/i0.wp.com\/correiodasemana.com\/site\/wp-content\/uploads\/2023\/01\/1_b_de_paiva_diretor_teatral_cearense-20964323.jpg?resize=700%2C400&ssl=1 2x"},"classes":[]},{"id":25153,"url":"https:\/\/correiodasemana.com\/site\/em-tempo-179\/","url_meta":{"origin":25103,"position":2},"title":"EM TEMPO \u2022","author":"adminredacao","date":"Junho 12, 2023","format":false,"excerpt":"Projetos para 15\u00ba Edital Mecenas Inscri\u00e7\u00f5es para 15\u00ba Edital Mecenas do Cear\u00e1 est\u00e3o abertas at\u00e9 30 de junho. O objetivo \u00e9 selecionar projetos art\u00edsticos e culturais de todo o Estado, aptos a serem incentivados via ren\u00fancia fiscal. As inscri\u00e7\u00f5es s\u00e3o gratuitas e realizadas online pelo site http:\/\/editais.cultura.ce.gov.br Cada proponente poder\u00e1\u2026","rel":"","context":"In &quot;Artigos&quot;","block_context":{"text":"Artigos","link":"https:\/\/correiodasemana.com\/site\/category\/artigos\/"},"img":{"alt_text":"","src":"https:\/\/i0.wp.com\/correiodasemana.com\/site\/wp-content\/uploads\/2023\/06\/Ana-Marcia-2023-06-01-300x169.jpeg?resize=350%2C200&ssl=1","width":350,"height":200},"classes":[]},{"id":36991,"url":"https:\/\/correiodasemana.com\/site\/em-tempo-309\/","url_meta":{"origin":25103,"position":3},"title":"EM TEMPO \u2022","author":"adminredacao","date":"Janeiro 10, 2026","format":false,"excerpt":"UFC anuncia concurso para professor A Universidade Federal do Cear\u00e1 (UFC) torna p\u00fablico edital com 26 vagas para o cargo de professor, com regime de 40 horas semanais e dedica\u00e7\u00e3o exclusiva. As vagas s\u00e3o distribu\u00eddas entre diversas unidades acad\u00eamicas. As inscri\u00e7\u00f5es ocorrer\u00e3o entre os dias 12 e 23 de janeiro.\u2026","rel":"","context":"In &quot;Artigos&quot;","block_context":{"text":"Artigos","link":"https:\/\/correiodasemana.com\/site\/category\/artigos\/"},"img":{"alt_text":"","src":"https:\/\/i0.wp.com\/correiodasemana.com\/site\/wp-content\/uploads\/2026\/01\/Beto-Guedes_foto-Jorge-Rosenberg-4-150x150.jpg?resize=350%2C200&ssl=1","width":350,"height":200,"srcset":"https:\/\/i0.wp.com\/correiodasemana.com\/site\/wp-content\/uploads\/2026\/01\/Beto-Guedes_foto-Jorge-Rosenberg-4-150x150.jpg?resize=350%2C200&ssl=1 1x, https:\/\/i0.wp.com\/correiodasemana.com\/site\/wp-content\/uploads\/2026\/01\/Beto-Guedes_foto-Jorge-Rosenberg-4-150x150.jpg?resize=525%2C300&ssl=1 1.5x, https:\/\/i0.wp.com\/correiodasemana.com\/site\/wp-content\/uploads\/2026\/01\/Beto-Guedes_foto-Jorge-Rosenberg-4-150x150.jpg?resize=700%2C400&ssl=1 2x"},"classes":[]},{"id":23444,"url":"https:\/\/correiodasemana.com\/site\/em-tempo-167\/","url_meta":{"origin":25103,"position":4},"title":"Em Tempo","author":"","date":"Fevereiro 5, 2023","format":false,"excerpt":"Ator cearense com filme na Globo Cearense que se muda para S\u00e3o Paulo em busca de oportunidade. Enredo, semelhante ao de milhares de migrantes nordestinos, \u00e9 tamb\u00e9m a hist\u00f3ria de Jo\u00e3o Fontenele, 30 anos, de Acara\u00fa. Ele atuou em filmes como \u201cFortaleza Hotel\u201d e \u201cCabe\u00e7a de N\u00eago\u201d e\u00a0na com\u00e9dia\u00a0\u201cBai\u00e3o de\u2026","rel":"","context":"In &quot;Artigos&quot;","block_context":{"text":"Artigos","link":"https:\/\/correiodasemana.com\/site\/category\/artigos\/"},"img":{"alt_text":"","src":"https:\/\/i0.wp.com\/correiodasemana.com\/site\/wp-content\/uploads\/2023\/02\/B.-de-Paiva-1-300x169.jpeg?resize=350%2C200&ssl=1","width":350,"height":200},"classes":[]},{"id":19257,"url":"https:\/\/correiodasemana.com\/site\/em-tempo-125\/","url_meta":{"origin":25103,"position":5},"title":"Em Tempo","author":"","date":"Mar\u00e7o 20, 2022","format":false,"excerpt":"Ednardo recebe homenagem No ano de 2022, um dos maiores nomes da m\u00fasica cearense completa 50 anos de carreira, o cantor e compositor Ednardo. Respons\u00e1vel por sucessos como Pav\u00e3o Mysteriozo, Terral, Beiramar e Ingazeiras, o artista ganhou uma homenagem do Sistema Fecom\u00e9rcio Cear\u00e1. Em forma de document\u00e1rio, lan\u00e7ado durante a\u00a0Mostra\u2026","rel":"","context":"In &quot;Artigos&quot;","block_context":{"text":"Artigos","link":"https:\/\/correiodasemana.com\/site\/category\/artigos\/"},"img":{"alt_text":"","src":"https:\/\/i0.wp.com\/correiodasemana.com\/site\/wp-content\/uploads\/2022\/03\/TS-300x169.jpg?resize=350%2C200&ssl=1","width":350,"height":200},"classes":[]}],"jetpack_sharing_enabled":true,"_links":{"self":[{"href":"https:\/\/correiodasemana.com\/site\/wp-json\/wp\/v2\/posts\/25103","targetHints":{"allow":["GET"]}}],"collection":[{"href":"https:\/\/correiodasemana.com\/site\/wp-json\/wp\/v2\/posts"}],"about":[{"href":"https:\/\/correiodasemana.com\/site\/wp-json\/wp\/v2\/types\/post"}],"author":[{"embeddable":true,"href":"https:\/\/correiodasemana.com\/site\/wp-json\/wp\/v2\/users\/7"}],"replies":[{"embeddable":true,"href":"https:\/\/correiodasemana.com\/site\/wp-json\/wp\/v2\/comments?post=25103"}],"version-history":[{"count":2,"href":"https:\/\/correiodasemana.com\/site\/wp-json\/wp\/v2\/posts\/25103\/revisions"}],"predecessor-version":[{"id":25106,"href":"https:\/\/correiodasemana.com\/site\/wp-json\/wp\/v2\/posts\/25103\/revisions\/25106"}],"wp:featuredmedia":[{"embeddable":true,"href":"https:\/\/correiodasemana.com\/site\/wp-json\/wp\/v2\/media\/18025"}],"wp:attachment":[{"href":"https:\/\/correiodasemana.com\/site\/wp-json\/wp\/v2\/media?parent=25103"}],"wp:term":[{"taxonomy":"category","embeddable":true,"href":"https:\/\/correiodasemana.com\/site\/wp-json\/wp\/v2\/categories?post=25103"},{"taxonomy":"post_tag","embeddable":true,"href":"https:\/\/correiodasemana.com\/site\/wp-json\/wp\/v2\/tags?post=25103"}],"curies":[{"name":"wp","href":"https:\/\/api.w.org\/{rel}","templated":true}]}}