{"id":25164,"date":"2023-06-12T20:17:25","date_gmt":"2023-06-12T23:17:25","guid":{"rendered":"https:\/\/correiodasemana.com\/site\/?p=25164"},"modified":"2023-06-12T20:17:25","modified_gmt":"2023-06-12T23:17:25","slug":"algumas-gotas-de-sangue-podem-mudar-a-vida-de-um-bebe","status":"publish","type":"post","link":"https:\/\/correiodasemana.com\/site\/algumas-gotas-de-sangue-podem-mudar-a-vida-de-um-bebe\/","title":{"rendered":"Algumas gotas de sangue podem mudar a vida de um beb\u00ea"},"content":{"rendered":"<p>Algumas gotas de sangue do pezinho do beb\u00ea e um resultado que pode mudar a vida dele. Com detec\u00e7\u00e3o de seis doen\u00e7as, o chamado teste do pezinho deve, preferencialmente, ser feito entre o 3\u00ba e o 5\u00ba dia de vida do rec\u00e9m-nascido. Se n\u00e3o for poss\u00edvel, pelo menos at\u00e9 o 30\u00ba dia de nascimento. O assunto \u00e9 lembrado no dia 6 de junho, dia Nacional do Teste do Pezinho.<br \/>\nNo Hospital Regional Norte (HRN), em Sobral, unidade da Secretaria da Sa\u00fade do Cear\u00e1 (Sesa), e administrado pelo Instituto de Sa\u00fade e Gest\u00e3o Hospitalar (ISGH), o teste do pezinho \u00e9 realizado nas crian\u00e7as internadas na Neonatologia entre o 3\u00ba e o 5\u00ba dia ap\u00f3s o nascimento. A m\u00e9dica pediatra da Unidade de Terapia Intensiva Neonatal (Utin) do HRN, Ana Lia Rocha, ressalta que \u201co diagn\u00f3stico precoce das doen\u00e7as reduz a morbimortalidade dos beb\u00eas\u201d. Segundo a m\u00e9dica, enfermidades como a fenilceton\u00faria e hiperplasia adrenal cong\u00eanita (HAC) podem ter um impacto reduzido com uma corre\u00e7\u00e3o simples na dieta do beb\u00ea.<br \/>\nRocha ressalta ainda que nenhuma das doen\u00e7as identificadas no teste do pezinho pode ser detectada ainda no pr\u00e9-natal, o que confirma a necessidade de que o diagn\u00f3stico seja realizado no per\u00edodo sugerido. \u201cO teste do pezinho \u00e9 um exame simples, acess\u00edvel e que traz o diagn\u00f3stico de doen\u00e7as graves e que podem levar \u00e0 morte ou deixar sequelas\u201d, avalia.<\/p>\n<p>Pactua\u00e7\u00e3o de processos no HRSC permite avisar e entregar mais r\u00e1pido testes com resultados alterados<br \/>\nPensando em garantir ao rec\u00e9m-nascido assist\u00eancia especializada de forma r\u00e1pida, o Hospital Regional do Sert\u00e3o Central (HRSC), unidade da Sesa administrado pelo ISGH pactuou entre os servi\u00e7os internos um m\u00e9todo de comunica\u00e7\u00e3o r\u00e1pida que sinaliza resultados do teste do pezinho com altera\u00e7\u00f5es, definindo um esquema de urg\u00eancia para que a fam\u00edlia seja comunicada e receba o resultado mais r\u00e1pido poss\u00edvel.<br \/>\nAl\u00e9m da din\u00e2mica para garantir rapidez quando h\u00e1 necessidade de avisar aos familiares sobre testes alterados, o HRSC realiza a entrega de maneira informatizada. As pu\u00e9rperas s\u00e3o comunicadas via telefone e recebem os resultados na comodidade de casa, seja por e-mail ou atrav\u00e9s dos agentes de sa\u00fade dos munic\u00edpios onde residem, sem que precisem voltar ao munic\u00edpio de Quixeramobim. Ao todo, 19 munic\u00edpios da regi\u00e3o s\u00e3o atendidos pelo HRSC.<br \/>\n\u201cPactuamos que se o teste tiver resultado alterado, o biom\u00e9dico do laborat\u00f3rio vai comunicar ao setor espec\u00edfico e eles entram em contato com a fam\u00edlia avisando que precisam levar o filho a um pediatra\u201d, explica J\u00fanior Coelho, biom\u00e9dico e gerente do laborat\u00f3rio do HRSC. Desde 2019, quando o setor de obstetr\u00edcia passou a funcionar no HRSC, mais de 1.800 testes do pezinho foram realizados em parceria com o Laborat\u00f3rio de Sa\u00fade P\u00fablica (Lacen).<br \/>\nGra\u00e7as a iniciativa, M\u00e1rcia Bezerra Campos, moradora da zona rural de Limoeiro do Norte, soube a tempo que era preciso levar a filha a um especialista. \u201cFoi muito bom pra mim porque eles alertaram do problema com minha filhinha e n\u00f3s estamos tratando antes de ficar pior\u201d, conta. Sendo avisada a tempo ela iniciou um tratamento no Hospital Infantil Albert Sabin. M\u00e1rcia Bezerra foi avisada na comodidade de casa, sem precisar se deslocar mais de 160 quil\u00f4metros de Limoeiro do Norte at\u00e9 o HRSC.<\/p>\n","protected":false},"excerpt":{"rendered":"<p>Algumas gotas de sangue do pezinho do beb\u00ea e um resultado que pode mudar a&#8230;<\/p>\n","protected":false},"author":7,"featured_media":25165,"comment_status":"open","ping_status":"open","sticky":false,"template":"","format":"standard","meta":{"_jetpack_memberships_contains_paid_content":false,"footnotes":"","jetpack_publicize_message":"","jetpack_publicize_feature_enabled":true,"jetpack_social_post_already_shared":true,"jetpack_social_options":{"image_generator_settings":{"template":"highway","default_image_id":0,"font":"","enabled":false},"version":2}},"categories":[1],"tags":[],"class_list":["post-25164","post","type-post","status-publish","format-standard","has-post-thumbnail","hentry","category-atualidade"],"jetpack_publicize_connections":[],"jetpack_featured_media_url":"https:\/\/correiodasemana.com\/site\/wp-content\/uploads\/2023\/06\/paciente_teste_do_pezinho_banner02-768x481-1.png","jetpack-related-posts":[{"id":15412,"url":"https:\/\/correiodasemana.com\/site\/hrn-capacita-enfermeiros-do-hemoce-para-tratamento-de-lesoes-em-pacientes-com-doenca-falciforme\/","url_meta":{"origin":25164,"position":0},"title":"HRN capacita enfermeiros do Hemoce para tratamento de les\u00f5es em pacientes com doen\u00e7a falciforme","author":"","date":"Janeiro 18, 2021","format":false,"excerpt":"Capacita\u00e7\u00e3o aborda, entre outros assuntos, tratamento de \u00falceras em pacientes com anemia falciforme atendidos Por Joc\u00e9lio Tavares. Com informa\u00e7\u00f5es de Teresa Fernandes. O Hospital Regional Norte (HRN), da Secretaria da Sa\u00fade do Cear\u00e1 (Sesa), do Governo do Estado, est\u00e1 capacitando enfermeiros para o tratamento de les\u00f5es decorrentes da anemia falciforme,\u2026","rel":"","context":"In &quot;Atualidade&quot;","block_context":{"text":"Atualidade","link":"https:\/\/correiodasemana.com\/site\/category\/atualidade\/"},"img":{"alt_text":"","src":"https:\/\/i0.wp.com\/correiodasemana.com\/site\/wp-content\/uploads\/2021\/01\/curso-HRN-e-Hemoce-1-768x569-1.jpg?resize=350%2C200&ssl=1","width":350,"height":200,"srcset":"https:\/\/i0.wp.com\/correiodasemana.com\/site\/wp-content\/uploads\/2021\/01\/curso-HRN-e-Hemoce-1-768x569-1.jpg?resize=350%2C200&ssl=1 1x, https:\/\/i0.wp.com\/correiodasemana.com\/site\/wp-content\/uploads\/2021\/01\/curso-HRN-e-Hemoce-1-768x569-1.jpg?resize=525%2C300&ssl=1 1.5x, https:\/\/i0.wp.com\/correiodasemana.com\/site\/wp-content\/uploads\/2021\/01\/curso-HRN-e-Hemoce-1-768x569-1.jpg?resize=700%2C400&ssl=1 2x"},"classes":[]},{"id":29395,"url":"https:\/\/correiodasemana.com\/site\/hospital-regional-norte-alcanca-indice-de-97-de-aleitamento-em-bebes-na-alta-da-neonatologia\/","url_meta":{"origin":25164,"position":1},"title":"Hospital Regional Norte alcan\u00e7a \u00edndice de 97% de aleitamento em beb\u00eas na alta da Neonatologia","author":"adminredacao","date":"Maio 27, 2024","format":false,"excerpt":"Fundamental para a sa\u00fade e a nutri\u00e7\u00e3o dos beb\u00eas, a amamenta\u00e7\u00e3o traz in\u00fameros benef\u00edcios ao desenvolvimento do sistema imunol\u00f3gico e ajuda na preven\u00e7\u00e3o de doen\u00e7as. O Hospital Regional Norte (HRN), unidade da Secretaria da Sa\u00fade (Sesa), em Sobral, administrada pelo Instituto de Sa\u00fade e Gest\u00e3o Hospitalar (ISGH), tem desenvolvido a\u00e7\u00f5es\u2026","rel":"","context":"In &quot;Atualidade&quot;","block_context":{"text":"Atualidade","link":"https:\/\/correiodasemana.com\/site\/category\/atualidade\/"},"img":{"alt_text":"","src":"https:\/\/i0.wp.com\/correiodasemana.com\/site\/wp-content\/uploads\/2024\/05\/Banco-de-leite-44.png?resize=350%2C200&ssl=1","width":350,"height":200,"srcset":"https:\/\/i0.wp.com\/correiodasemana.com\/site\/wp-content\/uploads\/2024\/05\/Banco-de-leite-44.png?resize=350%2C200&ssl=1 1x, https:\/\/i0.wp.com\/correiodasemana.com\/site\/wp-content\/uploads\/2024\/05\/Banco-de-leite-44.png?resize=525%2C300&ssl=1 1.5x, https:\/\/i0.wp.com\/correiodasemana.com\/site\/wp-content\/uploads\/2024\/05\/Banco-de-leite-44.png?resize=700%2C400&ssl=1 2x, https:\/\/i0.wp.com\/correiodasemana.com\/site\/wp-content\/uploads\/2024\/05\/Banco-de-leite-44.png?resize=1050%2C600&ssl=1 3x, https:\/\/i0.wp.com\/correiodasemana.com\/site\/wp-content\/uploads\/2024\/05\/Banco-de-leite-44.png?resize=1400%2C800&ssl=1 4x"},"classes":[]},{"id":31109,"url":"https:\/\/correiodasemana.com\/site\/doar-salva-vidas-mae-com-bebe-internada-no-hospital-regional-norte-doa-dez-litros-de-leite-em-menos-de-um-mes\/","url_meta":{"origin":25164,"position":2},"title":"\u201cDoar salva vidas\u201d: m\u00e3e com beb\u00ea internada no Hospital Regional Norte doa dez litros de leite em menos de um m\u00eas","author":"adminredacao","date":"Outubro 21, 2024","format":false,"excerpt":"Desde que deu \u00e0 luz a Maria Antonella, no dia 16 de setembro, a dona de casa Daniele Nogueira Gomes, 27, j\u00e1 doou quase dez litros de leite humano para o Hospital Regional Norte (HRN). A doa\u00e7\u00e3o beneficiou os beb\u00eas da Neonatologia da unidade da Secretaria da Sa\u00fade (Sesa), administrada\u2026","rel":"","context":"In &quot;Atualidade&quot;","block_context":{"text":"Atualidade","link":"https:\/\/correiodasemana.com\/site\/category\/atualidade\/"},"img":{"alt_text":"","src":"https:\/\/i0.wp.com\/correiodasemana.com\/site\/wp-content\/uploads\/2024\/10\/Corredor-de-palmas-scaled.jpg?resize=350%2C200&ssl=1","width":350,"height":200,"srcset":"https:\/\/i0.wp.com\/correiodasemana.com\/site\/wp-content\/uploads\/2024\/10\/Corredor-de-palmas-scaled.jpg?resize=350%2C200&ssl=1 1x, https:\/\/i0.wp.com\/correiodasemana.com\/site\/wp-content\/uploads\/2024\/10\/Corredor-de-palmas-scaled.jpg?resize=525%2C300&ssl=1 1.5x, https:\/\/i0.wp.com\/correiodasemana.com\/site\/wp-content\/uploads\/2024\/10\/Corredor-de-palmas-scaled.jpg?resize=700%2C400&ssl=1 2x, https:\/\/i0.wp.com\/correiodasemana.com\/site\/wp-content\/uploads\/2024\/10\/Corredor-de-palmas-scaled.jpg?resize=1050%2C600&ssl=1 3x, https:\/\/i0.wp.com\/correiodasemana.com\/site\/wp-content\/uploads\/2024\/10\/Corredor-de-palmas-scaled.jpg?resize=1400%2C800&ssl=1 4x"},"classes":[]},{"id":8492,"url":"https:\/\/correiodasemana.com\/site\/hrn-imuniza-mais-de-70-criancas-contra-infeccoes-respiratorias-graves\/","url_meta":{"origin":25164,"position":3},"title":"HRN imuniza mais de 70 crian\u00e7as contra infec\u00e7\u00f5es respirat\u00f3rias graves","author":"","date":"Julho 30, 2019","format":false,"excerpt":"Medicamento que combate infec\u00e7\u00f5es respirat\u00f3rias em prematuros \u00e9 fornecido pela rede p\u00fablica de sa\u00fade O Hospital Regional Norte (HRN), em Sobral, do Governo do Cear\u00e1, gerido pelo Instituto de Sa\u00fade e Gest\u00e3o Hospitalar (ISGH), tornou-se, este ano, unidade de fornecimento do medicamento\u00a0Palivizumabe na Regi\u00e3o Norte, medicamento indicado para aumentar a\u2026","rel":"","context":"In &quot;Atualidade&quot;","block_context":{"text":"Atualidade","link":"https:\/\/correiodasemana.com\/site\/category\/atualidade\/"},"img":{"alt_text":"","src":"https:\/\/i0.wp.com\/correiodasemana.com\/site\/wp-content\/uploads\/2019\/07\/IMG_20190724_090152841.jpg?resize=350%2C200&ssl=1","width":350,"height":200,"srcset":"https:\/\/i0.wp.com\/correiodasemana.com\/site\/wp-content\/uploads\/2019\/07\/IMG_20190724_090152841.jpg?resize=350%2C200&ssl=1 1x, https:\/\/i0.wp.com\/correiodasemana.com\/site\/wp-content\/uploads\/2019\/07\/IMG_20190724_090152841.jpg?resize=525%2C300&ssl=1 1.5x, https:\/\/i0.wp.com\/correiodasemana.com\/site\/wp-content\/uploads\/2019\/07\/IMG_20190724_090152841.jpg?resize=700%2C400&ssl=1 2x, https:\/\/i0.wp.com\/correiodasemana.com\/site\/wp-content\/uploads\/2019\/07\/IMG_20190724_090152841.jpg?resize=1050%2C600&ssl=1 3x, https:\/\/i0.wp.com\/correiodasemana.com\/site\/wp-content\/uploads\/2019\/07\/IMG_20190724_090152841.jpg?resize=1400%2C800&ssl=1 4x"},"classes":[]},{"id":24719,"url":"https:\/\/correiodasemana.com\/site\/sus-tera-novo-procedimento-para-deteccao-precoce-de-doenca-ultrarrara-em-criancas\/","url_meta":{"origin":25164,"position":4},"title":"SUS ter\u00e1 novo procedimento para detec\u00e7\u00e3o precoce de doen\u00e7a ultrarrara em crian\u00e7as","author":"","date":"Maio 18, 2023","format":false,"excerpt":"Triagem neonatal por espectometria de massas em tandem para detec\u00e7\u00e3o da Homocistin\u00faria Cl\u00e1ssica ser\u00e1 inclu\u00edda no Programa Nacional de Triagem Neonatal. O Sistema \u00danico de Sa\u00fade (SUS) ter\u00e1 um novo procedimento para identifica\u00e7\u00e3o da Homocistin\u00faria Cl\u00e1ssica (HCU) em crian\u00e7as nos primeiros anos de vida. O exame de triagem neonatal por\u2026","rel":"","context":"In &quot;Atualidade&quot;","block_context":{"text":"Atualidade","link":"https:\/\/correiodasemana.com\/site\/category\/atualidade\/"},"img":{"alt_text":"","src":"https:\/\/i0.wp.com\/correiodasemana.com\/site\/wp-content\/uploads\/2023\/05\/waters1.jpg?resize=350%2C200&ssl=1","width":350,"height":200,"srcset":"https:\/\/i0.wp.com\/correiodasemana.com\/site\/wp-content\/uploads\/2023\/05\/waters1.jpg?resize=350%2C200&ssl=1 1x, https:\/\/i0.wp.com\/correiodasemana.com\/site\/wp-content\/uploads\/2023\/05\/waters1.jpg?resize=525%2C300&ssl=1 1.5x"},"classes":[]},{"id":8814,"url":"https:\/\/correiodasemana.com\/site\/atendimento-e-agilidade-da-emergencia-e-neurologia-da-santa-casa-de-sobral-sao-reconhecidos-por-familiares-de-pacientes\/","url_meta":{"origin":25164,"position":5},"title":"Atendimento e agilidade da emerg\u00eancia e neurologia da Santa Casa de Sobral s\u00e3o reconhecidos por familiares de pacientes","author":"","date":"Agosto 27, 2019","format":false,"excerpt":"Maria Katiane da Silva veio direto do Rio de Janeiro quando soube do acidente do irm\u00e3o em Ipueiras. Ao voltar de uma festa, alcoolizado e sem capacete, Jos\u00e9 Arnaldo da Silva, perdeu o controle de sua motocicleta. As consequ\u00eancias foram hemorragia e traumatismo craniano. Direcionado \u00e0 Santa Casa de Miseric\u00f3rdia\u2026","rel":"","context":"In &quot;Santa Casa&quot;","block_context":{"text":"Santa Casa","link":"https:\/\/correiodasemana.com\/site\/category\/santa-casa\/"},"img":{"alt_text":"","src":"https:\/\/i0.wp.com\/correiodasemana.com\/site\/wp-content\/uploads\/2019\/08\/Katiane-e-o-irm%C3%A3o.jpg?resize=350%2C200&ssl=1","width":350,"height":200},"classes":[]}],"jetpack_sharing_enabled":true,"_links":{"self":[{"href":"https:\/\/correiodasemana.com\/site\/wp-json\/wp\/v2\/posts\/25164","targetHints":{"allow":["GET"]}}],"collection":[{"href":"https:\/\/correiodasemana.com\/site\/wp-json\/wp\/v2\/posts"}],"about":[{"href":"https:\/\/correiodasemana.com\/site\/wp-json\/wp\/v2\/types\/post"}],"author":[{"embeddable":true,"href":"https:\/\/correiodasemana.com\/site\/wp-json\/wp\/v2\/users\/7"}],"replies":[{"embeddable":true,"href":"https:\/\/correiodasemana.com\/site\/wp-json\/wp\/v2\/comments?post=25164"}],"version-history":[{"count":1,"href":"https:\/\/correiodasemana.com\/site\/wp-json\/wp\/v2\/posts\/25164\/revisions"}],"predecessor-version":[{"id":25166,"href":"https:\/\/correiodasemana.com\/site\/wp-json\/wp\/v2\/posts\/25164\/revisions\/25166"}],"wp:featuredmedia":[{"embeddable":true,"href":"https:\/\/correiodasemana.com\/site\/wp-json\/wp\/v2\/media\/25165"}],"wp:attachment":[{"href":"https:\/\/correiodasemana.com\/site\/wp-json\/wp\/v2\/media?parent=25164"}],"wp:term":[{"taxonomy":"category","embeddable":true,"href":"https:\/\/correiodasemana.com\/site\/wp-json\/wp\/v2\/categories?post=25164"},{"taxonomy":"post_tag","embeddable":true,"href":"https:\/\/correiodasemana.com\/site\/wp-json\/wp\/v2\/tags?post=25164"}],"curies":[{"name":"wp","href":"https:\/\/api.w.org\/{rel}","templated":true}]}}