{"id":25298,"date":"2023-06-19T09:52:58","date_gmt":"2023-06-19T12:52:58","guid":{"rendered":"https:\/\/correiodasemana.com\/site\/?p=25298"},"modified":"2023-06-19T09:52:58","modified_gmt":"2023-06-19T12:52:58","slug":"educacao-e-cidadania-3","status":"publish","type":"post","link":"https:\/\/correiodasemana.com\/site\/educacao-e-cidadania-3\/","title":{"rendered":"EDUCA\u00c7\u00c3O E CIDADANIA \u2022"},"content":{"rendered":"<p><strong>O Lixo e o Meio Ambiente<\/strong><\/p>\n<p>O lixo sempre foi um problema s\u00e9rio para a humanidade por conta da m\u00e1 educa\u00e7\u00e3o do ser humano. Para solucionarmos esse problema ser\u00e1 atrav\u00e9s da coleta seletiva. Com a coleta seletiva o material pode ser reciclado e destinado corretamente ao seu devido lugar.<br \/>\nComo devemos fazer essa coleta seletiva? Na sua casa separe o lixo org\u00e2nico em uma sacola. Todo metal em outra sacola, bem como todo material de alum\u00ednio, papel, papel\u00e3o e vidros em sacolas separadas. Assim, voc\u00ea estar\u00e1 ajudando aos catadores de materiais recicl\u00e1veis e contribuindo para o bem estar da humanidade.<br \/>\nUma das coisas que fa\u00e7o para n\u00e3o atrair mosquitos, moscas e baratas \u00e9 guardar na geladeira restos de comidas como ossos, gorduras, peles de frango quando n\u00e3o for o dia do carro do lixo passar.<br \/>\nO lixo \u00e9 um problema mais s\u00e9rio do que n\u00f3s imaginamos. Por que o lixo acarreta diretamente na nossa sa\u00fade. Quando deixamos o lixo sem coleta seletiva na nossa casa estaremos contribuindo para que a nossa sa\u00fade seja vulnerabilizada.<br \/>\n\u201cOs dados mais recentes divulgados pelo Instituto de Pesquisa Econ\u00f4mica Aplicada (Ipea), demonstram que os materiais org\u00e2nicos representam 57,41% do total de res\u00edduo s\u00f3lido produzido no Brasil, como sobras de alimentos. O restante \u00e9 composto por pl\u00e1stico (16,49%), papel e papel\u00e3o (13,16%), vidro (2,34%), material ferroso (1,56%), alum\u00ednio (0,51%) e outros materiais (8,56%). De acordo com estudo do Ipea, estima-se a gera\u00e7\u00e3o de 160 mil toneladas di\u00e1rias de res\u00edduos s\u00f3lidos urbanos no Pa\u00eds.<br \/>\n\u201cAinda que destinar para a reciclagem o lixo seco seja fundamental, o processo de constru\u00e7\u00e3o de um mundo melhor exige reduzir o lixo gerado em casa, seja ele recicl\u00e1vel ou org\u00e2nico. A Pointer, que tem a sustentabilidade como um de seus valores, traz aqui ideias que podem lhe ajudar a repensar alguns h\u00e1bitos e gerar uma quantidade menor de lixo. S\u00e3o a\u00e7\u00f5es simples, mas que podem fazer uma grande diferen\u00e7a.<br \/>\nAssuma uma atitude de consumo consciente. \u00c9 importante entender que a forma como consumimos \u00e9 capaz de impactar o planeta. Repense sobre o que voc\u00ea compra e de quem compra, mantendo sempre um olhar atento com rela\u00e7\u00e3o \u00e0s embalagens, que normalmente acabam indo para o lixo. Quanto menos embalagem, melhor.<br \/>\nEvite embalagens de pl\u00e1stico. Produzida a partir do petr\u00f3leo, a embalagem de pl\u00e1stico \u00e9 a vil\u00e3 da natureza. A estimativa \u00e9 que ela leve cerca de 500 anos para ser decomposta no meio ambiente.<br \/>\nReaproveite as embalagens para armazenamento. A embalagem do sorvete facilita o congelamento de comidas. J\u00e1 o vidro de requeij\u00e3o e o de geleia viram copos.<br \/>\nEvite o desperd\u00edcio de alimentos. Para isso, compre aos poucos e apenas o que for consumir. Quem muito acumula corre o risco de perder produtos por conta da validade, sem haver tempo para sequer experiment\u00e1-los.<br \/>\nModera\u00e7\u00e3o com o delivery. O delivery gera um consumo pouco consciente ambientalmente. Isso por causa da grande quantidade de embalagens e, consequentemente, do lixo gerado. Portanto, cozinhar em casa \u00e9 sempre a melhor op\u00e7\u00e3o, para a nossa sa\u00fade e a do planeta. Lembre-se: delivery deve ser exce\u00e7\u00e3o, agora e sempre, para diminuir a quantidade de pl\u00e1stico e papel\u00e3o em circula\u00e7\u00e3o no planeta\u201d.<br \/>\nAten\u00e7\u00e3o com as compras on-line. A internet realmente faz cada vez mais parte do nosso dia a dia. Entretanto, os produtos comprados e enviados para a sua casa geralmente exigem muita embalagem. Mudar essa tend\u00eancia faz parte do conceito de consumo consciente. (pointer.com.br).<br \/>\nSepare seu lixo na sua casa e s\u00f3 coloque-o na cal\u00e7ada pr\u00f3ximo a hora que o carro do lixo passar.<br \/>\nProf. Salmito Campos \u2013 (jornalista e radialista).<\/p>\n","protected":false},"excerpt":{"rendered":"<p>O Lixo e o Meio Ambiente O lixo sempre foi um problema s\u00e9rio para a&#8230;<\/p>\n","protected":false},"author":7,"featured_media":18809,"comment_status":"open","ping_status":"open","sticky":false,"template":"","format":"standard","meta":{"_jetpack_memberships_contains_paid_content":false,"footnotes":"","jetpack_publicize_message":"","jetpack_publicize_feature_enabled":true,"jetpack_social_post_already_shared":true,"jetpack_social_options":{"image_generator_settings":{"template":"highway","default_image_id":0,"font":"","enabled":false},"version":2}},"categories":[11,81],"tags":[],"class_list":["post-25298","post","type-post","status-publish","format-standard","has-post-thumbnail","hentry","category-artigos","category-salmito-campos"],"jetpack_publicize_connections":[],"jetpack_featured_media_url":"https:\/\/correiodasemana.com\/site\/wp-content\/uploads\/2022\/02\/Salmito-Campos-1-scaled.jpg","jetpack-related-posts":[{"id":8429,"url":"https:\/\/correiodasemana.com\/site\/vaticano-adota-coleta-seletiva-de-lixo\/","url_meta":{"origin":25298,"position":0},"title":"Vaticano adota coleta seletiva de lixo","author":"","date":"Julho 22, 2019","format":false,"excerpt":"Por\u00a0Eugenio Serra, do Vatican News Animado pelo impulso da Enc\u00edclica \u2018Laudato si\u2019 do Papa Francisco, o Vaticano avan\u00e7a em dire\u00e7\u00e3o a altos percentuais de coleta seletiva de lixo.A venda de pl\u00e1stico descart\u00e1vel j\u00e1 foi proibida e quando terminar o estoque, at\u00e9 o final do ano, estar\u00e1 livre do pl\u00e1stico. Al\u00e9m\u2026","rel":"","context":"In &quot;Diocese&quot;","block_context":{"text":"Diocese","link":"https:\/\/correiodasemana.com\/site\/category\/diocese\/"},"img":{"alt_text":"","src":"https:\/\/i0.wp.com\/correiodasemana.com\/site\/wp-content\/uploads\/2019\/07\/2018-02-25t173748z_1412909612_rc12be97da00_rtrmadp_3_mideast-crisis-syria-pope.jpg?resize=350%2C200&ssl=1","width":350,"height":200,"srcset":"https:\/\/i0.wp.com\/correiodasemana.com\/site\/wp-content\/uploads\/2019\/07\/2018-02-25t173748z_1412909612_rc12be97da00_rtrmadp_3_mideast-crisis-syria-pope.jpg?resize=350%2C200&ssl=1 1x, https:\/\/i0.wp.com\/correiodasemana.com\/site\/wp-content\/uploads\/2019\/07\/2018-02-25t173748z_1412909612_rc12be97da00_rtrmadp_3_mideast-crisis-syria-pope.jpg?resize=525%2C300&ssl=1 1.5x, https:\/\/i0.wp.com\/correiodasemana.com\/site\/wp-content\/uploads\/2019\/07\/2018-02-25t173748z_1412909612_rc12be97da00_rtrmadp_3_mideast-crisis-syria-pope.jpg?resize=700%2C400&ssl=1 2x, https:\/\/i0.wp.com\/correiodasemana.com\/site\/wp-content\/uploads\/2019\/07\/2018-02-25t173748z_1412909612_rc12be97da00_rtrmadp_3_mideast-crisis-syria-pope.jpg?resize=1050%2C600&ssl=1 3x"},"classes":[]},{"id":19697,"url":"https:\/\/correiodasemana.com\/site\/a-educacao-e-o-meio-ambiente\/","url_meta":{"origin":25298,"position":1},"title":"A Educa\u00e7\u00e3o e o Meio Ambiente","author":"","date":"Maio 8, 2022","format":false,"excerpt":"A educa\u00e7\u00e3o informal sempre me chamou muito a aten\u00e7\u00e3o. Essa educa\u00e7\u00e3o do ber\u00e7o, como chamamos, \u00e9 de fundamental import\u00e2ncia na vida de qualquer ser humano, quer seja pobre, rico, branco, mameluco, pardo, preto. Ali\u00e1s, quero frisar aqui que tenho visto pessoas abastadas e letradas, por\u00e9m mau educadas e pessoas pobres\u2026","rel":"","context":"In &quot;Artigos&quot;","block_context":{"text":"Artigos","link":"https:\/\/correiodasemana.com\/site\/category\/artigos\/"},"img":{"alt_text":"","src":"https:\/\/i0.wp.com\/correiodasemana.com\/site\/wp-content\/uploads\/2021\/08\/Salmito-Campos.jpg?resize=350%2C200&ssl=1","width":350,"height":200,"srcset":"https:\/\/i0.wp.com\/correiodasemana.com\/site\/wp-content\/uploads\/2021\/08\/Salmito-Campos.jpg?resize=350%2C200&ssl=1 1x, https:\/\/i0.wp.com\/correiodasemana.com\/site\/wp-content\/uploads\/2021\/08\/Salmito-Campos.jpg?resize=525%2C300&ssl=1 1.5x, https:\/\/i0.wp.com\/correiodasemana.com\/site\/wp-content\/uploads\/2021\/08\/Salmito-Campos.jpg?resize=700%2C400&ssl=1 2x, https:\/\/i0.wp.com\/correiodasemana.com\/site\/wp-content\/uploads\/2021\/08\/Salmito-Campos.jpg?resize=1050%2C600&ssl=1 3x, https:\/\/i0.wp.com\/correiodasemana.com\/site\/wp-content\/uploads\/2021\/08\/Salmito-Campos.jpg?resize=1400%2C800&ssl=1 4x"},"classes":[]},{"id":27409,"url":"https:\/\/correiodasemana.com\/site\/populacao-recebe-orientacoes-sobre-inicio-da-coleta-seletiva-porta-a-porta-no-bairro-domingos-olimpio\/","url_meta":{"origin":25298,"position":2},"title":"Popula\u00e7\u00e3o recebe orienta\u00e7\u00f5es sobre in\u00edcio da Coleta Seletiva Porta a Porta no bairro Domingos Ol\u00edmpio","author":"adminredacao","date":"Novembro 27, 2023","format":false,"excerpt":"Fonte: Prefeitura de Sobral Na quarta-feira (22\/11), equipes da Prefeitura de Sobral realizaram uma sensibiliza\u00e7\u00e3o ambiental junto aos moradores do bairro Domingos Ol\u00edmpio. O objetivo foi informar sobre o in\u00edcio da Coleta Seletiva Porta a Porta, que acontecer\u00e1 no dia 27 de novembro (segunda-feira). As atividades de coleta seletiva no\u2026","rel":"","context":"In &quot;Atualidade&quot;","block_context":{"text":"Atualidade","link":"https:\/\/correiodasemana.com\/site\/category\/atualidade\/"},"img":{"alt_text":"","src":"https:\/\/i0.wp.com\/correiodasemana.com\/site\/wp-content\/uploads\/2023\/11\/ok_Image_2023-11-22_at_13.14.55_1.jpg?resize=350%2C200&ssl=1","width":350,"height":200,"srcset":"https:\/\/i0.wp.com\/correiodasemana.com\/site\/wp-content\/uploads\/2023\/11\/ok_Image_2023-11-22_at_13.14.55_1.jpg?resize=350%2C200&ssl=1 1x, https:\/\/i0.wp.com\/correiodasemana.com\/site\/wp-content\/uploads\/2023\/11\/ok_Image_2023-11-22_at_13.14.55_1.jpg?resize=525%2C300&ssl=1 1.5x, https:\/\/i0.wp.com\/correiodasemana.com\/site\/wp-content\/uploads\/2023\/11\/ok_Image_2023-11-22_at_13.14.55_1.jpg?resize=700%2C400&ssl=1 2x, https:\/\/i0.wp.com\/correiodasemana.com\/site\/wp-content\/uploads\/2023\/11\/ok_Image_2023-11-22_at_13.14.55_1.jpg?resize=1050%2C600&ssl=1 3x, https:\/\/i0.wp.com\/correiodasemana.com\/site\/wp-content\/uploads\/2023\/11\/ok_Image_2023-11-22_at_13.14.55_1.jpg?resize=1400%2C800&ssl=1 4x"},"classes":[]},{"id":10494,"url":"https:\/\/correiodasemana.com\/site\/o-lixo-e-sua-destinacao\/","url_meta":{"origin":25298,"position":3},"title":"O LIXO E SUA DESTINA\u00c7\u00c3O","author":"","date":"Janeiro 22, 2020","format":false,"excerpt":"Os costumes e valores que terminaram por reinarem no s\u00e9culo XX; frente a um novo mil\u00eanio, n\u00e3o ser\u00e1 mais poss\u00edvel fugir a uma ampla discurs\u00e3o acerca dos problemas advindos da errada destina\u00e7\u00e3o do lixo no Brasil. Como se sabe, o lixo atua silencioso todos os dias como a fome, a\u2026","rel":"","context":"In &quot;Artigos&quot;","block_context":{"text":"Artigos","link":"https:\/\/correiodasemana.com\/site\/category\/artigos\/"},"img":{"alt_text":"","src":"https:\/\/i0.wp.com\/correiodasemana.com\/site\/wp-content\/uploads\/2020\/01\/2eb1b9e7-5e8d-45f8-ba25-371bc8ae2e3c.jpg?resize=350%2C200&ssl=1","width":350,"height":200,"srcset":"https:\/\/i0.wp.com\/correiodasemana.com\/site\/wp-content\/uploads\/2020\/01\/2eb1b9e7-5e8d-45f8-ba25-371bc8ae2e3c.jpg?resize=350%2C200&ssl=1 1x, https:\/\/i0.wp.com\/correiodasemana.com\/site\/wp-content\/uploads\/2020\/01\/2eb1b9e7-5e8d-45f8-ba25-371bc8ae2e3c.jpg?resize=525%2C300&ssl=1 1.5x, https:\/\/i0.wp.com\/correiodasemana.com\/site\/wp-content\/uploads\/2020\/01\/2eb1b9e7-5e8d-45f8-ba25-371bc8ae2e3c.jpg?resize=700%2C400&ssl=1 2x"},"classes":[]},{"id":8690,"url":"https:\/\/correiodasemana.com\/site\/sinha-saboia-cohab-i-e-ii-receberao-projeto-piloto-de-implantacao-da-coleta-seletiva\/","url_meta":{"origin":25298,"position":4},"title":"Sinh\u00e1 Saboia, Cohab I e II receber\u00e3o projeto-piloto de implanta\u00e7\u00e3o da coleta seletiva","author":"","date":"Agosto 17, 2019","format":false,"excerpt":"Na tarde desta quarta-feira (07\/08), o prefeito Ivo Gomes conheceu a proposta do projeto de implanta\u00e7\u00e3o da coleta seletiva em Sobral, que tem como objetivo dar uma destina\u00e7\u00e3o adequada para o lixo dom\u00e9stico. Essa \u00e9 uma das a\u00e7\u00f5es da nova Pol\u00edtica de Res\u00edduos S\u00f3lidos no munic\u00edpio. Durante a reuni\u00e3o, que\u2026","rel":"","context":"In &quot;Atualidade&quot;","block_context":{"text":"Atualidade","link":"https:\/\/correiodasemana.com\/site\/category\/atualidade\/"},"img":{"alt_text":"","src":"https:\/\/i0.wp.com\/correiodasemana.com\/site\/wp-content\/uploads\/2019\/08\/LIXO.jpg?resize=350%2C200&ssl=1","width":350,"height":200,"srcset":"https:\/\/i0.wp.com\/correiodasemana.com\/site\/wp-content\/uploads\/2019\/08\/LIXO.jpg?resize=350%2C200&ssl=1 1x, https:\/\/i0.wp.com\/correiodasemana.com\/site\/wp-content\/uploads\/2019\/08\/LIXO.jpg?resize=525%2C300&ssl=1 1.5x, https:\/\/i0.wp.com\/correiodasemana.com\/site\/wp-content\/uploads\/2019\/08\/LIXO.jpg?resize=700%2C400&ssl=1 2x, https:\/\/i0.wp.com\/correiodasemana.com\/site\/wp-content\/uploads\/2019\/08\/LIXO.jpg?resize=1050%2C600&ssl=1 3x"},"classes":[]},{"id":33059,"url":"https:\/\/correiodasemana.com\/site\/a-saude-do-planeta-e-a-sustentabilidade-da-vida-ii\/","url_meta":{"origin":25298,"position":5},"title":"A Sa\u00fade do Planeta e a Sustentabilidade da Vida (II)","author":"adminredacao","date":"Mar\u00e7o 24, 2025","format":false,"excerpt":"(Continua\u00e7\u00e3o da edi\u00e7\u00e3o anterior) LIXO DOM\u00c9STICO - O lixo que produzimos todos os dias surge nos diversos setores de nossas atividades. O lixo org\u00e2nico, no caso, vem dos restos de comida ou dos restos de prepara\u00e7\u00e3o desta. Acumulam-se na lixeira da nossa cozinha. H\u00e1 outras lixeiras em nossas casas, em\u2026","rel":"","context":"In &quot;Artigos&quot;","block_context":{"text":"Artigos","link":"https:\/\/correiodasemana.com\/site\/category\/artigos\/"},"img":{"alt_text":"","src":"https:\/\/i0.wp.com\/correiodasemana.com\/site\/wp-content\/uploads\/2022\/01\/Herculano-Costa.jpg?resize=350%2C200&ssl=1","width":350,"height":200},"classes":[]}],"jetpack_sharing_enabled":true,"_links":{"self":[{"href":"https:\/\/correiodasemana.com\/site\/wp-json\/wp\/v2\/posts\/25298","targetHints":{"allow":["GET"]}}],"collection":[{"href":"https:\/\/correiodasemana.com\/site\/wp-json\/wp\/v2\/posts"}],"about":[{"href":"https:\/\/correiodasemana.com\/site\/wp-json\/wp\/v2\/types\/post"}],"author":[{"embeddable":true,"href":"https:\/\/correiodasemana.com\/site\/wp-json\/wp\/v2\/users\/7"}],"replies":[{"embeddable":true,"href":"https:\/\/correiodasemana.com\/site\/wp-json\/wp\/v2\/comments?post=25298"}],"version-history":[{"count":1,"href":"https:\/\/correiodasemana.com\/site\/wp-json\/wp\/v2\/posts\/25298\/revisions"}],"predecessor-version":[{"id":25299,"href":"https:\/\/correiodasemana.com\/site\/wp-json\/wp\/v2\/posts\/25298\/revisions\/25299"}],"wp:featuredmedia":[{"embeddable":true,"href":"https:\/\/correiodasemana.com\/site\/wp-json\/wp\/v2\/media\/18809"}],"wp:attachment":[{"href":"https:\/\/correiodasemana.com\/site\/wp-json\/wp\/v2\/media?parent=25298"}],"wp:term":[{"taxonomy":"category","embeddable":true,"href":"https:\/\/correiodasemana.com\/site\/wp-json\/wp\/v2\/categories?post=25298"},{"taxonomy":"post_tag","embeddable":true,"href":"https:\/\/correiodasemana.com\/site\/wp-json\/wp\/v2\/tags?post=25298"}],"curies":[{"name":"wp","href":"https:\/\/api.w.org\/{rel}","templated":true}]}}