{"id":25309,"date":"2023-06-19T10:04:30","date_gmt":"2023-06-19T13:04:30","guid":{"rendered":"https:\/\/correiodasemana.com\/site\/?p=25309"},"modified":"2023-06-19T10:04:30","modified_gmt":"2023-06-19T13:04:30","slug":"comunidade-catolica-coracao-de-maria-2","status":"publish","type":"post","link":"https:\/\/correiodasemana.com\/site\/comunidade-catolica-coracao-de-maria-2\/","title":{"rendered":"Comunidade Cat\u00f3lica Cora\u00e7\u00e3o de Maria"},"content":{"rendered":"<p>Car\u00edssimo leitor \u00e9 muito bom partilhar com voc\u00ea as novidades na Comunidade e queremos contar com voc\u00ea. O Esp\u00edrito Santo nos impulsiona a viver neste ano a gra\u00e7a de \u201csair da superf\u00edcie e avan\u00e7ar para \u00e1guas mais profundas\u201d. E assim, estamos obedecendo. Iniciamos uma Campanha de Arrecada\u00e7\u00e3o de Ouro, neste m\u00eas de junho, para suprir as necessidades da evangeliza\u00e7\u00e3o juntamente com a manuten\u00e7\u00e3o da Comunidade. Desejamos que essa campanha atinja ao cora\u00e7\u00e3o de muitas pessoas de nossa cidade, pois mesmo aquele que n\u00e3o tem nenhum ouro poder\u00e1 contribuir com essa campanha. Pedimos que voc\u00ea abrace essa gra\u00e7a e nos ajude sendo um divulgador entre os conhecidos, parentes, amigos e at\u00e9 nas empresas. Tudo isso facilitar\u00e1 o desenvolvimento dessa campanha. Venha ser um benfeitor dessa obra no Reino de Deus! Aproveitamos e lhe convidamos para o nosso Arrai\u00e1, que ser\u00e1 no dia 17, j\u00e1 neste s\u00e1bado, na quadra do Col\u00e9gio Cora\u00e7\u00e3o de Jesus, ao som da cantora Lidiane e Banda. Venha viver conosco esse momento de fraternidade e alegria com os irm\u00e3os!<\/p>\n<p>Edna Maria Chaves da Silva &#8211; Cofundadora Comunidade Cora\u00e7\u00e3o de Maria<\/p>\n","protected":false},"excerpt":{"rendered":"<p>Car\u00edssimo leitor \u00e9 muito bom partilhar com voc\u00ea as novidades na Comunidade e queremos contar&#8230;<\/p>\n","protected":false},"author":7,"featured_media":23388,"comment_status":"open","ping_status":"open","sticky":false,"template":"","format":"standard","meta":{"_jetpack_memberships_contains_paid_content":false,"footnotes":"","jetpack_publicize_message":"","jetpack_publicize_feature_enabled":true,"jetpack_social_post_already_shared":true,"jetpack_social_options":{"image_generator_settings":{"template":"highway","default_image_id":0,"font":"","enabled":false},"version":2}},"categories":[11,89],"tags":[],"class_list":["post-25309","post","type-post","status-publish","format-standard","has-post-thumbnail","hentry","category-artigos","category-coracao-de-maria"],"jetpack_publicize_connections":[],"jetpack_featured_media_url":"https:\/\/correiodasemana.com\/site\/wp-content\/uploads\/2023\/02\/coracao-de-maria.jpg","jetpack-related-posts":[{"id":11569,"url":"https:\/\/correiodasemana.com\/site\/abrigo-de-criancas-lanca-campanha-apadrinhar-para-amar-hoje\/","url_meta":{"origin":25309,"position":0},"title":"Abrigo de crian\u00e7as lan\u00e7a campanha \u201cApadrinhar para Amar Hoje\u201d","author":"","date":"Julho 2, 2020","format":false,"excerpt":"Campanha visa contribuir para a manuten\u00e7\u00e3o da Casa S\u00e3o Francisco, que acolhe crian\u00e7as de 0 a 6 anos em situa\u00e7\u00e3o de risco social. Por Socorro Mouta Voc\u00ea j\u00e1 parou para imaginar quanta diferen\u00e7a R$ 2,00 reais podem fazer na vida de quem muito precisa? Para as crian\u00e7as da Casa S\u00e3o\u2026","rel":"","context":"In &quot;Atualidade&quot;","block_context":{"text":"Atualidade","link":"https:\/\/correiodasemana.com\/site\/category\/atualidade\/"},"img":{"alt_text":"","src":"https:\/\/i0.wp.com\/correiodasemana.com\/site\/wp-content\/uploads\/2020\/07\/WhatsApp-Image-2020-06-30-at-09.57.50.jpeg?resize=350%2C200&ssl=1","width":350,"height":200,"srcset":"https:\/\/i0.wp.com\/correiodasemana.com\/site\/wp-content\/uploads\/2020\/07\/WhatsApp-Image-2020-06-30-at-09.57.50.jpeg?resize=350%2C200&ssl=1 1x, https:\/\/i0.wp.com\/correiodasemana.com\/site\/wp-content\/uploads\/2020\/07\/WhatsApp-Image-2020-06-30-at-09.57.50.jpeg?resize=525%2C300&ssl=1 1.5x, https:\/\/i0.wp.com\/correiodasemana.com\/site\/wp-content\/uploads\/2020\/07\/WhatsApp-Image-2020-06-30-at-09.57.50.jpeg?resize=700%2C400&ssl=1 2x"},"classes":[]},{"id":9908,"url":"https:\/\/correiodasemana.com\/site\/cnbb-apresenta-tema-da-campanha-da-fraternidade-2020\/","url_meta":{"origin":25309,"position":1},"title":"CNBB apresenta tema da Campanha da Fraternidade 2020","author":"","date":"Novembro 18, 2019","format":false,"excerpt":"A Confer\u00eancia Nacional dos Bispos do Brasil apresenta para os crist\u00e3os por ocasi\u00e3o da quaresma a Campanha da Fraternidade. No pr\u00f3ximo ano teremos como TEMA: \u201cFraternidade e Vida: Dom e Compromisso\u201d, e o Lema \u00e9 \u201cViu, sentiu compaix\u00e3o e cuidou dele\u201d (Lc 10, 33-34), extra\u00eddo da Par\u00e1bola do Bom Samaritano.\u2026","rel":"","context":"In &quot;Atualidade&quot;","block_context":{"text":"Atualidade","link":"https:\/\/correiodasemana.com\/site\/category\/atualidade\/"},"img":{"alt_text":"","src":"https:\/\/i0.wp.com\/correiodasemana.com\/site\/wp-content\/uploads\/2019\/11\/PHOTO-2019-11-10-10-57-28.jpg?resize=350%2C200&ssl=1","width":350,"height":200,"srcset":"https:\/\/i0.wp.com\/correiodasemana.com\/site\/wp-content\/uploads\/2019\/11\/PHOTO-2019-11-10-10-57-28.jpg?resize=350%2C200&ssl=1 1x, https:\/\/i0.wp.com\/correiodasemana.com\/site\/wp-content\/uploads\/2019\/11\/PHOTO-2019-11-10-10-57-28.jpg?resize=525%2C300&ssl=1 1.5x, https:\/\/i0.wp.com\/correiodasemana.com\/site\/wp-content\/uploads\/2019\/11\/PHOTO-2019-11-10-10-57-28.jpg?resize=700%2C400&ssl=1 2x"},"classes":[]},{"id":10242,"url":"https:\/\/correiodasemana.com\/site\/campanha-natal-sem-fome-mobiliza-voluntarios-em-prol-da-solidariedade\/","url_meta":{"origin":25309,"position":2},"title":"Campanha \u201cNatal sem Fome\u201d mobiliza volunt\u00e1rios em prol da solidariedade","author":"","date":"Dezembro 23, 2019","format":false,"excerpt":"A partir do m\u00eas de outubro, mais de 100 volunt\u00e1rios entram no clima de solidariedade para a realiza\u00e7\u00e3o da campanha \u201cNatal sem Fome\u201d com o objetivo de arrecadar doa\u00e7\u00f5es de alimentos para fam\u00edlias carentes em um per\u00edodo significativo como o Natal. A organiza\u00e7\u00e3o concentra-se no Centro de Promo\u00e7\u00e3o Humana Padre\u2026","rel":"","context":"In &quot;Atualidade&quot;","block_context":{"text":"Atualidade","link":"https:\/\/correiodasemana.com\/site\/category\/atualidade\/"},"img":{"alt_text":"","src":"https:\/\/i0.wp.com\/correiodasemana.com\/site\/wp-content\/uploads\/2019\/12\/DSC_2116.jpg?resize=350%2C200&ssl=1","width":350,"height":200,"srcset":"https:\/\/i0.wp.com\/correiodasemana.com\/site\/wp-content\/uploads\/2019\/12\/DSC_2116.jpg?resize=350%2C200&ssl=1 1x, https:\/\/i0.wp.com\/correiodasemana.com\/site\/wp-content\/uploads\/2019\/12\/DSC_2116.jpg?resize=525%2C300&ssl=1 1.5x, https:\/\/i0.wp.com\/correiodasemana.com\/site\/wp-content\/uploads\/2019\/12\/DSC_2116.jpg?resize=700%2C400&ssl=1 2x"},"classes":[]},{"id":37597,"url":"https:\/\/correiodasemana.com\/site\/coletiva-de-imprensa-fortalece-divulgacao-da-campanha-da-fraternidade-2026\/","url_meta":{"origin":25309,"position":3},"title":"Coletiva de Imprensa fortalece divulga\u00e7\u00e3o da Campanha da Fraternidade 2026","author":"adminredacao","date":"Mar\u00e7o 3, 2026","format":false,"excerpt":"Na manh\u00e3 desta segunda-feira (23\/02), foi realizada, no Audit\u00f3rio Dom Walfrido, na C\u00faria Diocesana, a Coletiva de Imprensa sobre a Campanha da Fraternidade 2026. O encontro reuniu cl\u00e9rigos, jornalistas, radialistas, representantes de portais de not\u00edcias e agentes da Pastoral da Comunica\u00e7\u00e3o (PASCOM). Neste ano, a Igreja no Brasil prop\u00f5e o\u2026","rel":"","context":"In &quot;Atualidade&quot;","block_context":{"text":"Atualidade","link":"https:\/\/correiodasemana.com\/site\/category\/atualidade\/"},"img":{"alt_text":"","src":"https:\/\/i0.wp.com\/correiodasemana.com\/site\/wp-content\/uploads\/2026\/03\/coletiva-de-imprensa-da-CF-2026-2.jpeg?resize=350%2C200&ssl=1","width":350,"height":200,"srcset":"https:\/\/i0.wp.com\/correiodasemana.com\/site\/wp-content\/uploads\/2026\/03\/coletiva-de-imprensa-da-CF-2026-2.jpeg?resize=350%2C200&ssl=1 1x, https:\/\/i0.wp.com\/correiodasemana.com\/site\/wp-content\/uploads\/2026\/03\/coletiva-de-imprensa-da-CF-2026-2.jpeg?resize=525%2C300&ssl=1 1.5x, https:\/\/i0.wp.com\/correiodasemana.com\/site\/wp-content\/uploads\/2026\/03\/coletiva-de-imprensa-da-CF-2026-2.jpeg?resize=700%2C400&ssl=1 2x, https:\/\/i0.wp.com\/correiodasemana.com\/site\/wp-content\/uploads\/2026\/03\/coletiva-de-imprensa-da-CF-2026-2.jpeg?resize=1050%2C600&ssl=1 3x"},"classes":[]},{"id":24133,"url":"https:\/\/correiodasemana.com\/site\/gesto-concreto-da-semana-santa\/","url_meta":{"origin":25309,"position":4},"title":"Gesto concreto da Semana Santa","author":"adminredacao","date":"Abril 17, 2023","format":false,"excerpt":"Caro leitor, desejo partilhar com voc\u00eas a experi\u00eancia fant\u00e1stica que vivemos na Semana Santa. Com a simplicidade que aprendemos de nossa baluarte Santa Teresinha do Menino Jesus e da Sagrada Face e tamb\u00e9m com Nossa Senhora senti no cora\u00e7\u00e3o que dever\u00edamos ter algo simples, mas profundo. Al\u00e9m de sermos convidados\u2026","rel":"","context":"In &quot;Artigos&quot;","block_context":{"text":"Artigos","link":"https:\/\/correiodasemana.com\/site\/category\/artigos\/"},"img":{"alt_text":"","src":"https:\/\/i0.wp.com\/correiodasemana.com\/site\/wp-content\/uploads\/2023\/02\/coracao-de-maria.jpg?resize=350%2C200&ssl=1","width":350,"height":200,"srcset":"https:\/\/i0.wp.com\/correiodasemana.com\/site\/wp-content\/uploads\/2023\/02\/coracao-de-maria.jpg?resize=350%2C200&ssl=1 1x, https:\/\/i0.wp.com\/correiodasemana.com\/site\/wp-content\/uploads\/2023\/02\/coracao-de-maria.jpg?resize=525%2C300&ssl=1 1.5x"},"classes":[]},{"id":32904,"url":"https:\/\/correiodasemana.com\/site\/tempo-da-graca-e-da-reconciliacao\/","url_meta":{"origin":25309,"position":5},"title":"Tempo da gra\u00e7a e da reconcilia\u00e7\u00e3o","author":"adminredacao","date":"Mar\u00e7o 17, 2025","format":false,"excerpt":"No in\u00edcio da Quaresma, acolhamos a proclama\u00e7\u00e3o do tempo especial da gra\u00e7a de Deus: \u201cRasgai vossos cora\u00e7\u00f5es, n\u00e3o as roupas! Voltai para o Senhor vosso Deus, pois ele \u00e9 bom e cheio de miseric\u00f3rdia! \u00c9 manso na ira, cheio de carinho e retira a amea\u00e7a! Quem sabe ele volta atr\u00e1s,\u2026","rel":"","context":"In &quot;A voz do Pastor&quot;","block_context":{"text":"A voz do Pastor","link":"https:\/\/correiodasemana.com\/site\/category\/a-voz-do-pastor\/"},"img":{"alt_text":"","src":"https:\/\/i0.wp.com\/correiodasemana.com\/site\/wp-content\/uploads\/2018\/02\/Dom-Vasconcelos-posses.jpg?resize=350%2C200&ssl=1","width":350,"height":200,"srcset":"https:\/\/i0.wp.com\/correiodasemana.com\/site\/wp-content\/uploads\/2018\/02\/Dom-Vasconcelos-posses.jpg?resize=350%2C200&ssl=1 1x, https:\/\/i0.wp.com\/correiodasemana.com\/site\/wp-content\/uploads\/2018\/02\/Dom-Vasconcelos-posses.jpg?resize=525%2C300&ssl=1 1.5x, https:\/\/i0.wp.com\/correiodasemana.com\/site\/wp-content\/uploads\/2018\/02\/Dom-Vasconcelos-posses.jpg?resize=700%2C400&ssl=1 2x"},"classes":[]}],"jetpack_sharing_enabled":true,"_links":{"self":[{"href":"https:\/\/correiodasemana.com\/site\/wp-json\/wp\/v2\/posts\/25309","targetHints":{"allow":["GET"]}}],"collection":[{"href":"https:\/\/correiodasemana.com\/site\/wp-json\/wp\/v2\/posts"}],"about":[{"href":"https:\/\/correiodasemana.com\/site\/wp-json\/wp\/v2\/types\/post"}],"author":[{"embeddable":true,"href":"https:\/\/correiodasemana.com\/site\/wp-json\/wp\/v2\/users\/7"}],"replies":[{"embeddable":true,"href":"https:\/\/correiodasemana.com\/site\/wp-json\/wp\/v2\/comments?post=25309"}],"version-history":[{"count":1,"href":"https:\/\/correiodasemana.com\/site\/wp-json\/wp\/v2\/posts\/25309\/revisions"}],"predecessor-version":[{"id":25310,"href":"https:\/\/correiodasemana.com\/site\/wp-json\/wp\/v2\/posts\/25309\/revisions\/25310"}],"wp:featuredmedia":[{"embeddable":true,"href":"https:\/\/correiodasemana.com\/site\/wp-json\/wp\/v2\/media\/23388"}],"wp:attachment":[{"href":"https:\/\/correiodasemana.com\/site\/wp-json\/wp\/v2\/media?parent=25309"}],"wp:term":[{"taxonomy":"category","embeddable":true,"href":"https:\/\/correiodasemana.com\/site\/wp-json\/wp\/v2\/categories?post=25309"},{"taxonomy":"post_tag","embeddable":true,"href":"https:\/\/correiodasemana.com\/site\/wp-json\/wp\/v2\/tags?post=25309"}],"curies":[{"name":"wp","href":"https:\/\/api.w.org\/{rel}","templated":true}]}}