{"id":25311,"date":"2023-06-19T10:06:21","date_gmt":"2023-06-19T13:06:21","guid":{"rendered":"https:\/\/correiodasemana.com\/site\/?p=25311"},"modified":"2023-06-19T10:06:21","modified_gmt":"2023-06-19T13:06:21","slug":"quer-bons-exemplos-2","status":"publish","type":"post","link":"https:\/\/correiodasemana.com\/site\/quer-bons-exemplos-2\/","title":{"rendered":"Quer bons exemplos?"},"content":{"rendered":"<div id='gallery-1' class='gallery galleryid-25311 gallery-columns-6 gallery-size-thumbnail'><figure class='gallery-item'>\n\t\t\t<div class='gallery-icon landscape'>\n\t\t\t\t<a href='https:\/\/correiodasemana.com\/site\/quer-bons-exemplos-2\/whatsapp-image-2023-06-16-at-18-52-07-1\/'><img loading=\"lazy\" width=\"150\" height=\"148\" src=\"https:\/\/correiodasemana.com\/site\/wp-content\/uploads\/2023\/06\/WhatsApp-Image-2023-06-16-at-18.52.07-1-150x148.jpeg\" class=\"attachment-thumbnail size-thumbnail\" alt=\"WhatsApp Image 2023-06-16 at 18.52.07 (1)\" loading=\"lazy\" decoding=\"async\" \/><\/a>\n\t\t\t<\/div><\/figure><figure class='gallery-item'>\n\t\t\t<div class='gallery-icon portrait'>\n\t\t\t\t<a href='https:\/\/correiodasemana.com\/site\/quer-bons-exemplos-2\/whatsapp-image-2023-06-16-at-18-52-08-1\/'><img loading=\"lazy\" width=\"150\" height=\"150\" src=\"https:\/\/correiodasemana.com\/site\/wp-content\/uploads\/2023\/06\/WhatsApp-Image-2023-06-16-at-18.52.08-1-150x150.jpeg\" class=\"attachment-thumbnail size-thumbnail\" alt=\"WhatsApp Image 2023-06-16 at 18.52.08 (1)\" loading=\"lazy\" decoding=\"async\" \/><\/a>\n\t\t\t<\/div><\/figure><figure class='gallery-item'>\n\t\t\t<div class='gallery-icon landscape'>\n\t\t\t\t<a href='https:\/\/correiodasemana.com\/site\/quer-bons-exemplos-2\/whatsapp-image-2023-06-16-at-18-52-08\/'><img loading=\"lazy\" width=\"150\" height=\"150\" src=\"https:\/\/correiodasemana.com\/site\/wp-content\/uploads\/2023\/06\/WhatsApp-Image-2023-06-16-at-18.52.08-150x150.jpeg\" class=\"attachment-thumbnail size-thumbnail\" alt=\"WhatsApp Image 2023-06-16 at 18.52.08\" srcset=\"https:\/\/correiodasemana.com\/site\/wp-content\/uploads\/2023\/06\/WhatsApp-Image-2023-06-16-at-18.52.08-150x150.jpeg 150w, https:\/\/correiodasemana.com\/site\/wp-content\/uploads\/2023\/06\/WhatsApp-Image-2023-06-16-at-18.52.08.jpeg 224w\" sizes=\"auto, (max-width: 150px) 100vw, 150px\" loading=\"lazy\" decoding=\"async\" \/><\/a>\n\t\t\t<\/div><\/figure><figure class='gallery-item'>\n\t\t\t<div class='gallery-icon landscape'>\n\t\t\t\t<a href='https:\/\/correiodasemana.com\/site\/quer-bons-exemplos-2\/whatsapp-image-2023-06-16-at-18-52-09\/'><img loading=\"lazy\" width=\"150\" height=\"150\" src=\"https:\/\/correiodasemana.com\/site\/wp-content\/uploads\/2023\/06\/WhatsApp-Image-2023-06-16-at-18.52.09-150x150.jpeg\" class=\"attachment-thumbnail size-thumbnail\" alt=\"WhatsApp Image 2023-06-16 at 18.52.09\" loading=\"lazy\" decoding=\"async\" \/><\/a>\n\t\t\t<\/div><\/figure>\n\t\t<\/div>\n\n<p>Sem d\u00favida, neste espa\u00e7o voc\u00ea j\u00e1 poder\u00e1 ter lido este texto ou algo parecido. \u00c9 poss\u00edvel que leitores ass\u00edduos da Coluna at\u00e9 julguem que a repeti\u00e7\u00e3o tenha sido falha do autor ou da Reda\u00e7\u00e3o. Outros, quem sabe, me diagnosticar\u00e3o portador de \u201cpreguicite aguda\u201d. Mas nada disso aconteceu: a republica\u00e7\u00e3o do texto com poucas modifica\u00e7\u00f5es foi proposital. Primeiro, por ser o tema atual\u00edssimo; segundo, para lembrar que em novembro se comemora o Dia da Consci\u00eancia Negra (20\/11) e, em terceiro lugar, por insistir para que haja mais reconhecimento e divulga\u00e7\u00e3o dos bons exemplos do passado e do presente. E, daqui, volto ao texto anterior.<br \/>\nPais mais conscientes e preocupados com filhos persistem em discutir sobre alguns \u00eddolos apresentados \u00e0 nossa juventude. Lamentam o fato de os brasileiros em forma\u00e7\u00e3o carecerem demasiadamente de boas refer\u00eancias, de figuras que possam contribuir na descoberta de voca\u00e7\u00f5es e que colaborem no direcionamento de suas vidas. Chegam a citar, ainda, o desinteresse desta garotada em aprofundar a busca desses vultos, subutilizando, inclusive, o que nos possibilita a Internet.<br \/>\nMas ser\u00e1 mesmo pequena a quantidade de bons exemplos no Pa\u00eds? O desinteresse em procur\u00e1-los, descobri-los ser\u00e1 apenas dos jovens? E qual a influ\u00eancia da m\u00eddia nesse questionamento?<br \/>\nCreio que, procurando, ainda s\u00e3o encontrados muitos bons exemplos em todos os segmentos da sociedade. Estimular essa busca compete \u00e0 fam\u00edlia, que se deve munir de conhecimento da vida e obra dos grandes vultos do passado e do presente dignos de mais reconhecimento e divulga\u00e7\u00e3o. Por outro lado, pais, educadores e formadores de opini\u00e3o deveriam demonstrar de forma clara a diferen\u00e7a entre os verdadeiros e os falsos exemplos. Devem insistir no desmascaramento de certos tipos de \u201cher\u00f3is, famosos, modelos a serem seguidos\u201d, tais como atores, cantores, jogadores, pol\u00edticos, profissionais liberais, ex-BBB\u00b4s, etc. Muitos desses s\u00e3o, com as devidas exce\u00e7\u00f5es, os \u201cmaus exemplos\u201d hoje produzidos pela parte irrespons\u00e1vel e nociva da m\u00eddia. Vale salientar que nessa \u00e1rea h\u00e1 tamb\u00e9m quem se prop\u00f5e a trabalhar para o bem da sociedade. S\u00f3 que sua inten\u00e7\u00e3o quase sempre \u00e9 sufocada pelos que defendem interesses financeiros e escusos.<br \/>\nJ\u00e1 que se aproxima o Dia Nacional da Consci\u00eancia Negra (20\/11), relembro aqui apenas tr\u00eas nomes &#8211; tr\u00eas exemplos de vida &#8211; que tamb\u00e9m lutaram pela liberdade t\u00e3o sonhada pelo her\u00f3i Zumbi dos Palmares (1655 -1695). Obviamente existem outros nomes merecedores de inclus\u00e3o neste pequeno coment\u00e1rio, inclusive em n\u00edvel mundial. Mas deixo para o leitor a tarefa de acrescent\u00e1-los.<br \/>\nEm n\u00edvel local, destaco Cosme Bento das Chagas (1800 &#8211; 1842), conhecido como Negro Cosme, escravo livre que nasceu em Sobral (CE) e daqui saiu para ser l\u00edder na Balaiada (1838-1840, rebeli\u00e3o ocorrida no Maranh\u00e3o. Negro Cosme comandou mais de 3.000 revoltosos e lutou at\u00e9 o fim por sua causa. Terminou preso e enforcado em pra\u00e7a p\u00fablica em Itapecuru-Mirim (MA), em 20 de setembro de 1842.<\/p>\n<p><strong>Negro Cosme<\/strong><br \/>\nJ\u00e1 Maria Tom\u00e1sia Figueira Lima (1826-1902), foi uma sobralense, branca, e que lutou a vida inteira pela liberta\u00e7\u00e3o dos escravos. Foi cognominada \u201cA Libertadora\u201d, pois durante o dia, em Fortaleza (CE), arrecadava fundos para comprar e libertar escravos; \u00e0 noite, ajudava companheiros a \u201croubar\u201d escravos de senzalas e os libertava.<\/p>\n<p><strong>Maria Tom\u00e1sia<\/strong><br \/>\nEm n\u00edvel nacional, ressalto o extraordin\u00e1rio Lu\u00eds Gonzaga Pinto da Gama (1830 &#8211; 1882), negro baiano, que, apesar de filho de m\u00e3e negra livre e pai branco, tornou-se escravo aos 10 anos, ap\u00f3s ser vendido pelo pai endividado (jogos). Lu\u00eds Gama alfabetizou-se aos 17 anos; atuou em v\u00e1rias profiss\u00f5es e como autodidata tornou-se r\u00e1bula, jornalista, escritor, poeta e orador famoso que fez sua pr\u00f3pria defesa, conquistando judicialmente sua liberdade. L\u00edder dos republicanos e ma\u00e7om respeitado, elegeu o fim da escravid\u00e3o negra no Brasil uma de suas metas principais, chegando a libertar mais de quinhentos negros sem cobrar nada. Lu\u00eds da Gama morreu de diabetes aos 52 anos, pouco antes de ver seus sonhos concretizados: Aboli\u00e7\u00e3o da Escravatura (1888) e Proclama\u00e7\u00e3o da Rep\u00fablica (1899).<\/p>\n<p><strong>Lu\u00eds da Gama<\/strong><br \/>\nDepois dessa r\u00e1pida amostragem, sem nenhum receio de incorrer em grave erro, completo a mensagem iniciada no t\u00edtulo deste artigo: \u201cBons exemplos de brasileiros (homens e mulheres) temos. E muitos.<br \/>\nS\u00f3 falta quem os reconhe\u00e7a e os divulgue mais. Principalmente se eles integram a camada mais humilde e menos lembrada da sociedade.<br \/>\nE mais: \u00c9 imprescind\u00edvel que sejamos um deles!<br \/>\nPense nisso!<\/p>\n<p>****<\/p>\n<p><strong>Gotas de Sobralidade &#8211; Ildefonsos<\/strong><br \/>\nIldefonso de Holanda Cavalcante (1859-1918), que era tabeli\u00e3o em Sobral, empresta seu nome a uma rua do centro da cidade. J\u00e1 seu filho de mesmo nome, que viveu entre 1905 e 1974, d\u00e1 nome \u00e0 importante avenida que margeia a linha f\u00e9rrea.<\/p>\n<p><strong>P\u00e9rolas do R\u00e1dio<\/strong><br \/>\n\u201cGRANDENE\u201d foi uma das palavras mais ouvidas no r\u00e1dio local nesta semana. Muitos assim pronunciam justificando tratar-se uma empresa GRANDE. Por isso, GRANDENE. Ledo engano. O correto \u00e9 GRENDENE, pois \u00e9 o nome da fam\u00edlia dos propriet\u00e1rios: Alexandre e Pedro Grendene.<\/p>\n","protected":false},"excerpt":{"rendered":"<p>Sem d\u00favida, neste espa\u00e7o voc\u00ea j\u00e1 poder\u00e1 ter lido este texto ou algo parecido. \u00c9&#8230;<\/p>\n","protected":false},"author":7,"featured_media":24516,"comment_status":"open","ping_status":"open","sticky":false,"template":"","format":"standard","meta":{"_jetpack_memberships_contains_paid_content":false,"footnotes":"","jetpack_publicize_message":"","jetpack_publicize_feature_enabled":true,"jetpack_social_post_already_shared":true,"jetpack_social_options":{"image_generator_settings":{"template":"highway","default_image_id":0,"font":"","enabled":false},"version":2}},"categories":[11,82],"tags":[],"class_list":["post-25311","post","type-post","status-publish","format-standard","has-post-thumbnail","hentry","category-artigos","category-poucas-e-boas"],"jetpack_publicize_connections":[],"jetpack_featured_media_url":"https:\/\/correiodasemana.com\/site\/wp-content\/uploads\/2023\/05\/artemisio-da-costa-2.jpg","jetpack-related-posts":[{"id":18069,"url":"https:\/\/correiodasemana.com\/site\/quer-bons-exemplos\/","url_meta":{"origin":25311,"position":0},"title":"Quer bons exemplos?","author":"","date":"Novembro 22, 2021","format":false,"excerpt":"Sem d\u00favida, neste espa\u00e7o voc\u00ea j\u00e1 poder\u00e1 ter lido este texto ou algo parecido. \u00c9 poss\u00edvel que leitores ass\u00edduos da Coluna at\u00e9 julguem que a repeti\u00e7\u00e3o tenha sido falha do autor ou da Reda\u00e7\u00e3o. Outros, quem sabe, me diagnosticar\u00e3o portador de \u201cpreguicite aguda\u201d ou, at\u00e9 mesmo, que eu esteja recebendo\u2026","rel":"","context":"In &quot;Artigos&quot;","block_context":{"text":"Artigos","link":"https:\/\/correiodasemana.com\/site\/category\/artigos\/"},"img":{"alt_text":"","src":"https:\/\/i0.wp.com\/correiodasemana.com\/site\/wp-content\/uploads\/2021\/11\/3-exxemplos-nomeados-300x139.jpg?resize=350%2C200&ssl=1","width":350,"height":200},"classes":[]},{"id":27363,"url":"https:\/\/correiodasemana.com\/site\/poucas-e-boas-21\/","url_meta":{"origin":25311,"position":1},"title":"POUCAS E BOAS","author":"adminredacao","date":"Novembro 20, 2023","format":false,"excerpt":"Ilustres desconhecidos Sem d\u00favida, alguns leitores poder\u00e1 at\u00e9 ficar na d\u00favida se j\u00e1 leram ou n\u00e3o nesta Coluna este texto ou algo parecido. Parab\u00e9ns, sua mem\u00f3ria est\u00e1 boa, porque leram mesmo! \u00c9 poss\u00edvel que leitores ass\u00edduos da Coluna at\u00e9 julguem que a repeti\u00e7\u00e3o tenha sido falha do autor ou da\u2026","rel":"","context":"In &quot;Artigos&quot;","block_context":{"text":"Artigos","link":"https:\/\/correiodasemana.com\/site\/category\/artigos\/"},"img":{"alt_text":"","src":"https:\/\/i0.wp.com\/correiodasemana.com\/site\/wp-content\/uploads\/2023\/05\/artemisio-da-costa-2.jpg?resize=350%2C200&ssl=1","width":350,"height":200},"classes":[]},{"id":24767,"url":"https:\/\/correiodasemana.com\/site\/de-coracao-para-coracao-ecoa-a-57a-mensagem-do-papa-francisco-para-o-dia-mundial-das-comunicacoes-sociais\/","url_meta":{"origin":25311,"position":2},"title":"De cora\u00e7\u00e3o para cora\u00e7\u00e3o, ecoa a 57\u00aa mensagem do Papa Francisco para o Dia Mundial das Comunica\u00e7\u00f5es Sociais","author":"adminredacao","date":"Maio 21, 2023","format":false,"excerpt":"Cora\u00e7\u00f5es transbordantes do Amor ecoam a miss\u00e3o evangelizadora, que \u00e9 comunicar a Verdade. Por Bruna Marinho Depois de sermos convidados a ir, ver (Vem e ver\u00e1s) e escutar (Escutar com o ouvido do cora\u00e7\u00e3o), que s\u00e3o as mensagens dos anos anteriores, o Papa Francisco nos prop\u00f5e em 2023, na 57\u00aa\u2026","rel":"","context":"In &quot;Atualidade&quot;","block_context":{"text":"Atualidade","link":"https:\/\/correiodasemana.com\/site\/category\/atualidade\/"},"img":{"alt_text":"","src":"","width":0,"height":0},"classes":[]},{"id":30773,"url":"https:\/\/correiodasemana.com\/site\/de-olho-na-lingua-101\/","url_meta":{"origin":25311,"position":3},"title":"De Olho na L\u00edngua","author":"adminredacao","date":"Setembro 23, 2024","format":false,"excerpt":"Rapar X Raspar Rapar \u00e9 cortar rente. Rapam-se axilas, pernas, barba e bigodes. Antigamente, com o calouro (pessoa que era aprovado no vestibular) havia o trote; A cabe\u00e7a do calouro era rapada (\u00e0s vezes, o corte era mal feito); Gra\u00e7as a Deus essa maneira de comemorar a aprova\u00e7\u00e3o no vestibular\u2026","rel":"","context":"In &quot;Artigos&quot;","block_context":{"text":"Artigos","link":"https:\/\/correiodasemana.com\/site\/category\/artigos\/"},"img":{"alt_text":"","src":"","width":0,"height":0},"classes":[]},{"id":36431,"url":"https:\/\/correiodasemana.com\/site\/poucas-e-boas-71\/","url_meta":{"origin":25311,"position":4},"title":"POUCAS E BOAS","author":"adminredacao","date":"Novembro 18, 2025","format":false,"excerpt":"Esses, sim!!! Plagiando a vinheta do meu Programa dominical na Educadora FM 107,5, creio que \u00e9 sempre salutar e oportuno trazer \u00e0 tona certos temas palpitantes. O objetivo \u00e9 conhecer suas origens no passado, para compreender melhor seu reflexo no presente, a fim de discutir, de forma equilibrada e inteligente,\u2026","rel":"","context":"In &quot;Artigos&quot;","block_context":{"text":"Artigos","link":"https:\/\/correiodasemana.com\/site\/category\/artigos\/"},"img":{"alt_text":"","src":"https:\/\/i0.wp.com\/correiodasemana.com\/site\/wp-content\/uploads\/2023\/05\/artemisio-da-costa-2.jpg?resize=350%2C200&ssl=1","width":350,"height":200},"classes":[]},{"id":28256,"url":"https:\/\/correiodasemana.com\/site\/poucas-e-boas-25\/","url_meta":{"origin":25311,"position":5},"title":"POUCAS E BOAS","author":"adminredacao","date":"Fevereiro 6, 2024","format":false,"excerpt":"Zuleika Viana parte deixando exemplo de f\u00e9, dedica\u00e7\u00e3o e trabalho Na quarta-feira (31), por volta das 22h, faleceu no Hospital do Cora\u00e7\u00e3o de Sobral Zuleika Ximenes Viana, de 94 anos, em decorr\u00eancia de problemas card\u00edacos. Inupta e de imenso talento profissional, a distinta senhorita prestou relevantes servi\u00e7os \u00e0 sociedade sobralense\u2026","rel":"","context":"In &quot;Artigos&quot;","block_context":{"text":"Artigos","link":"https:\/\/correiodasemana.com\/site\/category\/artigos\/"},"img":{"alt_text":"","src":"https:\/\/i0.wp.com\/correiodasemana.com\/site\/wp-content\/uploads\/2023\/05\/artemisio-da-costa-2.jpg?resize=350%2C200&ssl=1","width":350,"height":200},"classes":[]}],"jetpack_sharing_enabled":true,"_links":{"self":[{"href":"https:\/\/correiodasemana.com\/site\/wp-json\/wp\/v2\/posts\/25311","targetHints":{"allow":["GET"]}}],"collection":[{"href":"https:\/\/correiodasemana.com\/site\/wp-json\/wp\/v2\/posts"}],"about":[{"href":"https:\/\/correiodasemana.com\/site\/wp-json\/wp\/v2\/types\/post"}],"author":[{"embeddable":true,"href":"https:\/\/correiodasemana.com\/site\/wp-json\/wp\/v2\/users\/7"}],"replies":[{"embeddable":true,"href":"https:\/\/correiodasemana.com\/site\/wp-json\/wp\/v2\/comments?post=25311"}],"version-history":[{"count":1,"href":"https:\/\/correiodasemana.com\/site\/wp-json\/wp\/v2\/posts\/25311\/revisions"}],"predecessor-version":[{"id":25317,"href":"https:\/\/correiodasemana.com\/site\/wp-json\/wp\/v2\/posts\/25311\/revisions\/25317"}],"wp:featuredmedia":[{"embeddable":true,"href":"https:\/\/correiodasemana.com\/site\/wp-json\/wp\/v2\/media\/24516"}],"wp:attachment":[{"href":"https:\/\/correiodasemana.com\/site\/wp-json\/wp\/v2\/media?parent=25311"}],"wp:term":[{"taxonomy":"category","embeddable":true,"href":"https:\/\/correiodasemana.com\/site\/wp-json\/wp\/v2\/categories?post=25311"},{"taxonomy":"post_tag","embeddable":true,"href":"https:\/\/correiodasemana.com\/site\/wp-json\/wp\/v2\/tags?post=25311"}],"curies":[{"name":"wp","href":"https:\/\/api.w.org\/{rel}","templated":true}]}}