{"id":25402,"date":"2023-06-26T10:34:57","date_gmt":"2023-06-26T13:34:57","guid":{"rendered":"https:\/\/correiodasemana.com\/site\/?p=25402"},"modified":"2023-06-26T10:34:57","modified_gmt":"2023-06-26T13:34:57","slug":"alunos-do-colegio-luciano-feijao-visitam-a-redacao-do-jornal-correio-da-semana","status":"publish","type":"post","link":"https:\/\/correiodasemana.com\/site\/alunos-do-colegio-luciano-feijao-visitam-a-redacao-do-jornal-correio-da-semana\/","title":{"rendered":"Alunos do Col\u00e9gio Luciano Feij\u00e3o visitam a reda\u00e7\u00e3o do Jornal Correio da Semana"},"content":{"rendered":"<div id='gallery-1' class='gallery galleryid-25402 gallery-columns-6 gallery-size-thumbnail'><figure class='gallery-item'>\n\t\t\t<div class='gallery-icon landscape'>\n\t\t\t\t<a href='https:\/\/correiodasemana.com\/site\/alunos-do-colegio-luciano-feijao-visitam-a-redacao-do-jornal-correio-da-semana\/_dsc0802\/'><img loading=\"lazy\" width=\"150\" height=\"150\" src=\"https:\/\/correiodasemana.com\/site\/wp-content\/uploads\/2023\/06\/DSC0802-150x150.jpg\" class=\"attachment-thumbnail size-thumbnail\" alt=\"_DSC0802\" loading=\"lazy\" decoding=\"async\" \/><\/a>\n\t\t\t<\/div><\/figure><figure class='gallery-item'>\n\t\t\t<div class='gallery-icon landscape'>\n\t\t\t\t<a href='https:\/\/correiodasemana.com\/site\/alunos-do-colegio-luciano-feijao-visitam-a-redacao-do-jornal-correio-da-semana\/_dsc0855\/'><img loading=\"lazy\" width=\"150\" height=\"150\" src=\"https:\/\/correiodasemana.com\/site\/wp-content\/uploads\/2023\/06\/DSC0855-150x150.jpg\" class=\"attachment-thumbnail size-thumbnail\" alt=\"_DSC0855\" loading=\"lazy\" decoding=\"async\" \/><\/a>\n\t\t\t<\/div><\/figure><figure class='gallery-item'>\n\t\t\t<div class='gallery-icon landscape'>\n\t\t\t\t<a href='https:\/\/correiodasemana.com\/site\/alunos-do-colegio-luciano-feijao-visitam-a-redacao-do-jornal-correio-da-semana\/_dsc1011\/'><img loading=\"lazy\" width=\"150\" height=\"150\" src=\"https:\/\/correiodasemana.com\/site\/wp-content\/uploads\/2023\/06\/DSC1011-150x150.jpg\" class=\"attachment-thumbnail size-thumbnail\" alt=\"_DSC1011\" loading=\"lazy\" decoding=\"async\" \/><\/a>\n\t\t\t<\/div><\/figure><figure class='gallery-item'>\n\t\t\t<div class='gallery-icon landscape'>\n\t\t\t\t<a href='https:\/\/correiodasemana.com\/site\/alunos-do-colegio-luciano-feijao-visitam-a-redacao-do-jornal-correio-da-semana\/whatsapp-image-2023-06-20-at-22-18-40\/'><img loading=\"lazy\" width=\"150\" height=\"150\" src=\"https:\/\/correiodasemana.com\/site\/wp-content\/uploads\/2023\/06\/WhatsApp-Image-2023-06-20-at-22.18.40-150x150.jpeg\" class=\"attachment-thumbnail size-thumbnail\" alt=\"WhatsApp Image 2023-06-20 at 22.18.40\" loading=\"lazy\" decoding=\"async\" \/><\/a>\n\t\t\t<\/div><\/figure><figure class='gallery-item'>\n\t\t\t<div class='gallery-icon landscape'>\n\t\t\t\t<a href='https:\/\/correiodasemana.com\/site\/alunos-do-colegio-luciano-feijao-visitam-a-redacao-do-jornal-correio-da-semana\/whatsapp-image-2023-06-20-at-22-18-41-1\/'><img loading=\"lazy\" width=\"150\" height=\"150\" src=\"https:\/\/correiodasemana.com\/site\/wp-content\/uploads\/2023\/06\/WhatsApp-Image-2023-06-20-at-22.18.41-1-150x150.jpeg\" class=\"attachment-thumbnail size-thumbnail\" alt=\"WhatsApp Image 2023-06-20 at 22.18.41 (1)\" loading=\"lazy\" decoding=\"async\" \/><\/a>\n\t\t\t<\/div><\/figure><figure class='gallery-item'>\n\t\t\t<div class='gallery-icon landscape'>\n\t\t\t\t<a href='https:\/\/correiodasemana.com\/site\/alunos-do-colegio-luciano-feijao-visitam-a-redacao-do-jornal-correio-da-semana\/whatsapp-image-2023-06-20-at-22-18-41\/'><img loading=\"lazy\" width=\"150\" height=\"150\" src=\"https:\/\/correiodasemana.com\/site\/wp-content\/uploads\/2023\/06\/WhatsApp-Image-2023-06-20-at-22.18.41-150x150.jpeg\" class=\"attachment-thumbnail size-thumbnail\" alt=\"WhatsApp Image 2023-06-20 at 22.18.41\" loading=\"lazy\" decoding=\"async\" \/><\/a>\n\t\t\t<\/div><\/figure><figure class='gallery-item'>\n\t\t\t<div class='gallery-icon landscape'>\n\t\t\t\t<a href='https:\/\/correiodasemana.com\/site\/alunos-do-colegio-luciano-feijao-visitam-a-redacao-do-jornal-correio-da-semana\/whatsapp-image-2023-06-20-at-22-18-42-1\/'><img loading=\"lazy\" width=\"150\" height=\"150\" src=\"https:\/\/correiodasemana.com\/site\/wp-content\/uploads\/2023\/06\/WhatsApp-Image-2023-06-20-at-22.18.42-1-150x150.jpeg\" class=\"attachment-thumbnail size-thumbnail\" alt=\"WhatsApp Image 2023-06-20 at 22.18.42 (1)\" loading=\"lazy\" decoding=\"async\" \/><\/a>\n\t\t\t<\/div><\/figure><figure class='gallery-item'>\n\t\t\t<div class='gallery-icon landscape'>\n\t\t\t\t<a href='https:\/\/correiodasemana.com\/site\/alunos-do-colegio-luciano-feijao-visitam-a-redacao-do-jornal-correio-da-semana\/whatsapp-image-2023-06-20-at-22-18-42\/'><img loading=\"lazy\" width=\"150\" height=\"150\" src=\"https:\/\/correiodasemana.com\/site\/wp-content\/uploads\/2023\/06\/WhatsApp-Image-2023-06-20-at-22.18.42-150x150.jpeg\" class=\"attachment-thumbnail size-thumbnail\" alt=\"WhatsApp Image 2023-06-20 at 22.18.42\" loading=\"lazy\" decoding=\"async\" \/><\/a>\n\t\t\t<\/div><\/figure><figure class='gallery-item'>\n\t\t\t<div class='gallery-icon landscape'>\n\t\t\t\t<a href='https:\/\/correiodasemana.com\/site\/alunos-do-colegio-luciano-feijao-visitam-a-redacao-do-jornal-correio-da-semana\/whatsapp-image-2023-06-20-at-22-18-43-1\/'><img loading=\"lazy\" width=\"150\" height=\"150\" src=\"https:\/\/correiodasemana.com\/site\/wp-content\/uploads\/2023\/06\/WhatsApp-Image-2023-06-20-at-22.18.43-1-150x150.jpeg\" class=\"attachment-thumbnail size-thumbnail\" alt=\"WhatsApp Image 2023-06-20 at 22.18.43 (1)\" loading=\"lazy\" decoding=\"async\" \/><\/a>\n\t\t\t<\/div><\/figure><figure class='gallery-item'>\n\t\t\t<div class='gallery-icon landscape'>\n\t\t\t\t<a href='https:\/\/correiodasemana.com\/site\/alunos-do-colegio-luciano-feijao-visitam-a-redacao-do-jornal-correio-da-semana\/whatsapp-image-2023-06-20-at-22-18-43-2\/'><img loading=\"lazy\" width=\"150\" height=\"150\" src=\"https:\/\/correiodasemana.com\/site\/wp-content\/uploads\/2023\/06\/WhatsApp-Image-2023-06-20-at-22.18.43-2-150x150.jpeg\" class=\"attachment-thumbnail size-thumbnail\" alt=\"WhatsApp Image 2023-06-20 at 22.18.43 (2)\" loading=\"lazy\" decoding=\"async\" \/><\/a>\n\t\t\t<\/div><\/figure><figure class='gallery-item'>\n\t\t\t<div class='gallery-icon landscape'>\n\t\t\t\t<a href='https:\/\/correiodasemana.com\/site\/alunos-do-colegio-luciano-feijao-visitam-a-redacao-do-jornal-correio-da-semana\/whatsapp-image-2023-06-20-at-22-18-43\/'><img loading=\"lazy\" width=\"150\" height=\"150\" src=\"https:\/\/correiodasemana.com\/site\/wp-content\/uploads\/2023\/06\/WhatsApp-Image-2023-06-20-at-22.18.43-150x150.jpeg\" class=\"attachment-thumbnail size-thumbnail\" alt=\"WhatsApp Image 2023-06-20 at 22.18.43\" loading=\"lazy\" decoding=\"async\" \/><\/a>\n\t\t\t<\/div><\/figure>\n\t\t<\/div>\n\n<p>Na manh\u00e3 e tarde de ter\u00e7a-feira (20), alunos do Col\u00e9gio Luciano Feij\u00e3o, estiveram presentes na reda\u00e7\u00e3o do jornal Correio da Semana para conhecer de perto como \u00e9 o trabalho jornal\u00edstico produzido pela equipe.<br \/>\nOs alunos com faixa et\u00e1ria entre 08 e 10 anos, do 3\u00ba A manh\u00e3 &#8211; Professora Fl\u00e1via; 3\u00ba B manh\u00e3 &#8211; Professora Fl\u00e1via; 3\u00ba C manh\u00e3 &#8211; Professora Fl\u00e1via; 3\u00ba D manh\u00e3 &#8211; Professora Raissa; 3\u00ba A tarde &#8211; Professora Fl\u00e1via e do 3\u00ba B tarde \u2013 Professoras Concei\u00e7\u00e3o, Yana e Jemina, participaram da visita e conheceram como foi o cotidiano do \u00fanico jornal impresso de Sobral-CE. Na oportunidade adentraram ao Est\u00fadio da R\u00e1dio Educadora e se divertiram com a locutora e apresentadora Claudiana Rodrigues. Eles est\u00e3o desenvolvendo um projeto de \u201cProdu\u00e7\u00e3o de Texto\u201d,<br \/>\n\u201cEscolhemos essa atividade para vivenciar o conte\u00fado que est\u00e1 sendo aplicado para a turma, que fala sobre os meios de comunica\u00e7\u00e3o e como eles nos ajudam na troca de informa\u00e7\u00f5es e na busca do conhecimento. Em conversa na sala de aula, surgiu a curiosidade de descobrir como funciona um jornal e a partir dessa vontade dos alunos surgiu a ideia da visita at\u00e9 ao Jornal Correio da Semana. Os alunos tinham muita curiosidade sobre saber como era a reda\u00e7\u00e3o de um jornal f\u00edsico. Muitos deles nunca tiveram contato com um jornal impresso, e achavam que o \u00fanico meio de comunica\u00e7\u00e3o chamado jornal fosse o de televis\u00e3o\u201d, salientou a professora Fl\u00e1via.<br \/>\nO diretor do Jornal Correio da Semana, Pe. Lucas do Nascimento, o Arquivista e PhD; Aur\u00e9lio Ponte Filho e o rep\u00f3rter Fotogr\u00e1fico, Marcildo Brito prepararam umas din\u00e2micas com os alunos, os quais se mostraram interessados e comunicativos pela \u00e1rea jornal\u00edstica.<br \/>\nDe acordo com o diretor do Jornal Correio da Semana, \u201cfoi divertido recepcionar os alunos na reda\u00e7\u00e3o do jornal. N\u00f3s esclarecemos as d\u00favidas que eles tinham e mostramos um pouco do nosso trabalho que realizamos com tanto amor, dedica\u00e7\u00e3o e profissionalismo. \u00c9 sempre muito gratificante recebermos pessoas interessadas em conhecer o jornal, pois nos mostra como a nossa empresa \u00e9 refer\u00eancia de qualidade e tem alcan\u00e7ado cada vez mais espa\u00e7o e admira\u00e7\u00e3o\u201d, destaca o diretor.<br \/>\nO jornal como fonte confi\u00e1vel de credibilidade e suporte de informa\u00e7\u00f5es, \u00e9 um dos principais meios que priorizam a informa\u00e7\u00e3o de qualidade para todos os leitores, que desde crian\u00e7as, podem presenciar o cotidiano de uma equipe jornal\u00edstica.<br \/>\nO Jornal Correio da Semana est\u00e1 sempre \u00e0 disposi\u00e7\u00e3o para receber todas as pessoas que se interessarem em conhecer a rotina do jornal, e apoia as escolas que trazem os seus alunos para conhecer os meios de comunica\u00e7\u00e3o. O jornal tamb\u00e9m acredita que este tipo de visita, contribui muito para tornar o ensino mais estimulante e enriquecedor. Com isso, os alunos t\u00eam a oportunidade de conhecer lugares interessantes e diferentes, interagir de uma maneira mais pr\u00f3xima e efetiva, al\u00e9m de vivenciarem, de forma din\u00e2mica, o conte\u00fado pedag\u00f3gico de seus respectivos n\u00edveis.<\/p>\n","protected":false},"excerpt":{"rendered":"<p>Na manh\u00e3 e tarde de ter\u00e7a-feira (20), alunos do Col\u00e9gio Luciano Feij\u00e3o, estiveram presentes na&#8230;<\/p>\n","protected":false},"author":7,"featured_media":25411,"comment_status":"open","ping_status":"open","sticky":false,"template":"","format":"standard","meta":{"_jetpack_memberships_contains_paid_content":false,"footnotes":"","jetpack_publicize_message":"","jetpack_publicize_feature_enabled":true,"jetpack_social_post_already_shared":true,"jetpack_social_options":{"image_generator_settings":{"template":"highway","default_image_id":0,"font":"","enabled":false},"version":2}},"categories":[1],"tags":[],"class_list":["post-25402","post","type-post","status-publish","format-standard","has-post-thumbnail","hentry","category-atualidade"],"jetpack_publicize_connections":[],"jetpack_featured_media_url":"https:\/\/correiodasemana.com\/site\/wp-content\/uploads\/2023\/06\/WhatsApp-Image-2023-06-20-at-22.18.43-1.jpeg","jetpack-related-posts":[{"id":22588,"url":"https:\/\/correiodasemana.com\/site\/centec-abre-1050-vagas-para-cursos-profissionalizantes-gratuitos\/","url_meta":{"origin":25402,"position":0},"title":"Centec abre 1050 vagas para cursos profissionalizantes gratuitos","author":"","date":"Janeiro 10, 2023","format":false,"excerpt":"Inscri\u00e7\u00f5es acontecem atrav\u00e9s do Sistema de Gerenciamento de Redes de Extens\u00e3o Tecnol\u00f3gica e Inova\u00e7\u00e3o at\u00e9 12 de janeiro. O Instituto Centro de Ensino Tecnol\u00f3gico do Cear\u00e1 (Centec) tem 1.050 vagas abertas para sete cursos profissionalizantes gratuitos online. As inscri\u00e7\u00f5es podem ser feitas at\u00e9 12 de janeiro, pelo Sistema de Gerenciamento\u2026","rel":"","context":"In &quot;Atualidade&quot;","block_context":{"text":"Atualidade","link":"https:\/\/correiodasemana.com\/site\/category\/atualidade\/"},"img":{"alt_text":"","src":"https:\/\/i0.wp.com\/correiodasemana.com\/site\/wp-content\/uploads\/2023\/01\/0202.webp?resize=350%2C200&ssl=1","width":350,"height":200,"srcset":"https:\/\/i0.wp.com\/correiodasemana.com\/site\/wp-content\/uploads\/2023\/01\/0202.webp?resize=350%2C200&ssl=1 1x, https:\/\/i0.wp.com\/correiodasemana.com\/site\/wp-content\/uploads\/2023\/01\/0202.webp?resize=525%2C300&ssl=1 1.5x"},"classes":[]},{"id":16165,"url":"https:\/\/correiodasemana.com\/site\/sobral-sobral-35\/","url_meta":{"origin":25402,"position":1},"title":"Sobral, Sobral","author":"","date":"Abril 12, 2021","format":false,"excerpt":"H\u00e1 um rem\u00e9dio para qualquer tipo de erro: a humildade de reconhecer que errou !! (AUTOR DESCONHECIDO) \u00a0 MINHAS HIST\u00d3RIAS.... CORREIO DA SEMANA, ME D\u00c1 NOT\u00cdCIAS DE SOBRAL !!! Uma manh\u00e3 na minha vida, em uma sala de aula do COL\u00c9GIO SOBRALENSE, hoje COL\u00c9GIO FARIAS BRITO SOBRALENSE. Tinha uns 14\u2026","rel":"","context":"In &quot;Artigos&quot;","block_context":{"text":"Artigos","link":"https:\/\/correiodasemana.com\/site\/category\/artigos\/"},"img":{"alt_text":"","src":"https:\/\/i0.wp.com\/correiodasemana.com\/site\/wp-content\/uploads\/2021\/02\/artigo-carolino-radio.png?resize=350%2C200&ssl=1","width":350,"height":200,"srcset":"https:\/\/i0.wp.com\/correiodasemana.com\/site\/wp-content\/uploads\/2021\/02\/artigo-carolino-radio.png?resize=350%2C200&ssl=1 1x, https:\/\/i0.wp.com\/correiodasemana.com\/site\/wp-content\/uploads\/2021\/02\/artigo-carolino-radio.png?resize=525%2C300&ssl=1 1.5x, https:\/\/i0.wp.com\/correiodasemana.com\/site\/wp-content\/uploads\/2021\/02\/artigo-carolino-radio.png?resize=700%2C400&ssl=1 2x"},"classes":[]},{"id":18694,"url":"https:\/\/correiodasemana.com\/site\/colegio-vicentina-freire-em-mucambo\/","url_meta":{"origin":25402,"position":2},"title":"Col\u00e9gio Vicentina Freire em Mucambo","author":"","date":"Janeiro 30, 2022","format":false,"excerpt":"- Ensinando com amor e dedica\u00e7\u00e3o A Professora Vicentina Lima Freire \u00e9 graduada em Pedagogia e Hist\u00f3ria, P\u00f3s-Graduada em Metodologia do Ensino, Gest\u00e3o Escolar e Psicopedagoga, pela Universidade Estadual Vale do Acara\u00fa \u2013 UVA. Vicentina Freire iniciou suas atividades como professora na Escola Mundo Encantado, que funcionou de 1988 a\u2026","rel":"","context":"In &quot;Artigos&quot;","block_context":{"text":"Artigos","link":"https:\/\/correiodasemana.com\/site\/category\/artigos\/"},"img":{"alt_text":"","src":"https:\/\/i0.wp.com\/correiodasemana.com\/site\/wp-content\/uploads\/2021\/08\/Salmito-Campos.jpg?resize=350%2C200&ssl=1","width":350,"height":200,"srcset":"https:\/\/i0.wp.com\/correiodasemana.com\/site\/wp-content\/uploads\/2021\/08\/Salmito-Campos.jpg?resize=350%2C200&ssl=1 1x, https:\/\/i0.wp.com\/correiodasemana.com\/site\/wp-content\/uploads\/2021\/08\/Salmito-Campos.jpg?resize=525%2C300&ssl=1 1.5x, https:\/\/i0.wp.com\/correiodasemana.com\/site\/wp-content\/uploads\/2021\/08\/Salmito-Campos.jpg?resize=700%2C400&ssl=1 2x, https:\/\/i0.wp.com\/correiodasemana.com\/site\/wp-content\/uploads\/2021\/08\/Salmito-Campos.jpg?resize=1050%2C600&ssl=1 3x, https:\/\/i0.wp.com\/correiodasemana.com\/site\/wp-content\/uploads\/2021\/08\/Salmito-Campos.jpg?resize=1400%2C800&ssl=1 4x"},"classes":[]},{"id":9447,"url":"https:\/\/correiodasemana.com\/site\/panorama-politico-15\/","url_meta":{"origin":25402,"position":3},"title":"Panorama Pol\u00edtico","author":"","date":"Outubro 14, 2019","format":false,"excerpt":"Prefeito Ivo Gomes entrega nova pra\u00e7a em Ponta da Serra Atendendo a uma solicita\u00e7\u00e3o do vereador Itamar Ribeiro(PDT), o prefeito Ivo Gomes, inaugurou na noite de quarta-feira, dia 09, a Pra\u00e7a Benjamim Pessoa de Azevedo na localidade Ponta da Serra - distrito de Pedra de Fogo. A solenidade contou com\u2026","rel":"","context":"In &quot;Artigos&quot;","block_context":{"text":"Artigos","link":"https:\/\/correiodasemana.com\/site\/category\/artigos\/"},"img":{"alt_text":"","src":"https:\/\/i0.wp.com\/correiodasemana.com\/site\/wp-content\/uploads\/2019\/07\/dscf8825.jpg?resize=350%2C200&ssl=1","width":350,"height":200,"srcset":"https:\/\/i0.wp.com\/correiodasemana.com\/site\/wp-content\/uploads\/2019\/07\/dscf8825.jpg?resize=350%2C200&ssl=1 1x, https:\/\/i0.wp.com\/correiodasemana.com\/site\/wp-content\/uploads\/2019\/07\/dscf8825.jpg?resize=525%2C300&ssl=1 1.5x, https:\/\/i0.wp.com\/correiodasemana.com\/site\/wp-content\/uploads\/2019\/07\/dscf8825.jpg?resize=700%2C400&ssl=1 2x, https:\/\/i0.wp.com\/correiodasemana.com\/site\/wp-content\/uploads\/2019\/07\/dscf8825.jpg?resize=1050%2C600&ssl=1 3x, https:\/\/i0.wp.com\/correiodasemana.com\/site\/wp-content\/uploads\/2019\/07\/dscf8825.jpg?resize=1400%2C800&ssl=1 4x"},"classes":[]},{"id":36667,"url":"https:\/\/correiodasemana.com\/site\/poucas-e-boas-clf\/","url_meta":{"origin":25402,"position":4},"title":"POUCAS E BOAS CLF","author":"adminredacao","date":"Dezembro 11, 2025","format":false,"excerpt":"CLF entrega \u00e0 sociedade mais \u201cDoutores do ABC\u201d Na sexta-feira (5), no Espa\u00e7o Domus de Sobral, o Col\u00e9gio Luciano Feij\u00e3o realizou em grande estilo a entrega de diplomas dos Doutores do ABC 2025, usando o tema \u201cDo encanto ao saber: Uma jornada de descobertas\u201d. Al\u00e9m das crian\u00e7as diplomadas, que s\u00e3o\u2026","rel":"","context":"In &quot;Atualidade&quot;","block_context":{"text":"Atualidade","link":"https:\/\/correiodasemana.com\/site\/category\/atualidade\/"},"img":{"alt_text":"","src":"https:\/\/i0.wp.com\/correiodasemana.com\/site\/wp-content\/uploads\/2025\/12\/fotos-poucas-e-boas-4.jpeg?resize=350%2C200&ssl=1","width":350,"height":200,"srcset":"https:\/\/i0.wp.com\/correiodasemana.com\/site\/wp-content\/uploads\/2025\/12\/fotos-poucas-e-boas-4.jpeg?resize=350%2C200&ssl=1 1x, https:\/\/i0.wp.com\/correiodasemana.com\/site\/wp-content\/uploads\/2025\/12\/fotos-poucas-e-boas-4.jpeg?resize=525%2C300&ssl=1 1.5x, https:\/\/i0.wp.com\/correiodasemana.com\/site\/wp-content\/uploads\/2025\/12\/fotos-poucas-e-boas-4.jpeg?resize=700%2C400&ssl=1 2x"},"classes":[]},{"id":17817,"url":"https:\/\/correiodasemana.com\/site\/aluno-paga-mensalidade-na-escola-publica-em-sobral-pode\/","url_meta":{"origin":25402,"position":5},"title":"Aluno Paga Mensalidade na Escola P\u00fablica em Sobral. Pode?","author":"","date":"Outubro 24, 2021","format":false,"excerpt":"A Escola de Ensino M\u00e9dio Jarbas Passarinho da qual fui professor durante dez anos, j\u00e1 foi considerada uma das melhores escolas p\u00fablicas de Sobral, apesar de ter muitos alunos problem\u00e1ticos, indisciplinados. O aluno n\u00e3o respeita o professor e este fica numa situa\u00e7\u00e3o dif\u00edcil para resolver o problema quando \u00e9 agredido\u2026","rel":"","context":"In &quot;Artigos&quot;","block_context":{"text":"Artigos","link":"https:\/\/correiodasemana.com\/site\/category\/artigos\/"},"img":{"alt_text":"","src":"https:\/\/i0.wp.com\/correiodasemana.com\/site\/wp-content\/uploads\/2021\/08\/Salmito-Campos.jpg?resize=350%2C200&ssl=1","width":350,"height":200,"srcset":"https:\/\/i0.wp.com\/correiodasemana.com\/site\/wp-content\/uploads\/2021\/08\/Salmito-Campos.jpg?resize=350%2C200&ssl=1 1x, https:\/\/i0.wp.com\/correiodasemana.com\/site\/wp-content\/uploads\/2021\/08\/Salmito-Campos.jpg?resize=525%2C300&ssl=1 1.5x, https:\/\/i0.wp.com\/correiodasemana.com\/site\/wp-content\/uploads\/2021\/08\/Salmito-Campos.jpg?resize=700%2C400&ssl=1 2x, https:\/\/i0.wp.com\/correiodasemana.com\/site\/wp-content\/uploads\/2021\/08\/Salmito-Campos.jpg?resize=1050%2C600&ssl=1 3x, https:\/\/i0.wp.com\/correiodasemana.com\/site\/wp-content\/uploads\/2021\/08\/Salmito-Campos.jpg?resize=1400%2C800&ssl=1 4x"},"classes":[]}],"jetpack_sharing_enabled":true,"_links":{"self":[{"href":"https:\/\/correiodasemana.com\/site\/wp-json\/wp\/v2\/posts\/25402","targetHints":{"allow":["GET"]}}],"collection":[{"href":"https:\/\/correiodasemana.com\/site\/wp-json\/wp\/v2\/posts"}],"about":[{"href":"https:\/\/correiodasemana.com\/site\/wp-json\/wp\/v2\/types\/post"}],"author":[{"embeddable":true,"href":"https:\/\/correiodasemana.com\/site\/wp-json\/wp\/v2\/users\/7"}],"replies":[{"embeddable":true,"href":"https:\/\/correiodasemana.com\/site\/wp-json\/wp\/v2\/comments?post=25402"}],"version-history":[{"count":1,"href":"https:\/\/correiodasemana.com\/site\/wp-json\/wp\/v2\/posts\/25402\/revisions"}],"predecessor-version":[{"id":25414,"href":"https:\/\/correiodasemana.com\/site\/wp-json\/wp\/v2\/posts\/25402\/revisions\/25414"}],"wp:featuredmedia":[{"embeddable":true,"href":"https:\/\/correiodasemana.com\/site\/wp-json\/wp\/v2\/media\/25411"}],"wp:attachment":[{"href":"https:\/\/correiodasemana.com\/site\/wp-json\/wp\/v2\/media?parent=25402"}],"wp:term":[{"taxonomy":"category","embeddable":true,"href":"https:\/\/correiodasemana.com\/site\/wp-json\/wp\/v2\/categories?post=25402"},{"taxonomy":"post_tag","embeddable":true,"href":"https:\/\/correiodasemana.com\/site\/wp-json\/wp\/v2\/tags?post=25402"}],"curies":[{"name":"wp","href":"https:\/\/api.w.org\/{rel}","templated":true}]}}