{"id":25415,"date":"2023-06-26T10:38:30","date_gmt":"2023-06-26T13:38:30","guid":{"rendered":"https:\/\/correiodasemana.com\/site\/?p=25415"},"modified":"2023-06-26T10:38:30","modified_gmt":"2023-06-26T13:38:30","slug":"paroquia-de-marco-homenageia-dom-vasconcelos","status":"publish","type":"post","link":"https:\/\/correiodasemana.com\/site\/paroquia-de-marco-homenageia-dom-vasconcelos\/","title":{"rendered":"Par\u00f3quia de Marco homenageia Dom Vasconcelos"},"content":{"rendered":"<div id='gallery-1' class='gallery galleryid-25415 gallery-columns-6 gallery-size-thumbnail'><figure class='gallery-item'>\n\t\t\t<div class='gallery-icon landscape'>\n\t\t\t\t<a href='https:\/\/correiodasemana.com\/site\/paroquia-de-marco-homenageia-dom-vasconcelos\/inauguracao-do-auditorio-1\/'><img loading=\"lazy\" width=\"150\" height=\"150\" src=\"https:\/\/correiodasemana.com\/site\/wp-content\/uploads\/2023\/06\/inauguracao-do-auditorio-1-150x150.jpg\" class=\"attachment-thumbnail size-thumbnail\" alt=\"inaugura\u00e7\u00e3o do audit\u00f3rio (1)\" loading=\"lazy\" decoding=\"async\" \/><\/a>\n\t\t\t<\/div><\/figure><figure class='gallery-item'>\n\t\t\t<div class='gallery-icon landscape'>\n\t\t\t\t<a href='https:\/\/correiodasemana.com\/site\/paroquia-de-marco-homenageia-dom-vasconcelos\/inauguracao-do-auditorio-2\/'><img loading=\"lazy\" width=\"150\" height=\"150\" src=\"https:\/\/correiodasemana.com\/site\/wp-content\/uploads\/2023\/06\/inauguracao-do-auditorio-2-150x150.jpg\" class=\"attachment-thumbnail size-thumbnail\" alt=\"inaugura\u00e7\u00e3o do audit\u00f3rio (2)\" loading=\"lazy\" decoding=\"async\" \/><\/a>\n\t\t\t<\/div><\/figure><figure class='gallery-item'>\n\t\t\t<div class='gallery-icon landscape'>\n\t\t\t\t<a href='https:\/\/correiodasemana.com\/site\/paroquia-de-marco-homenageia-dom-vasconcelos\/inauguracao-do-auditorio-3\/'><img loading=\"lazy\" width=\"150\" height=\"150\" src=\"https:\/\/correiodasemana.com\/site\/wp-content\/uploads\/2023\/06\/inauguracao-do-auditorio-3-150x150.jpg\" class=\"attachment-thumbnail size-thumbnail\" alt=\"inaugura\u00e7\u00e3o do audit\u00f3rio (3)\" loading=\"lazy\" decoding=\"async\" \/><\/a>\n\t\t\t<\/div><\/figure><figure class='gallery-item'>\n\t\t\t<div class='gallery-icon landscape'>\n\t\t\t\t<a href='https:\/\/correiodasemana.com\/site\/paroquia-de-marco-homenageia-dom-vasconcelos\/inauguracao-do-auditorio-4\/'><img loading=\"lazy\" width=\"150\" height=\"150\" src=\"https:\/\/correiodasemana.com\/site\/wp-content\/uploads\/2023\/06\/inauguracao-do-auditorio-4-150x150.jpg\" class=\"attachment-thumbnail size-thumbnail\" alt=\"inaugura\u00e7\u00e3o do audit\u00f3rio (4)\" loading=\"lazy\" decoding=\"async\" \/><\/a>\n\t\t\t<\/div><\/figure><figure class='gallery-item'>\n\t\t\t<div class='gallery-icon landscape'>\n\t\t\t\t<a href='https:\/\/correiodasemana.com\/site\/paroquia-de-marco-homenageia-dom-vasconcelos\/inauguracao-do-auditorio-5\/'><img loading=\"lazy\" width=\"150\" height=\"150\" src=\"https:\/\/correiodasemana.com\/site\/wp-content\/uploads\/2023\/06\/inauguracao-do-auditorio-5-150x150.jpg\" class=\"attachment-thumbnail size-thumbnail\" alt=\"inaugura\u00e7\u00e3o do audit\u00f3rio (5)\" loading=\"lazy\" decoding=\"async\" \/><\/a>\n\t\t\t<\/div><\/figure><figure class='gallery-item'>\n\t\t\t<div class='gallery-icon landscape'>\n\t\t\t\t<a href='https:\/\/correiodasemana.com\/site\/paroquia-de-marco-homenageia-dom-vasconcelos\/inauguracao-do-auditorio-6\/'><img loading=\"lazy\" width=\"150\" height=\"150\" src=\"https:\/\/correiodasemana.com\/site\/wp-content\/uploads\/2023\/06\/inauguracao-do-auditorio-6-150x150.jpg\" class=\"attachment-thumbnail size-thumbnail\" alt=\"inaugura\u00e7\u00e3o do audit\u00f3rio (6)\" loading=\"lazy\" decoding=\"async\" \/><\/a>\n\t\t\t<\/div><\/figure>\n\t\t<\/div>\n\n<p>Para homenagear o s\u00e9timo bispo da Diocese de Sobral, o audit\u00f3rio do Santu\u00e1rio do Sagrado Cora\u00e7\u00e3o de Jesus ser\u00e1 chamado \u201cAudit\u00f3rio Dom Vasconcelos\u201d. A iniciativa partiu do p\u00e1roco da Par\u00f3quia de S\u00e3o Manuel, Monsenhor Nonato Timb\u00f3. A inaugura\u00e7\u00e3o aconteceu na \u00faltima quinta-feira, 22\/06, e em seguida foi celebrada a Santa Missa em A\u00e7\u00e3o de Gra\u00e7as onde na ocasi\u00e3o os fundadores da Comunidade Filhos de Si\u00e3o, Vander L\u00facia Menezes Farias e Francisco Adriano Silva, fizeram o pedido das promessas definitivas.<br \/>\nMonsenhor Nonato ressaltou que o objetivo da cria\u00e7\u00e3o do audit\u00f3rio \u00e9 para acolher melhor o Apostolado da Ora\u00e7\u00e3o. Com isso, foram descerrados tr\u00eas quadros fotogr\u00e1ficos: A imagem do Servo de Deus Joaquim Arn\u00f3bio de Andrade, fundador da congrega\u00e7\u00e3o das Irm\u00e3s Mission\u00e1rias Reparadoras do Sagrado Cora\u00e7\u00e3o de Jesus; o segundo, a imagem do Servo de Deus Waldir Lopes, pois partiu dele a iniciativa da constru\u00e7\u00e3o do santu\u00e1rio e a terceira imagem de Dom Vasconcelos, que realizou a ben\u00e7\u00e3o do santu\u00e1rio no dia 18 de setembro de 2018 dando alegria ao povo Marquense, e em agradecimento a par\u00f3quia realizou essa homenagem.<br \/>\n\u201cGostaria de agradecer a homenagem feita a mim. Que fique para a posteridade esse momento hist\u00f3rico que estamos vivendo e que cada um possa guardar no cora\u00e7\u00e3o. Desejo que possamos viver todos em comunh\u00e3o!\u201d, disse Dom Vasconcelos. O bispo diocesano aben\u00e7oou o audit\u00f3rio e em seguida todos dirigiram-se ao templo para a celebra\u00e7\u00e3o eucar\u00edstica.<\/p>\n","protected":false},"excerpt":{"rendered":"<p>Para homenagear o s\u00e9timo bispo da Diocese de Sobral, o audit\u00f3rio do Santu\u00e1rio do Sagrado&#8230;<\/p>\n","protected":false},"author":7,"featured_media":25422,"comment_status":"open","ping_status":"open","sticky":false,"template":"","format":"standard","meta":{"_jetpack_memberships_contains_paid_content":false,"footnotes":"","jetpack_publicize_message":"","jetpack_publicize_feature_enabled":true,"jetpack_social_post_already_shared":true,"jetpack_social_options":{"image_generator_settings":{"template":"highway","default_image_id":0,"font":"","enabled":false},"version":2}},"categories":[1],"tags":[],"class_list":["post-25415","post","type-post","status-publish","format-standard","has-post-thumbnail","hentry","category-atualidade"],"jetpack_publicize_connections":[],"jetpack_featured_media_url":"https:\/\/correiodasemana.com\/site\/wp-content\/uploads\/2023\/06\/inauguracao-do-auditorio-1-1.jpg","jetpack-related-posts":[{"id":29640,"url":"https:\/\/correiodasemana.com\/site\/em-jaibaras-auditorio-e-inaugurado-em-homenagem-ao-monsenhor-joao-batista-frota\/","url_meta":{"origin":25415,"position":0},"title":"Em Jaibaras, audit\u00f3rio \u00e9 inaugurado em homenagem ao Monsenhor Jo\u00e3o Batista Frota","author":"adminredacao","date":"Junho 18, 2024","format":false,"excerpt":"\u00a0 A comunidade paroquial da Par\u00f3quia de Santa Terezinha do Menino Jesus, do distrito de Jaibaras, localizado a 21,8km de Sobral, participou na manh\u00e3 de s\u00e1bado, 15 de junho, da inaugura\u00e7\u00e3o do Audit\u00f3rio Monsenhor Jo\u00e3o Batista Frota, localizado pr\u00f3ximo ao grande a\u00e7ude Aires de Sousa. O sacerdote homenageado \u00e9 um\u2026","rel":"","context":"In &quot;Atualidade&quot;","block_context":{"text":"Atualidade","link":"https:\/\/correiodasemana.com\/site\/category\/atualidade\/"},"img":{"alt_text":"","src":"https:\/\/i0.wp.com\/correiodasemana.com\/site\/wp-content\/uploads\/2024\/06\/WhatsApp-Image-2024-06-15-at-18.54.29.jpeg?resize=350%2C200&ssl=1","width":350,"height":200,"srcset":"https:\/\/i0.wp.com\/correiodasemana.com\/site\/wp-content\/uploads\/2024\/06\/WhatsApp-Image-2024-06-15-at-18.54.29.jpeg?resize=350%2C200&ssl=1 1x, https:\/\/i0.wp.com\/correiodasemana.com\/site\/wp-content\/uploads\/2024\/06\/WhatsApp-Image-2024-06-15-at-18.54.29.jpeg?resize=525%2C300&ssl=1 1.5x, https:\/\/i0.wp.com\/correiodasemana.com\/site\/wp-content\/uploads\/2024\/06\/WhatsApp-Image-2024-06-15-at-18.54.29.jpeg?resize=700%2C400&ssl=1 2x, https:\/\/i0.wp.com\/correiodasemana.com\/site\/wp-content\/uploads\/2024\/06\/WhatsApp-Image-2024-06-15-at-18.54.29.jpeg?resize=1050%2C600&ssl=1 3x, https:\/\/i0.wp.com\/correiodasemana.com\/site\/wp-content\/uploads\/2024\/06\/WhatsApp-Image-2024-06-15-at-18.54.29.jpeg?resize=1400%2C800&ssl=1 4x"},"classes":[]},{"id":18400,"url":"https:\/\/correiodasemana.com\/site\/em-celebracao-solene-pe-nonato-timbo-de-paiva-recebe-titulo-de-monsenhor\/","url_meta":{"origin":25415,"position":1},"title":"Em celebra\u00e7\u00e3o solene, Pe. Nonato Timb\u00f3 de Paiva recebe t\u00edtulo de Monsenhor","author":"","date":"Dezembro 20, 2021","format":false,"excerpt":"Por Thais Helena (Reda\u00e7\u00e3o Jornal Correio da Semana) Na \u00faltima segunda-feira, 13, dia da virgem e m\u00e1rtir Santa Luzia, toda a comunidade paroquial da cidade de Marco\/CE esteve reunida no adro da Igreja Matriz de S\u00e3o Manuel para celebrar a solene liturgia, onde Dom Vasconcelos entregou o t\u00edtulo de Monsenhor\u2026","rel":"","context":"In &quot;Atualidade&quot;","block_context":{"text":"Atualidade","link":"https:\/\/correiodasemana.com\/site\/category\/atualidade\/"},"img":{"alt_text":"","src":"https:\/\/i0.wp.com\/correiodasemana.com\/site\/wp-content\/uploads\/2021\/12\/monsenhor-timbo-diocese-de-sobral-3.jpeg?resize=350%2C200&ssl=1","width":350,"height":200,"srcset":"https:\/\/i0.wp.com\/correiodasemana.com\/site\/wp-content\/uploads\/2021\/12\/monsenhor-timbo-diocese-de-sobral-3.jpeg?resize=350%2C200&ssl=1 1x, https:\/\/i0.wp.com\/correiodasemana.com\/site\/wp-content\/uploads\/2021\/12\/monsenhor-timbo-diocese-de-sobral-3.jpeg?resize=525%2C300&ssl=1 1.5x, https:\/\/i0.wp.com\/correiodasemana.com\/site\/wp-content\/uploads\/2021\/12\/monsenhor-timbo-diocese-de-sobral-3.jpeg?resize=700%2C400&ssl=1 2x"},"classes":[]},{"id":25424,"url":"https:\/\/correiodasemana.com\/site\/fundadores-da-comunidade-filhos-de-siao-fazem-pedidos-das-promessas-definitivas\/","url_meta":{"origin":25415,"position":2},"title":"Fundadores da Comunidade Filhos de Si\u00e3o fazem pedidos das promessas definitivas","author":"adminredacao","date":"Junho 26, 2023","format":false,"excerpt":"A homilia do Senhor Bispo foi marcada pela import\u00e2ncia da ora\u00e7\u00e3o, em seguida, houve o rito das promessas definitivas dos fundadores da Comunidade Filhos de Si\u00e3o, Vander L\u00facia e Adriano Silva, que receberam a ben\u00e7\u00e3o de Dom Vasconcelos e dos sacerdotes presentes. Em entrevista ao Jornal Correio da Semana, os\u2026","rel":"","context":"In &quot;Atualidade&quot;","block_context":{"text":"Atualidade","link":"https:\/\/correiodasemana.com\/site\/category\/atualidade\/"},"img":{"alt_text":"","src":"https:\/\/i0.wp.com\/correiodasemana.com\/site\/wp-content\/uploads\/2023\/06\/consagracao-dos-leigos-1.jpg?resize=350%2C200&ssl=1","width":350,"height":200,"srcset":"https:\/\/i0.wp.com\/correiodasemana.com\/site\/wp-content\/uploads\/2023\/06\/consagracao-dos-leigos-1.jpg?resize=350%2C200&ssl=1 1x, https:\/\/i0.wp.com\/correiodasemana.com\/site\/wp-content\/uploads\/2023\/06\/consagracao-dos-leigos-1.jpg?resize=525%2C300&ssl=1 1.5x, https:\/\/i0.wp.com\/correiodasemana.com\/site\/wp-content\/uploads\/2023\/06\/consagracao-dos-leigos-1.jpg?resize=700%2C400&ssl=1 2x"},"classes":[]},{"id":18330,"url":"https:\/\/correiodasemana.com\/site\/padre-raimundo-nonato-timbo-e-agraciado-pelo-santo-padre-com-o-titulo-de-monsenhor\/","url_meta":{"origin":25415,"position":3},"title":"Padre Raimundo Nonato Timb\u00f3 \u00e9 agraciado pelo Santo Padre com o T\u00edtulo de Monsenhor","author":"","date":"Dezembro 12, 2021","format":false,"excerpt":"Por Thais Helena (Reda\u00e7\u00e3o Jornal Correio da Semana) Neste dia 09 de dezembro, dia em que a Diocese de Sobral celebrou com j\u00fabilo 32 anos de Ordena\u00e7\u00e3o Sacerdotal do Bispo Diocesano, Dom Jos\u00e9 Luiz Gomes de Vasconcelos, o Pe. Raimundo Nonato Timb\u00f3 foi surpreendido com uma homenagem feita pelo Sr.\u2026","rel":"","context":"In &quot;Atualidade&quot;","block_context":{"text":"Atualidade","link":"https:\/\/correiodasemana.com\/site\/category\/atualidade\/"},"img":{"alt_text":"","src":"https:\/\/i0.wp.com\/correiodasemana.com\/site\/wp-content\/uploads\/2021\/12\/dom-vasconcelos-anucnia-pe.-timbo-monsenhor-scaled.jpg?resize=350%2C200&ssl=1","width":350,"height":200,"srcset":"https:\/\/i0.wp.com\/correiodasemana.com\/site\/wp-content\/uploads\/2021\/12\/dom-vasconcelos-anucnia-pe.-timbo-monsenhor-scaled.jpg?resize=350%2C200&ssl=1 1x, https:\/\/i0.wp.com\/correiodasemana.com\/site\/wp-content\/uploads\/2021\/12\/dom-vasconcelos-anucnia-pe.-timbo-monsenhor-scaled.jpg?resize=525%2C300&ssl=1 1.5x, https:\/\/i0.wp.com\/correiodasemana.com\/site\/wp-content\/uploads\/2021\/12\/dom-vasconcelos-anucnia-pe.-timbo-monsenhor-scaled.jpg?resize=700%2C400&ssl=1 2x, https:\/\/i0.wp.com\/correiodasemana.com\/site\/wp-content\/uploads\/2021\/12\/dom-vasconcelos-anucnia-pe.-timbo-monsenhor-scaled.jpg?resize=1050%2C600&ssl=1 3x, https:\/\/i0.wp.com\/correiodasemana.com\/site\/wp-content\/uploads\/2021\/12\/dom-vasconcelos-anucnia-pe.-timbo-monsenhor-scaled.jpg?resize=1400%2C800&ssl=1 4x"},"classes":[]},{"id":30873,"url":"https:\/\/correiodasemana.com\/site\/paroquia-de-sao-manuel-realiza-encontro-formativo-sobre-comunicacao-e-liturgia\/","url_meta":{"origin":25415,"position":4},"title":"Par\u00f3quia de S\u00e3o Manuel realiza Encontro Formativo sobre Comunica\u00e7\u00e3o e Liturgia","author":"adminredacao","date":"Outubro 2, 2024","format":false,"excerpt":"No dia 14 de setembro, a Par\u00f3quia de S\u00e3o Manuel localizada no munic\u00edpio de Marco, promoveu um Encontro Formativo sobre Comunica\u00e7\u00e3o e Liturgia no audit\u00f3rio Dom Vasconcelos nas depend\u00eancias do Santu\u00e1rio do Sagrado Cora\u00e7\u00e3o de Jesus. A Banda Municipal de Marco marcou presen\u00e7a para acolher os mais de 50 participantes\u2026","rel":"","context":"In &quot;Atualidade&quot;","block_context":{"text":"Atualidade","link":"https:\/\/correiodasemana.com\/site\/category\/atualidade\/"},"img":{"alt_text":"","src":"https:\/\/i0.wp.com\/correiodasemana.com\/site\/wp-content\/uploads\/2024\/10\/WhatsApp-Image-2024-09-27-at-15.35.11.jpeg?resize=350%2C200&ssl=1","width":350,"height":200,"srcset":"https:\/\/i0.wp.com\/correiodasemana.com\/site\/wp-content\/uploads\/2024\/10\/WhatsApp-Image-2024-09-27-at-15.35.11.jpeg?resize=350%2C200&ssl=1 1x, https:\/\/i0.wp.com\/correiodasemana.com\/site\/wp-content\/uploads\/2024\/10\/WhatsApp-Image-2024-09-27-at-15.35.11.jpeg?resize=525%2C300&ssl=1 1.5x, https:\/\/i0.wp.com\/correiodasemana.com\/site\/wp-content\/uploads\/2024\/10\/WhatsApp-Image-2024-09-27-at-15.35.11.jpeg?resize=700%2C400&ssl=1 2x"},"classes":[]},{"id":25879,"url":"https:\/\/correiodasemana.com\/site\/regiao-episcopal-vale-do-acarau-paroquia-de-acarau-sedia-2o-muticom\/","url_meta":{"origin":25415,"position":5},"title":"Regi\u00e3o Episcopal Vale do Acara\u00fa: Par\u00f3quia de Acara\u00fa sedia 2\u00ba MUTICOM","author":"adminredacao","date":"Julho 31, 2023","format":false,"excerpt":"O dia 23 de julho de 2023 ficou marcado na mem\u00f3ria de centenas de agentes da pastoral da comunica\u00e7\u00e3o da Diocese de Sobral. A Par\u00f3quia de Nossa Senhora da Concei\u00e7\u00e3o em Acara\u00fa, abriu as portas para receber o segundo encontro do Mutir\u00e3o de Comunica\u00e7\u00e3o (MUTICOM). Participaram membros das par\u00f3quias de:\u2026","rel":"","context":"In &quot;Atualidade&quot;","block_context":{"text":"Atualidade","link":"https:\/\/correiodasemana.com\/site\/category\/atualidade\/"},"img":{"alt_text":"","src":"https:\/\/i0.wp.com\/correiodasemana.com\/site\/wp-content\/uploads\/2023\/07\/PASCOM-EM-ACARAU.jpeg?resize=350%2C200&ssl=1","width":350,"height":200,"srcset":"https:\/\/i0.wp.com\/correiodasemana.com\/site\/wp-content\/uploads\/2023\/07\/PASCOM-EM-ACARAU.jpeg?resize=350%2C200&ssl=1 1x, https:\/\/i0.wp.com\/correiodasemana.com\/site\/wp-content\/uploads\/2023\/07\/PASCOM-EM-ACARAU.jpeg?resize=525%2C300&ssl=1 1.5x, https:\/\/i0.wp.com\/correiodasemana.com\/site\/wp-content\/uploads\/2023\/07\/PASCOM-EM-ACARAU.jpeg?resize=700%2C400&ssl=1 2x, https:\/\/i0.wp.com\/correiodasemana.com\/site\/wp-content\/uploads\/2023\/07\/PASCOM-EM-ACARAU.jpeg?resize=1050%2C600&ssl=1 3x, https:\/\/i0.wp.com\/correiodasemana.com\/site\/wp-content\/uploads\/2023\/07\/PASCOM-EM-ACARAU.jpeg?resize=1400%2C800&ssl=1 4x"},"classes":[]}],"jetpack_sharing_enabled":true,"_links":{"self":[{"href":"https:\/\/correiodasemana.com\/site\/wp-json\/wp\/v2\/posts\/25415","targetHints":{"allow":["GET"]}}],"collection":[{"href":"https:\/\/correiodasemana.com\/site\/wp-json\/wp\/v2\/posts"}],"about":[{"href":"https:\/\/correiodasemana.com\/site\/wp-json\/wp\/v2\/types\/post"}],"author":[{"embeddable":true,"href":"https:\/\/correiodasemana.com\/site\/wp-json\/wp\/v2\/users\/7"}],"replies":[{"embeddable":true,"href":"https:\/\/correiodasemana.com\/site\/wp-json\/wp\/v2\/comments?post=25415"}],"version-history":[{"count":1,"href":"https:\/\/correiodasemana.com\/site\/wp-json\/wp\/v2\/posts\/25415\/revisions"}],"predecessor-version":[{"id":25423,"href":"https:\/\/correiodasemana.com\/site\/wp-json\/wp\/v2\/posts\/25415\/revisions\/25423"}],"wp:featuredmedia":[{"embeddable":true,"href":"https:\/\/correiodasemana.com\/site\/wp-json\/wp\/v2\/media\/25422"}],"wp:attachment":[{"href":"https:\/\/correiodasemana.com\/site\/wp-json\/wp\/v2\/media?parent=25415"}],"wp:term":[{"taxonomy":"category","embeddable":true,"href":"https:\/\/correiodasemana.com\/site\/wp-json\/wp\/v2\/categories?post=25415"},{"taxonomy":"post_tag","embeddable":true,"href":"https:\/\/correiodasemana.com\/site\/wp-json\/wp\/v2\/tags?post=25415"}],"curies":[{"name":"wp","href":"https:\/\/api.w.org\/{rel}","templated":true}]}}