{"id":25432,"date":"2023-06-26T10:42:24","date_gmt":"2023-06-26T13:42:24","guid":{"rendered":"https:\/\/correiodasemana.com\/site\/?p=25432"},"modified":"2023-06-26T10:42:24","modified_gmt":"2023-06-26T13:42:24","slug":"poucas-e-boas-10","status":"publish","type":"post","link":"https:\/\/correiodasemana.com\/site\/poucas-e-boas-10\/","title":{"rendered":"POUCAS E BOAS"},"content":{"rendered":"<p><strong>MONS. SABINO LOYOLA FALA SOBRE FUNDA\u00c7\u00c3O DA R\u00c1DIO EDUCADORA<\/strong><\/p>\n<p>Em 2021, quando ocorreu a autoriza\u00e7\u00e3o para migrar de AM para FM, a famosa R\u00e1dio Educadora do Nordeste experimentou importante avan\u00e7o diante do gigantesco trabalho de Dom Jos\u00e9 Luiz Gomes de Vasconcelos, Bispo da Diocese de Sobral e Superintendente da R\u00e1dio Educadora do Nordeste\/Jornal Correio da Semana, e tamb\u00e9m gra\u00e7as ao trabalho e dedica\u00e7\u00e3o do Padre Lucas do Nascimento Moreira, Diretor desses dois \u00f3rg\u00e3os de comunica\u00e7\u00e3o da Igreja Cat\u00f3lica, al\u00e9m do empenho de grande n\u00famero de colaboradores.<br \/>\nCom disso, no dia 21 de mar\u00e7o de 2022 saiu do ar a antiga Educadora AM 950, dando lugar \u00e0 moderna Educadora FM 107,5. Al\u00e9m das melhorias tecnol\u00f3gicas, a nova emissora tamb\u00e9m promoveu not\u00e1vel melhoria na sua programa\u00e7\u00e3o, permanecendo fidel\u00edssima \u00e0 sua prec\u00edpua miss\u00e3o de evangelizar, educar e oferecer entretenimento sadio.<br \/>\nPor ocasi\u00e3o do 64\u00ba anivers\u00e1rio de funda\u00e7\u00e3o da atual Educadora 107,5 ocorrido na quarta-feira, 21, republico entrevista hist\u00f3rica do fundador Mons. Sabino Loyola, concedida em 2002 a mim <a href=\"https:\/\/correiodasemana.com\/site\/poucas-e-boas-10\/whatsapp-image-2023-06-23-at-20-09-29\/\" rel=\"attachment wp-att-25433\"><img fetchpriority=\"high\" decoding=\"async\" class=\"alignleft size-medium wp-image-25433\" src=\"https:\/\/correiodasemana.com\/site\/wp-content\/uploads\/2023\/06\/WhatsApp-Image-2023-06-23-at-20.09.29-217x300.jpeg\" alt=\"\" width=\"217\" height=\"300\" srcset=\"https:\/\/correiodasemana.com\/site\/wp-content\/uploads\/2023\/06\/WhatsApp-Image-2023-06-23-at-20.09.29-217x300.jpeg 217w, https:\/\/correiodasemana.com\/site\/wp-content\/uploads\/2023\/06\/WhatsApp-Image-2023-06-23-at-20.09.29.jpeg 249w\" sizes=\"(max-width: 217px) 100vw, 217px\" \/><\/a>(Artem\u00edsio da Costa), \u00e0quela \u00e9poca Redator do Jornal Correio da Semana e apresentador da Emissora. O religioso destacou pontos importantes da luta que empreendeu para fazer nascer sua querida filha, R\u00e1dio Educadora do Nordeste. Acompanhe.<br \/>\nArtem\u00edsio da Costa (AC): Quando e como come\u00e7ou a ideia de fundar a R\u00e1dio Educadora do Nordeste?<br \/>\nMonsenhor Sabino (MS): No in\u00edcio de 1955, num curso em Sorocaba (SP), eu e mais quatorze sacerdotes recebemos muitas instru\u00e7\u00f5es sobre educa\u00e7\u00e3o quanto a problemas agr\u00e1rios. De l\u00e1 fui a S\u00e3o Paulo e tomei conhecimento de que o Padre Jos\u00e9 Salsedo, na Col\u00f4mbia, havia introduzido a educa\u00e7\u00e3o atrav\u00e9s de pequenos r\u00e1dios, educa\u00e7\u00e3o agr\u00edcola para camponeses. Ao passar pelo Rio de Janeiro solicitei um canal, dando-lhe um nome, que depois reformei para R\u00e1dio Educadora do Nordeste.<br \/>\nAC: O senhor enfrentou muitas dificuldades?<br \/>\nMS: Naqueles tempos criavam tanta dificuldade que para serem superadas tive de voltar ao Rio v\u00e1rias vezes. Pedi tamb\u00e9m o aux\u00edlio do Mons. Jos\u00e9 Alo\u00edsio Pinto no sentido de conseguir a aprova\u00e7\u00e3o do canal e a outras pessoas como Pe. Joaquim Almeida. Apeguei-me tamb\u00e9m ao Ministro do Trabalho, Parsifal Barroso, mas este se descuidou e foi a mulher dele quem me ajudou bastante. A dona Olga Barroso, mulher do Parsifal, foi quem insistiu e um dia recebi um telegrama citando que o canal ia sair, mas que dependia da minha ida ao Rio de Janeiro-RJ.<br \/>\nNa \u00e9poca eu estava como vig\u00e1rio de S\u00e3o Benedito. Tive de tomar um transporte, mesmo pensando que era um golpe do Pe. Palhano contra mim. Vim a Sobral para preparar toda a papelada que era necess\u00e1rio. Comprei quatro pneus para o Jeep e larguei-me para Fortaleza, a fim de pegar um voo para o Rio. Chegando l\u00e1, fui diretamente para o Minist\u00e9rio do Trabalho. N\u00e3o foi poss\u00edvel falar com o Parsifal Barroso, mas falei com algu\u00e9m designado por ele, um substituto seu, que agilizou toda a documenta\u00e7\u00e3o para que eu assinasse o contrato, responsabilizando-me em assumir a dire\u00e7\u00e3o da R\u00e1dio Educadora do Nordeste.<br \/>\nAC: O senhor contou com a colabora\u00e7\u00e3o de mais algu\u00e9m para atingir esse objetivo?<br \/>\nMS: Contei com o Jos\u00e9 Patriarca de Lima e com o Mons. Alo\u00edsio, mas o Mons. Alo\u00edsio n\u00e3o tinha entusiasmo pela efetiva\u00e7\u00e3o da R\u00e1dio Educadora do Nordeste. Um dia ele me perguntou: \u201cVoc\u00ea tem dinheiro?\u201d Respondi-lhe: Tenho n\u00e3o. Ele continuou: \u201cEnt\u00e3o deixe disso, deixe de m\u00e3o. Voc\u00ea n\u00e3o pode fazer isso\u201d. Quanto mais criavam dificuldades, mais eu me sentia estimulado a continuar lutando para atingir esse ideal. E continuei.<br \/>\nEstive em Fortaleza, contatei com uma pessoa que era diretor de R\u00e1dio, apresentei as despesas e ele disse: \u201cO Senhor est\u00e1 muito enganado. O Senhor n\u00e3o faz uma R\u00e1dio com esse dinheiro. \u00c9 preciso mais dinheiro, muito mais.\u201d Tive uma onda de des\u00e2nimo, mas resolvi: Eu vou fazer, eu tenho de fazer.<br \/>\nE as dificuldades foram desaparecendo. Uma das maiores era a compra da antena e da mesa de som. Mas sucedeu que a mesa de som e o transmissor viriam por um caminh\u00e3o porque era muito caro trazer de avi\u00e3o. Chegaram em Sobral todas desfeitas, desmanteladas. Mas a pessoa que vendeu disse que n\u00e3o havia conserto para elas. Pediu-me que mandasse de volta e disse que mandaria novos equipamentos. Depois recebi um transmissor em perfeito estado sem gastar coisa alguma, s\u00f3 que desta vez veio por via a\u00e9rea.<br \/>\nOutro incidente foi com a torre. Foi despachada em S\u00e3o Paulo e n\u00e3o chegava em Sobral. Depois tomei conhecimento dela em Recife, jogada, com cargas sobre ela, e que depois desapareceu. Passamos v\u00e1rios telegramas, comunicando que j\u00e1 havia sido remetida, e s\u00f3 dois ou tr\u00eas meses depois recebemos.<br \/>\nPr\u00e9dio (sobrado) onde a R\u00e1dio Educadora iniciou suas atividades em 1959<br \/>\nAC: Na fase inicial, algum pol\u00edtico quis interferir na Emissora?<br \/>\nMS: No dia da inaugura\u00e7\u00e3o eu vim de S\u00e3o Benedito para Sobral. V\u00e1rios pol\u00edticos participaram da solenidade, inclusive Parsifal Barroso e Chico Monte, que nos ofereceram um almo\u00e7o. Dom Jos\u00e9 me chamou e disse: \u201cEssa R\u00e1dio, Sabino, n\u00e3o vai dar certo porque est\u00e1 muito influenciada pela pol\u00edtica\u201d. Eu respondi: Senhor Bispo, eu garanto que eles n\u00e3o influenciar\u00e3o l\u00e1 dentro em nada. E assim foi. Na verdade, n\u00e3o influenciaram em nada.<br \/>\nAC: E Dom Jos\u00e9 Tupinamb\u00e1 da Frota foi importante na execu\u00e7\u00e3o desse projeto? Ele ajudou em alguma coisa?<br \/>\nMS: Lamentavelmente, n\u00e3o! Porque ele estava engajado na aquisi\u00e7\u00e3o de uma R\u00e1dio para o Pe. Palhano. Uma vez eu pedi a ele que passasse um telegrama para o Rio de Janeiro dando-me uma for\u00e7a. Ele n\u00e3o atendeu o pedido porque j\u00e1 havia solicitado para o Palhano e n\u00e3o queria pedir para mais um.<br \/>\nAC: Como Emissora cat\u00f3lica, o Senhor estabeleceu regras. Que regras foram essas?<br \/>\nMS: Primeiramente: N\u00e3o se fazia propaganda de bebidas alco\u00f3licas. A R\u00e1dio era 100% pela moral. Em aus\u00eancia minha, um funcion\u00e1rio recebeu uma propaganda de um dono de alambique de Ubajara. Quando voltei, repreendi o funcion\u00e1rio e telegrafei para o anunciante pedindo que n\u00e3o levasse a mal, mas que a R\u00e1dio n\u00e3o fazia comercial de bebida alco\u00f3lica. O mesmo aceitou sem dizer uma palavra.<\/p>\n<p>AC: Como a popula\u00e7\u00e3o recebeu a R\u00e1dio Educadora?<br \/>\nMS: Havia naquela \u00e9poca a R\u00e1dio Iracema dirigida pelo Jos\u00e9 Maria Soares. Mas como os programas dela eram muito rotineiros, sa\u00edmo-nos melhor porque a R\u00e1dio Educadora do Nordeste apresentava novidades, dentre elas, programas de educa\u00e7\u00e3o, que eram bem ouvidos, atrav\u00e9s de pequenos r\u00e1dios repetidores que o Minist\u00e9rio da Educa\u00e7\u00e3o nos enviou. Inicialmente, ganhamos trezentas unidades desses r\u00e1dios. Depois, com a influ\u00eancia do deputado estadual Guilherme Gouveia, de Granja, juntamente com Dom Coutinho, Vig\u00e1rio Capitular depois da morte de Dom Jos\u00e9, consegui mais quinhentos, de modo que uma pessoa dava aula com esses r\u00e1dios de acordo com as nossas instru\u00e7\u00f5es.<br \/>\nAC: Que tipo de ajuda o senhor recebia do povo de Sobral?<br \/>\nMS: Havia uma dificuldade muito grande para se conseguir um an\u00fancio. Fui a S\u00e3o Paulo e consegui muitos an\u00fancios, mas lamentavelmente a pessoa que os recebeu ficou com todo o dinheiro; me enganou.<br \/>\nAC: A R\u00e1dio era propriedade sua ou da Diocese de Sobral?<br \/>\nMS: Era minha, do Jos\u00e9 Patriarca de Lima e do Mons. Alo\u00edsio Pinto. Eu vendi a minha parte por quatorze contos r\u00e9is. Dei um agrado aos funcion\u00e1rios, fiz a limpeza do pr\u00e9dio e entreguei tudo em ordem.<br \/>\nAC: Como se deu o repasse da R\u00e1dio para a Diocese de Sobral?<br \/>\nMS: Como as coisas do governo s\u00e3o dif\u00edceis, demorou. Mas a Emissora acabou passando para a Diocese. Depois de mim foi o Jos\u00e9 Patriarca de Lima que vendeu suas a\u00e7\u00f5es e, mais tarde, o Mons. Jos\u00e9 Alo\u00edsio Pinto tamb\u00e9m vendeu a parte dele, de modo que a R\u00e1dio Educadora se tornou totalmente da Diocese.<br \/>\nAC: O senhor deve guardar muitas boas lembran\u00e7as do tempo da R\u00e1dio Educadora. D\u00e1 para citar algumas?<br \/>\nMS: Dentre muitas, posso citar os programas de sa\u00fade. N\u00f3s t\u00ednhamos uma equipe constante de um agr\u00f4nomo, um assistente social, uma enfermeira, todos diplomados. S\u00f3 n\u00e3o conseguimos um m\u00e9dico. Pedimos ao Governador do Estado, na \u00e9poca era o Paulo Sarasate. Estando este ausente, recorri ao vice-governador, cujo nome n\u00e3o lembro. O vice-governador me autorizou a tentar conseguir qualquer m\u00e9dico, mas n\u00e3o foi poss\u00edvel.<br \/>\nAC: Que tipo de m\u00fasica tocava na \u00e9poca?<br \/>\nMS: S\u00f3 toc\u00e1vamos m\u00fasicas convenientes. T\u00ednhamos discos recebidos no Minist\u00e9rio da Educa\u00e7\u00e3o com explica\u00e7\u00f5es sobre a vida agr\u00edcola, orienta\u00e7\u00e3o para n\u00e3o fazer queimadas. \u00cdamos para o campo fazer demonstra\u00e7\u00f5es de curva de n\u00edvel, de adubo, com o material que encontr\u00e1vamos no lugar, folhas, excrementos de gado etc.<br \/>\nAC: Havia programa puramente religioso?<br \/>\nMS: Faz\u00edamos tamb\u00e9m. Uma vez que a R\u00e1dio era cat\u00f3lica, duas vezes por semana se fazia programa de ordem religiosa.<\/p>\n<p>AC: Como o senhor v\u00ea atualmente a R\u00e1dio que fundou?<br \/>\nMS: A Educadora tocava discos que n\u00f3s n\u00e3o admir\u00e1vamos. Por exemplo: m\u00fasicas da \u201cboca da garrafa\u201d e outras. Com a chegada de Dom Aldo, provid\u00eancias foram tomadas e ele p\u00f4s fim a tudo isso. Hoje a R\u00e1dio Educadora do Nordeste se d\u00e1 ao respeito; n\u00e3o toca mais esses discos inconvenientes de sentido duplo.<br \/>\nAC: O que senhor teria a dizer \u00e0queles que tentam levar adiante a obra que o senhor come\u00e7ou?<br \/>\nMS: A R\u00e1dio deve realizar mais programas doutrin\u00e1rios de acordo com a mentalidade do povo. Ainda acho pouco o que ela faz. Deveria haver uma participa\u00e7\u00e3o maior dos padres, bem como colocar cat\u00f3licos instru\u00eddos para fazer educa\u00e7\u00e3o religiosa no sentido de educa\u00e7\u00e3o crist\u00e3, cat\u00f3lica, pois ainda considero deficiente esta forma de educar. (Por Artem\u00edsio da Costa)<\/p>\n","protected":false},"excerpt":{"rendered":"<p>MONS. SABINO LOYOLA FALA SOBRE FUNDA\u00c7\u00c3O DA R\u00c1DIO EDUCADORA Em 2021, quando ocorreu a autoriza\u00e7\u00e3o&#8230;<\/p>\n","protected":false},"author":7,"featured_media":24516,"comment_status":"open","ping_status":"open","sticky":false,"template":"","format":"standard","meta":{"_jetpack_memberships_contains_paid_content":false,"footnotes":"","jetpack_publicize_message":"","jetpack_publicize_feature_enabled":true,"jetpack_social_post_already_shared":true,"jetpack_social_options":{"image_generator_settings":{"template":"highway","default_image_id":0,"font":"","enabled":false},"version":2}},"categories":[11,82],"tags":[],"class_list":["post-25432","post","type-post","status-publish","format-standard","has-post-thumbnail","hentry","category-artigos","category-poucas-e-boas"],"jetpack_publicize_connections":[],"jetpack_featured_media_url":"https:\/\/correiodasemana.com\/site\/wp-content\/uploads\/2023\/05\/artemisio-da-costa-2.jpg","jetpack-related-posts":[{"id":19151,"url":"https:\/\/correiodasemana.com\/site\/no-ar-a-mais-nova-radio-de-sobral-fm-educadora-1075\/","url_meta":{"origin":25432,"position":0},"title":"No ar, a mais nova r\u00e1dio de Sobral: FM Educadora 107,5","author":"","date":"Mar\u00e7o 14, 2022","format":false,"excerpt":"Desde sua funda\u00e7\u00e3o h\u00e1 62 anos, a R\u00e1dio Educadora do Nordeste AM 950, al\u00e9m de permanecer evangelizando, educando e entretendo sadiamente, tamb\u00e9m tem como meta constante a renova\u00e7\u00e3o e a inova\u00e7\u00e3o para acompanhar o avan\u00e7o tecnol\u00f3gico. Por conta disso, depois de longo processo e muito trabalho, a Diocese de Sobral\u2026","rel":"","context":"In &quot;Artigos&quot;","block_context":{"text":"Artigos","link":"https:\/\/correiodasemana.com\/site\/category\/artigos\/"},"img":{"alt_text":"","src":"https:\/\/i0.wp.com\/correiodasemana.com\/site\/wp-content\/uploads\/2022\/03\/Jornal-Correio-da-Semana-No-906-capa2-300x203.jpg?resize=350%2C200&ssl=1","width":350,"height":200},"classes":[]},{"id":19201,"url":"https:\/\/correiodasemana.com\/site\/fm-educadora-no-ar-em-107-5\/","url_meta":{"origin":25432,"position":1},"title":"FM EDUCADORA NO AR EM 107.5","author":"","date":"Mar\u00e7o 14, 2022","format":false,"excerpt":"Uma boa novidade no r\u00e1dio sobralense. Est\u00e1 no ar desde \u00e0s 14h30min do \u00faltimo dia 4 de mar\u00e7o a mais nova esta\u00e7\u00e3o de frequ\u00eancia modulada do Estado do Cear\u00e1: R\u00c1DIO EDUCADORA DO NORDESTE FM 107,5. A autoriza\u00e7\u00e3o da AG\u00caNCIA NACIONAL DE TELECOMUNICA\u00c7\u00d5ES (Anatel) inclui a nova emissora na categoria A2,\u2026","rel":"","context":"In &quot;Atualidade&quot;","block_context":{"text":"Atualidade","link":"https:\/\/correiodasemana.com\/site\/category\/atualidade\/"},"img":{"alt_text":"","src":"https:\/\/i0.wp.com\/correiodasemana.com\/site\/wp-content\/uploads\/2022\/03\/Jornal-Correio-da-Semana-No-906-capa.jpg?resize=350%2C200&ssl=1","width":350,"height":200,"srcset":"https:\/\/i0.wp.com\/correiodasemana.com\/site\/wp-content\/uploads\/2022\/03\/Jornal-Correio-da-Semana-No-906-capa.jpg?resize=350%2C200&ssl=1 1x, https:\/\/i0.wp.com\/correiodasemana.com\/site\/wp-content\/uploads\/2022\/03\/Jornal-Correio-da-Semana-No-906-capa.jpg?resize=525%2C300&ssl=1 1.5x, https:\/\/i0.wp.com\/correiodasemana.com\/site\/wp-content\/uploads\/2022\/03\/Jornal-Correio-da-Semana-No-906-capa.jpg?resize=700%2C400&ssl=1 2x"},"classes":[]},{"id":15153,"url":"https:\/\/correiodasemana.com\/site\/radio-educadora-do-nordeste-sera-fm\/","url_meta":{"origin":25432,"position":2},"title":"R\u00e1dio Educadora do Nordeste ser\u00e1 FM","author":"","date":"Dezembro 21, 2020","format":false,"excerpt":"NOTA OFICIAL Comunicamos que a R\u00e1dio Educadora do Nordeste Ltda \u2013 AM 950, pertencente a Diocese de Sobral, passar\u00e1 a ser FM Educadora. A boa not\u00edcia veio na noite desta quinta-feira, dia 17\/12, por meio do of\u00edcio\/n\u00ba11223\/2020\/MCOM, emitido pela Secretaria de Radiodifus\u00e3o, \u00f3rg\u00e3o vinculado ao Minist\u00e9rio das Comunica\u00e7\u00f5es. Obviamente esse\u2026","rel":"","context":"In &quot;Atualidade&quot;","block_context":{"text":"Atualidade","link":"https:\/\/correiodasemana.com\/site\/category\/atualidade\/"},"img":{"alt_text":"","src":"https:\/\/i0.wp.com\/correiodasemana.com\/site\/wp-content\/uploads\/2020\/12\/logo-educadora.png?resize=350%2C200&ssl=1","width":350,"height":200,"srcset":"https:\/\/i0.wp.com\/correiodasemana.com\/site\/wp-content\/uploads\/2020\/12\/logo-educadora.png?resize=350%2C200&ssl=1 1x, https:\/\/i0.wp.com\/correiodasemana.com\/site\/wp-content\/uploads\/2020\/12\/logo-educadora.png?resize=525%2C300&ssl=1 1.5x"},"classes":[]},{"id":23257,"url":"https:\/\/correiodasemana.com\/site\/padre-lucas-do-nascimento-ficara-por-mais-tres-anos-a-frente-da-radio-educadora-e-jornal-correio-da-semana\/","url_meta":{"origin":25432,"position":3},"title":"Padre Lucas do Nascimento ficar\u00e1 por mais tr\u00eas anos \u00e0 frente da R\u00e1dio Educadora e Jornal Correio da Semana","author":"adminredacao","date":"Janeiro 31, 2023","format":false,"excerpt":"O bispo diocesano de Sobral, dom Jos\u00e9 Luiz Gomes, renovou por mais um tri\u00eanio as provis\u00f5es can\u00f4nicas do Pe. Lucas do Nascimento Moreira, respectivamente diretor do centen\u00e1rio jornal Correio da Semana e da R\u00e1dio Educadora do Nordeste FM 107,5. O jovem sacerdote assumiu a dire\u00e7\u00e3o do Jornal e da R\u00e1dio\u2026","rel":"","context":"In &quot;Atualidade&quot;","block_context":{"text":"Atualidade","link":"https:\/\/correiodasemana.com\/site\/category\/atualidade\/"},"img":{"alt_text":"","src":"https:\/\/i0.wp.com\/correiodasemana.com\/site\/wp-content\/uploads\/2023\/01\/PADRE-LUCAS-MOREIRA.jpg?resize=350%2C200&ssl=1","width":350,"height":200},"classes":[]},{"id":20148,"url":"https:\/\/correiodasemana.com\/site\/radio-tupinamba-fm-1003-mhz-completa-60-anos-de-existencia\/","url_meta":{"origin":25432,"position":4},"title":"R\u00e1dio Tupinamb\u00e1 FM 100,3 MHz completa 60 anos de exist\u00eancia","author":"","date":"Junho 19, 2022","format":false,"excerpt":"A R\u00e1dio Tupinamb\u00e1 FM\u00a0\u00e9 uma\u00a0emissora de r\u00e1dio\u00a0brasileira\u00a0sediada em\u00a0Sobral, munic\u00edpio do estado do\u00a0Cear\u00e1. Opera no dial\u00a0FM, na frequ\u00eancia 100.3\u00a0MHz. \u00c9 originada da migra\u00e7\u00e3o da frequ\u00eancia\u00a0AM\u00a01120\u00a0kHz. A R\u00e1dio Difusora Princesa do Norte \u2014 posteriormente R\u00e1dio Tupinamb\u00e1 \u2014 foi uma iniciativa do ent\u00e3o bispo da\u00a0Diocese de Sobral,\u00a0Dom Jos\u00e9 Tupinamb\u00e1 da Frota. O bispo\u2026","rel":"","context":"In &quot;Atualidade&quot;","block_context":{"text":"Atualidade","link":"https:\/\/correiodasemana.com\/site\/category\/atualidade\/"},"img":{"alt_text":"","src":"https:\/\/i0.wp.com\/correiodasemana.com\/site\/wp-content\/uploads\/2022\/06\/x1-7.jpg?resize=350%2C200&ssl=1","width":350,"height":200,"srcset":"https:\/\/i0.wp.com\/correiodasemana.com\/site\/wp-content\/uploads\/2022\/06\/x1-7.jpg?resize=350%2C200&ssl=1 1x, https:\/\/i0.wp.com\/correiodasemana.com\/site\/wp-content\/uploads\/2022\/06\/x1-7.jpg?resize=525%2C300&ssl=1 1.5x"},"classes":[]},{"id":17478,"url":"https:\/\/correiodasemana.com\/site\/radialista-beth-salsa-morre-aos-76-anos-em-sobral\/","url_meta":{"origin":25432,"position":5},"title":"Radialista Beth Salsa morre aos 76 anos, em Sobral","author":"","date":"Setembro 12, 2021","format":false,"excerpt":"Por Samuel Carvalho - Reda\u00e7\u00e3o Correio da Semana A radialista pernambucana Maria Elizabeth da Silva Salsa, conhecida na regi\u00e3o como Bethy Salsa faleceu na \u00faltima ter\u00e7a-feira (07) no Hospital Regional Norte em Sobral por complica\u00e7\u00f5es decorrentes de uma Dengue. Beth Salva estava internada quando \u00e0s 7h da manh\u00e3 sofreu uma\u2026","rel":"","context":"In &quot;Atualidade&quot;","block_context":{"text":"Atualidade","link":"https:\/\/correiodasemana.com\/site\/category\/atualidade\/"},"img":{"alt_text":"","src":"https:\/\/i0.wp.com\/correiodasemana.com\/site\/wp-content\/uploads\/2021\/09\/Maria-Elizabeth-da-Silva-Salsa-2.jpg?resize=350%2C200&ssl=1","width":350,"height":200,"srcset":"https:\/\/i0.wp.com\/correiodasemana.com\/site\/wp-content\/uploads\/2021\/09\/Maria-Elizabeth-da-Silva-Salsa-2.jpg?resize=350%2C200&ssl=1 1x, https:\/\/i0.wp.com\/correiodasemana.com\/site\/wp-content\/uploads\/2021\/09\/Maria-Elizabeth-da-Silva-Salsa-2.jpg?resize=525%2C300&ssl=1 1.5x, https:\/\/i0.wp.com\/correiodasemana.com\/site\/wp-content\/uploads\/2021\/09\/Maria-Elizabeth-da-Silva-Salsa-2.jpg?resize=700%2C400&ssl=1 2x"},"classes":[]}],"jetpack_sharing_enabled":true,"_links":{"self":[{"href":"https:\/\/correiodasemana.com\/site\/wp-json\/wp\/v2\/posts\/25432","targetHints":{"allow":["GET"]}}],"collection":[{"href":"https:\/\/correiodasemana.com\/site\/wp-json\/wp\/v2\/posts"}],"about":[{"href":"https:\/\/correiodasemana.com\/site\/wp-json\/wp\/v2\/types\/post"}],"author":[{"embeddable":true,"href":"https:\/\/correiodasemana.com\/site\/wp-json\/wp\/v2\/users\/7"}],"replies":[{"embeddable":true,"href":"https:\/\/correiodasemana.com\/site\/wp-json\/wp\/v2\/comments?post=25432"}],"version-history":[{"count":2,"href":"https:\/\/correiodasemana.com\/site\/wp-json\/wp\/v2\/posts\/25432\/revisions"}],"predecessor-version":[{"id":25435,"href":"https:\/\/correiodasemana.com\/site\/wp-json\/wp\/v2\/posts\/25432\/revisions\/25435"}],"wp:featuredmedia":[{"embeddable":true,"href":"https:\/\/correiodasemana.com\/site\/wp-json\/wp\/v2\/media\/24516"}],"wp:attachment":[{"href":"https:\/\/correiodasemana.com\/site\/wp-json\/wp\/v2\/media?parent=25432"}],"wp:term":[{"taxonomy":"category","embeddable":true,"href":"https:\/\/correiodasemana.com\/site\/wp-json\/wp\/v2\/categories?post=25432"},{"taxonomy":"post_tag","embeddable":true,"href":"https:\/\/correiodasemana.com\/site\/wp-json\/wp\/v2\/tags?post=25432"}],"curies":[{"name":"wp","href":"https:\/\/api.w.org\/{rel}","templated":true}]}}