{"id":26325,"date":"2023-08-27T21:50:19","date_gmt":"2023-08-28T00:50:19","guid":{"rendered":"https:\/\/correiodasemana.com\/site\/?p=26325"},"modified":"2023-08-27T21:50:19","modified_gmt":"2023-08-28T00:50:19","slug":"educacao-e-cidadania-12","status":"publish","type":"post","link":"https:\/\/correiodasemana.com\/site\/educacao-e-cidadania-12\/","title":{"rendered":"EDUCA\u00c7\u00c3O E CIDADANIA \u2022"},"content":{"rendered":"<p><strong>Como Funciona a Educa\u00e7\u00e3o na It\u00e1lia<\/strong><\/p>\n<p>As aulas nos pa\u00edses europeus iniciam no m\u00eas de setembro e v\u00e3o at\u00e9 junho do ano seguinte. O calend\u00e1rio escolar \u00e9 diferente do nosso no Brasil. As f\u00e9rias v\u00e3o do m\u00eas de junho a setembro, quando as fam\u00edlias aproveitam o ver\u00e3o para sa\u00edrem com seus filhos.<br \/>\nNa It\u00e1lia, a educa\u00e7\u00e3o infantil \u00e9 obrigat\u00f3ria para todas as crian\u00e7as a partir dos 6 anos de idade. A educa\u00e7\u00e3o infantil engloba crian\u00e7as de 4 meses a 6 anos, no entanto, ela \u00e9 facultativa e dividida em dois ciclos:<br \/>\n1.Asilo Nido, para crian\u00e7as de 4 meses a 3 anos. S\u00e3o filhos de pessoas que trabalham ou estudam e n\u00e3o t\u00eam com quem deixar seus filhos.<br \/>\n2.Scuola Dell\u2019Infanzia, para crian\u00e7as de 3 a 6 anos. Essa maneira \u00e9 igual a nossa pr\u00e9-escola quando as crian\u00e7as s\u00e3o cuidadas enquanto os pais n\u00e3o podem cuidar e come\u00e7am a ter uma socializa\u00e7\u00e3o com os seus novos amiguinhos.<br \/>\nO Ensino fundamental na It\u00e1lia tamb\u00e9m tem dois ciclos:<br \/>\n1.Scuola Primaria ou Scuola Elementare: a fase abrange 5 s\u00e9ries e \u00e9 voltada para crian\u00e7as de 6 a 11 anos.<br \/>\n2.Scuola Secondaria di Primo Grado ou Scuola Media: Essa \u00e9 dividida em tr\u00eas s\u00e9ries e os alunos s\u00e3o de 11 a 14 anos. Quando os alunos terminam a \u00faltima s\u00e9rie, s\u00e3o submetidos a uma prova antes de passarem para o equivalente ao Ensino M\u00e9dio brasileiro.<br \/>\nO Ensino M\u00e9dio \u00e9 chamado de Scuola Secondaria di Secondo Grado, tem durabilidade de 5 anos para alunos de 14 a 19 anos de idade. Apesar da educa\u00e7\u00e3o ser obrigat\u00f3ria at\u00e9 os 16 anos, os alunos continuam at\u00e9 os 18 anos de idade para adquirirem o diploma de Maturit\u00e0, (Ensino M\u00e9dio).<br \/>\nO sistema Maturit\u00e0 tem dois tipos de ensino m\u00e9dio: o liceo classico que \u00e9 uma escola tradicional que se concentra nas mat\u00e9rias de ci\u00eancias humanas, como hist\u00f3ria, literatura e filosofia. J\u00e1 o liceo scientifico \u00e9 uma escola que se concentra nas mat\u00e9rias cient\u00edficas, como matem\u00e1tica, f\u00edsica e qu\u00edmica.<br \/>\nA escola p\u00fablica na It\u00e1lia oferece gratuitamente um tutor aqueles alunos que n\u00e3o falam fluentemente o italiano para melhorarem sua comunica\u00e7\u00e3o nas atividades escolares.<br \/>\nA escola p\u00fablica \u00e9 uma das melhores do mundo e a particular \u00e9 oferecida para alunos que t\u00eam dificuldade no processo de ensino aprendizagem.<br \/>\nO sistema universit\u00e1rio\u00a0italiano\u00a0\u00e9 baseado em tr\u00eas ciclos: a Laurea Triennale, (Gradua\u00e7\u00e3o de n\u00edvel I); Laurea Magistrale (Gradua\u00e7\u00e3o de n\u00edvel II) e o Doutorado de Pesquisa. A primeira universidade no mundo surgiu na It\u00e1lia no ano de 1088 na cidade de Bolonha. No Brasil, em 1808 no Rio de Janeiro.<br \/>\nPor Brenda Bellani: \u201cAproximadamente 95% da popula\u00e7\u00e3o adulta da It\u00e1lia \u00e9 alfabetizada; Quase 32.000 estrangeiros estudam no pa\u00eds; A It\u00e1lia foi um dos primeiros pa\u00edses a dar in\u00edcio \u00e0 reforma de educa\u00e7\u00e3o superior na Europa, chamada de Processo de Bolonha; Em 2021 o n\u00famero de estudantes universit\u00e1rias era maior (tendendo a crescer) que o de homens.<br \/>\nO sistema de ensino superior da It\u00e1lia \u00e9 um dos mais antigos do mundo! E provavelmente \u00e9 diferente do que voc\u00ea est\u00e1 acostumado no Brasil. Se voc\u00ea estiver interessado em estudar em\u00a0universidades na It\u00e1lia, o primeiro passo \u00e9 entender como funciona o ensino superior no pa\u00eds, as diferentes institui\u00e7\u00f5es e diplomas\u201d. \u00a0\u00a0(hotcourses.com.br).<br \/>\n\u201cComo um brasileiro pode estudar na It\u00e1lia?\u00a0Se tiver cidadania italiana ou europeia, o processo \u00e9 o mesmo de um estudante italiano. Para estrangeiros, \u00e9 necess\u00e1rio apresentar comprovantes de estudos e conclus\u00e3o do Ensino M\u00e9dio (devidamente traduzidos), al\u00e9m do visto de estudante. Deve escolher a universidade e o curso; providenciar a documenta\u00e7\u00e3o necess\u00e1ria; fazer a inscri\u00e7\u00e3o no curso universit\u00e1rio e dar entrada no visto de estudante no Consulado Italiano\u201d.\u00a0(eurodicas.com.br).\u00a0A dica est\u00e1 dada. Boa viagem.<br \/>\nProf. Salmito Campos \u2013 (jornalista e radialista).<\/p>\n","protected":false},"excerpt":{"rendered":"<p>Como Funciona a Educa\u00e7\u00e3o na It\u00e1lia As aulas nos pa\u00edses europeus iniciam no m\u00eas de&#8230;<\/p>\n","protected":false},"author":7,"featured_media":18809,"comment_status":"open","ping_status":"open","sticky":false,"template":"","format":"standard","meta":{"_jetpack_memberships_contains_paid_content":false,"footnotes":"","jetpack_publicize_message":"","jetpack_publicize_feature_enabled":true,"jetpack_social_post_already_shared":true,"jetpack_social_options":{"image_generator_settings":{"template":"highway","default_image_id":0,"font":"","enabled":false},"version":2}},"categories":[11,81],"tags":[],"class_list":["post-26325","post","type-post","status-publish","format-standard","has-post-thumbnail","hentry","category-artigos","category-salmito-campos"],"jetpack_publicize_connections":[],"jetpack_featured_media_url":"https:\/\/correiodasemana.com\/site\/wp-content\/uploads\/2022\/02\/Salmito-Campos-1-scaled.jpg","jetpack-related-posts":[{"id":12666,"url":"https:\/\/correiodasemana.com\/site\/no-brasil-tres-em-cada-quatro-apoiam-restringir-numero-de-dias-que-criancas-vao-a-escola-por-semana\/","url_meta":{"origin":26325,"position":0},"title":"No Brasil, tr\u00eas em cada quatro apoiam restringir n\u00famero de dias que crian\u00e7as v\u00e3o \u00e0 escola por semana","author":"","date":"Agosto 10, 2020","format":false,"excerpt":"Maioria dos entrevistados prefere esperar pelo menos quatro meses antes de mandar os filhos de volta \u00e0s aulas Na opini\u00e3o dos brasileiros, no momento atual, as crian\u00e7as e adolescentes deveriam comparecer ao col\u00e9gio presencialmente com menos frequ\u00eancia do que o per\u00edodo tradicional semanal, de segunda \u00e0 sexta-feira. Este \u00e9 o\u2026","rel":"","context":"In &quot;Atualidade&quot;","block_context":{"text":"Atualidade","link":"https:\/\/correiodasemana.com\/site\/category\/atualidade\/"},"img":{"alt_text":"","src":"","width":0,"height":0},"classes":[]},{"id":12438,"url":"https:\/\/correiodasemana.com\/site\/nove-estados-e-df-podem-voltar-as-aulas-nas-escolas-particulares\/","url_meta":{"origin":26325,"position":1},"title":"Nove estados e DF podem voltar \u00e0s aulas nas escolas particulares","author":"","date":"Agosto 3, 2020","format":false,"excerpt":"Demais estados est\u00e3o sem data definida para retorno presencial Ap\u00f3s cerca de quatro meses com as aulas suspensas, estados come\u00e7am a sinalizar a volta \u00e0s aulas presenciais nas escolas. De um lado, melhor equipadas, de maneira geral, que as escolas p\u00fablicas, as escolas particulares defendem que est\u00e3o prontas para uma\u2026","rel":"","context":"In &quot;Atualidade&quot;","block_context":{"text":"Atualidade","link":"https:\/\/correiodasemana.com\/site\/category\/atualidade\/"},"img":{"alt_text":"","src":"https:\/\/i0.wp.com\/correiodasemana.com\/site\/wp-content\/uploads\/2020\/08\/2020-03-13t145129z_1265676104_rc22jf9wi6m7_rtrmadp_3_health-coronavirus-brazil.jpg?resize=350%2C200&ssl=1","width":350,"height":200,"srcset":"https:\/\/i0.wp.com\/correiodasemana.com\/site\/wp-content\/uploads\/2020\/08\/2020-03-13t145129z_1265676104_rc22jf9wi6m7_rtrmadp_3_health-coronavirus-brazil.jpg?resize=350%2C200&ssl=1 1x, https:\/\/i0.wp.com\/correiodasemana.com\/site\/wp-content\/uploads\/2020\/08\/2020-03-13t145129z_1265676104_rc22jf9wi6m7_rtrmadp_3_health-coronavirus-brazil.jpg?resize=525%2C300&ssl=1 1.5x, https:\/\/i0.wp.com\/correiodasemana.com\/site\/wp-content\/uploads\/2020\/08\/2020-03-13t145129z_1265676104_rc22jf9wi6m7_rtrmadp_3_health-coronavirus-brazil.jpg?resize=700%2C400&ssl=1 2x, https:\/\/i0.wp.com\/correiodasemana.com\/site\/wp-content\/uploads\/2020\/08\/2020-03-13t145129z_1265676104_rc22jf9wi6m7_rtrmadp_3_health-coronavirus-brazil.jpg?resize=1050%2C600&ssl=1 3x"},"classes":[]},{"id":34334,"url":"https:\/\/correiodasemana.com\/site\/poucas-e-boas-60\/","url_meta":{"origin":26325,"position":2},"title":"POUCAS E BOAS","author":"adminredacao","date":"Junho 23, 2025","format":false,"excerpt":"CEI IRACEMA RODRIGUES SAMPAIO DE SOUZA: Respeito \u00e0 Educa\u00e7\u00e3o e \u00e0 Cultura Regional N\u00e3o \u00e9 por ser a apenas dois quarteir\u00f5es do meu endere\u00e7o, que tamb\u00e9m \u00e9 o da minha filha J\u00e9ssica e esposo Lino, e nem por se tratar de escola p\u00fablica (gratuita) que o filho desse casal -\u2026","rel":"","context":"In &quot;Artigos&quot;","block_context":{"text":"Artigos","link":"https:\/\/correiodasemana.com\/site\/category\/artigos\/"},"img":{"alt_text":"","src":"https:\/\/i0.wp.com\/correiodasemana.com\/site\/wp-content\/uploads\/2023\/05\/artemisio-da-costa-2.jpg?resize=350%2C200&ssl=1","width":350,"height":200},"classes":[]},{"id":32410,"url":"https:\/\/correiodasemana.com\/site\/educacao-e-cidadania-66\/","url_meta":{"origin":26325,"position":3},"title":"EDUCA\u00c7\u00c3O E CIDADANIA \u2022","author":"adminredacao","date":"Fevereiro 4, 2025","format":false,"excerpt":"Finl\u00e2ndia: A Melhor Educa\u00e7\u00e3o do Mundo A\u00a0educa\u00e7\u00e3o na Finl\u00e2ndia\u00a0\u00e9 exemplo para outros pa\u00edses do mundo devido \u00e0 qualidade do ensino ofertada \u00e0 sociedade. Um dos motivos que explicam o\u00a0bom rendimento acad\u00eamico na Finl\u00e2ndia\u00a0est\u00e1 relacionado \u00e0 preocupa\u00e7\u00e3o com o bem-estar e o desenvolvimento dos alunos no quesito socioemocional al\u00e9m do \u00e2mbito\u2026","rel":"","context":"In &quot;Artigos&quot;","block_context":{"text":"Artigos","link":"https:\/\/correiodasemana.com\/site\/category\/artigos\/"},"img":{"alt_text":"","src":"https:\/\/i0.wp.com\/correiodasemana.com\/site\/wp-content\/uploads\/2022\/02\/Salmito-Campos-1-scaled.jpg?resize=350%2C200&ssl=1","width":350,"height":200,"srcset":"https:\/\/i0.wp.com\/correiodasemana.com\/site\/wp-content\/uploads\/2022\/02\/Salmito-Campos-1-scaled.jpg?resize=350%2C200&ssl=1 1x, https:\/\/i0.wp.com\/correiodasemana.com\/site\/wp-content\/uploads\/2022\/02\/Salmito-Campos-1-scaled.jpg?resize=525%2C300&ssl=1 1.5x, https:\/\/i0.wp.com\/correiodasemana.com\/site\/wp-content\/uploads\/2022\/02\/Salmito-Campos-1-scaled.jpg?resize=700%2C400&ssl=1 2x, https:\/\/i0.wp.com\/correiodasemana.com\/site\/wp-content\/uploads\/2022\/02\/Salmito-Campos-1-scaled.jpg?resize=1050%2C600&ssl=1 3x, https:\/\/i0.wp.com\/correiodasemana.com\/site\/wp-content\/uploads\/2022\/02\/Salmito-Campos-1-scaled.jpg?resize=1400%2C800&ssl=1 4x"},"classes":[]},{"id":31866,"url":"https:\/\/correiodasemana.com\/site\/uma-a-cada-3-familias-diz-que-filhos-nao-aprendem-o-esperado-na-escola\/","url_meta":{"origin":26325,"position":4},"title":"Uma a cada 3 fam\u00edlias diz que filhos n\u00e3o aprendem o esperado na escola","author":"adminredacao","date":"Dezembro 24, 2024","format":false,"excerpt":"Mais de 90% acreditam que \u00e9 preciso fortalecer o ensino de matem\u00e1tica Por Mariana Tokarnia \u2013 Rep\u00f3rter da Ag\u00eancia Brasil Pais, m\u00e3es e respons\u00e1veis est\u00e3o preocupados com a perman\u00eancia e com o aprendizado dos filhos na escola. Pelo menos um a cada tr\u00eas respons\u00e1veis acredita que os filhos n\u00e3o est\u00e3o\u2026","rel":"","context":"In &quot;Atualidade&quot;","block_context":{"text":"Atualidade","link":"https:\/\/correiodasemana.com\/site\/category\/atualidade\/"},"img":{"alt_text":"","src":"https:\/\/i0.wp.com\/correiodasemana.com\/site\/wp-content\/uploads\/2024\/12\/sam-balye-w1fwdvirezu-unsplash.webp?resize=350%2C200&ssl=1","width":350,"height":200,"srcset":"https:\/\/i0.wp.com\/correiodasemana.com\/site\/wp-content\/uploads\/2024\/12\/sam-balye-w1fwdvirezu-unsplash.webp?resize=350%2C200&ssl=1 1x, https:\/\/i0.wp.com\/correiodasemana.com\/site\/wp-content\/uploads\/2024\/12\/sam-balye-w1fwdvirezu-unsplash.webp?resize=525%2C300&ssl=1 1.5x, https:\/\/i0.wp.com\/correiodasemana.com\/site\/wp-content\/uploads\/2024\/12\/sam-balye-w1fwdvirezu-unsplash.webp?resize=700%2C400&ssl=1 2x, https:\/\/i0.wp.com\/correiodasemana.com\/site\/wp-content\/uploads\/2024\/12\/sam-balye-w1fwdvirezu-unsplash.webp?resize=1050%2C600&ssl=1 3x"},"classes":[]},{"id":23324,"url":"https:\/\/correiodasemana.com\/site\/ministerio-da-saude-divulga-cronograma-nacional-de-vacinacao-2023\/","url_meta":{"origin":26325,"position":5},"title":"Minist\u00e9rio da Sa\u00fade divulga cronograma nacional de vacina\u00e7\u00e3o 2023","author":"","date":"Fevereiro 1, 2023","format":false,"excerpt":"O Minist\u00e9rio da Sa\u00fade divulgou nesta ter\u00e7a-feira, 31, o cronograma do Programa Nacional de Vacina\u00e7\u00e3o 2023. O documento \u00e9 dividido em cinco etapas. As a\u00e7\u00f5es devem come\u00e7ar a partir de 27 de fevereiro, com a vacina\u00e7\u00e3o com doses de refor\u00e7o bivalentes contra a Covid-19 em pessoas do grupo de risco,\u2026","rel":"","context":"In &quot;Atualidade&quot;","block_context":{"text":"Atualidade","link":"https:\/\/correiodasemana.com\/site\/category\/atualidade\/"},"img":{"alt_text":"","src":"https:\/\/i0.wp.com\/correiodasemana.com\/site\/wp-content\/uploads\/2023\/02\/277556863_350636800439984_4730029701563250585_n-2.jpg?resize=350%2C200&ssl=1","width":350,"height":200,"srcset":"https:\/\/i0.wp.com\/correiodasemana.com\/site\/wp-content\/uploads\/2023\/02\/277556863_350636800439984_4730029701563250585_n-2.jpg?resize=350%2C200&ssl=1 1x, https:\/\/i0.wp.com\/correiodasemana.com\/site\/wp-content\/uploads\/2023\/02\/277556863_350636800439984_4730029701563250585_n-2.jpg?resize=525%2C300&ssl=1 1.5x"},"classes":[]}],"jetpack_sharing_enabled":true,"_links":{"self":[{"href":"https:\/\/correiodasemana.com\/site\/wp-json\/wp\/v2\/posts\/26325","targetHints":{"allow":["GET"]}}],"collection":[{"href":"https:\/\/correiodasemana.com\/site\/wp-json\/wp\/v2\/posts"}],"about":[{"href":"https:\/\/correiodasemana.com\/site\/wp-json\/wp\/v2\/types\/post"}],"author":[{"embeddable":true,"href":"https:\/\/correiodasemana.com\/site\/wp-json\/wp\/v2\/users\/7"}],"replies":[{"embeddable":true,"href":"https:\/\/correiodasemana.com\/site\/wp-json\/wp\/v2\/comments?post=26325"}],"version-history":[{"count":1,"href":"https:\/\/correiodasemana.com\/site\/wp-json\/wp\/v2\/posts\/26325\/revisions"}],"predecessor-version":[{"id":26326,"href":"https:\/\/correiodasemana.com\/site\/wp-json\/wp\/v2\/posts\/26325\/revisions\/26326"}],"wp:featuredmedia":[{"embeddable":true,"href":"https:\/\/correiodasemana.com\/site\/wp-json\/wp\/v2\/media\/18809"}],"wp:attachment":[{"href":"https:\/\/correiodasemana.com\/site\/wp-json\/wp\/v2\/media?parent=26325"}],"wp:term":[{"taxonomy":"category","embeddable":true,"href":"https:\/\/correiodasemana.com\/site\/wp-json\/wp\/v2\/categories?post=26325"},{"taxonomy":"post_tag","embeddable":true,"href":"https:\/\/correiodasemana.com\/site\/wp-json\/wp\/v2\/tags?post=26325"}],"curies":[{"name":"wp","href":"https:\/\/api.w.org\/{rel}","templated":true}]}}