{"id":26337,"date":"2023-08-27T21:56:09","date_gmt":"2023-08-28T00:56:09","guid":{"rendered":"https:\/\/correiodasemana.com\/site\/?p=26337"},"modified":"2023-08-27T21:56:09","modified_gmt":"2023-08-28T00:56:09","slug":"dom-vasconcelos-preside-missa-de-ordenacao-diaconal-do-seminarista-welington-pinto","status":"publish","type":"post","link":"https:\/\/correiodasemana.com\/site\/dom-vasconcelos-preside-missa-de-ordenacao-diaconal-do-seminarista-welington-pinto\/","title":{"rendered":"Dom Vasconcelos preside missa de Ordena\u00e7\u00e3o Diaconal do Seminarista Welington Pinto"},"content":{"rendered":"<div id='gallery-1' class='gallery galleryid-26337 gallery-columns-6 gallery-size-thumbnail'><figure class='gallery-item'>\n\t\t\t<div class='gallery-icon landscape'>\n\t\t\t\t<a href='https:\/\/correiodasemana.com\/site\/dom-vasconcelos-preside-missa-de-ordenacao-diaconal-do-seminarista-welington-pinto\/_dsc5739\/'><img loading=\"lazy\" width=\"150\" height=\"150\" src=\"https:\/\/correiodasemana.com\/site\/wp-content\/uploads\/2023\/08\/DSC5739-150x150.jpg\" class=\"attachment-thumbnail size-thumbnail\" alt=\"_DSC5739\" loading=\"lazy\" decoding=\"async\" \/><\/a>\n\t\t\t<\/div><\/figure><figure class='gallery-item'>\n\t\t\t<div class='gallery-icon landscape'>\n\t\t\t\t<a href='https:\/\/correiodasemana.com\/site\/dom-vasconcelos-preside-missa-de-ordenacao-diaconal-do-seminarista-welington-pinto\/_dsc5743\/'><img loading=\"lazy\" width=\"150\" height=\"150\" src=\"https:\/\/correiodasemana.com\/site\/wp-content\/uploads\/2023\/08\/DSC5743-150x150.jpg\" class=\"attachment-thumbnail size-thumbnail\" alt=\"_DSC5743\" loading=\"lazy\" decoding=\"async\" \/><\/a>\n\t\t\t<\/div><\/figure><figure class='gallery-item'>\n\t\t\t<div class='gallery-icon landscape'>\n\t\t\t\t<a href='https:\/\/correiodasemana.com\/site\/dom-vasconcelos-preside-missa-de-ordenacao-diaconal-do-seminarista-welington-pinto\/_dsc5760\/'><img loading=\"lazy\" width=\"150\" height=\"150\" src=\"https:\/\/correiodasemana.com\/site\/wp-content\/uploads\/2023\/08\/DSC5760-150x150.jpg\" class=\"attachment-thumbnail size-thumbnail\" alt=\"_DSC5760\" loading=\"lazy\" decoding=\"async\" \/><\/a>\n\t\t\t<\/div><\/figure><figure class='gallery-item'>\n\t\t\t<div class='gallery-icon landscape'>\n\t\t\t\t<a href='https:\/\/correiodasemana.com\/site\/dom-vasconcelos-preside-missa-de-ordenacao-diaconal-do-seminarista-welington-pinto\/_dsc5767\/'><img loading=\"lazy\" width=\"150\" height=\"150\" src=\"https:\/\/correiodasemana.com\/site\/wp-content\/uploads\/2023\/08\/DSC5767-150x150.jpg\" class=\"attachment-thumbnail size-thumbnail\" alt=\"_DSC5767\" loading=\"lazy\" decoding=\"async\" \/><\/a>\n\t\t\t<\/div><\/figure><figure class='gallery-item'>\n\t\t\t<div class='gallery-icon landscape'>\n\t\t\t\t<a href='https:\/\/correiodasemana.com\/site\/dom-vasconcelos-preside-missa-de-ordenacao-diaconal-do-seminarista-welington-pinto\/_dsc5862\/'><img loading=\"lazy\" width=\"150\" height=\"150\" src=\"https:\/\/correiodasemana.com\/site\/wp-content\/uploads\/2023\/08\/DSC5862-150x150.jpg\" class=\"attachment-thumbnail size-thumbnail\" alt=\"_DSC5862\" loading=\"lazy\" decoding=\"async\" \/><\/a>\n\t\t\t<\/div><\/figure><figure class='gallery-item'>\n\t\t\t<div class='gallery-icon landscape'>\n\t\t\t\t<a href='https:\/\/correiodasemana.com\/site\/dom-vasconcelos-preside-missa-de-ordenacao-diaconal-do-seminarista-welington-pinto\/_dsc5961\/'><img loading=\"lazy\" width=\"150\" height=\"150\" src=\"https:\/\/correiodasemana.com\/site\/wp-content\/uploads\/2023\/08\/DSC5961-150x150.jpg\" class=\"attachment-thumbnail size-thumbnail\" alt=\"_DSC5961\" loading=\"lazy\" decoding=\"async\" \/><\/a>\n\t\t\t<\/div><\/figure><figure class='gallery-item'>\n\t\t\t<div class='gallery-icon landscape'>\n\t\t\t\t<a href='https:\/\/correiodasemana.com\/site\/dom-vasconcelos-preside-missa-de-ordenacao-diaconal-do-seminarista-welington-pinto\/_dsc5973\/'><img loading=\"lazy\" width=\"150\" height=\"150\" src=\"https:\/\/correiodasemana.com\/site\/wp-content\/uploads\/2023\/08\/DSC5973-150x150.jpg\" class=\"attachment-thumbnail size-thumbnail\" alt=\"_DSC5973\" loading=\"lazy\" decoding=\"async\" \/><\/a>\n\t\t\t<\/div><\/figure><figure class='gallery-item'>\n\t\t\t<div class='gallery-icon landscape'>\n\t\t\t\t<a href='https:\/\/correiodasemana.com\/site\/dom-vasconcelos-preside-missa-de-ordenacao-diaconal-do-seminarista-welington-pinto\/_dsc5992\/'><img loading=\"lazy\" width=\"150\" height=\"150\" src=\"https:\/\/correiodasemana.com\/site\/wp-content\/uploads\/2023\/08\/DSC5992-150x150.jpg\" class=\"attachment-thumbnail size-thumbnail\" alt=\"_DSC5992\" loading=\"lazy\" decoding=\"async\" \/><\/a>\n\t\t\t<\/div><\/figure><figure class='gallery-item'>\n\t\t\t<div class='gallery-icon landscape'>\n\t\t\t\t<a href='https:\/\/correiodasemana.com\/site\/dom-vasconcelos-preside-missa-de-ordenacao-diaconal-do-seminarista-welington-pinto\/_dsc6053\/'><img loading=\"lazy\" width=\"150\" height=\"150\" src=\"https:\/\/correiodasemana.com\/site\/wp-content\/uploads\/2023\/08\/DSC6053-150x150.jpg\" class=\"attachment-thumbnail size-thumbnail\" alt=\"_DSC6053\" loading=\"lazy\" decoding=\"async\" \/><\/a>\n\t\t\t<\/div><\/figure><figure class='gallery-item'>\n\t\t\t<div class='gallery-icon landscape'>\n\t\t\t\t<a href='https:\/\/correiodasemana.com\/site\/dom-vasconcelos-preside-missa-de-ordenacao-diaconal-do-seminarista-welington-pinto\/_dsc6076\/'><img loading=\"lazy\" width=\"150\" height=\"150\" src=\"https:\/\/correiodasemana.com\/site\/wp-content\/uploads\/2023\/08\/DSC6076-150x150.jpg\" class=\"attachment-thumbnail size-thumbnail\" alt=\"_DSC6076\" loading=\"lazy\" decoding=\"async\" \/><\/a>\n\t\t\t<\/div><\/figure><figure class='gallery-item'>\n\t\t\t<div class='gallery-icon landscape'>\n\t\t\t\t<a href='https:\/\/correiodasemana.com\/site\/dom-vasconcelos-preside-missa-de-ordenacao-diaconal-do-seminarista-welington-pinto\/_dsc6155\/'><img loading=\"lazy\" width=\"150\" height=\"150\" src=\"https:\/\/correiodasemana.com\/site\/wp-content\/uploads\/2023\/08\/DSC6155-150x150.jpg\" class=\"attachment-thumbnail size-thumbnail\" alt=\"_DSC6155\" loading=\"lazy\" decoding=\"async\" \/><\/a>\n\t\t\t<\/div><\/figure><figure class='gallery-item'>\n\t\t\t<div class='gallery-icon landscape'>\n\t\t\t\t<a href='https:\/\/correiodasemana.com\/site\/dom-vasconcelos-preside-missa-de-ordenacao-diaconal-do-seminarista-welington-pinto\/_dsc6168\/'><img loading=\"lazy\" width=\"150\" height=\"150\" src=\"https:\/\/correiodasemana.com\/site\/wp-content\/uploads\/2023\/08\/DSC6168-150x150.jpg\" class=\"attachment-thumbnail size-thumbnail\" alt=\"_DSC6168\" loading=\"lazy\" decoding=\"async\" \/><\/a>\n\t\t\t<\/div><\/figure><figure class='gallery-item'>\n\t\t\t<div class='gallery-icon landscape'>\n\t\t\t\t<a href='https:\/\/correiodasemana.com\/site\/dom-vasconcelos-preside-missa-de-ordenacao-diaconal-do-seminarista-welington-pinto\/_dsc6332\/'><img loading=\"lazy\" width=\"150\" height=\"150\" src=\"https:\/\/correiodasemana.com\/site\/wp-content\/uploads\/2023\/08\/DSC6332-150x150.jpg\" class=\"attachment-thumbnail size-thumbnail\" alt=\"_DSC6332\" loading=\"lazy\" decoding=\"async\" \/><\/a>\n\t\t\t<\/div><\/figure><figure class='gallery-item'>\n\t\t\t<div class='gallery-icon landscape'>\n\t\t\t\t<a href='https:\/\/correiodasemana.com\/site\/dom-vasconcelos-preside-missa-de-ordenacao-diaconal-do-seminarista-welington-pinto\/_dsc6377\/'><img loading=\"lazy\" width=\"150\" height=\"150\" src=\"https:\/\/correiodasemana.com\/site\/wp-content\/uploads\/2023\/08\/DSC6377-150x150.jpg\" class=\"attachment-thumbnail size-thumbnail\" alt=\"_DSC6377\" loading=\"lazy\" decoding=\"async\" \/><\/a>\n\t\t\t<\/div><\/figure><figure class='gallery-item'>\n\t\t\t<div class='gallery-icon landscape'>\n\t\t\t\t<a href='https:\/\/correiodasemana.com\/site\/dom-vasconcelos-preside-missa-de-ordenacao-diaconal-do-seminarista-welington-pinto\/_dsc6445\/'><img loading=\"lazy\" width=\"150\" height=\"150\" src=\"https:\/\/correiodasemana.com\/site\/wp-content\/uploads\/2023\/08\/DSC6445-150x150.jpg\" class=\"attachment-thumbnail size-thumbnail\" alt=\"_DSC6445\" loading=\"lazy\" decoding=\"async\" \/><\/a>\n\t\t\t<\/div><\/figure><figure class='gallery-item'>\n\t\t\t<div class='gallery-icon landscape'>\n\t\t\t\t<a href='https:\/\/correiodasemana.com\/site\/dom-vasconcelos-preside-missa-de-ordenacao-diaconal-do-seminarista-welington-pinto\/_dsc6513\/'><img loading=\"lazy\" width=\"150\" height=\"150\" src=\"https:\/\/correiodasemana.com\/site\/wp-content\/uploads\/2023\/08\/DSC6513-150x150.jpg\" class=\"attachment-thumbnail size-thumbnail\" alt=\"_DSC6513\" loading=\"lazy\" decoding=\"async\" \/><\/a>\n\t\t\t<\/div><\/figure><figure class='gallery-item'>\n\t\t\t<div class='gallery-icon landscape'>\n\t\t\t\t<a href='https:\/\/correiodasemana.com\/site\/dom-vasconcelos-preside-missa-de-ordenacao-diaconal-do-seminarista-welington-pinto\/_dsc6536\/'><img loading=\"lazy\" width=\"150\" height=\"150\" src=\"https:\/\/correiodasemana.com\/site\/wp-content\/uploads\/2023\/08\/DSC6536-150x150.jpg\" class=\"attachment-thumbnail size-thumbnail\" alt=\"_DSC6536\" loading=\"lazy\" decoding=\"async\" \/><\/a>\n\t\t\t<\/div><\/figure><figure class='gallery-item'>\n\t\t\t<div class='gallery-icon landscape'>\n\t\t\t\t<a href='https:\/\/correiodasemana.com\/site\/dom-vasconcelos-preside-missa-de-ordenacao-diaconal-do-seminarista-welington-pinto\/_dsc6991\/'><img loading=\"lazy\" width=\"150\" height=\"150\" src=\"https:\/\/correiodasemana.com\/site\/wp-content\/uploads\/2023\/08\/DSC6991-150x150.jpg\" class=\"attachment-thumbnail size-thumbnail\" alt=\"_DSC6991\" loading=\"lazy\" decoding=\"async\" \/><\/a>\n\t\t\t<\/div><\/figure><figure class='gallery-item'>\n\t\t\t<div class='gallery-icon landscape'>\n\t\t\t\t<a href='https:\/\/correiodasemana.com\/site\/dom-vasconcelos-preside-missa-de-ordenacao-diaconal-do-seminarista-welington-pinto\/_dsc7019\/'><img loading=\"lazy\" width=\"150\" height=\"150\" src=\"https:\/\/correiodasemana.com\/site\/wp-content\/uploads\/2023\/08\/DSC7019-150x150.jpg\" class=\"attachment-thumbnail size-thumbnail\" alt=\"_DSC7019\" loading=\"lazy\" decoding=\"async\" \/><\/a>\n\t\t\t<\/div><\/figure><figure class='gallery-item'>\n\t\t\t<div class='gallery-icon landscape'>\n\t\t\t\t<a href='https:\/\/correiodasemana.com\/site\/dom-vasconcelos-preside-missa-de-ordenacao-diaconal-do-seminarista-welington-pinto\/_dsc7043\/'><img loading=\"lazy\" width=\"150\" height=\"150\" src=\"https:\/\/correiodasemana.com\/site\/wp-content\/uploads\/2023\/08\/DSC7043-150x150.jpg\" class=\"attachment-thumbnail size-thumbnail\" alt=\"_DSC7043\" loading=\"lazy\" decoding=\"async\" \/><\/a>\n\t\t\t<\/div><\/figure>\n\t\t<\/div>\n\n<p>Par\u00f3quia de Nossa Senhora do Perp\u00e9tuo Socorro em Massap\u00ea ficou pequena para a solene celebra\u00e7\u00e3o eucar\u00edstica de ordena\u00e7\u00e3o diaconal do seminarista Francisco Welington Pinto Silva na \u00faltima ter\u00e7a-feira, 22\/08, dia este em que a igreja celebrou a solenidade de Nossa Senhora Rainha dos Anjos.<br \/>\nDesde a\u00a0Tradi\u00e7\u00e3o Apost\u00f3lica, o di\u00e1cono \u00e9 aquele que ajuda a comunidade a traduzir a liturgia celebrada para a vida cotidiana, ocupando-se, sobretudo, com a necessidade dos mais pobres. Seu of\u00edcio se fundamenta a partir do\u00a0exerc\u00edcio da caridade, no qual ele se esfor\u00e7a para compreender a\u00a0Palavra e a Liturgia\u00a0a partir do\u00a0minist\u00e9rio do servi\u00e7o. O\u00a0rito de Ordena\u00e7\u00e3o\u00a0manifesta a natureza e a miss\u00e3o do di\u00e1cono, para que movido pelo exemplo de Jesus, ele exer\u00e7a o amor sincero, a solicitude para com os pobres e os enfermos, a autoridade discreta, a simplicidade de cora\u00e7\u00e3o e uma vida segundo o Esp\u00edrito Santo. Nesse sentido, o di\u00e1cono torna-se um\u00a0prolongador da miss\u00e3o do Senhor, continuando o servi\u00e7o da caridade iniciado por Ele.<br \/>\nMais de quarenta padres, religiosas, seminaristas, caravanas da par\u00f3quia de Meruoca, local este em que o vocacionado faz est\u00e1gio pastoral, e o povo Massapeense, estiveram presentes na solenidade que foi presidida por Dom Vasconcelos, bispo diocesano. Ao som da marcha da igreja cat\u00f3lica, o vocacionado adentrou a igreja acompanhado de seus av\u00f3s maternos, seu pai e demais familiares.<br \/>\nTendo sido proclamado o evangelho de Jesus Cristo, deu in\u00edcio ao rito pr\u00f3prio da ordena\u00e7\u00e3o diaconal, na qual atrav\u00e9s do di\u00e1cono permanente, Edmar Filho, a igreja pediu que se aproximasse o convocado por Deus para o minist\u00e9rio do diaconato, em seguida, Dom Vasconcelos interrogou o reitor do semin\u00e1rio de Teologia, Pe. Eudes Cruz, sobre a aptid\u00e3o do seminarista ao minist\u00e9rio que deu o seu parecer em nome de toda a forma\u00e7\u00e3o.<br \/>\nNa homilia, o Sr. Bispo relatou que ap\u00f3s a solenidade da assun\u00e7\u00e3o de Maria, a santa m\u00e3e igreja celebra a mem\u00f3ria de sua coroa\u00e7\u00e3o como rainha do c\u00e9u e da terra, assim como a virgem Maria foi reconhecida e declarada m\u00e3e de Deus, este Deus \u00e9 rei do universo, e igualmente podemos chamar nossa senhora de m\u00e3e e rainha, pois in\u00fameros s\u00e3o os t\u00edtulos atribu\u00eddos a Maria m\u00e3e de Jesus e nossa, mas o evangelho proclamado neste dia mostrou que o t\u00edtulo que ela escolheu para si foi o de serva do senhor. \u00c9 no discernimento de fazer a vontade do pai que a gra\u00e7a de Deus se manifesta e impulsiona para a miss\u00e3o.<br \/>\n\u201cCom o tema do ano vocacional: \u201cVoca\u00e7\u00e3o, gra\u00e7a e miss\u00e3o\u201d, e o lema: \u201cCora\u00e7\u00f5es ardentes e p\u00e9s a caminho\u201d, \u00e9 a gra\u00e7a de Deus que concede a todos os vocacionados a for\u00e7a, determina\u00e7\u00e3o, desejo e o poder de permitir que arda nos cora\u00e7\u00f5es uma chama de amor a Deus e a sua vontade, maior do que um amor a qualquer outra criatura. Estamos para ordenar di\u00e1cono este nosso filho, filho desta comunidade paroquial, que hoje se alegra com esse acontecimento, fortalecido pelo esp\u00edrito santo, dever\u00e1 ele ajudar o bispo e seu presbit\u00e9rio no servi\u00e7o da palavra, altar, e da caridade, mostrando-se servo de todos, como ministro do altar ir\u00e1 proclamar o evangelho, preparar o sacrif\u00edcio e repartir entre os fi\u00e9is o corpo e o sangue do senhor\u201d, disse.<br \/>\nAp\u00f3s a homilia, o rito deu continuidade com o prop\u00f3sito manifestado pelo candidato ao diaconato diante do bispo diocesano e toda a assembleia. Como gesto de despojamento e entrega total, o seminarista prostrou-se enquanto o povo presente rezava e cantava a ladainha de todos os santos. Em seguida, o novo di\u00e1cono foi revestido por Pe. Emanuel Franklin, p\u00e1roco da Par\u00f3quia de Massap\u00ea e por Pe. F\u00e1bio Soares, p\u00e1roco da Par\u00f3quia de Meruoca. Por fim, houve a entrega do livro dos evangelhos. Como di\u00e1cono, Welington agora passa a fazer parte do clero diocesano e foi acolhido por Dom Vasconcelos e pelos di\u00e1conos: Adalberto e Edmar Filho.<br \/>\nO di\u00e1cono Weligton agradeceu a todos os envolvidos na solene ordena\u00e7\u00e3o, bem como a sua fam\u00edlia e a todos os que desde crian\u00e7a o influenciaram a aproximar-se e aprofundar-se na igreja cat\u00f3lica. Aos paroquianos, ao p\u00e1roco Pe. Emanuel Franklin, ao Pe. F\u00e1bio Soares pela acolhida e fraternidade durante todo este per\u00edodo de est\u00e1gio. Sem esquecer de seu pastor, o di\u00e1cono agradeceu a Dom Vasconcelos por toda sua paternidade e zelo.<br \/>\nAo final da celebra\u00e7\u00e3o foi anunciado a ordena\u00e7\u00e3o presbiteral, do di\u00e1cono Adalberto, filho da terra de Massap\u00ea em Padre Linhares, que ser\u00e1 no dia 18 de outubro na S\u00c9 Catedral de Nossa Senhora da Concei\u00e7\u00e3o.<br \/>\nThais Helena<br \/>\nReda\u00e7\u00e3o Jornal Correio da Semana<\/p>\n","protected":false},"excerpt":{"rendered":"<p>Par\u00f3quia de Nossa Senhora do Perp\u00e9tuo Socorro em Massap\u00ea ficou pequena para a solene celebra\u00e7\u00e3o&#8230;<\/p>\n","protected":false},"author":7,"featured_media":26356,"comment_status":"open","ping_status":"open","sticky":false,"template":"","format":"standard","meta":{"_jetpack_memberships_contains_paid_content":false,"footnotes":"","jetpack_publicize_message":"","jetpack_publicize_feature_enabled":true,"jetpack_social_post_already_shared":true,"jetpack_social_options":{"image_generator_settings":{"template":"highway","default_image_id":0,"font":"","enabled":false},"version":2}},"categories":[1],"tags":[],"class_list":["post-26337","post","type-post","status-publish","format-standard","has-post-thumbnail","hentry","category-atualidade"],"jetpack_publicize_connections":[],"jetpack_featured_media_url":"https:\/\/correiodasemana.com\/site\/wp-content\/uploads\/2023\/08\/DSC7019.jpg","jetpack-related-posts":[{"id":26234,"url":"https:\/\/correiodasemana.com\/site\/em-meruoca-seminarista-welington-e-admitido-as-ordens-sacras\/","url_meta":{"origin":26337,"position":0},"title":"Em Meruoca, Seminarista Welington \u00e9 admitido \u00e0s Ordens Sacras","author":"adminredacao","date":"Agosto 21, 2023","format":false,"excerpt":"O bispo diocesano, Dom Vasconcelos, celebrou solenemente a Santa Missa com rito de Admiss\u00e3o \u00e0s Ordens Sacras, do seminarista Francisco Welington Pinto Silva na igreja matriz de Nossa Senhora da Concei\u00e7\u00e3o em Meruoca na noite da \u00faltima quinta-feira, 17\/08. De acordo com o\u00a0Cerimonial dos Bispos\u00a0(n. 479), \u201co rito de admiss\u00e3o\u2026","rel":"","context":"In &quot;Atualidade&quot;","block_context":{"text":"Atualidade","link":"https:\/\/correiodasemana.com\/site\/category\/atualidade\/"},"img":{"alt_text":"","src":"https:\/\/i0.wp.com\/correiodasemana.com\/site\/wp-content\/uploads\/2023\/08\/Pe.-Fabio-Soares-Dom-Vasconcelos-Seminarista-Welington-e-Pe.-Samoel-Melo.jpeg?resize=350%2C200&ssl=1","width":350,"height":200,"srcset":"https:\/\/i0.wp.com\/correiodasemana.com\/site\/wp-content\/uploads\/2023\/08\/Pe.-Fabio-Soares-Dom-Vasconcelos-Seminarista-Welington-e-Pe.-Samoel-Melo.jpeg?resize=350%2C200&ssl=1 1x, https:\/\/i0.wp.com\/correiodasemana.com\/site\/wp-content\/uploads\/2023\/08\/Pe.-Fabio-Soares-Dom-Vasconcelos-Seminarista-Welington-e-Pe.-Samoel-Melo.jpeg?resize=525%2C300&ssl=1 1.5x, https:\/\/i0.wp.com\/correiodasemana.com\/site\/wp-content\/uploads\/2023\/08\/Pe.-Fabio-Soares-Dom-Vasconcelos-Seminarista-Welington-e-Pe.-Samoel-Melo.jpeg?resize=700%2C400&ssl=1 2x, https:\/\/i0.wp.com\/correiodasemana.com\/site\/wp-content\/uploads\/2023\/08\/Pe.-Fabio-Soares-Dom-Vasconcelos-Seminarista-Welington-e-Pe.-Samoel-Melo.jpeg?resize=1050%2C600&ssl=1 3x, https:\/\/i0.wp.com\/correiodasemana.com\/site\/wp-content\/uploads\/2023\/08\/Pe.-Fabio-Soares-Dom-Vasconcelos-Seminarista-Welington-e-Pe.-Samoel-Melo.jpeg?resize=1400%2C800&ssl=1 4x"},"classes":[]},{"id":18711,"url":"https:\/\/correiodasemana.com\/site\/seminarista-bruno-araujo-e-ordenado-diacono-em-acarau-ce\/","url_meta":{"origin":26337,"position":1},"title":"Seminarista Bruno Ara\u00fajo, \u00e9 ordenado Di\u00e1cono em Acara\u00fa\/CE","author":"","date":"Janeiro 31, 2022","format":false,"excerpt":"Por Thais Helena (Reda\u00e7\u00e3o Correio da Semana) \u2013 O dia 22 de janeiro, ficou marcado na mem\u00f3ria e no cora\u00e7\u00e3o da Diocese de Sobral por mais uma Ordena\u00e7\u00e3o Diaconal. Desta vez, o seminarista Bruno de Ara\u00fajo Albino Furtado, foi ordenado di\u00e1cono na Matriz de Acara\u00fa\/CE. O bispo diocesano de Sobral,\u2026","rel":"","context":"In &quot;Atualidade&quot;","block_context":{"text":"Atualidade","link":"https:\/\/correiodasemana.com\/site\/category\/atualidade\/"},"img":{"alt_text":"","src":"https:\/\/i0.wp.com\/correiodasemana.com\/site\/wp-content\/uploads\/2022\/01\/novos-diaconos-diocese-de-sobral-6.jpg?resize=350%2C200&ssl=1","width":350,"height":200,"srcset":"https:\/\/i0.wp.com\/correiodasemana.com\/site\/wp-content\/uploads\/2022\/01\/novos-diaconos-diocese-de-sobral-6.jpg?resize=350%2C200&ssl=1 1x, https:\/\/i0.wp.com\/correiodasemana.com\/site\/wp-content\/uploads\/2022\/01\/novos-diaconos-diocese-de-sobral-6.jpg?resize=525%2C300&ssl=1 1.5x, https:\/\/i0.wp.com\/correiodasemana.com\/site\/wp-content\/uploads\/2022\/01\/novos-diaconos-diocese-de-sobral-6.jpg?resize=700%2C400&ssl=1 2x"},"classes":[]},{"id":20853,"url":"https:\/\/correiodasemana.com\/site\/igreja-diocesana-celebra-a-ordenacao-diaconal-do-seminarista-adalberto\/","url_meta":{"origin":26337,"position":2},"title":"Igreja Diocesana celebra a Ordena\u00e7\u00e3o Diaconal do Seminarista Adalberto","author":"","date":"Agosto 29, 2022","format":false,"excerpt":"(Thais Helena \u2013 Reda\u00e7\u00e3o Correio da Semana) A Par\u00f3quia S\u00e3o Luiz Gonzaga, de Padre Linhares em Massap\u00ea, ficou pequena para a Missa Solene de Ordena\u00e7\u00e3o Diaconal do Seminarista Adalberto Menezes do Nascimento na \u00faltima segunda-feira, dia 22 de agosto. A celebra\u00e7\u00e3o foi presidida pelo bispo diocesano, Dom Jos\u00e9 Luiz Gomes\u2026","rel":"","context":"In &quot;Atualidade&quot;","block_context":{"text":"Atualidade","link":"https:\/\/correiodasemana.com\/site\/category\/atualidade\/"},"img":{"alt_text":"","src":"https:\/\/i0.wp.com\/correiodasemana.com\/site\/wp-content\/uploads\/2022\/08\/Ordenacao-Diaconal-do-Seminarista-Adalberto-5.jpeg?resize=350%2C200&ssl=1","width":350,"height":200,"srcset":"https:\/\/i0.wp.com\/correiodasemana.com\/site\/wp-content\/uploads\/2022\/08\/Ordenacao-Diaconal-do-Seminarista-Adalberto-5.jpeg?resize=350%2C200&ssl=1 1x, https:\/\/i0.wp.com\/correiodasemana.com\/site\/wp-content\/uploads\/2022\/08\/Ordenacao-Diaconal-do-Seminarista-Adalberto-5.jpeg?resize=525%2C300&ssl=1 1.5x, https:\/\/i0.wp.com\/correiodasemana.com\/site\/wp-content\/uploads\/2022\/08\/Ordenacao-Diaconal-do-Seminarista-Adalberto-5.jpeg?resize=700%2C400&ssl=1 2x"},"classes":[]},{"id":34911,"url":"https:\/\/correiodasemana.com\/site\/em-tudo-amar-e-servir-ygor-leonardo-e-ordenado-diacono-em-noite-de-fe-e-emocao\/","url_meta":{"origin":26337,"position":3},"title":"\u201cEm tudo, amar e servir\u201d: Ygor Leonardo \u00e9 ordenado di\u00e1cono em noite de f\u00e9 e emo\u00e7\u00e3o","author":"adminredacao","date":"Agosto 4, 2025","format":false,"excerpt":"Na noite do dia 31 de julho, mem\u00f3ria lit\u00fargica de Santo In\u00e1cio de Loyola, a emo\u00e7\u00e3o tomou conta da Diocese de Sobral. Unida ao munic\u00edpio de Meruoca, a Igreja celebrou com alegria a Ordena\u00e7\u00e3o Diaconal de Ygor Leonardo, realizada na pra\u00e7a da Igreja Matriz. A celebra\u00e7\u00e3o contou com a presen\u00e7a\u2026","rel":"","context":"In &quot;Atualidade&quot;","block_context":{"text":"Atualidade","link":"https:\/\/correiodasemana.com\/site\/category\/atualidade\/"},"img":{"alt_text":"","src":"https:\/\/i0.wp.com\/correiodasemana.com\/site\/wp-content\/uploads\/2025\/08\/WhatsApp-Image-2025-08-02-at-17.53.39-scaled.jpeg?resize=350%2C200&ssl=1","width":350,"height":200,"srcset":"https:\/\/i0.wp.com\/correiodasemana.com\/site\/wp-content\/uploads\/2025\/08\/WhatsApp-Image-2025-08-02-at-17.53.39-scaled.jpeg?resize=350%2C200&ssl=1 1x, https:\/\/i0.wp.com\/correiodasemana.com\/site\/wp-content\/uploads\/2025\/08\/WhatsApp-Image-2025-08-02-at-17.53.39-scaled.jpeg?resize=525%2C300&ssl=1 1.5x, https:\/\/i0.wp.com\/correiodasemana.com\/site\/wp-content\/uploads\/2025\/08\/WhatsApp-Image-2025-08-02-at-17.53.39-scaled.jpeg?resize=700%2C400&ssl=1 2x, https:\/\/i0.wp.com\/correiodasemana.com\/site\/wp-content\/uploads\/2025\/08\/WhatsApp-Image-2025-08-02-at-17.53.39-scaled.jpeg?resize=1050%2C600&ssl=1 3x, https:\/\/i0.wp.com\/correiodasemana.com\/site\/wp-content\/uploads\/2025\/08\/WhatsApp-Image-2025-08-02-at-17.53.39-scaled.jpeg?resize=1400%2C800&ssl=1 4x"},"classes":[]},{"id":11573,"url":"https:\/\/correiodasemana.com\/site\/missa-solene-da-ordenacao-diaconal-de-ronaldo-marques-da-costa\/","url_meta":{"origin":26337,"position":4},"title":"Missa solene da Ordena\u00e7\u00e3o Diaconal de Ronaldo Marques da Costa","author":"","date":"Julho 2, 2020","format":false,"excerpt":"Diante das medidas de enfrentamento da pandemia, a missa foi celebrada com a igreja de portas fechadas, apenas com a presen\u00e7a de coroinhas, seminaristas e dos padres Por Priscila Duarte Aconteceu na noite de segunda-feira (29) na par\u00f3quia de Nossa Senhora da Concei\u00e7\u00e3o, em Bela Cruz, a celebra\u00e7\u00e3o eucar\u00edstica realizada\u2026","rel":"","context":"In &quot;Atualidade&quot;","block_context":{"text":"Atualidade","link":"https:\/\/correiodasemana.com\/site\/category\/atualidade\/"},"img":{"alt_text":"","src":"https:\/\/i0.wp.com\/correiodasemana.com\/site\/wp-content\/uploads\/2020\/07\/DSC7830-scaled.jpg?resize=350%2C200&ssl=1","width":350,"height":200,"srcset":"https:\/\/i0.wp.com\/correiodasemana.com\/site\/wp-content\/uploads\/2020\/07\/DSC7830-scaled.jpg?resize=350%2C200&ssl=1 1x, https:\/\/i0.wp.com\/correiodasemana.com\/site\/wp-content\/uploads\/2020\/07\/DSC7830-scaled.jpg?resize=525%2C300&ssl=1 1.5x, https:\/\/i0.wp.com\/correiodasemana.com\/site\/wp-content\/uploads\/2020\/07\/DSC7830-scaled.jpg?resize=700%2C400&ssl=1 2x, https:\/\/i0.wp.com\/correiodasemana.com\/site\/wp-content\/uploads\/2020\/07\/DSC7830-scaled.jpg?resize=1050%2C600&ssl=1 3x, https:\/\/i0.wp.com\/correiodasemana.com\/site\/wp-content\/uploads\/2020\/07\/DSC7830-scaled.jpg?resize=1400%2C800&ssl=1 4x"},"classes":[]},{"id":31185,"url":"https:\/\/correiodasemana.com\/site\/gefeson-luiz-e-ordenado-diacono-transitorio-em-carire\/","url_meta":{"origin":26337,"position":5},"title":"Gefeson Luiz \u00e9 ordenado di\u00e1cono transit\u00f3rio em Carir\u00e9","author":"adminredacao","date":"Novembro 3, 2024","format":false,"excerpt":"O bispo diocesano de Sobral, Dom Jos\u00e9 Luiz Gomes de Vasconcelos, presidiu na \u00faltima quarta-feira, 23 de outubro, a Missa Solene de Ordena\u00e7\u00e3o Diaconal do seminarista Gefeson Luiz Chaves Rocha, na igreja matriz de Santo Ant\u00f4nio de P\u00e1dua em Carir\u00e9. O Sacramento da Ordem, em seus tr\u00eas graus distintos, confere\u2026","rel":"","context":"In &quot;Atualidade&quot;","block_context":{"text":"Atualidade","link":"https:\/\/correiodasemana.com\/site\/category\/atualidade\/"},"img":{"alt_text":"","src":"https:\/\/i0.wp.com\/correiodasemana.com\/site\/wp-content\/uploads\/2024\/11\/DSC_4972.jpg?resize=350%2C200&ssl=1","width":350,"height":200,"srcset":"https:\/\/i0.wp.com\/correiodasemana.com\/site\/wp-content\/uploads\/2024\/11\/DSC_4972.jpg?resize=350%2C200&ssl=1 1x, https:\/\/i0.wp.com\/correiodasemana.com\/site\/wp-content\/uploads\/2024\/11\/DSC_4972.jpg?resize=525%2C300&ssl=1 1.5x, https:\/\/i0.wp.com\/correiodasemana.com\/site\/wp-content\/uploads\/2024\/11\/DSC_4972.jpg?resize=700%2C400&ssl=1 2x, https:\/\/i0.wp.com\/correiodasemana.com\/site\/wp-content\/uploads\/2024\/11\/DSC_4972.jpg?resize=1050%2C600&ssl=1 3x, https:\/\/i0.wp.com\/correiodasemana.com\/site\/wp-content\/uploads\/2024\/11\/DSC_4972.jpg?resize=1400%2C800&ssl=1 4x"},"classes":[]}],"jetpack_sharing_enabled":true,"_links":{"self":[{"href":"https:\/\/correiodasemana.com\/site\/wp-json\/wp\/v2\/posts\/26337","targetHints":{"allow":["GET"]}}],"collection":[{"href":"https:\/\/correiodasemana.com\/site\/wp-json\/wp\/v2\/posts"}],"about":[{"href":"https:\/\/correiodasemana.com\/site\/wp-json\/wp\/v2\/types\/post"}],"author":[{"embeddable":true,"href":"https:\/\/correiodasemana.com\/site\/wp-json\/wp\/v2\/users\/7"}],"replies":[{"embeddable":true,"href":"https:\/\/correiodasemana.com\/site\/wp-json\/wp\/v2\/comments?post=26337"}],"version-history":[{"count":1,"href":"https:\/\/correiodasemana.com\/site\/wp-json\/wp\/v2\/posts\/26337\/revisions"}],"predecessor-version":[{"id":26358,"href":"https:\/\/correiodasemana.com\/site\/wp-json\/wp\/v2\/posts\/26337\/revisions\/26358"}],"wp:featuredmedia":[{"embeddable":true,"href":"https:\/\/correiodasemana.com\/site\/wp-json\/wp\/v2\/media\/26356"}],"wp:attachment":[{"href":"https:\/\/correiodasemana.com\/site\/wp-json\/wp\/v2\/media?parent=26337"}],"wp:term":[{"taxonomy":"category","embeddable":true,"href":"https:\/\/correiodasemana.com\/site\/wp-json\/wp\/v2\/categories?post=26337"},{"taxonomy":"post_tag","embeddable":true,"href":"https:\/\/correiodasemana.com\/site\/wp-json\/wp\/v2\/tags?post=26337"}],"curies":[{"name":"wp","href":"https:\/\/api.w.org\/{rel}","templated":true}]}}