{"id":26413,"date":"2023-09-04T18:35:28","date_gmt":"2023-09-04T21:35:28","guid":{"rendered":"https:\/\/correiodasemana.com\/site\/?p=26413"},"modified":"2023-09-04T18:35:28","modified_gmt":"2023-09-04T21:35:28","slug":"novos-imortais-tomam-posse-na-academia-massapeense-de-letras-e-artes","status":"publish","type":"post","link":"https:\/\/correiodasemana.com\/site\/novos-imortais-tomam-posse-na-academia-massapeense-de-letras-e-artes\/","title":{"rendered":"Novos imortais tomam Posse na Academia Massapeense de Letras e Artes"},"content":{"rendered":"<div id='gallery-1' class='gallery galleryid-26413 gallery-columns-6 gallery-size-thumbnail'><figure class='gallery-item'>\n\t\t\t<div class='gallery-icon landscape'>\n\t\t\t\t<a href='https:\/\/correiodasemana.com\/site\/novos-imortais-tomam-posse-na-academia-massapeense-de-letras-e-artes\/2cb2f51f-5ec2-4598-99be-92ad687e1f93\/'><img loading=\"lazy\" width=\"150\" height=\"150\" src=\"https:\/\/correiodasemana.com\/site\/wp-content\/uploads\/2023\/09\/2cb2f51f-5ec2-4598-99be-92ad687e1f93-150x150.jpg\" class=\"attachment-thumbnail size-thumbnail\" alt=\"2cb2f51f-5ec2-4598-99be-92ad687e1f93\" loading=\"lazy\" decoding=\"async\" \/><\/a>\n\t\t\t<\/div><\/figure><figure class='gallery-item'>\n\t\t\t<div class='gallery-icon landscape'>\n\t\t\t\t<a href='https:\/\/correiodasemana.com\/site\/novos-imortais-tomam-posse-na-academia-massapeense-de-letras-e-artes\/4afa08c1-43c1-4f4b-b4aa-427651b36f71\/'><img loading=\"lazy\" width=\"150\" height=\"150\" src=\"https:\/\/correiodasemana.com\/site\/wp-content\/uploads\/2023\/09\/4afa08c1-43c1-4f4b-b4aa-427651b36f71-150x150.jpg\" class=\"attachment-thumbnail size-thumbnail\" alt=\"4afa08c1-43c1-4f4b-b4aa-427651b36f71\" loading=\"lazy\" decoding=\"async\" \/><\/a>\n\t\t\t<\/div><\/figure><figure class='gallery-item'>\n\t\t\t<div class='gallery-icon landscape'>\n\t\t\t\t<a href='https:\/\/correiodasemana.com\/site\/novos-imortais-tomam-posse-na-academia-massapeense-de-letras-e-artes\/4c9d4128-b917-4f1c-b1ed-aa66eb23faca\/'><img loading=\"lazy\" width=\"150\" height=\"150\" src=\"https:\/\/correiodasemana.com\/site\/wp-content\/uploads\/2023\/09\/4c9d4128-b917-4f1c-b1ed-aa66eb23faca-150x150.jpg\" class=\"attachment-thumbnail size-thumbnail\" alt=\"4c9d4128-b917-4f1c-b1ed-aa66eb23faca\" loading=\"lazy\" decoding=\"async\" \/><\/a>\n\t\t\t<\/div><\/figure><figure class='gallery-item'>\n\t\t\t<div class='gallery-icon landscape'>\n\t\t\t\t<a href='https:\/\/correiodasemana.com\/site\/novos-imortais-tomam-posse-na-academia-massapeense-de-letras-e-artes\/7ca6858e-125c-4075-a365-792ec1da8908\/'><img loading=\"lazy\" width=\"150\" height=\"150\" src=\"https:\/\/correiodasemana.com\/site\/wp-content\/uploads\/2023\/09\/7ca6858e-125c-4075-a365-792ec1da8908-150x150.jpg\" class=\"attachment-thumbnail size-thumbnail\" alt=\"7ca6858e-125c-4075-a365-792ec1da8908\" loading=\"lazy\" decoding=\"async\" \/><\/a>\n\t\t\t<\/div><\/figure><figure class='gallery-item'>\n\t\t\t<div class='gallery-icon landscape'>\n\t\t\t\t<a href='https:\/\/correiodasemana.com\/site\/novos-imortais-tomam-posse-na-academia-massapeense-de-letras-e-artes\/281455fa-edc6-493e-a37d-da5f9aa07fb6\/'><img loading=\"lazy\" width=\"150\" height=\"150\" src=\"https:\/\/correiodasemana.com\/site\/wp-content\/uploads\/2023\/09\/281455fa-edc6-493e-a37d-da5f9aa07fb6-150x150.jpg\" class=\"attachment-thumbnail size-thumbnail\" alt=\"281455fa-edc6-493e-a37d-da5f9aa07fb6\" loading=\"lazy\" decoding=\"async\" \/><\/a>\n\t\t\t<\/div><\/figure><figure class='gallery-item'>\n\t\t\t<div class='gallery-icon landscape'>\n\t\t\t\t<a href='https:\/\/correiodasemana.com\/site\/novos-imortais-tomam-posse-na-academia-massapeense-de-letras-e-artes\/c1b93152-0262-454c-b7af-05240427845b-1\/'><img loading=\"lazy\" width=\"150\" height=\"150\" src=\"https:\/\/correiodasemana.com\/site\/wp-content\/uploads\/2023\/09\/c1b93152-0262-454c-b7af-05240427845b-1-150x150.jpg\" class=\"attachment-thumbnail size-thumbnail\" alt=\"c1b93152-0262-454c-b7af-05240427845b (1)\" loading=\"lazy\" decoding=\"async\" \/><\/a>\n\t\t\t<\/div><\/figure>\n\t\t<\/div>\n\n<p>Francisco de Assis Vasconcelos Arruda e Liana Liberato Lopes Carlos tomaram posse na Academia Massapeense de Letras e Artes (AMLA), no dia 25 de agosto de 2023, no Centro de Conven\u00e7\u00f5es Jarbas Aguiar. Assis Arruda e Liana Liberato s\u00e3o nomes consagrados no panorama da literatura cearense contempor\u00e2nea.<br \/>\nCoube ao jornalista e acad\u00eamico Diego Marques, o discurso de recep\u00e7\u00e3o aos ne\u00f3fitos. Muito emocionado, assumiu a responsabilidade de honr\u00e1-los.<br \/>\nNo momento, o presidente da Academia Sobralense de Estudos e Letras, Arnaud de Holanda Cavalcante, e a jovem Francisca Ildeli Silva Pereira, fizeram a entrega do diploma e da pelerine ao Assis Arruda; do mesmo modo, o pai, Ant\u00f4nio Francisco Lopes, e a acad\u00eamica Marly Lopes, fizeram a entrega do diploma e da pelerine \u00e0 Liana Liberato.<br \/>\nOs novos empossados, em seus discursos, percutiram os ecos das v\u00e1rias vozes que deram brilho ao acontecimento t\u00e3o singular para quantos tiveram a oportunidade e o privil\u00e9gio de assistir ao evento hist\u00f3rico-cultural.<br \/>\nDurante a posse, a import\u00e2ncia dos discursos dos novos imortais adveio do fato de que cada um utilizou a oportunidade para dar um depoimento pessoal sobre suas viv\u00eancias existenciais e culturais. Tendo o estilo intimista e confessional dos empossados, contagiando a todos pela riqueza de detalhes.<br \/>\nCentrados em suas experi\u00eancias pessoais, quer como cidad\u00e3os, quer como pesquisadores ou escritores, eles puderam fazer relatos capazes de desmistificar a teoria de que os artistas n\u00e3o s\u00e3o tais quais as pessoas comuns do dia a dia. E \u00e9 esse vi\u00e9s que aproxima, por simpatia m\u00fatua, academia e leitor. E foi a grande li\u00e7\u00e3o que o professor Assis Arruda nos deixou com seu exemplo de escritor, de genealogista, doando e autografando o seu Dicion\u00e1rio Biogr\u00e1fico.<br \/>\nA posse dos novos membros n\u00e3o podia ter sido mais brilhante, com a presen\u00e7a das figuras mais representativas da intelectualidade de Massap\u00ea e de Sobral.<br \/>\nCom a presen\u00e7a sempre marcante do presidente da Academia de Estudos e Letras, Arnaud de Holanda Cavalcante, que \u00e9 tamb\u00e9m um fervilhante da cultura massapeense, falou sobre a import\u00e2ncia dos novos confrades para a academia, principalmente, para a cultura massapeense.<br \/>\nNum dos momentos marcantes, fez o uso da palavra o historiador e acad\u00eamico Nonato Fernandes, uma das refer\u00eancias da nova gera\u00e7\u00e3o de historiadores massapeenses, dando \u00eanfase \u00e0s obras de Assis Arruda.<br \/>\nAssis Arruda \u00e9, sem d\u00favida, uma das vozes mais expressivas da genealogia cearense, naquela parte em que se privilegia a obra hist\u00f3rica, tomando por base o bin\u00f4mio origem e vida das fam\u00edlias massapeenses e sobralenses.<br \/>\nLiana Liberato, no momento de sua posse, empreendeu um discurso que elenca a patrona de sua cadeira, a escritora cearense Francisca Clotilde Barbosa Lima, de cunho social, em primeiro plano, ao que se soma lirismo de fina sensibilidade e brasilidade.<br \/>\nFoi uma noite hist\u00f3rica em que a nova acad\u00eamica Liana Liberato, com a simplicidade que a caracteriza, prestou uma generosa homenagem \u00e0 sua m\u00e3e Maria Roselina Liberato Lopes, celebrando a mulher brasileira. Sob aplausos, Liana Liberato, falou da resist\u00eancia da mulher, por sua luta em prol da educa\u00e7\u00e3o cearense.<br \/>\nPregamos a constru\u00e7\u00e3o de uma sociedade humana e solid\u00e1ria, queremos uma cidade com uma liga\u00e7\u00e3o forte com as letras e artes. A cultura precisa estar em todos, precisa ter esta forte liga\u00e7\u00e3o com o p\u00fablico.<br \/>\nPor fim, permitam-me traduzir o meu sentimento de gratid\u00e3o a todos os membros dessa casa, que tem como Patrono o Servo de Deus Mons. Arn\u00f3bio de Andrade, e de outras academias, contando com a honrosa presen\u00e7a do Professor Raul Castro B\u00eaco, representando a Acad\u00eamia Cearense da L\u00edngua Portuguesa e, finalmente ao cerimonialista, nosso nobre confrade Francisco Alves Pereira.<br \/>\nValho-me de Siegfried Lenz em seu romance The Heritage, quando diz: \u201cPara mim, terra natal n\u00e3o \u00e9 exatamente o lugar onde temos as nossas ra\u00edzes, onde possu\u00edmos nossa casa, falamos nossa linguagem, pulsamos os nossos sentimentos mesmo quando ficamos em sil\u00eancio. \u00c9 o lugar onde sempre somos conhecidos.\u201d<br \/>\nAcima de tudo, numa academia, todos s\u00e3o unidos pela cultura. E desempenham sua miss\u00e3o em qualquer lugar. Sonham em fazer com que haja uma compreens\u00e3o entre todos de que a cultura \u00e9 mola mestra do desenvolvimento do pa\u00eds.<\/p>\n<p>EUDES DE SOUSA &#8211; PRESIDENTE<\/p>\n","protected":false},"excerpt":{"rendered":"<p>Francisco de Assis Vasconcelos Arruda e Liana Liberato Lopes Carlos tomaram posse na Academia Massapeense&#8230;<\/p>\n","protected":false},"author":7,"featured_media":26416,"comment_status":"open","ping_status":"open","sticky":false,"template":"","format":"standard","meta":{"_jetpack_memberships_contains_paid_content":false,"footnotes":"","jetpack_publicize_message":"","jetpack_publicize_feature_enabled":true,"jetpack_social_post_already_shared":true,"jetpack_social_options":{"image_generator_settings":{"template":"highway","default_image_id":0,"font":"","enabled":false},"version":2}},"categories":[1],"tags":[],"class_list":["post-26413","post","type-post","status-publish","format-standard","has-post-thumbnail","hentry","category-atualidade"],"jetpack_publicize_connections":[],"jetpack_featured_media_url":"https:\/\/correiodasemana.com\/site\/wp-content\/uploads\/2023\/09\/4c9d4128-b917-4f1c-b1ed-aa66eb23faca.jpg","jetpack-related-posts":[{"id":29975,"url":"https:\/\/correiodasemana.com\/site\/solenidade-de-outorga-da-medalha-academico-ribeiro-ramos-ao-dr-francisco-de-assis-vasconcelos-arruda\/","url_meta":{"origin":26413,"position":0},"title":"Solenidade de Outorga da Medalha Acad\u00eamico Ribeiro Ramos ao Dr. Francisco de Assis Vasconcelos Arruda","author":"adminredacao","date":"Julho 16, 2024","format":false,"excerpt":"Ontem, 12 de julho de 2024, a Academia Sobralense de Estudos e Letras-ASEL realizou em seu audit\u00f3rio, no MESS, Sess\u00e3o Solene para outorga da Medalha Acad\u00eamico Ribeiro Ramos ao seu Acad\u00eamico Dr., escritor e genealogista, Francisco de Assis Vasconcelos Arruda. A Medalha Acad\u00eamico Ribeiro Ramos \u00e9 a maior comenda criada\u2026","rel":"","context":"In &quot;Atualidade&quot;","block_context":{"text":"Atualidade","link":"https:\/\/correiodasemana.com\/site\/category\/atualidade\/"},"img":{"alt_text":"","src":"https:\/\/i0.wp.com\/correiodasemana.com\/site\/wp-content\/uploads\/2024\/07\/WhatsApp-Image-2024-07-14-at-12.44.07.jpeg?resize=350%2C200&ssl=1","width":350,"height":200,"srcset":"https:\/\/i0.wp.com\/correiodasemana.com\/site\/wp-content\/uploads\/2024\/07\/WhatsApp-Image-2024-07-14-at-12.44.07.jpeg?resize=350%2C200&ssl=1 1x, https:\/\/i0.wp.com\/correiodasemana.com\/site\/wp-content\/uploads\/2024\/07\/WhatsApp-Image-2024-07-14-at-12.44.07.jpeg?resize=525%2C300&ssl=1 1.5x, https:\/\/i0.wp.com\/correiodasemana.com\/site\/wp-content\/uploads\/2024\/07\/WhatsApp-Image-2024-07-14-at-12.44.07.jpeg?resize=700%2C400&ssl=1 2x"},"classes":[]},{"id":18161,"url":"https:\/\/correiodasemana.com\/site\/instalacao-e-posse-da-primeira-diretoria-da-academia-massapeense-de-letras-e-artes\/","url_meta":{"origin":26413,"position":1},"title":"Instala\u00e7\u00e3o e posse da primeira Diretoria da Academia Massapeense de Letras e Artes\u00a0","author":"","date":"Novembro 28, 2021","format":false,"excerpt":"Por Prof. Luis Lira Correio da Semana Na noite quinta-feira, 25, no Centro de Conven\u00e7\u00f5es Jarbas Aguiar, em Massap\u00ea, aconteceu a instala\u00e7\u00e3o da Academia Massapeense de Letras e Artes, fundada por iniciativa do Acad\u00eamico Francisco Eudes de Sousa, presidente da Entidade. Presentes, autoridades c\u00edveis e eclesi\u00e1sticas e a sociedade massapeense.\u2026","rel":"","context":"In &quot;Atualidade&quot;","block_context":{"text":"Atualidade","link":"https:\/\/correiodasemana.com\/site\/category\/atualidade\/"},"img":{"alt_text":"","src":"https:\/\/i0.wp.com\/correiodasemana.com\/site\/wp-content\/uploads\/2021\/11\/DSC_4892.jpg?resize=350%2C200&ssl=1","width":350,"height":200,"srcset":"https:\/\/i0.wp.com\/correiodasemana.com\/site\/wp-content\/uploads\/2021\/11\/DSC_4892.jpg?resize=350%2C200&ssl=1 1x, https:\/\/i0.wp.com\/correiodasemana.com\/site\/wp-content\/uploads\/2021\/11\/DSC_4892.jpg?resize=525%2C300&ssl=1 1.5x, https:\/\/i0.wp.com\/correiodasemana.com\/site\/wp-content\/uploads\/2021\/11\/DSC_4892.jpg?resize=700%2C400&ssl=1 2x"},"classes":[]},{"id":20334,"url":"https:\/\/correiodasemana.com\/site\/academia-massapeense-de-letras-e-artes-empossa-novos-membros\/","url_meta":{"origin":26413,"position":2},"title":"Academia Massapeense de Letras e Artes empossa novos membros","author":"","date":"Julho 3, 2022","format":false,"excerpt":"Um bem cultural que se transmite de gera\u00e7\u00e3o a gera\u00e7\u00e3o, foram empossados os novos membros na Academia Massapeense de Letras e Artes, no dia 23 de junho, onde na oportunidade foram saudados pelo acad\u00eamico Francisco Alves Pereira. Em suas primeiras palavras fez um passeio pela hist\u00f3ria das intelectualidades nas Academias,\u2026","rel":"","context":"In &quot;Atualidade&quot;","block_context":{"text":"Atualidade","link":"https:\/\/correiodasemana.com\/site\/category\/atualidade\/"},"img":{"alt_text":"","src":"https:\/\/i0.wp.com\/correiodasemana.com\/site\/wp-content\/uploads\/2022\/07\/academia-massape.jpg?resize=350%2C200&ssl=1","width":350,"height":200,"srcset":"https:\/\/i0.wp.com\/correiodasemana.com\/site\/wp-content\/uploads\/2022\/07\/academia-massape.jpg?resize=350%2C200&ssl=1 1x, https:\/\/i0.wp.com\/correiodasemana.com\/site\/wp-content\/uploads\/2022\/07\/academia-massape.jpg?resize=525%2C300&ssl=1 1.5x, https:\/\/i0.wp.com\/correiodasemana.com\/site\/wp-content\/uploads\/2022\/07\/academia-massape.jpg?resize=700%2C400&ssl=1 2x"},"classes":[]},{"id":18492,"url":"https:\/\/correiodasemana.com\/site\/uma-academia-de-letras-e-artes-em-massape\/","url_meta":{"origin":26413,"position":3},"title":"UMA ACADEMIA DE LETRAS E ARTES EM MASSAP\u00ca","author":"","date":"Janeiro 10, 2022","format":false,"excerpt":"EUDES DE SOUSA Sa\u00ed das terras onde canta o Sabi\u00e1, l\u00e1 vivi parte de minha vida, onde o meu jornalismo sobre o social, ainda \u00e9 ecoado pelas centen\u00e1rias sacadas de ferros, que guardam a \u201cCan\u00e7\u00e3o do Ex\u00edlio\u201d, de Gon\u00e7alves Dias. Hoje, estou em terras onde canta a Jandaia, aos p\u00e9s\u2026","rel":"","context":"In &quot;Atualidade&quot;","block_context":{"text":"Atualidade","link":"https:\/\/correiodasemana.com\/site\/category\/atualidade\/"},"img":{"alt_text":"","src":"https:\/\/i0.wp.com\/correiodasemana.com\/site\/wp-content\/uploads\/2022\/01\/uma-academia-de-letras-em-masape-scaled.jpg?resize=350%2C200&ssl=1","width":350,"height":200,"srcset":"https:\/\/i0.wp.com\/correiodasemana.com\/site\/wp-content\/uploads\/2022\/01\/uma-academia-de-letras-em-masape-scaled.jpg?resize=350%2C200&ssl=1 1x, https:\/\/i0.wp.com\/correiodasemana.com\/site\/wp-content\/uploads\/2022\/01\/uma-academia-de-letras-em-masape-scaled.jpg?resize=525%2C300&ssl=1 1.5x, https:\/\/i0.wp.com\/correiodasemana.com\/site\/wp-content\/uploads\/2022\/01\/uma-academia-de-letras-em-masape-scaled.jpg?resize=700%2C400&ssl=1 2x, https:\/\/i0.wp.com\/correiodasemana.com\/site\/wp-content\/uploads\/2022\/01\/uma-academia-de-letras-em-masape-scaled.jpg?resize=1050%2C600&ssl=1 3x, https:\/\/i0.wp.com\/correiodasemana.com\/site\/wp-content\/uploads\/2022\/01\/uma-academia-de-letras-em-masape-scaled.jpg?resize=1400%2C800&ssl=1 4x"},"classes":[]},{"id":16808,"url":"https:\/\/correiodasemana.com\/site\/academia-massapeense-de-letras-e-artes\/","url_meta":{"origin":26413,"position":4},"title":"ACADEMIA MASSAPEENSE DE LETRAS E ARTES","author":"","date":"Junho 21, 2021","format":false,"excerpt":"Uma hist\u00f3ria de luta que se concretizou em Massap\u00ea Aos dez dias de junho de 2021, \u00e0s 20h, na sede da Ma\u00e7onaria, escritores, poetas, jornalistas e artes\u00e3os, em Assembleia Geral Ordin\u00e1ria, fundaram a Academia Massapeense de Letras e Artes. Na ocasi\u00e3o foi eleito para presidente, o jornalista e escritor Eudes\u2026","rel":"","context":"In &quot;Atualidade&quot;","block_context":{"text":"Atualidade","link":"https:\/\/correiodasemana.com\/site\/category\/atualidade\/"},"img":{"alt_text":"","src":"https:\/\/i0.wp.com\/correiodasemana.com\/site\/wp-content\/uploads\/2021\/06\/Eudes-Sousa-presidente-da-Academia-Massapeense-de-Letras-e-Artes.png?resize=350%2C200&ssl=1","width":350,"height":200,"srcset":"https:\/\/i0.wp.com\/correiodasemana.com\/site\/wp-content\/uploads\/2021\/06\/Eudes-Sousa-presidente-da-Academia-Massapeense-de-Letras-e-Artes.png?resize=350%2C200&ssl=1 1x, https:\/\/i0.wp.com\/correiodasemana.com\/site\/wp-content\/uploads\/2021\/06\/Eudes-Sousa-presidente-da-Academia-Massapeense-de-Letras-e-Artes.png?resize=525%2C300&ssl=1 1.5x"},"classes":[]},{"id":29585,"url":"https:\/\/correiodasemana.com\/site\/sessao-solene-comemorativa-aos-102-anos-da-academia-sobralense-de-estudos-e-letras-asel\/","url_meta":{"origin":26413,"position":5},"title":"Sess\u00e3o solene comemorativa aos 102 anos da Academia Sobralense de Estudos e Letras \u2013 ASEL","author":"adminredacao","date":"Junho 10, 2024","format":false,"excerpt":"Ontem, dia 7 de junho de 2024, a Academia Sobralense de Estudos e Letras-ASEL, engalanada pelo momento e na companhia de seus associados e seguidores mais ilustres, celebrou com grande alegria os seus 102 anos de funda\u00e7\u00e3o. A ASEL sentiu-se honrada com a presen\u00e7a dos Acad\u00eamicos e demais convidados e\u2026","rel":"","context":"In &quot;Atualidade&quot;","block_context":{"text":"Atualidade","link":"https:\/\/correiodasemana.com\/site\/category\/atualidade\/"},"img":{"alt_text":"","src":"https:\/\/i0.wp.com\/correiodasemana.com\/site\/wp-content\/uploads\/2024\/06\/WhatsApp-Image-2024-06-08-at-09.51.17.jpeg?resize=350%2C200&ssl=1","width":350,"height":200,"srcset":"https:\/\/i0.wp.com\/correiodasemana.com\/site\/wp-content\/uploads\/2024\/06\/WhatsApp-Image-2024-06-08-at-09.51.17.jpeg?resize=350%2C200&ssl=1 1x, https:\/\/i0.wp.com\/correiodasemana.com\/site\/wp-content\/uploads\/2024\/06\/WhatsApp-Image-2024-06-08-at-09.51.17.jpeg?resize=525%2C300&ssl=1 1.5x, https:\/\/i0.wp.com\/correiodasemana.com\/site\/wp-content\/uploads\/2024\/06\/WhatsApp-Image-2024-06-08-at-09.51.17.jpeg?resize=700%2C400&ssl=1 2x, https:\/\/i0.wp.com\/correiodasemana.com\/site\/wp-content\/uploads\/2024\/06\/WhatsApp-Image-2024-06-08-at-09.51.17.jpeg?resize=1050%2C600&ssl=1 3x"},"classes":[]}],"jetpack_sharing_enabled":true,"_links":{"self":[{"href":"https:\/\/correiodasemana.com\/site\/wp-json\/wp\/v2\/posts\/26413","targetHints":{"allow":["GET"]}}],"collection":[{"href":"https:\/\/correiodasemana.com\/site\/wp-json\/wp\/v2\/posts"}],"about":[{"href":"https:\/\/correiodasemana.com\/site\/wp-json\/wp\/v2\/types\/post"}],"author":[{"embeddable":true,"href":"https:\/\/correiodasemana.com\/site\/wp-json\/wp\/v2\/users\/7"}],"replies":[{"embeddable":true,"href":"https:\/\/correiodasemana.com\/site\/wp-json\/wp\/v2\/comments?post=26413"}],"version-history":[{"count":1,"href":"https:\/\/correiodasemana.com\/site\/wp-json\/wp\/v2\/posts\/26413\/revisions"}],"predecessor-version":[{"id":26420,"href":"https:\/\/correiodasemana.com\/site\/wp-json\/wp\/v2\/posts\/26413\/revisions\/26420"}],"wp:featuredmedia":[{"embeddable":true,"href":"https:\/\/correiodasemana.com\/site\/wp-json\/wp\/v2\/media\/26416"}],"wp:attachment":[{"href":"https:\/\/correiodasemana.com\/site\/wp-json\/wp\/v2\/media?parent=26413"}],"wp:term":[{"taxonomy":"category","embeddable":true,"href":"https:\/\/correiodasemana.com\/site\/wp-json\/wp\/v2\/categories?post=26413"},{"taxonomy":"post_tag","embeddable":true,"href":"https:\/\/correiodasemana.com\/site\/wp-json\/wp\/v2\/tags?post=26413"}],"curies":[{"name":"wp","href":"https:\/\/api.w.org\/{rel}","templated":true}]}}