{"id":26566,"date":"2023-09-18T14:34:02","date_gmt":"2023-09-18T17:34:02","guid":{"rendered":"https:\/\/correiodasemana.com\/site\/?p=26566"},"modified":"2023-09-18T14:34:02","modified_gmt":"2023-09-18T17:34:02","slug":"dom-vasconcelos-celebra-o-rito-de-dedicacao-da-igreja-matriz-de-jaibaras","status":"publish","type":"post","link":"https:\/\/correiodasemana.com\/site\/dom-vasconcelos-celebra-o-rito-de-dedicacao-da-igreja-matriz-de-jaibaras\/","title":{"rendered":"Dom Vasconcelos celebra o rito de dedica\u00e7\u00e3o da igreja matriz de Jaibaras"},"content":{"rendered":"<div id='gallery-1' class='gallery galleryid-26566 gallery-columns-6 gallery-size-thumbnail'><figure class='gallery-item'>\n\t\t\t<div class='gallery-icon landscape'>\n\t\t\t\t<a href='https:\/\/correiodasemana.com\/site\/dom-vasconcelos-celebra-o-rito-de-dedicacao-da-igreja-matriz-de-jaibaras\/_dsc2594\/'><img loading=\"lazy\" width=\"150\" height=\"150\" src=\"https:\/\/correiodasemana.com\/site\/wp-content\/uploads\/2023\/09\/DSC2594-150x150.jpg\" class=\"attachment-thumbnail size-thumbnail\" alt=\"_DSC2594\" loading=\"lazy\" decoding=\"async\" \/><\/a>\n\t\t\t<\/div><\/figure><figure class='gallery-item'>\n\t\t\t<div class='gallery-icon landscape'>\n\t\t\t\t<a href='https:\/\/correiodasemana.com\/site\/dom-vasconcelos-celebra-o-rito-de-dedicacao-da-igreja-matriz-de-jaibaras\/_dsc2608\/'><img loading=\"lazy\" width=\"150\" height=\"150\" src=\"https:\/\/correiodasemana.com\/site\/wp-content\/uploads\/2023\/09\/DSC2608-150x150.jpg\" class=\"attachment-thumbnail size-thumbnail\" alt=\"_DSC2608\" loading=\"lazy\" decoding=\"async\" \/><\/a>\n\t\t\t<\/div><\/figure><figure class='gallery-item'>\n\t\t\t<div class='gallery-icon landscape'>\n\t\t\t\t<a href='https:\/\/correiodasemana.com\/site\/dom-vasconcelos-celebra-o-rito-de-dedicacao-da-igreja-matriz-de-jaibaras\/_dsc2867\/'><img loading=\"lazy\" width=\"150\" height=\"150\" src=\"https:\/\/correiodasemana.com\/site\/wp-content\/uploads\/2023\/09\/DSC2867-150x150.jpg\" class=\"attachment-thumbnail size-thumbnail\" alt=\"_DSC2867\" loading=\"lazy\" decoding=\"async\" \/><\/a>\n\t\t\t<\/div><\/figure><figure class='gallery-item'>\n\t\t\t<div class='gallery-icon landscape'>\n\t\t\t\t<a href='https:\/\/correiodasemana.com\/site\/dom-vasconcelos-celebra-o-rito-de-dedicacao-da-igreja-matriz-de-jaibaras\/_dsc2913\/'><img loading=\"lazy\" width=\"150\" height=\"150\" src=\"https:\/\/correiodasemana.com\/site\/wp-content\/uploads\/2023\/09\/DSC2913-150x150.jpg\" class=\"attachment-thumbnail size-thumbnail\" alt=\"_DSC2913\" loading=\"lazy\" decoding=\"async\" \/><\/a>\n\t\t\t<\/div><\/figure><figure class='gallery-item'>\n\t\t\t<div class='gallery-icon landscape'>\n\t\t\t\t<a href='https:\/\/correiodasemana.com\/site\/dom-vasconcelos-celebra-o-rito-de-dedicacao-da-igreja-matriz-de-jaibaras\/_dsc2971\/'><img loading=\"lazy\" width=\"150\" height=\"150\" src=\"https:\/\/correiodasemana.com\/site\/wp-content\/uploads\/2023\/09\/DSC2971-150x150.jpg\" class=\"attachment-thumbnail size-thumbnail\" alt=\"_DSC2971\" loading=\"lazy\" decoding=\"async\" \/><\/a>\n\t\t\t<\/div><\/figure><figure class='gallery-item'>\n\t\t\t<div class='gallery-icon landscape'>\n\t\t\t\t<a href='https:\/\/correiodasemana.com\/site\/dom-vasconcelos-celebra-o-rito-de-dedicacao-da-igreja-matriz-de-jaibaras\/_dsc3035\/'><img loading=\"lazy\" width=\"150\" height=\"150\" src=\"https:\/\/correiodasemana.com\/site\/wp-content\/uploads\/2023\/09\/DSC3035-150x150.jpg\" class=\"attachment-thumbnail size-thumbnail\" alt=\"_DSC3035\" loading=\"lazy\" decoding=\"async\" \/><\/a>\n\t\t\t<\/div><\/figure><figure class='gallery-item'>\n\t\t\t<div class='gallery-icon landscape'>\n\t\t\t\t<a href='https:\/\/correiodasemana.com\/site\/dom-vasconcelos-celebra-o-rito-de-dedicacao-da-igreja-matriz-de-jaibaras\/_dsc3114\/'><img loading=\"lazy\" width=\"150\" height=\"150\" src=\"https:\/\/correiodasemana.com\/site\/wp-content\/uploads\/2023\/09\/DSC3114-150x150.jpg\" class=\"attachment-thumbnail size-thumbnail\" alt=\"_DSC3114\" loading=\"lazy\" decoding=\"async\" \/><\/a>\n\t\t\t<\/div><\/figure><figure class='gallery-item'>\n\t\t\t<div class='gallery-icon landscape'>\n\t\t\t\t<a href='https:\/\/correiodasemana.com\/site\/dom-vasconcelos-celebra-o-rito-de-dedicacao-da-igreja-matriz-de-jaibaras\/_dsc3270\/'><img loading=\"lazy\" width=\"150\" height=\"150\" src=\"https:\/\/correiodasemana.com\/site\/wp-content\/uploads\/2023\/09\/DSC3270-150x150.jpg\" class=\"attachment-thumbnail size-thumbnail\" alt=\"_DSC3270\" loading=\"lazy\" decoding=\"async\" \/><\/a>\n\t\t\t<\/div><\/figure><figure class='gallery-item'>\n\t\t\t<div class='gallery-icon landscape'>\n\t\t\t\t<a href='https:\/\/correiodasemana.com\/site\/dom-vasconcelos-celebra-o-rito-de-dedicacao-da-igreja-matriz-de-jaibaras\/_dsc3317\/'><img loading=\"lazy\" width=\"150\" height=\"150\" src=\"https:\/\/correiodasemana.com\/site\/wp-content\/uploads\/2023\/09\/DSC3317-150x150.jpg\" class=\"attachment-thumbnail size-thumbnail\" alt=\"_DSC3317\" loading=\"lazy\" decoding=\"async\" \/><\/a>\n\t\t\t<\/div><\/figure><figure class='gallery-item'>\n\t\t\t<div class='gallery-icon landscape'>\n\t\t\t\t<a href='https:\/\/correiodasemana.com\/site\/dom-vasconcelos-celebra-o-rito-de-dedicacao-da-igreja-matriz-de-jaibaras\/_dsc3530\/'><img loading=\"lazy\" width=\"150\" height=\"150\" src=\"https:\/\/correiodasemana.com\/site\/wp-content\/uploads\/2023\/09\/DSC3530-150x150.jpg\" class=\"attachment-thumbnail size-thumbnail\" alt=\"_DSC3530\" loading=\"lazy\" decoding=\"async\" \/><\/a>\n\t\t\t<\/div><\/figure>\n\t\t<\/div>\n\n<p>A comunidade paroquial de Jaibaras, dedicada a Santa Terezinha do Menino Jesus, alegrou-se com a dedica\u00e7\u00e3o e inaugura\u00e7\u00e3o da parte interna da igreja matriz na noite de quarta-feira, 13\/09.<br \/>\nDom Jos\u00e9 Luiz Gomes de Vasconcelos presidiu a celebra\u00e7\u00e3o e o rito de dedica\u00e7\u00e3o. Concelebrou a santa eucaristia, Pe. Bruno de Ara\u00fajo, Pe. El\u00e2nio Alc\u00e2ntara e Pe. J\u00falio Nascimento. Seminaristas, paroquianos e devotos participaram da celebra\u00e7\u00e3o.<br \/>\n\u201cHoje esta igreja foi restaurada, estamos aqui reunidos e o senhor est\u00e1 nos convocando para vivermos unidos, uma igreja sinodal, com muitas portas, assim deve ser a igreja, a Jerusal\u00e9m celeste. Uma igreja que acolhe a todos e n\u00e3o faz discrimina\u00e7\u00e3o de pessoas, mas exige a convers\u00e3o e mudan\u00e7a de vida\u201d, relatou o bispo em homilia.<br \/>\nA reforma da igreja matriz contou com a colabora\u00e7\u00e3o da comunidade e do p\u00e1roco, Pe. El\u00e2nio Carvalho, onde foi realizada a mudan\u00e7a do piso, forro completo do interior da igreja e reforma total do presbit\u00e9rio com pinturas detalhadas sobre a vida de Santa Terezinha e disc\u00edpulos de Ema\u00fas.<br \/>\nTha\u00eds Helena &#8211; Reda\u00e7\u00e3o Jornal Correio da Semana<\/p>\n","protected":false},"excerpt":{"rendered":"<p>A comunidade paroquial de Jaibaras, dedicada a Santa Terezinha do Menino Jesus, alegrou-se com a&#8230;<\/p>\n","protected":false},"author":7,"featured_media":26576,"comment_status":"open","ping_status":"open","sticky":false,"template":"","format":"standard","meta":{"_jetpack_newsletter_access":"","_jetpack_dont_email_post_to_subs":false,"_jetpack_newsletter_tier_id":0,"_jetpack_memberships_contains_paywalled_content":false,"_jetpack_feature_clip_id":0,"_jetpack_memberships_contains_paid_content":false,"footnotes":"","jetpack_publicize_message":"","jetpack_publicize_feature_enabled":true,"jetpack_social_post_already_shared":true,"jetpack_social_options":{"image_generator_settings":{"template":"highway","default_image_id":0,"font":"","enabled":false},"version":2},"jetpack_post_was_ever_published":false},"categories":[1],"tags":[],"class_list":["post-26566","post","type-post","status-publish","format-standard","has-post-thumbnail","hentry","category-atualidade"],"jetpack_publicize_connections":[],"featured_image_urls":{"full":["https:\/\/correiodasemana.com\/site\/wp-content\/uploads\/2023\/09\/DSC3530.jpg",900,600,false],"thumbnail":["https:\/\/correiodasemana.com\/site\/wp-content\/uploads\/2023\/09\/DSC3530-150x150.jpg",150,150,true],"medium":["https:\/\/correiodasemana.com\/site\/wp-content\/uploads\/2023\/09\/DSC3530-300x200.jpg",300,200,true],"medium_large":["https:\/\/correiodasemana.com\/site\/wp-content\/uploads\/2023\/09\/DSC3530-768x512.jpg",640,427,true],"large":["https:\/\/correiodasemana.com\/site\/wp-content\/uploads\/2023\/09\/DSC3530.jpg",640,427,false],"1536x1536":["https:\/\/correiodasemana.com\/site\/wp-content\/uploads\/2023\/09\/DSC3530.jpg",900,600,false],"2048x2048":["https:\/\/correiodasemana.com\/site\/wp-content\/uploads\/2023\/09\/DSC3530.jpg",900,600,false],"covernews-featured":["https:\/\/correiodasemana.com\/site\/wp-content\/uploads\/2023\/09\/DSC3530.jpg",900,600,false],"covernews-medium":["https:\/\/correiodasemana.com\/site\/wp-content\/uploads\/2023\/09\/DSC3530-540x340.jpg",540,340,true]},"author_info":{"info":["adminredacao"]},"category_info":"<a href=\"https:\/\/correiodasemana.com\/site\/category\/atualidade\/\" rel=\"category tag\">Atualidade<\/a>","tag_info":"Atualidade","comment_count":"0","jetpack-related-posts":[{"id":27393,"url":"https:\/\/correiodasemana.com\/site\/dom-vasconcelos-preside-missa-e-rito-de-dedicacao-do-altar-da-igreja-matriz-de-acarau\/","url_meta":{"origin":26566,"position":0},"title":"Dom Vasconcelos preside missa e rito de Dedica\u00e7\u00e3o do Altar da igreja matriz de Acara\u00fa","author":"adminredacao","date":"Novembro 27, 2023","format":false,"excerpt":"A Par\u00f3quia de Nossa Senhora da Concei\u00e7\u00e3o, localizada em Acara\u00fa, registrou na \u00faltima quarta-feira, 22 de novembro, um dos maiores marcos para a hist\u00f3ria da par\u00f3quia, a Dedica\u00e7\u00e3o do altar da igreja matriz. A solene celebra\u00e7\u00e3o eucar\u00edstica foi presidida pelo bispo diocesano, Dom Jos\u00e9 Luiz Gomes de Vasconcelos e concelebrada\u2026","rel":"","context":"In &quot;Atualidade&quot;","block_context":{"text":"Atualidade","link":"https:\/\/correiodasemana.com\/site\/category\/atualidade\/"},"img":{"alt_text":"","src":"https:\/\/i0.wp.com\/correiodasemana.com\/site\/wp-content\/uploads\/2023\/11\/WhatsApp-Image-2023-11-24-at-19.22.31.jpeg?resize=350%2C200&ssl=1","width":350,"height":200,"srcset":"https:\/\/i0.wp.com\/correiodasemana.com\/site\/wp-content\/uploads\/2023\/11\/WhatsApp-Image-2023-11-24-at-19.22.31.jpeg?resize=350%2C200&ssl=1 1x, https:\/\/i0.wp.com\/correiodasemana.com\/site\/wp-content\/uploads\/2023\/11\/WhatsApp-Image-2023-11-24-at-19.22.31.jpeg?resize=525%2C300&ssl=1 1.5x, https:\/\/i0.wp.com\/correiodasemana.com\/site\/wp-content\/uploads\/2023\/11\/WhatsApp-Image-2023-11-24-at-19.22.31.jpeg?resize=700%2C400&ssl=1 2x, https:\/\/i0.wp.com\/correiodasemana.com\/site\/wp-content\/uploads\/2023\/11\/WhatsApp-Image-2023-11-24-at-19.22.31.jpeg?resize=1050%2C600&ssl=1 3x, https:\/\/i0.wp.com\/correiodasemana.com\/site\/wp-content\/uploads\/2023\/11\/WhatsApp-Image-2023-11-24-at-19.22.31.jpeg?resize=1400%2C800&ssl=1 4x"},"classes":[]},{"id":26863,"url":"https:\/\/correiodasemana.com\/site\/paroquia-de-sao-jose-celebra-10-anos-de-missao-e-evangelizacao-com-dedicacao-da-igreja-matriz\/","url_meta":{"origin":26566,"position":1},"title":"Par\u00f3quia de S\u00e3o Jos\u00e9 celebra 10 anos de miss\u00e3o e evangeliza\u00e7\u00e3o com dedica\u00e7\u00e3o da igreja matriz","author":"adminredacao","date":"Outubro 17, 2023","format":false,"excerpt":"Em Sobral, a par\u00f3quia dedicada ao patrono das fam\u00edlias, S\u00e3o Jos\u00e9, celebrou solenemente na \u00faltima segunda-feira, 09\/10, os 10 anos da comunidade paroquial. Ap\u00f3s o per\u00edodo de revitaliza\u00e7\u00e3o, as portas foram abertas no in\u00edcio da celebra\u00e7\u00e3o onde houve a dedica\u00e7\u00e3o do altar da igreja presidida pelo bispo de Sobral, Dom\u2026","rel":"","context":"In &quot;Atualidade&quot;","block_context":{"text":"Atualidade","link":"https:\/\/correiodasemana.com\/site\/category\/atualidade\/"},"img":{"alt_text":"","src":"https:\/\/i0.wp.com\/correiodasemana.com\/site\/wp-content\/uploads\/2023\/10\/WhatsApp-Image-2023-10-13-at-21.34.56-1.jpeg?resize=350%2C200&ssl=1","width":350,"height":200,"srcset":"https:\/\/i0.wp.com\/correiodasemana.com\/site\/wp-content\/uploads\/2023\/10\/WhatsApp-Image-2023-10-13-at-21.34.56-1.jpeg?resize=350%2C200&ssl=1 1x, https:\/\/i0.wp.com\/correiodasemana.com\/site\/wp-content\/uploads\/2023\/10\/WhatsApp-Image-2023-10-13-at-21.34.56-1.jpeg?resize=525%2C300&ssl=1 1.5x, https:\/\/i0.wp.com\/correiodasemana.com\/site\/wp-content\/uploads\/2023\/10\/WhatsApp-Image-2023-10-13-at-21.34.56-1.jpeg?resize=700%2C400&ssl=1 2x, https:\/\/i0.wp.com\/correiodasemana.com\/site\/wp-content\/uploads\/2023\/10\/WhatsApp-Image-2023-10-13-at-21.34.56-1.jpeg?resize=1050%2C600&ssl=1 3x"},"classes":[]},{"id":39318,"url":"https:\/\/correiodasemana.com\/site\/paroquia-de-santana-do-acarau-celebra-dedicacao-da-igreja-matriz-em-ano-marcado-pelos-400-anos-da-promessa-que-deu-origem-ao-municipio\/","url_meta":{"origin":26566,"position":2},"title":"Par\u00f3quia de Santana do Acara\u00fa celebra dedica\u00e7\u00e3o da Igreja Matriz em ano marcado pelos 400 anos da promessa que deu origem ao munic\u00edpio","author":"adminredacao","date":"Julho 14, 2026","format":false,"excerpt":"Em uma celebra\u00e7\u00e3o marcada pela f\u00e9, emo\u00e7\u00e3o e profundo significado lit\u00fargico, a comunidade paroquial de Santana do Acara\u00fa, participou, na noite da \u00faltima quarta-feira (08\/07), da Santa Missa com o Rito de Dedica\u00e7\u00e3o da Igreja Matriz e do Altar, presidida pelo bispo diocesano de Sobral, Dom Vasconcelos. A celebra\u00e7\u00e3o foi\u2026","rel":"","context":"In &quot;Diocese&quot;","block_context":{"text":"Diocese","link":"https:\/\/correiodasemana.com\/site\/category\/diocese\/"},"img":{"alt_text":"","src":"https:\/\/i0.wp.com\/correiodasemana.com\/site\/wp-content\/uploads\/2026\/07\/WhatsApp-Image-2026-07-10-at-16.21.38.jpeg?resize=350%2C200&ssl=1","width":350,"height":200,"srcset":"https:\/\/i0.wp.com\/correiodasemana.com\/site\/wp-content\/uploads\/2026\/07\/WhatsApp-Image-2026-07-10-at-16.21.38.jpeg?resize=350%2C200&ssl=1 1x, https:\/\/i0.wp.com\/correiodasemana.com\/site\/wp-content\/uploads\/2026\/07\/WhatsApp-Image-2026-07-10-at-16.21.38.jpeg?resize=525%2C300&ssl=1 1.5x, https:\/\/i0.wp.com\/correiodasemana.com\/site\/wp-content\/uploads\/2026\/07\/WhatsApp-Image-2026-07-10-at-16.21.38.jpeg?resize=700%2C400&ssl=1 2x, https:\/\/i0.wp.com\/correiodasemana.com\/site\/wp-content\/uploads\/2026\/07\/WhatsApp-Image-2026-07-10-at-16.21.38.jpeg?resize=1050%2C600&ssl=1 3x, https:\/\/i0.wp.com\/correiodasemana.com\/site\/wp-content\/uploads\/2026\/07\/WhatsApp-Image-2026-07-10-at-16.21.38.jpeg?resize=1400%2C800&ssl=1 4x"},"classes":[]},{"id":30147,"url":"https:\/\/correiodasemana.com\/site\/em-uruoca-padre-aristides-toma-posse-como-novo-administrador-paroquial-da-paroquia-de-nossa-senhora-do-livramento\/","url_meta":{"origin":26566,"position":3},"title":"Em Uruoca, Padre Aristides toma posse como novo administrador paroquial da Par\u00f3quia de Nossa Senhora do Livramento","author":"adminredacao","date":"Julho 29, 2024","format":false,"excerpt":"Os paroquianos da Par\u00f3quia dedicada \u00e0 Nossa Senhora do Livramento em Uruoca, conheceram no \u00faltimo dia 25 de julho, quinta-feira, o novo administrador paroquial, Pe. Aristides Carneiro, durante Santa Missa com Rito de Posse Can\u00f4nica presidida por Dom Vasconcelos na igreja matriz. O sacerdote \u00e9 o quarto administrador paroquial desta\u2026","rel":"","context":"In &quot;Atualidade&quot;","block_context":{"text":"Atualidade","link":"https:\/\/correiodasemana.com\/site\/category\/atualidade\/"},"img":{"alt_text":"","src":"https:\/\/i0.wp.com\/correiodasemana.com\/site\/wp-content\/uploads\/2024\/07\/WhatsApp-Image-2024-07-27-at-15.54.11.jpeg?resize=350%2C200&ssl=1","width":350,"height":200,"srcset":"https:\/\/i0.wp.com\/correiodasemana.com\/site\/wp-content\/uploads\/2024\/07\/WhatsApp-Image-2024-07-27-at-15.54.11.jpeg?resize=350%2C200&ssl=1 1x, https:\/\/i0.wp.com\/correiodasemana.com\/site\/wp-content\/uploads\/2024\/07\/WhatsApp-Image-2024-07-27-at-15.54.11.jpeg?resize=525%2C300&ssl=1 1.5x, https:\/\/i0.wp.com\/correiodasemana.com\/site\/wp-content\/uploads\/2024\/07\/WhatsApp-Image-2024-07-27-at-15.54.11.jpeg?resize=700%2C400&ssl=1 2x, https:\/\/i0.wp.com\/correiodasemana.com\/site\/wp-content\/uploads\/2024\/07\/WhatsApp-Image-2024-07-27-at-15.54.11.jpeg?resize=1050%2C600&ssl=1 3x, https:\/\/i0.wp.com\/correiodasemana.com\/site\/wp-content\/uploads\/2024\/07\/WhatsApp-Image-2024-07-27-at-15.54.11.jpeg?resize=1400%2C800&ssl=1 4x"},"classes":[]},{"id":32295,"url":"https:\/\/correiodasemana.com\/site\/padre-eufrazio-toma-posse-como-5o-administrador-paroquial-de-jaibaras\/","url_meta":{"origin":26566,"position":4},"title":"Padre Eufr\u00e1zio toma posse como 5\u00ba administrador paroquial de Jaibaras","author":"adminredacao","date":"Janeiro 27, 2025","format":false,"excerpt":"Em Jaibaras, distrito de Sobral, a comunidade paroquial da igreja dedicada a Santa Terezinha do Menino Jesus, celebrou com alegria a chegada do novo administrador paroquial, Pe. Eufr\u00e1zio Filho, nesta quarta-feira, 22 de janeiro. A Missa com Rito de Posse Can\u00f4nica foi presidida por Dom Vasconcelos, bispo diocesano de Sobral.\u2026","rel":"","context":"In &quot;Atualidade&quot;","block_context":{"text":"Atualidade","link":"https:\/\/correiodasemana.com\/site\/category\/atualidade\/"},"img":{"alt_text":"","src":"https:\/\/i0.wp.com\/correiodasemana.com\/site\/wp-content\/uploads\/2025\/01\/WhatsApp-Image-2025-01-24-at-17.17.33.jpeg?resize=350%2C200&ssl=1","width":350,"height":200,"srcset":"https:\/\/i0.wp.com\/correiodasemana.com\/site\/wp-content\/uploads\/2025\/01\/WhatsApp-Image-2025-01-24-at-17.17.33.jpeg?resize=350%2C200&ssl=1 1x, https:\/\/i0.wp.com\/correiodasemana.com\/site\/wp-content\/uploads\/2025\/01\/WhatsApp-Image-2025-01-24-at-17.17.33.jpeg?resize=525%2C300&ssl=1 1.5x, https:\/\/i0.wp.com\/correiodasemana.com\/site\/wp-content\/uploads\/2025\/01\/WhatsApp-Image-2025-01-24-at-17.17.33.jpeg?resize=700%2C400&ssl=1 2x, https:\/\/i0.wp.com\/correiodasemana.com\/site\/wp-content\/uploads\/2025\/01\/WhatsApp-Image-2025-01-24-at-17.17.33.jpeg?resize=1050%2C600&ssl=1 3x, https:\/\/i0.wp.com\/correiodasemana.com\/site\/wp-content\/uploads\/2025\/01\/WhatsApp-Image-2025-01-24-at-17.17.33.jpeg?resize=1400%2C800&ssl=1 4x"},"classes":[]},{"id":28798,"url":"https:\/\/correiodasemana.com\/site\/paroquia-de-sao-jose-celebra-festa-do-padroeiro-em-sobral\/","url_meta":{"origin":26566,"position":5},"title":"Par\u00f3quia de S\u00e3o Jos\u00e9 celebra festa  do padroeiro em Sobral","author":"adminredacao","date":"Mar\u00e7o 25, 2024","format":false,"excerpt":"Os paroquianos e devotos de S\u00e3o Jos\u00e9 no bairro do Sumar\u00e9 em Sobral entoaram c\u00e2nticos de louvor e preces ao santo de devo\u00e7\u00e3o na \u00faltima ter\u00e7a-feira, 19 de mar\u00e7o, durante a festa dedicada ao padroeiro. A festa de S\u00e3o Jos\u00e9 deste ano em curso foi definida como uma grande festa,\u2026","rel":"","context":"In &quot;Atualidade&quot;","block_context":{"text":"Atualidade","link":"https:\/\/correiodasemana.com\/site\/category\/atualidade\/"},"img":{"alt_text":"","src":"https:\/\/i0.wp.com\/correiodasemana.com\/site\/wp-content\/uploads\/2024\/03\/DSC8294-scaled.jpg?resize=350%2C200&ssl=1","width":350,"height":200,"srcset":"https:\/\/i0.wp.com\/correiodasemana.com\/site\/wp-content\/uploads\/2024\/03\/DSC8294-scaled.jpg?resize=350%2C200&ssl=1 1x, https:\/\/i0.wp.com\/correiodasemana.com\/site\/wp-content\/uploads\/2024\/03\/DSC8294-scaled.jpg?resize=525%2C300&ssl=1 1.5x, https:\/\/i0.wp.com\/correiodasemana.com\/site\/wp-content\/uploads\/2024\/03\/DSC8294-scaled.jpg?resize=700%2C400&ssl=1 2x, https:\/\/i0.wp.com\/correiodasemana.com\/site\/wp-content\/uploads\/2024\/03\/DSC8294-scaled.jpg?resize=1050%2C600&ssl=1 3x, https:\/\/i0.wp.com\/correiodasemana.com\/site\/wp-content\/uploads\/2024\/03\/DSC8294-scaled.jpg?resize=1400%2C800&ssl=1 4x"},"classes":[]}],"jetpack_sharing_enabled":true,"jetpack_featured_media_url":"https:\/\/correiodasemana.com\/site\/wp-content\/uploads\/2023\/09\/DSC3530.jpg","_links":{"self":[{"href":"https:\/\/correiodasemana.com\/site\/wp-json\/wp\/v2\/posts\/26566","targetHints":{"allow":["GET"]}}],"collection":[{"href":"https:\/\/correiodasemana.com\/site\/wp-json\/wp\/v2\/posts"}],"about":[{"href":"https:\/\/correiodasemana.com\/site\/wp-json\/wp\/v2\/types\/post"}],"author":[{"embeddable":true,"href":"https:\/\/correiodasemana.com\/site\/wp-json\/wp\/v2\/users\/7"}],"replies":[{"embeddable":true,"href":"https:\/\/correiodasemana.com\/site\/wp-json\/wp\/v2\/comments?post=26566"}],"version-history":[{"count":1,"href":"https:\/\/correiodasemana.com\/site\/wp-json\/wp\/v2\/posts\/26566\/revisions"}],"predecessor-version":[{"id":26577,"href":"https:\/\/correiodasemana.com\/site\/wp-json\/wp\/v2\/posts\/26566\/revisions\/26577"}],"wp:featuredmedia":[{"embeddable":true,"href":"https:\/\/correiodasemana.com\/site\/wp-json\/wp\/v2\/media\/26576"}],"wp:attachment":[{"href":"https:\/\/correiodasemana.com\/site\/wp-json\/wp\/v2\/media?parent=26566"}],"wp:term":[{"taxonomy":"category","embeddable":true,"href":"https:\/\/correiodasemana.com\/site\/wp-json\/wp\/v2\/categories?post=26566"},{"taxonomy":"post_tag","embeddable":true,"href":"https:\/\/correiodasemana.com\/site\/wp-json\/wp\/v2\/tags?post=26566"}],"curies":[{"name":"wp","href":"https:\/\/api.w.org\/{rel}","templated":true}]}}