{"id":26585,"date":"2023-09-18T14:37:37","date_gmt":"2023-09-18T17:37:37","guid":{"rendered":"https:\/\/correiodasemana.com\/site\/?p=26585"},"modified":"2023-09-18T14:37:37","modified_gmt":"2023-09-18T17:37:37","slug":"pe-raimundo-nonato-e-empossado-como-diretor-geral-da-santa-casa-de-sobral","status":"publish","type":"post","link":"https:\/\/correiodasemana.com\/site\/pe-raimundo-nonato-e-empossado-como-diretor-geral-da-santa-casa-de-sobral\/","title":{"rendered":"Pe. Raimundo Nonato \u00e9 empossado como Diretor-Geral da Santa Casa de Sobral"},"content":{"rendered":"<div id='gallery-1' class='gallery galleryid-26585 gallery-columns-6 gallery-size-thumbnail'><figure class='gallery-item'>\n\t\t\t<div class='gallery-icon landscape'>\n\t\t\t\t<a href='https:\/\/correiodasemana.com\/site\/pe-raimundo-nonato-e-empossado-como-diretor-geral-da-santa-casa-de-sobral\/_dsc2046\/'><img loading=\"lazy\" width=\"150\" height=\"150\" src=\"https:\/\/correiodasemana.com\/site\/wp-content\/uploads\/2023\/09\/DSC2046-150x150.jpg\" class=\"attachment-thumbnail size-thumbnail\" alt=\"_DSC2046\" loading=\"lazy\" decoding=\"async\" \/><\/a>\n\t\t\t<\/div><\/figure><figure class='gallery-item'>\n\t\t\t<div class='gallery-icon landscape'>\n\t\t\t\t<a href='https:\/\/correiodasemana.com\/site\/pe-raimundo-nonato-e-empossado-como-diretor-geral-da-santa-casa-de-sobral\/_dsc2138\/'><img loading=\"lazy\" width=\"150\" height=\"150\" src=\"https:\/\/correiodasemana.com\/site\/wp-content\/uploads\/2023\/09\/DSC2138-150x150.jpg\" class=\"attachment-thumbnail size-thumbnail\" alt=\"_DSC2138\" loading=\"lazy\" decoding=\"async\" \/><\/a>\n\t\t\t<\/div><\/figure><figure class='gallery-item'>\n\t\t\t<div class='gallery-icon landscape'>\n\t\t\t\t<a href='https:\/\/correiodasemana.com\/site\/pe-raimundo-nonato-e-empossado-como-diretor-geral-da-santa-casa-de-sobral\/_dsc2187\/'><img loading=\"lazy\" width=\"150\" height=\"150\" src=\"https:\/\/correiodasemana.com\/site\/wp-content\/uploads\/2023\/09\/DSC2187-150x150.jpg\" class=\"attachment-thumbnail size-thumbnail\" alt=\"_DSC2187\" loading=\"lazy\" decoding=\"async\" \/><\/a>\n\t\t\t<\/div><\/figure><figure class='gallery-item'>\n\t\t\t<div class='gallery-icon landscape'>\n\t\t\t\t<a href='https:\/\/correiodasemana.com\/site\/pe-raimundo-nonato-e-empossado-como-diretor-geral-da-santa-casa-de-sobral\/_dsc2233\/'><img loading=\"lazy\" width=\"150\" height=\"150\" src=\"https:\/\/correiodasemana.com\/site\/wp-content\/uploads\/2023\/09\/DSC2233-150x150.jpg\" class=\"attachment-thumbnail size-thumbnail\" alt=\"_DSC2233\" loading=\"lazy\" decoding=\"async\" \/><\/a>\n\t\t\t<\/div><\/figure><figure class='gallery-item'>\n\t\t\t<div class='gallery-icon landscape'>\n\t\t\t\t<a href='https:\/\/correiodasemana.com\/site\/pe-raimundo-nonato-e-empossado-como-diretor-geral-da-santa-casa-de-sobral\/_dsc2393\/'><img loading=\"lazy\" width=\"150\" height=\"150\" src=\"https:\/\/correiodasemana.com\/site\/wp-content\/uploads\/2023\/09\/DSC2393-150x150.jpg\" class=\"attachment-thumbnail size-thumbnail\" alt=\"_DSC2393\" loading=\"lazy\" decoding=\"async\" \/><\/a>\n\t\t\t<\/div><\/figure><figure class='gallery-item'>\n\t\t\t<div class='gallery-icon landscape'>\n\t\t\t\t<a href='https:\/\/correiodasemana.com\/site\/pe-raimundo-nonato-e-empossado-como-diretor-geral-da-santa-casa-de-sobral\/_dsc2425\/'><img loading=\"lazy\" width=\"150\" height=\"150\" src=\"https:\/\/correiodasemana.com\/site\/wp-content\/uploads\/2023\/09\/DSC2425-150x150.jpg\" class=\"attachment-thumbnail size-thumbnail\" alt=\"_DSC2425\" loading=\"lazy\" decoding=\"async\" \/><\/a>\n\t\t\t<\/div><\/figure><figure class='gallery-item'>\n\t\t\t<div class='gallery-icon landscape'>\n\t\t\t\t<a href='https:\/\/correiodasemana.com\/site\/pe-raimundo-nonato-e-empossado-como-diretor-geral-da-santa-casa-de-sobral\/_dsc2452\/'><img loading=\"lazy\" width=\"150\" height=\"150\" src=\"https:\/\/correiodasemana.com\/site\/wp-content\/uploads\/2023\/09\/DSC2452-150x150.jpg\" class=\"attachment-thumbnail size-thumbnail\" alt=\"_DSC2452\" loading=\"lazy\" decoding=\"async\" \/><\/a>\n\t\t\t<\/div><\/figure><figure class='gallery-item'>\n\t\t\t<div class='gallery-icon landscape'>\n\t\t\t\t<a href='https:\/\/correiodasemana.com\/site\/pe-raimundo-nonato-e-empossado-como-diretor-geral-da-santa-casa-de-sobral\/_dsc2546\/'><img loading=\"lazy\" width=\"150\" height=\"150\" src=\"https:\/\/correiodasemana.com\/site\/wp-content\/uploads\/2023\/09\/DSC2546-150x150.jpg\" class=\"attachment-thumbnail size-thumbnail\" alt=\"_DSC2546\" loading=\"lazy\" decoding=\"async\" \/><\/a>\n\t\t\t<\/div><\/figure>\n\t\t<\/div>\n\n<div>Sob aplausos de profissionais e autoridades, Pe. Raimundo Nonato Leonardo Bastos foi empossado, na segunda-feira (12), como diretor-geral da Santa Casa de Miseric\u00f3rdia de Sobral.. Ele foi eleito para o cargo, na \u00faltima assembleia geral, realizada no dia 29 de agosto. A cerim\u00f4nia de posse foi presidida pelo provedor do Complexo Santa Casa, Dom Jos\u00e9 Luiz Gomes de Vasconcelos.<\/div>\n<div>A solenidade foi realizada no audit\u00f3rio principal da unidade e contou com a presen\u00e7a de v\u00e1rias autoridades, entre as quais a presidente da C\u00e2mara de Vereadores de Sobral, Maria Socorro Brasileiro, a Secret\u00e1ria de Sa\u00fade de Sobral, Let\u00edcia Reichel dos Santos, os vereadores Francisca Ribeiro, Ap\u00f3stolo Jander e Thiago Ramos e o ex-deputado estadual, Rog\u00e9rio Aguiar. Compuseram a mesa da solenidade Dom Vasconcelos, Socorro Brasileiro, Let\u00edcia Reichel, al\u00e9m do ex-diretor do hospital, Klebson Carvalho Soares, a advogada da institui\u00e7\u00e3o, Aline da Silva Angelim e o gerente de enfermagem da Santa Casa, Francisco Aristides Costa Siqueira.<\/div>\n<div>\u201c\u00c9 com grav\u00edssimo senso que aceitei a fun\u00e7\u00e3o e \u00e1rdua miss\u00e3o de dirigir a Associa\u00e7\u00e3o Santa Casa de Miseric\u00f3rdia de Sobral, tenho consci\u00eancia de que as coisas n\u00e3o s\u00e3o f\u00e1ceis, ao contr\u00e1rio, est\u00e3o bastante dif\u00edceis. Sei, tenho absoluta consci\u00eancia de que n\u00e3o sou o \u2018salvador da p\u00e1tria\u2019. Sou apenas um simples colaborador, com interesse comum. Interesse de que nossa institui\u00e7\u00e3o possa saldar d\u00edvidas, ter profissionais realizados e poder prestar os melhores servi\u00e7os \u00e0 popula\u00e7\u00e3o da Macrorregi\u00e3o de Sa\u00fade de Sobral que abrange uma popula\u00e7\u00e3o de aproximadamente 1,7 milh\u00e3o de habitantes e, assim, sentir o povo satisfeito\u201d, disse Pe. Raimundo Nonato durante a posse.<\/div>\n<div>Em seu discurso, Dom Vasconcelos fez um breve hist\u00f3rico do Complexo Santa Casa e de toda a contribui\u00e7\u00e3o da Diocese para a sa\u00fade e o desenvolvimento de Sobral com institui\u00e7\u00f5es como a Santa Casa de Miseric\u00f3rdia de Sobral, o Hospital do Cora\u00e7\u00e3o, o Abrigo S\u00e3o Francisco e o Hotel Visconde. Al\u00e9m disso, agradeceu o trabalho realizado pelo ex-diretor da institui\u00e7\u00e3o e fez votos para a nova jornada do Pe. Nonato como Diretor-Geral do Complexo. \u201cAgrade\u00e7o ao Reverend\u00edssimo Pe. Raimundo Nonato Leonardo Bastos, a quem dou posse como novo Diretor Geral da Associa\u00e7\u00e3o Santa Casa de Miseric\u00f3rdia de Sobral. Agrade\u00e7o-lhe por seu SIM, por aceitar assumir este grande desafio em meio a t\u00e3o grandiosa crise\u201d, ressaltou.<\/div>\n<div>A cerim\u00f4nia de posse contou ainda com um momento de ora\u00e7\u00e3o. Foi realizada a leitura da identidade institucional da Associa\u00e7\u00e3o. Al\u00e9m disso, houve homenagens e agradecimentos ao ex diretor-geral, Klebson Carvalho Soares com a entrega de uma placa de reconhecimento pelos trabalhos prestados por ele \u00e0 institui\u00e7\u00e3o. Carvalho agradeceu aos colaboradores que contribu\u00edram para o desenvolvimento da institui\u00e7\u00e3o e descreveu que tem muito orgulho de fazer parte da hist\u00f3ria da Santa Casa.<\/div>\n","protected":false},"excerpt":{"rendered":"<p>Sob aplausos de profissionais e autoridades, Pe. Raimundo Nonato Leonardo Bastos foi empossado, na segunda-feira&#8230;<\/p>\n","protected":false},"author":7,"featured_media":26586,"comment_status":"open","ping_status":"open","sticky":false,"template":"","format":"standard","meta":{"_jetpack_memberships_contains_paid_content":false,"footnotes":"","jetpack_publicize_message":"","jetpack_publicize_feature_enabled":true,"jetpack_social_post_already_shared":true,"jetpack_social_options":{"image_generator_settings":{"template":"highway","default_image_id":0,"font":"","enabled":false},"version":2}},"categories":[1],"tags":[],"class_list":["post-26585","post","type-post","status-publish","format-standard","has-post-thumbnail","hentry","category-atualidade"],"jetpack_publicize_connections":[],"jetpack_featured_media_url":"https:\/\/correiodasemana.com\/site\/wp-content\/uploads\/2023\/09\/DSC2046.jpg","jetpack-related-posts":[{"id":26425,"url":"https:\/\/correiodasemana.com\/site\/complexo-santa-casa-de-misericordia-de-sobral-realiza-assembleia-geral\/","url_meta":{"origin":26585,"position":0},"title":"Complexo Santa Casa de Miseric\u00f3rdia de Sobral realiza Assembleia Geral","author":"adminredacao","date":"Setembro 4, 2023","format":false,"excerpt":"No dia 29 de agosto de 2023, ocorreu a Assembleia Geral do Complexo Santa Casa de Miseric\u00f3rdia de Sobral. A Assembleia ocorreu no audit\u00f3rio do Hospital do Cora\u00e7\u00e3o, contando com a presen\u00e7a do Provedor, Sr. Bispo, Dom Jos\u00e9 Luiz Gomes de Vasconcelos, do Diretor-Geral, Dr. Klebson Carvalho Soares, dos associados,\u2026","rel":"","context":"In &quot;Atualidade&quot;","block_context":{"text":"Atualidade","link":"https:\/\/correiodasemana.com\/site\/category\/atualidade\/"},"img":{"alt_text":"","src":"https:\/\/i0.wp.com\/correiodasemana.com\/site\/wp-content\/uploads\/2023\/09\/DSC8217-scaled.jpg?resize=350%2C200&ssl=1","width":350,"height":200,"srcset":"https:\/\/i0.wp.com\/correiodasemana.com\/site\/wp-content\/uploads\/2023\/09\/DSC8217-scaled.jpg?resize=350%2C200&ssl=1 1x, https:\/\/i0.wp.com\/correiodasemana.com\/site\/wp-content\/uploads\/2023\/09\/DSC8217-scaled.jpg?resize=525%2C300&ssl=1 1.5x, https:\/\/i0.wp.com\/correiodasemana.com\/site\/wp-content\/uploads\/2023\/09\/DSC8217-scaled.jpg?resize=700%2C400&ssl=1 2x, https:\/\/i0.wp.com\/correiodasemana.com\/site\/wp-content\/uploads\/2023\/09\/DSC8217-scaled.jpg?resize=1050%2C600&ssl=1 3x, https:\/\/i0.wp.com\/correiodasemana.com\/site\/wp-content\/uploads\/2023\/09\/DSC8217-scaled.jpg?resize=1400%2C800&ssl=1 4x"},"classes":[]},{"id":37546,"url":"https:\/\/correiodasemana.com\/site\/o-complexo-santa-casa-de-misericordia-de-sobral-scms-passara-a-ser-gerido-pela-fraternidade-sao-francisco-de-assis-na-providencia-de-deus\/","url_meta":{"origin":26585,"position":1},"title":"O Complexo Santa Casa de Miseric\u00f3rdia de Sobral (SCMS) passar\u00e1 a ser gerido pela Fraternidade S\u00e3o Francisco de Assis na Provid\u00eancia de Deus","author":"adminredacao","date":"Fevereiro 23, 2026","format":false,"excerpt":"O Complexo Santa Casa de Miseric\u00f3rdia de Sobral (SCMS) passar\u00e1 a ser gerido pela Fraternidade S\u00e3o Francisco de Assis na Provid\u00eancia de Deus. A Associa\u00e7\u00e3o Santa Casa de Miseric\u00f3rdia de Sobral, respons\u00e1vel pela administra\u00e7\u00e3o do Complexo, reuniu-se nesta sexta-feira, 20, e elegeu o administrador e religioso Frei Bartolomeu Schultz como\u2026","rel":"","context":"In &quot;Atualidade&quot;","block_context":{"text":"Atualidade","link":"https:\/\/correiodasemana.com\/site\/category\/atualidade\/"},"img":{"alt_text":"","src":"https:\/\/i0.wp.com\/correiodasemana.com\/site\/wp-content\/uploads\/2026\/02\/Franciscanos-na-Santa-Casa-8.jpeg?resize=350%2C200&ssl=1","width":350,"height":200,"srcset":"https:\/\/i0.wp.com\/correiodasemana.com\/site\/wp-content\/uploads\/2026\/02\/Franciscanos-na-Santa-Casa-8.jpeg?resize=350%2C200&ssl=1 1x, https:\/\/i0.wp.com\/correiodasemana.com\/site\/wp-content\/uploads\/2026\/02\/Franciscanos-na-Santa-Casa-8.jpeg?resize=525%2C300&ssl=1 1.5x, https:\/\/i0.wp.com\/correiodasemana.com\/site\/wp-content\/uploads\/2026\/02\/Franciscanos-na-Santa-Casa-8.jpeg?resize=700%2C400&ssl=1 2x, https:\/\/i0.wp.com\/correiodasemana.com\/site\/wp-content\/uploads\/2026\/02\/Franciscanos-na-Santa-Casa-8.jpeg?resize=1050%2C600&ssl=1 3x"},"classes":[]},{"id":18330,"url":"https:\/\/correiodasemana.com\/site\/padre-raimundo-nonato-timbo-e-agraciado-pelo-santo-padre-com-o-titulo-de-monsenhor\/","url_meta":{"origin":26585,"position":2},"title":"Padre Raimundo Nonato Timb\u00f3 \u00e9 agraciado pelo Santo Padre com o T\u00edtulo de Monsenhor","author":"","date":"Dezembro 12, 2021","format":false,"excerpt":"Por Thais Helena (Reda\u00e7\u00e3o Jornal Correio da Semana) Neste dia 09 de dezembro, dia em que a Diocese de Sobral celebrou com j\u00fabilo 32 anos de Ordena\u00e7\u00e3o Sacerdotal do Bispo Diocesano, Dom Jos\u00e9 Luiz Gomes de Vasconcelos, o Pe. Raimundo Nonato Timb\u00f3 foi surpreendido com uma homenagem feita pelo Sr.\u2026","rel":"","context":"In &quot;Atualidade&quot;","block_context":{"text":"Atualidade","link":"https:\/\/correiodasemana.com\/site\/category\/atualidade\/"},"img":{"alt_text":"","src":"https:\/\/i0.wp.com\/correiodasemana.com\/site\/wp-content\/uploads\/2021\/12\/dom-vasconcelos-anucnia-pe.-timbo-monsenhor-scaled.jpg?resize=350%2C200&ssl=1","width":350,"height":200,"srcset":"https:\/\/i0.wp.com\/correiodasemana.com\/site\/wp-content\/uploads\/2021\/12\/dom-vasconcelos-anucnia-pe.-timbo-monsenhor-scaled.jpg?resize=350%2C200&ssl=1 1x, https:\/\/i0.wp.com\/correiodasemana.com\/site\/wp-content\/uploads\/2021\/12\/dom-vasconcelos-anucnia-pe.-timbo-monsenhor-scaled.jpg?resize=525%2C300&ssl=1 1.5x, https:\/\/i0.wp.com\/correiodasemana.com\/site\/wp-content\/uploads\/2021\/12\/dom-vasconcelos-anucnia-pe.-timbo-monsenhor-scaled.jpg?resize=700%2C400&ssl=1 2x, https:\/\/i0.wp.com\/correiodasemana.com\/site\/wp-content\/uploads\/2021\/12\/dom-vasconcelos-anucnia-pe.-timbo-monsenhor-scaled.jpg?resize=1050%2C600&ssl=1 3x, https:\/\/i0.wp.com\/correiodasemana.com\/site\/wp-content\/uploads\/2021\/12\/dom-vasconcelos-anucnia-pe.-timbo-monsenhor-scaled.jpg?resize=1400%2C800&ssl=1 4x"},"classes":[]},{"id":26912,"url":"https:\/\/correiodasemana.com\/site\/dom-vasconcelos-da-posse-ao-novo-economo-para-a-diocese-de-sobral\/","url_meta":{"origin":26585,"position":3},"title":"Dom Vasconcelos d\u00e1 posse ao novo ec\u00f4nomo para a Diocese de Sobral","author":"adminredacao","date":"Outubro 17, 2023","format":false,"excerpt":"O bispo diocesano de Sobral, Dom Jos\u00e9 Luiz Gomes de Vasconcelos empossou na manh\u00e3 desta ter\u00e7a-feira, 10\/10, para a fun\u00e7\u00e3o de ec\u00f4nomo diocesano o Pe. Raimundo \u00cdtalo Arcanjo. O cargo estava vacante desde a sa\u00edda de Pe. Raimundo Nonato Bastos que assumiu a dire\u00e7\u00e3o do Hospital do Cora\u00e7\u00e3o. O presb\u00edtero\u2026","rel":"","context":"In &quot;Atualidade&quot;","block_context":{"text":"Atualidade","link":"https:\/\/correiodasemana.com\/site\/category\/atualidade\/"},"img":{"alt_text":"","src":"https:\/\/i0.wp.com\/correiodasemana.com\/site\/wp-content\/uploads\/2023\/10\/WhatsApp-Image-2023-10-13-at-18.28.25.jpeg?resize=350%2C200&ssl=1","width":350,"height":200,"srcset":"https:\/\/i0.wp.com\/correiodasemana.com\/site\/wp-content\/uploads\/2023\/10\/WhatsApp-Image-2023-10-13-at-18.28.25.jpeg?resize=350%2C200&ssl=1 1x, https:\/\/i0.wp.com\/correiodasemana.com\/site\/wp-content\/uploads\/2023\/10\/WhatsApp-Image-2023-10-13-at-18.28.25.jpeg?resize=525%2C300&ssl=1 1.5x, https:\/\/i0.wp.com\/correiodasemana.com\/site\/wp-content\/uploads\/2023\/10\/WhatsApp-Image-2023-10-13-at-18.28.25.jpeg?resize=700%2C400&ssl=1 2x, https:\/\/i0.wp.com\/correiodasemana.com\/site\/wp-content\/uploads\/2023\/10\/WhatsApp-Image-2023-10-13-at-18.28.25.jpeg?resize=1050%2C600&ssl=1 3x, https:\/\/i0.wp.com\/correiodasemana.com\/site\/wp-content\/uploads\/2023\/10\/WhatsApp-Image-2023-10-13-at-18.28.25.jpeg?resize=1400%2C800&ssl=1 4x"},"classes":[]},{"id":18400,"url":"https:\/\/correiodasemana.com\/site\/em-celebracao-solene-pe-nonato-timbo-de-paiva-recebe-titulo-de-monsenhor\/","url_meta":{"origin":26585,"position":4},"title":"Em celebra\u00e7\u00e3o solene, Pe. Nonato Timb\u00f3 de Paiva recebe t\u00edtulo de Monsenhor","author":"","date":"Dezembro 20, 2021","format":false,"excerpt":"Por Thais Helena (Reda\u00e7\u00e3o Jornal Correio da Semana) Na \u00faltima segunda-feira, 13, dia da virgem e m\u00e1rtir Santa Luzia, toda a comunidade paroquial da cidade de Marco\/CE esteve reunida no adro da Igreja Matriz de S\u00e3o Manuel para celebrar a solene liturgia, onde Dom Vasconcelos entregou o t\u00edtulo de Monsenhor\u2026","rel":"","context":"In &quot;Atualidade&quot;","block_context":{"text":"Atualidade","link":"https:\/\/correiodasemana.com\/site\/category\/atualidade\/"},"img":{"alt_text":"","src":"https:\/\/i0.wp.com\/correiodasemana.com\/site\/wp-content\/uploads\/2021\/12\/monsenhor-timbo-diocese-de-sobral-3.jpeg?resize=350%2C200&ssl=1","width":350,"height":200,"srcset":"https:\/\/i0.wp.com\/correiodasemana.com\/site\/wp-content\/uploads\/2021\/12\/monsenhor-timbo-diocese-de-sobral-3.jpeg?resize=350%2C200&ssl=1 1x, https:\/\/i0.wp.com\/correiodasemana.com\/site\/wp-content\/uploads\/2021\/12\/monsenhor-timbo-diocese-de-sobral-3.jpeg?resize=525%2C300&ssl=1 1.5x, https:\/\/i0.wp.com\/correiodasemana.com\/site\/wp-content\/uploads\/2021\/12\/monsenhor-timbo-diocese-de-sobral-3.jpeg?resize=700%2C400&ssl=1 2x"},"classes":[]},{"id":35373,"url":"https:\/\/correiodasemana.com\/site\/santa-casa-de-sobral-e-o-primeiro-hospital-filantropico-do-ceara-a-aderir-ao-programa-agora-tem-especialistas\/","url_meta":{"origin":26585,"position":5},"title":"Santa Casa de Sobral \u00e9 o primeiro hospital filantr\u00f3pico do Cear\u00e1 a aderir ao programa Agora Tem Especialistas","author":"adminredacao","date":"Setembro 1, 2025","format":false,"excerpt":"O Minist\u00e9rio da Sa\u00fade anunciou a ades\u00e3o da Santa Casa de Miseric\u00f3rdia de Sobral ao programa Agora Tem Especialistas. A institui\u00e7\u00e3o \u00e9 o primeiro hospital filantr\u00f3pico do Cear\u00e1 a aderir \u00e0 iniciativa do Governo Federal e est\u00e1 entre os tr\u00eas primeiros hospitais privados e filantr\u00f3picos a aderirem a esta modalidade\u2026","rel":"","context":"In &quot;Atualidade&quot;","block_context":{"text":"Atualidade","link":"https:\/\/correiodasemana.com\/site\/category\/atualidade\/"},"img":{"alt_text":"","src":"https:\/\/i0.wp.com\/correiodasemana.com\/site\/wp-content\/uploads\/2025\/09\/Agora-tem-especialistas-3-scaled.jpeg?resize=350%2C200&ssl=1","width":350,"height":200,"srcset":"https:\/\/i0.wp.com\/correiodasemana.com\/site\/wp-content\/uploads\/2025\/09\/Agora-tem-especialistas-3-scaled.jpeg?resize=350%2C200&ssl=1 1x, https:\/\/i0.wp.com\/correiodasemana.com\/site\/wp-content\/uploads\/2025\/09\/Agora-tem-especialistas-3-scaled.jpeg?resize=525%2C300&ssl=1 1.5x, https:\/\/i0.wp.com\/correiodasemana.com\/site\/wp-content\/uploads\/2025\/09\/Agora-tem-especialistas-3-scaled.jpeg?resize=700%2C400&ssl=1 2x, https:\/\/i0.wp.com\/correiodasemana.com\/site\/wp-content\/uploads\/2025\/09\/Agora-tem-especialistas-3-scaled.jpeg?resize=1050%2C600&ssl=1 3x, https:\/\/i0.wp.com\/correiodasemana.com\/site\/wp-content\/uploads\/2025\/09\/Agora-tem-especialistas-3-scaled.jpeg?resize=1400%2C800&ssl=1 4x"},"classes":[]}],"jetpack_sharing_enabled":true,"_links":{"self":[{"href":"https:\/\/correiodasemana.com\/site\/wp-json\/wp\/v2\/posts\/26585","targetHints":{"allow":["GET"]}}],"collection":[{"href":"https:\/\/correiodasemana.com\/site\/wp-json\/wp\/v2\/posts"}],"about":[{"href":"https:\/\/correiodasemana.com\/site\/wp-json\/wp\/v2\/types\/post"}],"author":[{"embeddable":true,"href":"https:\/\/correiodasemana.com\/site\/wp-json\/wp\/v2\/users\/7"}],"replies":[{"embeddable":true,"href":"https:\/\/correiodasemana.com\/site\/wp-json\/wp\/v2\/comments?post=26585"}],"version-history":[{"count":1,"href":"https:\/\/correiodasemana.com\/site\/wp-json\/wp\/v2\/posts\/26585\/revisions"}],"predecessor-version":[{"id":26594,"href":"https:\/\/correiodasemana.com\/site\/wp-json\/wp\/v2\/posts\/26585\/revisions\/26594"}],"wp:featuredmedia":[{"embeddable":true,"href":"https:\/\/correiodasemana.com\/site\/wp-json\/wp\/v2\/media\/26586"}],"wp:attachment":[{"href":"https:\/\/correiodasemana.com\/site\/wp-json\/wp\/v2\/media?parent=26585"}],"wp:term":[{"taxonomy":"category","embeddable":true,"href":"https:\/\/correiodasemana.com\/site\/wp-json\/wp\/v2\/categories?post=26585"},{"taxonomy":"post_tag","embeddable":true,"href":"https:\/\/correiodasemana.com\/site\/wp-json\/wp\/v2\/tags?post=26585"}],"curies":[{"name":"wp","href":"https:\/\/api.w.org\/{rel}","templated":true}]}}