{"id":27405,"date":"2023-11-27T11:17:50","date_gmt":"2023-11-27T14:17:50","guid":{"rendered":"https:\/\/correiodasemana.com\/site\/?p=27405"},"modified":"2023-11-27T11:17:51","modified_gmt":"2023-11-27T14:17:51","slug":"em-tempo-203","status":"publish","type":"post","link":"https:\/\/correiodasemana.com\/site\/em-tempo-203\/","title":{"rendered":"Em Tempo"},"content":{"rendered":"<p><strong>UFC oferta 14 vagas para professor<\/strong><br \/>\nA Universidade Federal do Cear\u00e1 (UFC) abre inscri\u00e7\u00e3o, a partir de 27 de novembro, para sele\u00e7\u00e3o de professores substitutos em Fortaleza e nos campi dos munic\u00edpios de Itapaj\u00e9, Sobral e Russas. Ao todo, 14 vagas s\u00e3o disponibilizadas em diferentes campos de estudo.<br \/>\nEm Sobral, s\u00e3o ofertadas tr\u00eas vagas para os cursos de Odontologia, Engenharia El\u00e9trica e M\u00fasica. As informa\u00e7\u00f5es sobre titula\u00e7\u00f5es exigidas e documenta\u00e7\u00e3o est\u00e3o detalhadas no edital 147\/2023, dispon\u00edvel no site da Pr\u00f3-Reitoria de Gest\u00e3o de Pessoas (https:\/\/progep.ufc.br).<\/p>\n<p><strong>Finalista no Pr\u00eamio Jabuti de 2023<\/strong><br \/>\nA C\u00e2mara Brasileira do Livro divulgou a rela\u00e7\u00e3o dos finalistas da 65\u00aa edi\u00e7\u00e3o do Pr\u00eamio Jabuti. Das 4.245 obras inscritas, foram selecionadas cinco finalistas para cada uma das 21 categorias, distribu\u00eddas em quatro eixos: Literatura, N\u00e3o-Fic\u00e7\u00e3o, Produ\u00e7\u00e3o editorial e Inova\u00e7\u00e3o.<br \/>\nEscritor cearense Lira Neto \u00e9 um dos finalistas com o livro \u201cA vacina sem revolta: a luta de Rodolpho Theophilo contra o poder e a peste\u201d, na categoria Biografia e Reportagem. Os vencedores ser\u00e3o apresentados na noite de 5 de dezembro, no Theatro Municipal de S\u00e3o Paulo.<\/p>\n<p><strong>Vencedor do National Book Award<\/strong><br \/>\n<a href=\"https:\/\/correiodasemana.com\/site\/em-tempo-203\/gardel-ok\/\" rel=\"attachment wp-att-27406\"><img fetchpriority=\"high\" decoding=\"async\" class=\"alignleft size-medium wp-image-27406\" src=\"https:\/\/correiodasemana.com\/site\/wp-content\/uploads\/2023\/11\/gardel-ok-300x169.jpg\" alt=\"\" width=\"300\" height=\"169\" srcset=\"https:\/\/correiodasemana.com\/site\/wp-content\/uploads\/2023\/11\/gardel-ok-300x169.jpg 300w, https:\/\/correiodasemana.com\/site\/wp-content\/uploads\/2023\/11\/gardel-ok-768x432.jpg 768w, https:\/\/correiodasemana.com\/site\/wp-content\/uploads\/2023\/11\/gardel-ok.jpg 984w\" sizes=\"(max-width: 300px) 100vw, 300px\" \/><\/a><\/p>\n<p>&nbsp;<\/p>\n<p>&nbsp;<\/p>\n<p>&nbsp;<\/p>\n<p>&nbsp;<\/p>\n<p>&nbsp;<\/p>\n<p>Escritor St\u00eanio Gardel sobe ao palco para receber pr\u00eamio em Nova York<br \/>\nEscritor St\u00eanio Gardel, cearense de Limoeiro do Norte, venceu o National Book Award, uma das mais importantes honrarias liter\u00e1rias dos Estados Unidos, concedida anualmente aos melhores livros escritos ou traduzidos para o ingl\u00eas. Premia\u00e7\u00e3o ocorreu no dia 15 de novembro.<br \/>\nCerim\u00f4nia foi em Nova York e laureou o romance \u201cA palavra que resta\u201d. O trof\u00e9u foi para o autor e para a tradutora, Bruna Dantas Lobato, que verteu o texto para ingl\u00eas na edi\u00e7\u00e3o da New Vessel Press, intitulada \u201cThe Words That Remain\u201d. Tamb\u00e9m ganharam R$10 mil d\u00f3lares.<\/p>\n<p><strong>Festival Ibero-americano de Cinema<\/strong><br \/>\nCom mais de 80 filmes em exibi\u00e7\u00e3o, o 33\u00ba Cine Cear\u00e1 \u2013 Festival Ibero-americano de Cinema ter\u00e1 atividades de 25 de novembro a 1\u00ba de dezembro em Fortaleza, no Cineteatro S\u00e3o Luiz e Drag\u00e3o do Mar, com mostras competitivas, debates, homenagens e exibi\u00e7\u00f5es especiais.<br \/>\n\u00c9 destaque nesta edi\u00e7\u00e3o do Cine Cear\u00e1 o recorde em n\u00famero de produ\u00e7\u00f5es cearenses. S\u00e3o 29 no total, das quais 11 s\u00e3o longas-metragens. Toda a programa\u00e7\u00e3o tem acesso gratuito. As informa\u00e7\u00f5es sobre a retirada de ingressos est\u00e3o dispon\u00edveis no site www.cineceara.com.<\/p>\n<p><strong>Evento gastron\u00f4mico internacional<\/strong><br \/>\nA nova edi\u00e7\u00e3o do Festival Del\u00edcias do Mundo j\u00e1 tem data para acontecer. Marcado para os dias 1\u00ba, 2 e 3 de dezembro, em Fortaleza, com entrada gratuita, evento gastron\u00f4mico promete reunir sabores de diversos pa\u00edses. Os pratos ter\u00e3o valores promocionais, entre R$ 5 e R$ 50.<br \/>\nTamb\u00e9m haver\u00e1 programa\u00e7\u00e3o art\u00edstica cm apresenta\u00e7\u00e3o do DJ Cau Borges, dos m\u00fasicos Vannick Belchior e Pedro Brecul\u00ea, e da banda Mano Braz. O festival ser\u00e1 realizado na Pra\u00e7a Verde do Centro Drag\u00e3o do Mar de Arte e Cultura (rua Drag\u00e3o do Mar, 81 &#8211; Praia de Iracema).<\/p>\n<p>Dica da Coluna<br \/>\nLeia o Blog do Edilson (www.blogdoedilson.com.br): Cultura, educa\u00e7\u00e3o, pol\u00edtica e utilidade p\u00fablica.<\/p>\n","protected":false},"excerpt":{"rendered":"<p>UFC oferta 14 vagas para professor A Universidade Federal do Cear\u00e1 (UFC) abre inscri\u00e7\u00e3o, a&#8230;<\/p>\n","protected":false},"author":7,"featured_media":18025,"comment_status":"open","ping_status":"open","sticky":false,"template":"","format":"standard","meta":{"_jetpack_memberships_contains_paid_content":false,"footnotes":"","jetpack_publicize_message":"","jetpack_publicize_feature_enabled":true,"jetpack_social_post_already_shared":true,"jetpack_social_options":{"image_generator_settings":{"template":"highway","default_image_id":0,"font":"","enabled":false},"version":2}},"categories":[11,36],"tags":[],"class_list":["post-27405","post","type-post","status-publish","format-standard","has-post-thumbnail","hentry","category-artigos","category-em-tempo"],"jetpack_publicize_connections":[],"jetpack_featured_media_url":"https:\/\/correiodasemana.com\/site\/wp-content\/uploads\/2021\/11\/Edilson-Silva.jpg","jetpack-related-posts":[{"id":18044,"url":"https:\/\/correiodasemana.com\/site\/em-tempo-108\/","url_meta":{"origin":27405,"position":0},"title":"Em Tempo","author":"","date":"Novembro 14, 2021","format":false,"excerpt":"Concurso UFC para t\u00e9cnico-administrativo Universidade Federal do Cear\u00e1 (UFC) recebe inscri\u00e7\u00f5es, at\u00e9 28 de novembro, de concurso p\u00fablico para provimento de cargos da carreira t\u00e9cnico-administrativa. Com 81 vagas, o concurso ter\u00e1 prova escrita para todos os cargos; e prova pr\u00e1tica para o cargo de t\u00e9cnico de laborat\u00f3rio. Ser\u00e3o ofertadas 42\u2026","rel":"","context":"In &quot;Artigos&quot;","block_context":{"text":"Artigos","link":"https:\/\/correiodasemana.com\/site\/category\/artigos\/"},"img":{"alt_text":"","src":"https:\/\/i0.wp.com\/correiodasemana.com\/site\/wp-content\/uploads\/2021\/11\/img1-300x169.jpg?resize=350%2C200&ssl=1","width":350,"height":200},"classes":[]},{"id":27249,"url":"https:\/\/correiodasemana.com\/site\/em-tempo-201\/","url_meta":{"origin":27405,"position":1},"title":"EM TEMPO \u2022","author":"adminredacao","date":"Novembro 13, 2023","format":false,"excerpt":"27\u00aa edi\u00e7\u00e3o do Cear\u00e1 Natal de Luz Fortaleza recebe 27\u00aa edi\u00e7\u00e3o Cear\u00e1 Natal de Luz a partir de 17 de novembro. Abertura, \u00e0s 17h, na Pra\u00e7a do Ferreira, contar\u00e1 com as apresenta\u00e7\u00f5es de Geraldo Azevedo, duo Leandro Cavalcante e Itauana Ciribelli, grupo teatral Blitz e a t\u00e3o esperada chegada do\u2026","rel":"","context":"In &quot;Artigos&quot;","block_context":{"text":"Artigos","link":"https:\/\/correiodasemana.com\/site\/category\/artigos\/"},"img":{"alt_text":"","src":"https:\/\/i0.wp.com\/correiodasemana.com\/site\/wp-content\/uploads\/2023\/11\/1_lira_neto_o_povo--150x150.jpg?resize=350%2C200&ssl=1","width":350,"height":200,"srcset":"https:\/\/i0.wp.com\/correiodasemana.com\/site\/wp-content\/uploads\/2023\/11\/1_lira_neto_o_povo--150x150.jpg?resize=350%2C200&ssl=1 1x, https:\/\/i0.wp.com\/correiodasemana.com\/site\/wp-content\/uploads\/2023\/11\/1_lira_neto_o_povo--150x150.jpg?resize=525%2C300&ssl=1 1.5x, https:\/\/i0.wp.com\/correiodasemana.com\/site\/wp-content\/uploads\/2023\/11\/1_lira_neto_o_povo--150x150.jpg?resize=700%2C400&ssl=1 2x"},"classes":[]},{"id":21412,"url":"https:\/\/correiodasemana.com\/site\/em-tempo-157\/","url_meta":{"origin":27405,"position":2},"title":"Em Tempo","author":"","date":"Outubro 30, 2022","format":false,"excerpt":"Inscri\u00e7\u00f5es para sele\u00e7\u00e3o Embrapa A Embrapa Caprinos e Ovinos abre inscri\u00e7\u00f5es, at\u00e9 8 de novembro, para sele\u00e7\u00e3o de profissionais e estudantes para projetos de pesquisa, desenvolvimento e inova\u00e7\u00e3o tecnol\u00f3gica. O Edital prev\u00ea 13 vagas, com diferentes perfis de forma\u00e7\u00e3o, de acordo com a natureza da atividade. As oportunidades s\u00e3o para\u2026","rel":"","context":"In &quot;Artigos&quot;","block_context":{"text":"Artigos","link":"https:\/\/correiodasemana.com\/site\/category\/artigos\/"},"img":{"alt_text":"","src":"https:\/\/i0.wp.com\/correiodasemana.com\/site\/wp-content\/uploads\/2022\/10\/em-tempo.jpg?resize=350%2C200&ssl=1","width":350,"height":200},"classes":[]},{"id":35946,"url":"https:\/\/correiodasemana.com\/site\/em-tempo-298\/","url_meta":{"origin":27405,"position":3},"title":"EM TEMPO \u2022","author":"adminredacao","date":"Outubro 29, 2025","format":false,"excerpt":"Programa de capacita\u00e7\u00e3o de jornalistas O Sindicato dos Jornalistas do Cear\u00e1 (Sindjorce) recebe inscri\u00e7\u00f5es, at\u00e9 24 de outubro, para Programa Jovem Jornalista. Aulas acorrer\u00e3o de 28 de outubro a 5 de fevereiro de 2026. S\u00e3o 80 vagas:30 presenciais em Fortaleza e 50 para participantes do interior, via plataforma Zoom. O\u2026","rel":"","context":"In &quot;Artigos&quot;","block_context":{"text":"Artigos","link":"https:\/\/correiodasemana.com\/site\/category\/artigos\/"},"img":{"alt_text":"","src":"https:\/\/i0.wp.com\/correiodasemana.com\/site\/wp-content\/uploads\/2025\/10\/Cearenses-finalistas-2025-150x150.jpg?resize=350%2C200&ssl=1","width":350,"height":200,"srcset":"https:\/\/i0.wp.com\/correiodasemana.com\/site\/wp-content\/uploads\/2025\/10\/Cearenses-finalistas-2025-150x150.jpg?resize=350%2C200&ssl=1 1x, https:\/\/i0.wp.com\/correiodasemana.com\/site\/wp-content\/uploads\/2025\/10\/Cearenses-finalistas-2025-150x150.jpg?resize=525%2C300&ssl=1 1.5x, https:\/\/i0.wp.com\/correiodasemana.com\/site\/wp-content\/uploads\/2025\/10\/Cearenses-finalistas-2025-150x150.jpg?resize=700%2C400&ssl=1 2x"},"classes":[]},{"id":21490,"url":"https:\/\/correiodasemana.com\/site\/em-tempo-158\/","url_meta":{"origin":27405,"position":4},"title":"Em Tempo","author":"","date":"Novembro 6, 2022","format":false,"excerpt":"Concurso para professor da UFC A Universidade Federal do Cear\u00e1 recebe, de 14 de novembro a 2 de dezembro, inscri\u00e7\u00f5es para duas vagas de docente efetivo, na carreira de professor do magist\u00e9rio superior: uma para Fortaleza e outra para o Campus de Crate\u00fas, de acordo com o\u00a0Edital n\u00ba 134\/2022. A\u2026","rel":"","context":"In &quot;Artigos&quot;","block_context":{"text":"Artigos","link":"https:\/\/correiodasemana.com\/site\/category\/artigos\/"},"img":{"alt_text":"","src":"https:\/\/i0.wp.com\/correiodasemana.com\/site\/wp-content\/uploads\/2022\/11\/em-tempo-300x154.jpg?resize=350%2C200&ssl=1","width":350,"height":200},"classes":[]},{"id":26688,"url":"https:\/\/correiodasemana.com\/site\/em-tempo-195\/","url_meta":{"origin":27405,"position":5},"title":"EM TEMPO \u2022","author":"adminredacao","date":"Outubro 1, 2023","format":false,"excerpt":"Sele\u00e7\u00e3o para professor substituto A Universidade Federal do Cear\u00e1 (UFC) anuncia lan\u00e7amento do Edital n\u00ba 114\/2023 para sele\u00e7\u00e3o de professor substituto. S\u00e3o ofertadas 10 vagas, 9 das quais para os campi em Fortaleza e uma para o Campus da UFC em Sobral. As inscri\u00e7\u00f5es come\u00e7am no dia 2 de outubro.\u2026","rel":"","context":"In &quot;Artigos&quot;","block_context":{"text":"Artigos","link":"https:\/\/correiodasemana.com\/site\/category\/artigos\/"},"img":{"alt_text":"","src":"https:\/\/i0.wp.com\/correiodasemana.com\/site\/wp-content\/uploads\/2023\/10\/Stenio-1-Fernanda-Oliveira-300x169.jpg?resize=350%2C200&ssl=1","width":350,"height":200},"classes":[]}],"jetpack_sharing_enabled":true,"_links":{"self":[{"href":"https:\/\/correiodasemana.com\/site\/wp-json\/wp\/v2\/posts\/27405","targetHints":{"allow":["GET"]}}],"collection":[{"href":"https:\/\/correiodasemana.com\/site\/wp-json\/wp\/v2\/posts"}],"about":[{"href":"https:\/\/correiodasemana.com\/site\/wp-json\/wp\/v2\/types\/post"}],"author":[{"embeddable":true,"href":"https:\/\/correiodasemana.com\/site\/wp-json\/wp\/v2\/users\/7"}],"replies":[{"embeddable":true,"href":"https:\/\/correiodasemana.com\/site\/wp-json\/wp\/v2\/comments?post=27405"}],"version-history":[{"count":2,"href":"https:\/\/correiodasemana.com\/site\/wp-json\/wp\/v2\/posts\/27405\/revisions"}],"predecessor-version":[{"id":27408,"href":"https:\/\/correiodasemana.com\/site\/wp-json\/wp\/v2\/posts\/27405\/revisions\/27408"}],"wp:featuredmedia":[{"embeddable":true,"href":"https:\/\/correiodasemana.com\/site\/wp-json\/wp\/v2\/media\/18025"}],"wp:attachment":[{"href":"https:\/\/correiodasemana.com\/site\/wp-json\/wp\/v2\/media?parent=27405"}],"wp:term":[{"taxonomy":"category","embeddable":true,"href":"https:\/\/correiodasemana.com\/site\/wp-json\/wp\/v2\/categories?post=27405"},{"taxonomy":"post_tag","embeddable":true,"href":"https:\/\/correiodasemana.com\/site\/wp-json\/wp\/v2\/tags?post=27405"}],"curies":[{"name":"wp","href":"https:\/\/api.w.org\/{rel}","templated":true}]}}