{"id":27895,"date":"2023-12-26T22:43:08","date_gmt":"2023-12-27T01:43:08","guid":{"rendered":"https:\/\/correiodasemana.com\/site\/?p=27895"},"modified":"2023-12-26T22:43:08","modified_gmt":"2023-12-27T01:43:08","slug":"lula-destaca-fotografia-historica-da-reforma-tributaria","status":"publish","type":"post","link":"https:\/\/correiodasemana.com\/site\/lula-destaca-fotografia-historica-da-reforma-tributaria\/","title":{"rendered":"Lula destaca \u201cfotografia hist\u00f3rica\u201d da reforma tribut\u00e1ria"},"content":{"rendered":"<p>Presidente elogiou esfor\u00e7o do Congresso Nacional<\/p>\n<p>Por Pedro Rafael Vilela e Carolina Pimentel &#8211; Rep\u00f3rteres da Ag\u00eancia Brasil &#8211; Bras\u00edlia<br \/>\nO presidente Luiz In\u00e1cio Lula da Silva destacou o papel do Congresso Nacional na aprova\u00e7\u00e3o da reforma tribut\u00e1ria. A emenda constitucional 132\/2023, que institui uma simplifica\u00e7\u00e3o no sistema de impostos,\u00a0foi promulgada\u00a0em sess\u00e3o do Congresso Nacional, na tarde desta quarta-feira (20).<br \/>\n\u201cGuardem essa foto e se lembrem que, contra ou a favor, voc\u00eas contribu\u00edram para que esse pa\u00eds, na primeira vez no regime democr\u00e1tico, aprovasse uma reforma tribut\u00e1ria a contento da na\u00e7\u00e3o brasileira. Ela certamente n\u00e3o vai resolver todos os problemas, mas foi a demonstra\u00e7\u00e3o de que esse Congresso Nacional, toda vez que teve que mostrar compromisso com o povo brasileiro, ele mostrou. Quando foi desafiado, ele mostrou\u201d, disse o presidente, lembrando tamb\u00e9m ter sido um parlamentar. Lula foi deputado federal entre 1987 e 1991.<br \/>\n\u201cE \u00e9 esse Congresso, com direita ou esquerda, com centro ou qualquer outra coisa, mulheres e homens, negros e brancos. Esse Congresso, quer goste ou n\u00e3o o presidente, \u00e9 a cara da sociedade brasileira que votou nas elei\u00e7\u00f5es de 2022\u201d, acrescentou.<br \/>\nA vota\u00e7\u00e3o do texto havia sido conclu\u00edda pela C\u00e2mara dos Deputados no \u00faltimo dia 15. Lula compareceu \u00e0 cerim\u00f4nia, realizada no Plen\u00e1rio da C\u00e2mara, que tamb\u00e9m contou com as presen\u00e7as do presidente do Senado e Congresso, Rodrigo Pacheco (PSD-MG); da C\u00e2mara dos Deputados, Arthur Lira (PP-AL); e do Supremo Tribunal Federal (STF), Lu\u00eds Roberto Barroso, al\u00e9m dos ministros Fernando Haddad (Fazenda) e Simone Tebet (Planejamento), e centenas de deputados e senadores.<br \/>\nNo in\u00edcio de seu pronunciamento, Lula elogiou o papel do ministro da Fazenda na articula\u00e7\u00e3o da proposta. Para o presidente, Haddad demonstrou \u201cintelig\u00eancia de fazer uma proposta quando pouca gente acreditava que fosse poss\u00edvel passar\u201d. J\u00e1 o ministro da Fazenda, durante seu discurso, pediu que, com a reforma aprovada em vigor, o Supremo Tribunal Federal (STF) atue para faz\u00ea-la valer na pr\u00e1tica.<br \/>\n\u201cA partir deste momento, essa emenda tem um guardi\u00e3o. O guardi\u00e3o \u00e9 o Supremo. Contamos com o Supremo para que essa emenda seja recebida com a generosidade que ela merece, para que possamos consolidar essa reforma ao longo dos anos\u201d, afirmou.<br \/>\nHaddad tamb\u00e9m destacou o car\u00e1ter construtivo da proposta, e disse que a reforma tribut\u00e1ria \u00e9 \u201cperfeita\u201d porque foi realizada em um regime democr\u00e1tico. \u201cIsto aqui \u00e9 o vetor de muitas vontades, que aglutinou muitos anseios, que aglutinou muitas disputas, sendo muitas delas leg\u00edtimas em proveito de uma solu\u00e7\u00e3o. Ela [reforma] \u00e9 perfeita porque foi feita sob uma democracia. Todo mundo foi ouvido, todo mundo participou. Ela \u00e9 perfeita, porque tamb\u00e9m cont\u00e9m, em seu pr\u00f3prio texto, a cl\u00e1usula da sua peri\u00f3dica revis\u00e3o. Ela \u00e9 humilde e reconhece em seu processo hist\u00f3rico que h\u00e1 de torn\u00e1-la ainda melhor\u201d, celebrou.<br \/>\nJ\u00e1 a ministra do Planejamento afirmou que a reforma vai dar dignidade ao povo brasileiro e atende a popula\u00e7\u00e3o mais pobre do pa\u00eds. \u201c\u00c9 a reforma que vai dar dignidade para o povo brasileiro, porque \u00e9 a reforma dos mais pobres. Agora entendemos porque \u00e9 a m\u00e3e de todas as reformas. \u00c9 a reforma das mulheres brasileiras, porque lamentavelmente, a cara mais pobre do povo brasileiro \u00e9 sempre de uma mulher negra, do Norte e do Nordeste\u201d, disse Simone Tebet, ao lembrar que as mudan\u00e7as aprovadas preveem que a cesta b\u00e1sica de alimentos passa a ser isenta de tributos.<br \/>\nClima<br \/>\nNem os afagos de Lula aos parlamentares diminu\u00edram o clima de polariza\u00e7\u00e3o existente no Congresso. Durante a cerim\u00f4nia, em um plen\u00e1rio lotado, parlamentares da base do governo e da oposi\u00e7\u00e3o se exaltaram com a presen\u00e7a do presidente e transformaram o local em uma esp\u00e9cie de arquibancada de est\u00e1dio. De um lado, manifesta\u00e7\u00f5es de apoio ao presidente. Do outro, opositores gritando palavras contra o mandat\u00e1rio. Quando falou, o presidente da C\u00e2mara, Arthur Lira, chegou a pedir conten\u00e7\u00e3o dos parlamentares, para que mantivessem o decoro.<br \/>\nMudan\u00e7a estrutural<br \/>\nAp\u00f3s 30 anos de discuss\u00e3o, a reforma tribut\u00e1ria\u00a0simplificar\u00e1 a tributa\u00e7\u00e3o sobre o consumo\u00a0e provocar\u00e1 mudan\u00e7a na vida dos brasileiros na hora de comprar produtos e servi\u00e7os.<br \/>\nCesta b\u00e1sica, rem\u00e9dios, combust\u00edveis, servi\u00e7os de internet em\u00a0streaming, os produtos s\u00e3o diversos. Com uma longa lista de exce\u00e7\u00f5es e de al\u00edquotas especiais, o novo sistema tribut\u00e1rio ter\u00e1 impactos variados conforme o setor da economia. Paralelamente, pela primeira vez na hist\u00f3ria, haver\u00e1 medidas que garantam a progressividade na tributa\u00e7\u00e3o de alguns tipos de patrim\u00f4nio, como ve\u00edculos, e na transmiss\u00e3o de heran\u00e7as.<br \/>\nAo longo do pr\u00f3ximo ano, o Congresso ter\u00e1 de votar leis complementares para regulamentar a reforma tribut\u00e1ria. Segundo\u00a0Fernando Haddad, os projetos ser\u00e3o enviados nas primeiras semanas de 2024.<br \/>\nTamb\u00e9m no pr\u00f3ximo ano, o governo poder\u00e1 dar in\u00edcio \u00e0 reforma do Imposto de Renda, com mudan\u00e7as como a taxa\u00e7\u00e3o de dividendos (parcela de lucros das empresas distribu\u00eddos aos acionistas). Nesse caso, por\u00e9m, as mudan\u00e7as ocorrer\u00e3o por meio de projeto de lei, com qu\u00f3rum menor de vota\u00e7\u00e3o.<br \/>\nA nova tributa\u00e7\u00e3o das mercadorias e dos servi\u00e7os come\u00e7ar\u00e1 a entrar em vigor em 2026 e s\u00f3 terminar\u00e1 em 2033. A transi\u00e7\u00e3o para a cobran\u00e7a do imposto no destino (local de consumo) se iniciar\u00e1 em 2029, levar\u00e1 50 anos e s\u00f3 ser\u00e1 conclu\u00edda em 2078.<\/p>\n","protected":false},"excerpt":{"rendered":"<p>Presidente elogiou esfor\u00e7o do Congresso Nacional Por Pedro Rafael Vilela e Carolina Pimentel &#8211; Rep\u00f3rteres&#8230;<\/p>\n","protected":false},"author":7,"featured_media":27896,"comment_status":"open","ping_status":"open","sticky":false,"template":"","format":"standard","meta":{"_jetpack_memberships_contains_paid_content":false,"footnotes":"","jetpack_publicize_message":"","jetpack_publicize_feature_enabled":true,"jetpack_social_post_already_shared":true,"jetpack_social_options":{"image_generator_settings":{"template":"highway","default_image_id":0,"font":"","enabled":false},"version":2}},"categories":[1],"tags":[],"class_list":["post-27895","post","type-post","status-publish","format-standard","has-post-thumbnail","hentry","category-atualidade"],"jetpack_publicize_connections":[],"jetpack_featured_media_url":"https:\/\/correiodasemana.com\/site\/wp-content\/uploads\/2023\/12\/4315bc63-c64d-443a-9c9f-c743a09daa0a.webp","jetpack-related-posts":[{"id":24553,"url":"https:\/\/correiodasemana.com\/site\/rodrigo-pacheco-afirma-que-reforma-tributaria-e-um-dos-maiores-desafios-do-congresso\/","url_meta":{"origin":27895,"position":0},"title":"Rodrigo Pacheco afirma que reforma tribut\u00e1ria \u00e9 um dos maiores desafios do Congresso","author":"","date":"Maio 9, 2023","format":false,"excerpt":"Durante encontro com industriais para debater a reforma tribut\u00e1ria, o presidente do Senado, Rodrigo Pacheco (PSD-MG), considerou a polariza\u00e7\u00e3o pol\u00edtica negativa para o Brasil. Em meio a desgastes com o presidente da C\u00e2mara dos Deputados, Arthur Lira (PP-AL), o senador destacou a import\u00e2ncia do equil\u00edbrio entre os Poderes. \u201c\u00c9 fundamental\u2026","rel":"","context":"In &quot;Atualidade&quot;","block_context":{"text":"Atualidade","link":"https:\/\/correiodasemana.com\/site\/category\/atualidade\/"},"img":{"alt_text":"","src":"https:\/\/i0.wp.com\/correiodasemana.com\/site\/wp-content\/uploads\/2023\/05\/plenrio-do-senado_52261534409_o.webp?resize=350%2C200&ssl=1","width":350,"height":200,"srcset":"https:\/\/i0.wp.com\/correiodasemana.com\/site\/wp-content\/uploads\/2023\/05\/plenrio-do-senado_52261534409_o.webp?resize=350%2C200&ssl=1 1x, https:\/\/i0.wp.com\/correiodasemana.com\/site\/wp-content\/uploads\/2023\/05\/plenrio-do-senado_52261534409_o.webp?resize=525%2C300&ssl=1 1.5x, https:\/\/i0.wp.com\/correiodasemana.com\/site\/wp-content\/uploads\/2023\/05\/plenrio-do-senado_52261534409_o.webp?resize=700%2C400&ssl=1 2x, https:\/\/i0.wp.com\/correiodasemana.com\/site\/wp-content\/uploads\/2023\/05\/plenrio-do-senado_52261534409_o.webp?resize=1050%2C600&ssl=1 3x"},"classes":[]},{"id":22968,"url":"https:\/\/correiodasemana.com\/site\/governo-e-congresso-buscam-aprovar-reforma-tributaria-ainda-neste-ano\/","url_meta":{"origin":27895,"position":1},"title":"Governo e Congresso buscam aprovar reforma tribut\u00e1ria ainda neste ano","author":"adminredacao","date":"Janeiro 22, 2023","format":false,"excerpt":"Na C\u00e2mara dos Deputados, diversas propostas de emenda \u00e0 Constitui\u00e7\u00e3o foram objeto de debate nos \u00faltimos anos Uma das possibilidades \u00e9 reunir ideias constantes das propostas A reforma tribut\u00e1ria \u00e9 apontada como uma das pautas priorit\u00e1rias do novo governo e do Congresso Nacional. Na C\u00e2mara dos Deputados, est\u00e3o em discuss\u00e3o\u2026","rel":"","context":"In &quot;Atualidade&quot;","block_context":{"text":"Atualidade","link":"https:\/\/correiodasemana.com\/site\/category\/atualidade\/"},"img":{"alt_text":"","src":"https:\/\/i0.wp.com\/correiodasemana.com\/site\/wp-content\/uploads\/2023\/01\/img20230116093806758-768x512-1.jpg?resize=350%2C200&ssl=1","width":350,"height":200,"srcset":"https:\/\/i0.wp.com\/correiodasemana.com\/site\/wp-content\/uploads\/2023\/01\/img20230116093806758-768x512-1.jpg?resize=350%2C200&ssl=1 1x, https:\/\/i0.wp.com\/correiodasemana.com\/site\/wp-content\/uploads\/2023\/01\/img20230116093806758-768x512-1.jpg?resize=525%2C300&ssl=1 1.5x, https:\/\/i0.wp.com\/correiodasemana.com\/site\/wp-content\/uploads\/2023\/01\/img20230116093806758-768x512-1.jpg?resize=700%2C400&ssl=1 2x"},"classes":[]},{"id":23298,"url":"https:\/\/correiodasemana.com\/site\/novo-congresso-toma-posse-nesta-quarta-1\/","url_meta":{"origin":27895,"position":2},"title":"Novo Congresso toma posse nesta quarta (1) fevereiro","author":"","date":"Fevereiro 1, 2023","format":false,"excerpt":"Nesta quarta-feira, 1\u00ba, inicia-se oficialmente a\u00a053\u00aa legislatura do\u00a0Congresso Nacional, com a posse de deputados federais e senadores eleitos e reeleitos no dia 2 de outubro do ano passado. Os primeiros exercer\u00e3o um mandato no quadri\u00eanio 2023-2027. Os integrantes da Casa Alta do Parlamento brasileiro, por sua vez, ter\u00e3o oito anos\u2026","rel":"","context":"In &quot;Atualidade&quot;","block_context":{"text":"Atualidade","link":"https:\/\/correiodasemana.com\/site\/category\/atualidade\/"},"img":{"alt_text":"","src":"https:\/\/i0.wp.com\/correiodasemana.com\/site\/wp-content\/uploads\/2023\/02\/imagem_materia.jfif_.jpg?resize=350%2C200&ssl=1","width":350,"height":200,"srcset":"https:\/\/i0.wp.com\/correiodasemana.com\/site\/wp-content\/uploads\/2023\/02\/imagem_materia.jfif_.jpg?resize=350%2C200&ssl=1 1x, https:\/\/i0.wp.com\/correiodasemana.com\/site\/wp-content\/uploads\/2023\/02\/imagem_materia.jfif_.jpg?resize=525%2C300&ssl=1 1.5x, https:\/\/i0.wp.com\/correiodasemana.com\/site\/wp-content\/uploads\/2023\/02\/imagem_materia.jfif_.jpg?resize=700%2C400&ssl=1 2x"},"classes":[]},{"id":12036,"url":"https:\/\/correiodasemana.com\/site\/guedes-entrega-hoje-ao-congresso-proposta-de-reforma-tributaria\/","url_meta":{"origin":27895,"position":3},"title":"Guedes entrega hoje ao Congresso proposta de reforma tribut\u00e1ria","author":"","date":"Julho 21, 2020","format":false,"excerpt":"Texto ser\u00e1 entregue aos presidentes do Senado e da C\u00e2mara \u00e0s 14h O ministro da Economia, Paulo Guedes, entrega ao Congresso Nacional na tarde de hoje\u00a0(21) a proposta de reforma tribut\u00e1ria. O texto ser\u00e1 entregue aos presidentes do Senado, Davi Alcolumbre, e da C\u00e2mara dos Deputados, Rodrigo Maia, \u00e0s 14h30,\u2026","rel":"","context":"In &quot;Atualidade&quot;","block_context":{"text":"Atualidade","link":"https:\/\/correiodasemana.com\/site\/category\/atualidade\/"},"img":{"alt_text":"","src":"https:\/\/i0.wp.com\/correiodasemana.com\/site\/wp-content\/uploads\/2020\/07\/caica_economia_0304201596.jpg?resize=350%2C200&ssl=1","width":350,"height":200,"srcset":"https:\/\/i0.wp.com\/correiodasemana.com\/site\/wp-content\/uploads\/2020\/07\/caica_economia_0304201596.jpg?resize=350%2C200&ssl=1 1x, https:\/\/i0.wp.com\/correiodasemana.com\/site\/wp-content\/uploads\/2020\/07\/caica_economia_0304201596.jpg?resize=525%2C300&ssl=1 1.5x, https:\/\/i0.wp.com\/correiodasemana.com\/site\/wp-content\/uploads\/2020\/07\/caica_economia_0304201596.jpg?resize=700%2C400&ssl=1 2x, https:\/\/i0.wp.com\/correiodasemana.com\/site\/wp-content\/uploads\/2020\/07\/caica_economia_0304201596.jpg?resize=1050%2C600&ssl=1 3x"},"classes":[]},{"id":12864,"url":"https:\/\/correiodasemana.com\/site\/simplificacao-do-sistema-tributario-e-essencial-para-o-crescimento-da-economia-aponta-fecomercio-rj\/","url_meta":{"origin":27895,"position":4},"title":"Simplifica\u00e7\u00e3o do sistema tribut\u00e1rio \u00e9 essencial para o crescimento da economia, aponta Fecom\u00e9rcio-RJ","author":"","date":"Agosto 17, 2020","format":false,"excerpt":"O documento cita o projeto de lei 3887\/20, enviado recentemente ao Congresso Nacional. A mat\u00e9ria cria um tributo \u00fanico, denominado Contribui\u00e7\u00e3o sobre Bens e Consumo (CBS), em substitui\u00e7\u00e3o aos atuais PIS e COFINS Em meio \u00e0s discuss\u00f5es sobre as mudan\u00e7as no sistema de arrecada\u00e7\u00e3o de impostos no Brasil, entidades de\u2026","rel":"","context":"In &quot;Atualidade&quot;","block_context":{"text":"Atualidade","link":"https:\/\/correiodasemana.com\/site\/category\/atualidade\/"},"img":{"alt_text":"","src":"https:\/\/i0.wp.com\/correiodasemana.com\/site\/wp-content\/uploads\/2020\/08\/conta.jpg?resize=350%2C200&ssl=1","width":350,"height":200},"classes":[]},{"id":12964,"url":"https:\/\/correiodasemana.com\/site\/maia-diz-que-foco-deve-ser-teto-de-gastos-e-reforma-tributaria\/","url_meta":{"origin":27895,"position":5},"title":"Maia diz que foco deve ser teto de gastos e reforma tribut\u00e1ria","author":"","date":"Agosto 18, 2020","format":false,"excerpt":"Presidente da C\u00e2mara admite que n\u00e3o h\u00e1 acordo quanto \u00e0s privatiza\u00e7\u00f5es O presidente da C\u00e2mara dos Deputados, Rodrigo Maia (DEM-RJ), alertou hoje (18) que, em fun\u00e7\u00e3o das elei\u00e7\u00f5es municipais deste ano, o Congresso Nacional precisa definir quais s\u00e3o suas prioridades, de forma a evitar que, ao avan\u00e7ar sobre muitos temas,\u2026","rel":"","context":"In &quot;Atualidade&quot;","block_context":{"text":"Atualidade","link":"https:\/\/correiodasemana.com\/site\/category\/atualidade\/"},"img":{"alt_text":"","src":"https:\/\/i0.wp.com\/correiodasemana.com\/site\/wp-content\/uploads\/2020\/08\/Rodrigo-Maia-presidente-da-Camara-Federal.jpg?resize=350%2C200&ssl=1","width":350,"height":200,"srcset":"https:\/\/i0.wp.com\/correiodasemana.com\/site\/wp-content\/uploads\/2020\/08\/Rodrigo-Maia-presidente-da-Camara-Federal.jpg?resize=350%2C200&ssl=1 1x, https:\/\/i0.wp.com\/correiodasemana.com\/site\/wp-content\/uploads\/2020\/08\/Rodrigo-Maia-presidente-da-Camara-Federal.jpg?resize=525%2C300&ssl=1 1.5x, https:\/\/i0.wp.com\/correiodasemana.com\/site\/wp-content\/uploads\/2020\/08\/Rodrigo-Maia-presidente-da-Camara-Federal.jpg?resize=700%2C400&ssl=1 2x, https:\/\/i0.wp.com\/correiodasemana.com\/site\/wp-content\/uploads\/2020\/08\/Rodrigo-Maia-presidente-da-Camara-Federal.jpg?resize=1050%2C600&ssl=1 3x"},"classes":[]}],"jetpack_sharing_enabled":true,"_links":{"self":[{"href":"https:\/\/correiodasemana.com\/site\/wp-json\/wp\/v2\/posts\/27895","targetHints":{"allow":["GET"]}}],"collection":[{"href":"https:\/\/correiodasemana.com\/site\/wp-json\/wp\/v2\/posts"}],"about":[{"href":"https:\/\/correiodasemana.com\/site\/wp-json\/wp\/v2\/types\/post"}],"author":[{"embeddable":true,"href":"https:\/\/correiodasemana.com\/site\/wp-json\/wp\/v2\/users\/7"}],"replies":[{"embeddable":true,"href":"https:\/\/correiodasemana.com\/site\/wp-json\/wp\/v2\/comments?post=27895"}],"version-history":[{"count":1,"href":"https:\/\/correiodasemana.com\/site\/wp-json\/wp\/v2\/posts\/27895\/revisions"}],"predecessor-version":[{"id":27897,"href":"https:\/\/correiodasemana.com\/site\/wp-json\/wp\/v2\/posts\/27895\/revisions\/27897"}],"wp:featuredmedia":[{"embeddable":true,"href":"https:\/\/correiodasemana.com\/site\/wp-json\/wp\/v2\/media\/27896"}],"wp:attachment":[{"href":"https:\/\/correiodasemana.com\/site\/wp-json\/wp\/v2\/media?parent=27895"}],"wp:term":[{"taxonomy":"category","embeddable":true,"href":"https:\/\/correiodasemana.com\/site\/wp-json\/wp\/v2\/categories?post=27895"},{"taxonomy":"post_tag","embeddable":true,"href":"https:\/\/correiodasemana.com\/site\/wp-json\/wp\/v2\/tags?post=27895"}],"curies":[{"name":"wp","href":"https:\/\/api.w.org\/{rel}","templated":true}]}}