{"id":27915,"date":"2024-01-05T11:09:18","date_gmt":"2024-01-05T14:09:18","guid":{"rendered":"https:\/\/correiodasemana.com\/site\/?p=27915"},"modified":"2024-01-05T11:09:27","modified_gmt":"2024-01-05T14:09:27","slug":"para-o-servico-da-caridade","status":"publish","type":"post","link":"https:\/\/correiodasemana.com\/site\/para-o-servico-da-caridade\/","title":{"rendered":"Para o servi\u00e7o da caridade"},"content":{"rendered":"<p>A \u00faltima ter\u00e7a-feira do ano (26) foi um dia hist\u00f3rico para a Diocese de Sobral. A festa de Santo Estev\u00e3o, protom\u00e1rtir crist\u00e3o, foi celebrada solenemente na catedral do Sobral. Na ocasi\u00e3o foram ordenados 19 di\u00e1conos permanentes para o servi\u00e7o da caridade em nossa diocese. Agora, em nossa diocese, s\u00e3o 20 di\u00e1conos permanentes servindo \u00e0 Igreja e ao povo de Deus como ministros ordenados.<br \/>\nDe fato, essa celebra\u00e7\u00e3o representa a riqueza miniterial de nossa Igreja, marcada profundamente pela diversidade de modos de servir e de anunciar o mesmo evangelho de Nosso Senhor Jesus Cristo. A Igreja \u00e9 ministerial, e todos s\u00e3o chamados a assumir sua responsabilidade nos novos rumos da evangeliza\u00e7\u00e3o, impulsionados pelo IDE de Jesus.<br \/>\nO diaconato \u00e9 um grau de servi\u00e7o que pode ser provis\u00f3rio, quando \u00e9 um passo intermedi\u00e1rio rumo ao sacerd\u00f3cio, e pode ser permanente, quando \u00e9 vivido integralmente como voca\u00e7\u00e3o e servi\u00e7o contante \u00e0 Igreja. Os di\u00e1conos permanentes da nossa diocese passaram por um longo processo de mais de cinco anos de prepara\u00e7\u00e3o em v\u00e1rias dimens\u00f5es e passaram por v\u00e1rios escrut\u00edneos como forma de prepara\u00e7\u00e3o para assumirem os compromissos e as responsabilidades do diaconato.<br \/>\nEsse grau de servi\u00e7o existe na Igreja desde a \u00e9poca dos ap\u00f3stolos, como atestam as Escrituras. Eram escolhidos homens de boa \u00edndole para auxiliarem os bispos e presb\u00edteros nos servi\u00e7os de cunho social que a Igreja prestava \u00e0 comunidade. Auxiliavam no servi\u00e7o aos pobres, aos enfermos, \u00e0s vi\u00favas e aos \u00f3rf\u00e3os. O Conc\u00edlio Ecum\u00eanico Vaticano II (1962-1965) restaurou o diaconato como grau pr\u00f3prio e permanente da hierarquia da Igreja.<br \/>\nA dimens\u00e3o caritativa foi muito acentuada por Dom Vasconcelos, em sua homilia da missa de ordena\u00e7\u00e3o. O bispo acentuou que os di\u00e1conos deveriam ser testemunhas aut\u00eanticas do servi\u00e7o da caridade para com os pobres e exclu\u00eddos. Assim, o servi\u00e7o lit\u00fargico seria consequ\u00eancia da caridade prestada e de outros servi\u00e7os pastorais prestados na evangeliza\u00e7\u00e3o do nosso povo.<br \/>\nEsse ser\u00e1 um processo continuado em nossa Igreja particular. Desde j\u00e1 rezamos para que surjam novas voca\u00e7\u00f5es ao diaconato, a fim que de que, junto ao bispo, aos presb\u00edteros, religiosos, consagrados e leigos, o Esp\u00edrito Santo infunda novo vigor e vitalidade ao tecido eclesial de nossa diocese. E que Deus sempre nos inspire a seguir por novos caminhos, para que sejamos sempre fieis \u00e0 mensagem de amor do Evangelho de Cristo.<\/p>\n","protected":false},"excerpt":{"rendered":"<p>A \u00faltima ter\u00e7a-feira do ano (26) foi um dia hist\u00f3rico para a Diocese de Sobral&#8230;.<\/p>\n","protected":false},"author":7,"featured_media":75,"comment_status":"open","ping_status":"open","sticky":false,"template":"","format":"standard","meta":{"_jetpack_memberships_contains_paid_content":false,"footnotes":"","jetpack_publicize_message":"","jetpack_publicize_feature_enabled":true,"jetpack_social_post_already_shared":true,"jetpack_social_options":{"image_generator_settings":{"template":"highway","default_image_id":0,"font":"","enabled":false},"version":2}},"categories":[11,20],"tags":[],"class_list":["post-27915","post","type-post","status-publish","format-standard","has-post-thumbnail","hentry","category-artigos","category-editorial"],"jetpack_publicize_connections":[],"jetpack_featured_media_url":"https:\/\/correiodasemana.com\/site\/wp-content\/uploads\/2019\/07\/editorial-cs.jpg","jetpack-related-posts":[{"id":20558,"url":"https:\/\/correiodasemana.com\/site\/diocese-de-sobral-acolhe-imagem-peregrina-e-dom-vasconcelos-ordena-primeiro-diacono-permanente\/","url_meta":{"origin":27915,"position":0},"title":"Diocese de Sobral acolhe imagem peregrina e Dom Vasconcelos ordena primeiro Di\u00e1cono Permanente","author":"","date":"Julho 25, 2022","format":false,"excerpt":"(Thais Helena \u2013 Reda\u00e7\u00e3o Correio da Semana) No S\u00e1bado, dia 16 de Julho, na comemora\u00e7\u00e3o da festa de Nossa Senhora do Carmo, no patamar da Igreja Catedral de Sobral, ocorreu o acolhimento da imagem peregrina de Nossa Senhora de F\u00e1tima. Dezenas de fi\u00e9is estiverem presentes e foram animados por can\u00e7\u00f5es\u2026","rel":"","context":"In &quot;Atualidade&quot;","block_context":{"text":"Atualidade","link":"https:\/\/correiodasemana.com\/site\/category\/atualidade\/"},"img":{"alt_text":"","src":"https:\/\/i0.wp.com\/correiodasemana.com\/site\/wp-content\/uploads\/2022\/07\/WhatsApp-Image-2022-07-22-at-20.51.54.jpeg?resize=350%2C200&ssl=1","width":350,"height":200,"srcset":"https:\/\/i0.wp.com\/correiodasemana.com\/site\/wp-content\/uploads\/2022\/07\/WhatsApp-Image-2022-07-22-at-20.51.54.jpeg?resize=350%2C200&ssl=1 1x, https:\/\/i0.wp.com\/correiodasemana.com\/site\/wp-content\/uploads\/2022\/07\/WhatsApp-Image-2022-07-22-at-20.51.54.jpeg?resize=525%2C300&ssl=1 1.5x, https:\/\/i0.wp.com\/correiodasemana.com\/site\/wp-content\/uploads\/2022\/07\/WhatsApp-Image-2022-07-22-at-20.51.54.jpeg?resize=700%2C400&ssl=1 2x, https:\/\/i0.wp.com\/correiodasemana.com\/site\/wp-content\/uploads\/2022\/07\/WhatsApp-Image-2022-07-22-at-20.51.54.jpeg?resize=1050%2C600&ssl=1 3x"},"classes":[]},{"id":30410,"url":"https:\/\/correiodasemana.com\/site\/festa-de-sao-lourenco-diaconos-celebram-vocacao-ministerial-para-o-servico\/","url_meta":{"origin":27915,"position":1},"title":"Festa de S\u00e3o Louren\u00e7o: Di\u00e1conos celebram voca\u00e7\u00e3o ministerial para o servi\u00e7o","author":"adminredacao","date":"Agosto 19, 2024","format":false,"excerpt":"A igreja celebrou no \u00faltimo s\u00e1bado, 10 de agosto, a festa lit\u00fargica de S\u00e3o Louren\u00e7o, padroeiro dos di\u00e1conos. Sendo uma voca\u00e7\u00e3o ministerial para o servi\u00e7o, o di\u00e1cono atua na Palavra de Deus, na caridade e na liturgia. Atualmente, a Diocese de Sobral conta com vinte di\u00e1conos permanentes. Uma parte destes\u2026","rel":"","context":"In &quot;Atualidade&quot;","block_context":{"text":"Atualidade","link":"https:\/\/correiodasemana.com\/site\/category\/atualidade\/"},"img":{"alt_text":"","src":"https:\/\/i0.wp.com\/correiodasemana.com\/site\/wp-content\/uploads\/2024\/08\/WhatsApp-Image-2024-08-16-at-12.34.33.jpeg?resize=350%2C200&ssl=1","width":350,"height":200,"srcset":"https:\/\/i0.wp.com\/correiodasemana.com\/site\/wp-content\/uploads\/2024\/08\/WhatsApp-Image-2024-08-16-at-12.34.33.jpeg?resize=350%2C200&ssl=1 1x, https:\/\/i0.wp.com\/correiodasemana.com\/site\/wp-content\/uploads\/2024\/08\/WhatsApp-Image-2024-08-16-at-12.34.33.jpeg?resize=525%2C300&ssl=1 1.5x, https:\/\/i0.wp.com\/correiodasemana.com\/site\/wp-content\/uploads\/2024\/08\/WhatsApp-Image-2024-08-16-at-12.34.33.jpeg?resize=700%2C400&ssl=1 2x, https:\/\/i0.wp.com\/correiodasemana.com\/site\/wp-content\/uploads\/2024\/08\/WhatsApp-Image-2024-08-16-at-12.34.33.jpeg?resize=1050%2C600&ssl=1 3x, https:\/\/i0.wp.com\/correiodasemana.com\/site\/wp-content\/uploads\/2024\/08\/WhatsApp-Image-2024-08-16-at-12.34.33.jpeg?resize=1400%2C800&ssl=1 4x"},"classes":[]},{"id":26997,"url":"https:\/\/correiodasemana.com\/site\/dom-vasconcelos-ordena-mais-um-padre-para-a-santa-mae-igreja\/","url_meta":{"origin":27915,"position":2},"title":"Dom Vasconcelos ordena mais um padre para a santa m\u00e3e Igreja","author":"adminredacao","date":"Outubro 23, 2023","format":false,"excerpt":"Na noite da \u00faltima quarta-feira, 18\/10, dia em que a igreja celebra a mem\u00f3ria do evangelista S\u00e3o Lucas, Dom Jos\u00e9 Luiz Gomes de Vasconcelos ordenou mais um sacerdote para a santa m\u00e3e igreja, o di\u00e1cono Adalberto Menezes do Nascimento na S\u00e9 Catedral de Nossa Senhora da Concei\u00e7\u00e3o em Sobral. Antes\u2026","rel":"","context":"In &quot;Atualidade&quot;","block_context":{"text":"Atualidade","link":"https:\/\/correiodasemana.com\/site\/category\/atualidade\/"},"img":{"alt_text":"","src":"https:\/\/i0.wp.com\/correiodasemana.com\/site\/wp-content\/uploads\/2023\/10\/WhatsApp-Image-2023-10-20-at-19.53.08.jpeg?resize=350%2C200&ssl=1","width":350,"height":200,"srcset":"https:\/\/i0.wp.com\/correiodasemana.com\/site\/wp-content\/uploads\/2023\/10\/WhatsApp-Image-2023-10-20-at-19.53.08.jpeg?resize=350%2C200&ssl=1 1x, https:\/\/i0.wp.com\/correiodasemana.com\/site\/wp-content\/uploads\/2023\/10\/WhatsApp-Image-2023-10-20-at-19.53.08.jpeg?resize=525%2C300&ssl=1 1.5x, https:\/\/i0.wp.com\/correiodasemana.com\/site\/wp-content\/uploads\/2023\/10\/WhatsApp-Image-2023-10-20-at-19.53.08.jpeg?resize=700%2C400&ssl=1 2x, https:\/\/i0.wp.com\/correiodasemana.com\/site\/wp-content\/uploads\/2023\/10\/WhatsApp-Image-2023-10-20-at-19.53.08.jpeg?resize=1050%2C600&ssl=1 3x, https:\/\/i0.wp.com\/correiodasemana.com\/site\/wp-content\/uploads\/2023\/10\/WhatsApp-Image-2023-10-20-at-19.53.08.jpeg?resize=1400%2C800&ssl=1 4x"},"classes":[]},{"id":31185,"url":"https:\/\/correiodasemana.com\/site\/gefeson-luiz-e-ordenado-diacono-transitorio-em-carire\/","url_meta":{"origin":27915,"position":3},"title":"Gefeson Luiz \u00e9 ordenado di\u00e1cono transit\u00f3rio em Carir\u00e9","author":"adminredacao","date":"Novembro 3, 2024","format":false,"excerpt":"O bispo diocesano de Sobral, Dom Jos\u00e9 Luiz Gomes de Vasconcelos, presidiu na \u00faltima quarta-feira, 23 de outubro, a Missa Solene de Ordena\u00e7\u00e3o Diaconal do seminarista Gefeson Luiz Chaves Rocha, na igreja matriz de Santo Ant\u00f4nio de P\u00e1dua em Carir\u00e9. O Sacramento da Ordem, em seus tr\u00eas graus distintos, confere\u2026","rel":"","context":"In &quot;Atualidade&quot;","block_context":{"text":"Atualidade","link":"https:\/\/correiodasemana.com\/site\/category\/atualidade\/"},"img":{"alt_text":"","src":"https:\/\/i0.wp.com\/correiodasemana.com\/site\/wp-content\/uploads\/2024\/11\/DSC_4972.jpg?resize=350%2C200&ssl=1","width":350,"height":200,"srcset":"https:\/\/i0.wp.com\/correiodasemana.com\/site\/wp-content\/uploads\/2024\/11\/DSC_4972.jpg?resize=350%2C200&ssl=1 1x, https:\/\/i0.wp.com\/correiodasemana.com\/site\/wp-content\/uploads\/2024\/11\/DSC_4972.jpg?resize=525%2C300&ssl=1 1.5x, https:\/\/i0.wp.com\/correiodasemana.com\/site\/wp-content\/uploads\/2024\/11\/DSC_4972.jpg?resize=700%2C400&ssl=1 2x, https:\/\/i0.wp.com\/correiodasemana.com\/site\/wp-content\/uploads\/2024\/11\/DSC_4972.jpg?resize=1050%2C600&ssl=1 3x, https:\/\/i0.wp.com\/correiodasemana.com\/site\/wp-content\/uploads\/2024\/11\/DSC_4972.jpg?resize=1400%2C800&ssl=1 4x"},"classes":[]},{"id":18679,"url":"https:\/\/correiodasemana.com\/site\/o-diacono-servidor-por-excelencia-2\/","url_meta":{"origin":27915,"position":4},"title":"O di\u00e1cono: servidor por excel\u00eancia","author":"","date":"Janeiro 24, 2022","format":false,"excerpt":"A Igreja, em sua divina sabedoria, concebe tr\u00eas graus ao Sacramento da Ordem: episcopado, presbiterado e diaconado. Dentre estes, o \u00faltimo confere ao candidato a miss\u00e3o de diaconar(servir) e lhe faz dispon\u00edvel para todos. Os di\u00e1conos s\u00e3o, portanto, aqueles chamados por Deus a assumirem, com excel\u00eancia, a condi\u00e7\u00e3o de servidores\u2026","rel":"","context":"In &quot;Artigos&quot;","block_context":{"text":"Artigos","link":"https:\/\/correiodasemana.com\/site\/category\/artigos\/"},"img":{"alt_text":"","src":"https:\/\/i0.wp.com\/correiodasemana.com\/site\/wp-content\/uploads\/2022\/01\/IMG0098.jpg?resize=350%2C200&ssl=1","width":350,"height":200,"srcset":"https:\/\/i0.wp.com\/correiodasemana.com\/site\/wp-content\/uploads\/2022\/01\/IMG0098.jpg?resize=350%2C200&ssl=1 1x, https:\/\/i0.wp.com\/correiodasemana.com\/site\/wp-content\/uploads\/2022\/01\/IMG0098.jpg?resize=525%2C300&ssl=1 1.5x"},"classes":[]},{"id":27933,"url":"https:\/\/correiodasemana.com\/site\/dom-vasconcelos-ordena-19-diaconos-permanentes-para-a-diocese-de-sobral\/","url_meta":{"origin":27915,"position":5},"title":"Dom Vasconcelos ordena 19 di\u00e1conos permanentes para a Diocese de Sobral","author":"adminredacao","date":"Janeiro 5, 2024","format":false,"excerpt":"A igreja particular de Sobral vivenciou na noite desta ter\u00e7a-feira, 26 de dezembro, um momento hist\u00f3rico. Nos anais da hist\u00f3ria da centen\u00e1ria diocese foi escrito um cap\u00edtulo importante, a ordena\u00e7\u00e3o diaconal de 19 di\u00e1conos permanentes na S\u00e9 Catedral de Nossa Senhora da Concei\u00e7\u00e3o. Este\u00a0diaconato\u00a0permanente \u00e9 um enriquecimento importante para a\u2026","rel":"","context":"In &quot;Atualidade&quot;","block_context":{"text":"Atualidade","link":"https:\/\/correiodasemana.com\/site\/category\/atualidade\/"},"img":{"alt_text":"","src":"https:\/\/i0.wp.com\/correiodasemana.com\/site\/wp-content\/uploads\/2024\/01\/DSC6929-scaled.jpg?resize=350%2C200&ssl=1","width":350,"height":200,"srcset":"https:\/\/i0.wp.com\/correiodasemana.com\/site\/wp-content\/uploads\/2024\/01\/DSC6929-scaled.jpg?resize=350%2C200&ssl=1 1x, https:\/\/i0.wp.com\/correiodasemana.com\/site\/wp-content\/uploads\/2024\/01\/DSC6929-scaled.jpg?resize=525%2C300&ssl=1 1.5x, https:\/\/i0.wp.com\/correiodasemana.com\/site\/wp-content\/uploads\/2024\/01\/DSC6929-scaled.jpg?resize=700%2C400&ssl=1 2x, https:\/\/i0.wp.com\/correiodasemana.com\/site\/wp-content\/uploads\/2024\/01\/DSC6929-scaled.jpg?resize=1050%2C600&ssl=1 3x, https:\/\/i0.wp.com\/correiodasemana.com\/site\/wp-content\/uploads\/2024\/01\/DSC6929-scaled.jpg?resize=1400%2C800&ssl=1 4x"},"classes":[]}],"jetpack_sharing_enabled":true,"_links":{"self":[{"href":"https:\/\/correiodasemana.com\/site\/wp-json\/wp\/v2\/posts\/27915","targetHints":{"allow":["GET"]}}],"collection":[{"href":"https:\/\/correiodasemana.com\/site\/wp-json\/wp\/v2\/posts"}],"about":[{"href":"https:\/\/correiodasemana.com\/site\/wp-json\/wp\/v2\/types\/post"}],"author":[{"embeddable":true,"href":"https:\/\/correiodasemana.com\/site\/wp-json\/wp\/v2\/users\/7"}],"replies":[{"embeddable":true,"href":"https:\/\/correiodasemana.com\/site\/wp-json\/wp\/v2\/comments?post=27915"}],"version-history":[{"count":1,"href":"https:\/\/correiodasemana.com\/site\/wp-json\/wp\/v2\/posts\/27915\/revisions"}],"predecessor-version":[{"id":27916,"href":"https:\/\/correiodasemana.com\/site\/wp-json\/wp\/v2\/posts\/27915\/revisions\/27916"}],"wp:featuredmedia":[{"embeddable":true,"href":"https:\/\/correiodasemana.com\/site\/wp-json\/wp\/v2\/media\/75"}],"wp:attachment":[{"href":"https:\/\/correiodasemana.com\/site\/wp-json\/wp\/v2\/media?parent=27915"}],"wp:term":[{"taxonomy":"category","embeddable":true,"href":"https:\/\/correiodasemana.com\/site\/wp-json\/wp\/v2\/categories?post=27915"},{"taxonomy":"post_tag","embeddable":true,"href":"https:\/\/correiodasemana.com\/site\/wp-json\/wp\/v2\/tags?post=27915"}],"curies":[{"name":"wp","href":"https:\/\/api.w.org\/{rel}","templated":true}]}}