{"id":28009,"date":"2024-01-08T14:12:57","date_gmt":"2024-01-08T17:12:57","guid":{"rendered":"https:\/\/correiodasemana.com\/site\/?p=28009"},"modified":"2024-01-08T14:12:57","modified_gmt":"2024-01-08T17:12:57","slug":"poucas-e-boas-23","status":"publish","type":"post","link":"https:\/\/correiodasemana.com\/site\/poucas-e-boas-23\/","title":{"rendered":"POUCAS E BOAS"},"content":{"rendered":"<p><strong>Gratid\u00e3o, gratid\u00e3o, gratid\u00e3o!<\/strong><\/p>\n<div id='gallery-1' class='gallery galleryid-28009 gallery-columns-3 gallery-size-thumbnail'><figure class='gallery-item'>\n\t\t\t<div class='gallery-icon landscape'>\n\t\t\t\t<a href='https:\/\/correiodasemana.com\/site\/poucas-e-boas-23\/dffff\/'><img loading=\"lazy\" width=\"150\" height=\"150\" src=\"https:\/\/correiodasemana.com\/site\/wp-content\/uploads\/2024\/01\/dffff-150x150.jpg\" class=\"attachment-thumbnail size-thumbnail\" alt=\"dffff\" loading=\"lazy\" decoding=\"async\" \/><\/a>\n\t\t\t<\/div><\/figure>\n\t\t<\/div>\n\n<p>Como se observa, no Brasil h\u00e1 datas comemorativas de toda esp\u00e9cie, fazendo refer\u00eancia a quase tudo: fatos e eventos hist\u00f3ricos, grandes vultos, cat\u00e1strofes, conquistas sociais e at\u00e9 obriga\u00e7\u00f5es pessoais negligenciadas, mas imprescind\u00edveis para o bem, al\u00e9m de outras motiva\u00e7\u00f5es para comemorar o dia.<br \/>\nComo exemplo daquilo que se tem negligenciado, lembro que na quinta-feira (11) transcorrer\u00e1 o \u201cDia do Muito Obrigado\u201d, comemora\u00e7\u00e3o criada nas redes sociais e difundida pelo mundo. Claro que o 11 de janeiro \u00e9 apenas para nos despertar para o ato de agradecer. N\u00e3o somente nesse dia, mas frequentemente e todo dia, desde o despertar de uma noite de sono ao recolher-se para descansar. Sinceramente, voc\u00ea cultiva esse este de gratid\u00e3o?<br \/>\n\u00c9 uma pena que vivamos constantemente influenciados e induzidos por muitas pessoas e, mais fortemente ainda, pela m\u00eddia a considerar que tudo \u00e9 permitido e normal, embora muitas vezes imoral e ilegal.<br \/>\nIgnorar completamente a autoridade paterna e materna. Desrespeitar mais velhos, respondendo grosseiramente ou n\u00e3o levando em conta e at\u00e9 zombando de seus posicionamentos e opini\u00f5es. Invadir conversa de adultos sem o devido pedido de permiss\u00e3o. Ler jornais \u00e0 mesa, ao mesmo tempo em que manuseia alimentos, sem a m\u00ednima preocupa\u00e7\u00e3o com a higiene. Nada de lavar m\u00e3os antes das refei\u00e7\u00f5es. Pisotear camas e sof\u00e1s com cal\u00e7ado sujo. Abrir portas sem averiguar quem est\u00e1 do lado de l\u00e1 (e a cena se passa em grandes centros). Fechar portas sem \u201cpassar\u201d as chaves.<br \/>\nNada de \u201cDesculpe-me!\u201d, \u201cMuito obrigado!\u201d, \u201cCom licen\u00e7a!\u201d, \u201cPor gentileza!\u201d, \u201cPor favor!\u201d, etc. Nada de ora\u00e7\u00e3o e agradecimento a Deus. Enfim, isso e muito mais a televis\u00e3o est\u00e1 \u201cempurrando\u201d na popula\u00e7\u00e3o sem que esta esboce nenhuma rea\u00e7\u00e3o de questionamento se o que est\u00e1 recebendo \u00e9 certo ou errado.<br \/>\nEssa pr\u00e1tica tem induzido milhares de pessoas, jovens especialmente, ao falso conceito de que educa\u00e7\u00e3o, \u00e9tica e moral s\u00e3o virtudes do passado. Pior ainda: Muitas vezes s\u00e3o rotuladas de ultrapassadas e cafonas quem persistir em praticar isso nos dias de hoje.<br \/>\nInfelizmente, esses e outros p\u00e9ssimos exemplos s\u00e3o repassados diariamente pela televis\u00e3o, principalmente telenovelas, e outros programas e filmes. Excetuam-se rar\u00edssimas produ\u00e7\u00f5es, pois nada consegue ser integralmente ruim. Sem d\u00favida, esse lado \u201cdeseducador\u201d vem sendo imediatamente incorporado \u00e0 cultura de telespectadores sem senso cr\u00edtico ou sem o senso do rid\u00edculo.<br \/>\nEm meio a tudo isso vale destacar o excelente trabalho desenvolvido por algumas redes\/canais (TVE, TV Cultura, TV Senado, TV C\u00e2mara) e at\u00e9 mesmo alguns programas das redes mais famosas. D\u00e1 pra mudar? \u00c9 dif\u00edcil, mas d\u00e1.<br \/>\nCompete aos propriet\u00e1rios de redes de televis\u00e3o, principalmente, e aos produtores e atores redirecionarem essa incr\u00edvel for\u00e7a massificadora. Dessa forma, n\u00e3o ser\u00e1 desperdi\u00e7ada essa grande oportunidade de educar mais, formar mais e entreter com mais qualidade.<br \/>\nComo a maioria dos donos de televis\u00e3o est\u00e1 manietada por interesses diversos, e at\u00e9 escusos, compete a cada um de n\u00f3s a sele\u00e7\u00e3o daquilo que h\u00e1 de melhor na nossa telinha. \u00c9 imprescind\u00edvel sempre lembrar que o bot\u00e3ozinho que permite o ingresso da programa\u00e7\u00e3o em nossos lares \u00e9 o mesmo que nos faculta barr\u00e1-la ou expuls\u00e1-la de nossas casas, caso j\u00e1 tenham invadido. E s\u00f3 acion\u00e1-lo. A fam\u00edlia agradece!<\/p>\n<p>**********<br \/>\n<strong>Basta de besteira, Brasil!<\/strong><br \/>\nAinda nem come\u00e7ou mais um BBB (se n\u00e3o compreendeu a sigla, melhor ainda!), mas a hist\u00f3ria se repete. Amanh\u00e3 (8) ter\u00e1 in\u00edcio mais uma edi\u00e7\u00e3o da vers\u00e3o brasileira do \u201creality show Big Brother\u201d, produzido e exibido pela TV Globo, cuja primeira edi\u00e7\u00e3o ocorreu em 29 de janeiro de 2002.<br \/>\nNesses dias ouvi algo de uma jovem, de 14 anos, que me assegurou que da mesma maneira que ela, outros milh\u00f5es de telespectadores conseguem assimilar e repetir direitinho o que ensinam os \u201cfamosos\u201d (E que famosos!) que ficar\u00e3o confinados. Disse a garota: \u201cEu tamb\u00e9m trairia, mentiria, roubaria e outras coisas mais por um milh\u00e3o\u201d. Essa deve ter tido uma forma\u00e7\u00e3o no lar t\u00e3o \u201cavan\u00e7ada\u201d, a ponto de os mais elementares princ\u00edpios morais e crist\u00e3os terem sido atropelados, pisoteados e jogados no lixo. Quanta decad\u00eancia do ser humano!<\/p>\n<p><strong>Baita bando de bobos<\/strong><br \/>\nEis o que faz a for\u00e7a massificadora da m\u00eddia associada \u00e0 gula pela audi\u00eancia (ou melhor, por lucros). Que me desculpem os f\u00e3s do Programa, mas a Globo consegue transformar milh\u00f5es de telespectadores em um baita bando de bobos (BBB). Pensa-se o contr\u00e1rio: Brinque bem e bastante!<\/p>\n<p><strong>Basta bulir no bot\u00e3ozinho<\/strong><br \/>\nMas existe aquele bot\u00e3ozinho atrav\u00e9s do qual se arrasta o mundo pra dentro dos nossos lares. Com ele tanto podemos barrar o ingresso do que \u00e9 ruim como tamb\u00e9m somente permitir entrar o que \u00e9 bom, bendito e ben\u00e9fico (BBB).<\/p>\n<p><strong>Leia!<\/strong><br \/>\nNeste 7 de janeiro tamb\u00e9m \u00e9 festejado o Dia do Leitor, comemora\u00e7\u00e3o surgida a partir do anivers\u00e1rio do jornal cearense, \u201cO Povo\u201d, fundado em 07.01.1928, pelo poeta e jornalista brasileiro, Dem\u00f3crito Rocha. Atualmente, a data \u00e9 festejada com v\u00e1rias promo\u00e7\u00f5es em sites de livros e eventos em bibliotecas de todo o Brasil. J\u00e1 dizia Marqu\u00eas de Maric\u00e1 (Mariano Jos\u00e9 Pereira da Fonseca, 1773-1848): \u201cA leitura deve ser para o esp\u00edrito como o alimento para o corpo, moderada, s\u00e3 e de boa digest\u00e3o.\u201d J\u00e1 eu, digo: Muito obrigado por ler e divulgar Poucas e Boas.<\/p>\n<div id='gallery-2' class='gallery galleryid-28009 gallery-columns-3 gallery-size-thumbnail'><figure class='gallery-item'>\n\t\t\t<div class='gallery-icon landscape'>\n\t\t\t\t<a href='https:\/\/correiodasemana.com\/site\/poucas-e-boas-23\/gg\/'><img loading=\"lazy\" width=\"150\" height=\"150\" src=\"https:\/\/correiodasemana.com\/site\/wp-content\/uploads\/2024\/01\/gg-150x150.jpg\" class=\"attachment-thumbnail size-thumbnail\" alt=\"gg\" loading=\"lazy\" decoding=\"async\" \/><\/a>\n\t\t\t<\/div><\/figure>\n\t\t<\/div>\n\n","protected":false},"excerpt":{"rendered":"<p>Gratid\u00e3o, gratid\u00e3o, gratid\u00e3o! Como se observa, no Brasil h\u00e1 datas comemorativas de toda esp\u00e9cie, fazendo&#8230;<\/p>\n","protected":false},"author":7,"featured_media":24516,"comment_status":"open","ping_status":"open","sticky":false,"template":"","format":"standard","meta":{"_jetpack_memberships_contains_paid_content":false,"footnotes":"","jetpack_publicize_message":"","jetpack_publicize_feature_enabled":true,"jetpack_social_post_already_shared":true,"jetpack_social_options":{"image_generator_settings":{"template":"highway","default_image_id":0,"font":"","enabled":false},"version":2}},"categories":[11,82],"tags":[],"class_list":["post-28009","post","type-post","status-publish","format-standard","has-post-thumbnail","hentry","category-artigos","category-poucas-e-boas"],"jetpack_publicize_connections":[],"jetpack_featured_media_url":"https:\/\/correiodasemana.com\/site\/wp-content\/uploads\/2023\/05\/artemisio-da-costa-2.jpg","jetpack-related-posts":[{"id":37012,"url":"https:\/\/correiodasemana.com\/site\/poucas-e-boas-75\/","url_meta":{"origin":28009,"position":0},"title":"POUCAS E BOAS","author":"adminredacao","date":"Janeiro 10, 2026","format":false,"excerpt":"Muito obrigado! Como se observa, no Brasil h\u00e1 datas comemorativas de toda esp\u00e9cie, fazendo refer\u00eancia a quase tudo: fatos e eventos hist\u00f3ricos, grandes vultos, cat\u00e1strofes, conquistas sociais e at\u00e9 obriga\u00e7\u00f5es pessoais negligenciadas, mas imprescind\u00edveis para o bem, al\u00e9m de outras motiva\u00e7\u00f5es para comemorar o dia. Como exemplo daquilo que se\u2026","rel":"","context":"In &quot;Artigos&quot;","block_context":{"text":"Artigos","link":"https:\/\/correiodasemana.com\/site\/category\/artigos\/"},"img":{"alt_text":"","src":"https:\/\/i0.wp.com\/correiodasemana.com\/site\/wp-content\/uploads\/2023\/05\/artemisio-da-costa-2.jpg?resize=350%2C200&ssl=1","width":350,"height":200},"classes":[]},{"id":33726,"url":"https:\/\/correiodasemana.com\/site\/poucas-e-boas-56\/","url_meta":{"origin":28009,"position":1},"title":"POUCAS E BOAS","author":"adminredacao","date":"Maio 12, 2025","format":false,"excerpt":"Obrigado, Mam\u00e3ezinhas! Como ocorre anualmente no Brasil, mais um Dia das M\u00e3es ser\u00e1 comemorado neste domingo, 11 de maio. Trata-se de ocasi\u00e3o que tem tudo para refortalecer os sublimes la\u00e7os que unem m\u00e3e, pai, filhos, filhas, enfim, a fam\u00edlia. Mas, lamentavelmente, em milh\u00f5es de lares a sensibilidade aos sentimentos de\u2026","rel":"","context":"In &quot;Atualidade&quot;","block_context":{"text":"Atualidade","link":"https:\/\/correiodasemana.com\/site\/category\/atualidade\/"},"img":{"alt_text":"","src":"https:\/\/i0.wp.com\/correiodasemana.com\/site\/wp-content\/uploads\/2023\/05\/artemisio-da-costa-2.jpg?resize=350%2C200&ssl=1","width":350,"height":200},"classes":[]},{"id":30343,"url":"https:\/\/correiodasemana.com\/site\/poucas-e-boas-42\/","url_meta":{"origin":28009,"position":2},"title":"POUCAS E BOAS","author":"adminredacao","date":"Agosto 12, 2024","format":false,"excerpt":"N\u00e3o \u00e9 nova a ideia de comemorar o dia dedicado aos Pais, pois nasceu na antiga Babil\u00f4nia h\u00e1 mais de quatro mil anos. Um jovem chamado Elmesu moldou e esculpiu em argila o primeiro cart\u00e3o. Com isso, ele desejava sorte, sa\u00fade e longa vida a seu pai. Nos Estados Unidos,\u2026","rel":"","context":"In &quot;Artigos&quot;","block_context":{"text":"Artigos","link":"https:\/\/correiodasemana.com\/site\/category\/artigos\/"},"img":{"alt_text":"","src":"https:\/\/i0.wp.com\/correiodasemana.com\/site\/wp-content\/uploads\/2023\/05\/artemisio-da-costa-2.jpg?resize=350%2C200&ssl=1","width":350,"height":200},"classes":[]},{"id":35756,"url":"https:\/\/correiodasemana.com\/site\/poucas-e-boas-67\/","url_meta":{"origin":28009,"position":3},"title":"POUCAS E BOAS","author":"adminredacao","date":"Setembro 29, 2025","format":false,"excerpt":"... Bocado esquecido Voc\u00ea j\u00e1 atentou para a resposta quando perguntamos a uma pessoa se ela j\u00e1 fez algum agradecimento em mais um dia que lhe \u00e9 dado? Observe que quase sempre ouvimos: Agradecer o qu\u00ea e a quem? Descobrimos, ent\u00e3o, que na maioria das vezes nem mesmo a Deus\u2026","rel":"","context":"In &quot;Artigos&quot;","block_context":{"text":"Artigos","link":"https:\/\/correiodasemana.com\/site\/category\/artigos\/"},"img":{"alt_text":"","src":"https:\/\/i0.wp.com\/correiodasemana.com\/site\/wp-content\/uploads\/2023\/05\/artemisio-da-costa-2.jpg?resize=350%2C200&ssl=1","width":350,"height":200},"classes":[]},{"id":29254,"url":"https:\/\/correiodasemana.com\/site\/poucas-e-boas-34\/","url_meta":{"origin":28009,"position":4},"title":"POUCAS E BOAS","author":"adminredacao","date":"Maio 13, 2024","format":false,"excerpt":"\u201cSer m\u00e3e \u00e9 padecer no para\u00edso\u201d \u00c9 exatamente com esse verso que o grande escritor e poeta maranhense Henrique Maximiano COELHO NETTO (1864 - 1934) fecha seu bel\u00edssimo poema \u201cSer M\u00e3e\u201d. Pena que nem todos atinam para o que est\u00e1 subliminarmente contido nessa frase. No decorrer dos anos, essa senten\u00e7a\u2026","rel":"","context":"In &quot;Atualidade&quot;","block_context":{"text":"Atualidade","link":"https:\/\/correiodasemana.com\/site\/category\/atualidade\/"},"img":{"alt_text":"","src":"https:\/\/i0.wp.com\/correiodasemana.com\/site\/wp-content\/uploads\/2023\/05\/artemisio-da-costa-2.jpg?resize=350%2C200&ssl=1","width":350,"height":200},"classes":[]},{"id":35879,"url":"https:\/\/correiodasemana.com\/site\/poucas-e-boas-68\/","url_meta":{"origin":28009,"position":5},"title":"POUCAS E BOAS","author":"adminredacao","date":"Outubro 13, 2025","format":false,"excerpt":"Deverzinho de casa Qu\u00e3o bom \u00e9 voc\u00ea correr os olhos sobre estas linhas e conseguir decifrar as palavras que, juntas, traduzem as ideias que tento repassar. Pena que presumo que dificilmente vem \u00e0 sua mente reconhecer a import\u00e2ncia de tamanha fa\u00e7anha: a comunica\u00e7\u00e3o atrav\u00e9s da escrita. Tamb\u00e9m \u00e9 rar\u00edssimo, nesta\u2026","rel":"","context":"In &quot;Atualidade&quot;","block_context":{"text":"Atualidade","link":"https:\/\/correiodasemana.com\/site\/category\/atualidade\/"},"img":{"alt_text":"","src":"https:\/\/i0.wp.com\/correiodasemana.com\/site\/wp-content\/uploads\/2023\/05\/artemisio-da-costa-2.jpg?resize=350%2C200&ssl=1","width":350,"height":200},"classes":[]}],"jetpack_sharing_enabled":true,"_links":{"self":[{"href":"https:\/\/correiodasemana.com\/site\/wp-json\/wp\/v2\/posts\/28009","targetHints":{"allow":["GET"]}}],"collection":[{"href":"https:\/\/correiodasemana.com\/site\/wp-json\/wp\/v2\/posts"}],"about":[{"href":"https:\/\/correiodasemana.com\/site\/wp-json\/wp\/v2\/types\/post"}],"author":[{"embeddable":true,"href":"https:\/\/correiodasemana.com\/site\/wp-json\/wp\/v2\/users\/7"}],"replies":[{"embeddable":true,"href":"https:\/\/correiodasemana.com\/site\/wp-json\/wp\/v2\/comments?post=28009"}],"version-history":[{"count":1,"href":"https:\/\/correiodasemana.com\/site\/wp-json\/wp\/v2\/posts\/28009\/revisions"}],"predecessor-version":[{"id":28012,"href":"https:\/\/correiodasemana.com\/site\/wp-json\/wp\/v2\/posts\/28009\/revisions\/28012"}],"wp:featuredmedia":[{"embeddable":true,"href":"https:\/\/correiodasemana.com\/site\/wp-json\/wp\/v2\/media\/24516"}],"wp:attachment":[{"href":"https:\/\/correiodasemana.com\/site\/wp-json\/wp\/v2\/media?parent=28009"}],"wp:term":[{"taxonomy":"category","embeddable":true,"href":"https:\/\/correiodasemana.com\/site\/wp-json\/wp\/v2\/categories?post=28009"},{"taxonomy":"post_tag","embeddable":true,"href":"https:\/\/correiodasemana.com\/site\/wp-json\/wp\/v2\/tags?post=28009"}],"curies":[{"name":"wp","href":"https:\/\/api.w.org\/{rel}","templated":true}]}}