{"id":28238,"date":"2024-02-06T10:12:21","date_gmt":"2024-02-06T13:12:21","guid":{"rendered":"https:\/\/correiodasemana.com\/site\/?p=28238"},"modified":"2024-02-06T10:12:21","modified_gmt":"2024-02-06T13:12:21","slug":"em-santa-quiteria-dom-vasconcelos-da-posse-aos-padres-domicio-morais-e-wellington-pinto","status":"publish","type":"post","link":"https:\/\/correiodasemana.com\/site\/em-santa-quiteria-dom-vasconcelos-da-posse-aos-padres-domicio-morais-e-wellington-pinto\/","title":{"rendered":"Em Santa Quit\u00e9ria, Dom Vasconcelos d\u00e1 posse aos padres: Dom\u00edcio Morais e Wellington Pinto"},"content":{"rendered":"<div id='gallery-1' class='gallery galleryid-28238 gallery-columns-6 gallery-size-thumbnail'><figure class='gallery-item'>\n\t\t\t<div class='gallery-icon portrait'>\n\t\t\t\t<a href='https:\/\/correiodasemana.com\/site\/em-santa-quiteria-dom-vasconcelos-da-posse-aos-padres-domicio-morais-e-wellington-pinto\/_dsc8597\/'><img loading=\"lazy\" width=\"150\" height=\"150\" src=\"https:\/\/correiodasemana.com\/site\/wp-content\/uploads\/2024\/02\/DSC8597-150x150.jpg\" class=\"attachment-thumbnail size-thumbnail\" alt=\"_DSC8597\" loading=\"lazy\" decoding=\"async\" \/><\/a>\n\t\t\t<\/div><\/figure><figure class='gallery-item'>\n\t\t\t<div class='gallery-icon landscape'>\n\t\t\t\t<a href='https:\/\/correiodasemana.com\/site\/em-santa-quiteria-dom-vasconcelos-da-posse-aos-padres-domicio-morais-e-wellington-pinto\/_dsc8616\/'><img loading=\"lazy\" width=\"150\" height=\"150\" src=\"https:\/\/correiodasemana.com\/site\/wp-content\/uploads\/2024\/02\/DSC8616-150x150.jpg\" class=\"attachment-thumbnail size-thumbnail\" alt=\"_DSC8616\" loading=\"lazy\" decoding=\"async\" \/><\/a>\n\t\t\t<\/div><\/figure><figure class='gallery-item'>\n\t\t\t<div class='gallery-icon landscape'>\n\t\t\t\t<a href='https:\/\/correiodasemana.com\/site\/em-santa-quiteria-dom-vasconcelos-da-posse-aos-padres-domicio-morais-e-wellington-pinto\/_dsc8756\/'><img loading=\"lazy\" width=\"150\" height=\"150\" src=\"https:\/\/correiodasemana.com\/site\/wp-content\/uploads\/2024\/02\/DSC8756-150x150.jpg\" class=\"attachment-thumbnail size-thumbnail\" alt=\"_DSC8756\" loading=\"lazy\" decoding=\"async\" \/><\/a>\n\t\t\t<\/div><\/figure><figure class='gallery-item'>\n\t\t\t<div class='gallery-icon portrait'>\n\t\t\t\t<a href='https:\/\/correiodasemana.com\/site\/em-santa-quiteria-dom-vasconcelos-da-posse-aos-padres-domicio-morais-e-wellington-pinto\/_dsc8788\/'><img loading=\"lazy\" width=\"150\" height=\"150\" src=\"https:\/\/correiodasemana.com\/site\/wp-content\/uploads\/2024\/02\/DSC8788-150x150.jpg\" class=\"attachment-thumbnail size-thumbnail\" alt=\"_DSC8788\" loading=\"lazy\" decoding=\"async\" \/><\/a>\n\t\t\t<\/div><\/figure><figure class='gallery-item'>\n\t\t\t<div class='gallery-icon landscape'>\n\t\t\t\t<a href='https:\/\/correiodasemana.com\/site\/em-santa-quiteria-dom-vasconcelos-da-posse-aos-padres-domicio-morais-e-wellington-pinto\/_dsc8809\/'><img loading=\"lazy\" width=\"150\" height=\"150\" src=\"https:\/\/correiodasemana.com\/site\/wp-content\/uploads\/2024\/02\/DSC8809-150x150.jpg\" class=\"attachment-thumbnail size-thumbnail\" alt=\"_DSC8809\" loading=\"lazy\" decoding=\"async\" \/><\/a>\n\t\t\t<\/div><\/figure><figure class='gallery-item'>\n\t\t\t<div class='gallery-icon landscape'>\n\t\t\t\t<a href='https:\/\/correiodasemana.com\/site\/em-santa-quiteria-dom-vasconcelos-da-posse-aos-padres-domicio-morais-e-wellington-pinto\/_dsc8870\/'><img loading=\"lazy\" width=\"150\" height=\"150\" src=\"https:\/\/correiodasemana.com\/site\/wp-content\/uploads\/2024\/02\/DSC8870-150x150.jpg\" class=\"attachment-thumbnail size-thumbnail\" alt=\"_DSC8870\" loading=\"lazy\" decoding=\"async\" \/><\/a>\n\t\t\t<\/div><\/figure><figure class='gallery-item'>\n\t\t\t<div class='gallery-icon landscape'>\n\t\t\t\t<a href='https:\/\/correiodasemana.com\/site\/em-santa-quiteria-dom-vasconcelos-da-posse-aos-padres-domicio-morais-e-wellington-pinto\/_dsc8894\/'><img loading=\"lazy\" width=\"150\" height=\"150\" src=\"https:\/\/correiodasemana.com\/site\/wp-content\/uploads\/2024\/02\/DSC8894-150x150.jpg\" class=\"attachment-thumbnail size-thumbnail\" alt=\"_DSC8894\" loading=\"lazy\" decoding=\"async\" \/><\/a>\n\t\t\t<\/div><\/figure><figure class='gallery-item'>\n\t\t\t<div class='gallery-icon landscape'>\n\t\t\t\t<a href='https:\/\/correiodasemana.com\/site\/em-santa-quiteria-dom-vasconcelos-da-posse-aos-padres-domicio-morais-e-wellington-pinto\/_dsc8927\/'><img loading=\"lazy\" width=\"150\" height=\"150\" src=\"https:\/\/correiodasemana.com\/site\/wp-content\/uploads\/2024\/02\/DSC8927-150x150.jpg\" class=\"attachment-thumbnail size-thumbnail\" alt=\"_DSC8927\" loading=\"lazy\" decoding=\"async\" \/><\/a>\n\t\t\t<\/div><\/figure><figure class='gallery-item'>\n\t\t\t<div class='gallery-icon landscape'>\n\t\t\t\t<a href='https:\/\/correiodasemana.com\/site\/em-santa-quiteria-dom-vasconcelos-da-posse-aos-padres-domicio-morais-e-wellington-pinto\/_dsc8967\/'><img loading=\"lazy\" width=\"150\" height=\"150\" src=\"https:\/\/correiodasemana.com\/site\/wp-content\/uploads\/2024\/02\/DSC8967-150x150.jpg\" class=\"attachment-thumbnail size-thumbnail\" alt=\"_DSC8967\" loading=\"lazy\" decoding=\"async\" \/><\/a>\n\t\t\t<\/div><\/figure><figure class='gallery-item'>\n\t\t\t<div class='gallery-icon landscape'>\n\t\t\t\t<a href='https:\/\/correiodasemana.com\/site\/em-santa-quiteria-dom-vasconcelos-da-posse-aos-padres-domicio-morais-e-wellington-pinto\/_dsc8996\/'><img loading=\"lazy\" width=\"150\" height=\"150\" src=\"https:\/\/correiodasemana.com\/site\/wp-content\/uploads\/2024\/02\/DSC8996-150x150.jpg\" class=\"attachment-thumbnail size-thumbnail\" alt=\"_DSC8996\" loading=\"lazy\" decoding=\"async\" \/><\/a>\n\t\t\t<\/div><\/figure><figure class='gallery-item'>\n\t\t\t<div class='gallery-icon landscape'>\n\t\t\t\t<a href='https:\/\/correiodasemana.com\/site\/em-santa-quiteria-dom-vasconcelos-da-posse-aos-padres-domicio-morais-e-wellington-pinto\/_dsc9402\/'><img loading=\"lazy\" width=\"150\" height=\"150\" src=\"https:\/\/correiodasemana.com\/site\/wp-content\/uploads\/2024\/02\/DSC9402-150x150.jpg\" class=\"attachment-thumbnail size-thumbnail\" alt=\"_DSC9402\" loading=\"lazy\" decoding=\"async\" \/><\/a>\n\t\t\t<\/div><\/figure>\n\t\t<\/div>\n\n<p>Os Quiterienses celebram a alegria de um novo tempo. Nos anais do livro de tombo da par\u00f3quia bicenten\u00e1ria ser\u00e3o escritos uma nova hist\u00f3ria, um novo cap\u00edtulo com a chegada dos padres: Dom\u00edcio Morais e Francisco Wellington, que foram empossados por Dom Vasconcelos na noite deste domingo, 04 de fevereiro.<br \/>\nPadre Manoel Dom\u00edcio Morais foi vig\u00e1rio paroquial da Par\u00f3quia de Santa Luzia em Jijoca de Jericoacoara e posteriormente foi nomeado p\u00e1roco, estando l\u00e1 ent\u00e3o por sete anos. O Pe. Francisco Wellington Pinto \u00e9 rec\u00e9m ordenado, estava na Par\u00f3quia de Nossa Senhora da Concei\u00e7\u00e3o em Meruoca colaborando com as atividades pastorais desde o est\u00e1gio, e agora al\u00e9m de assumir a fun\u00e7\u00e3o de vig\u00e1rio paroquial tamb\u00e9m \u00e9 vice-reitor do Semin\u00e1rio Proped\u00eautico S\u00e3o Jos\u00e9 e ir\u00e1 contribuir na forma\u00e7\u00e3o dos vocacionados.<br \/>\nA solene prociss\u00e3o saiu da casa paroquial ao som da Banda de M\u00fasica Municipal em dire\u00e7\u00e3o ao adro da igreja Matriz onde aconteceu a celebra\u00e7\u00e3o eucar\u00edstica do 5\u00ba Domingo do Tempo Comum. Representa\u00e7\u00f5es das capelas, comunidades, grupos, pastorais e movimentos participaram do cortejo \u00e0 frente da equipe celebrativa.<br \/>\nNo in\u00edcio da celebra\u00e7\u00e3o, a provis\u00e3o can\u00f4nica na qual nomeia os padres para as determinadas fun\u00e7\u00f5es foi lida pelo chanceler da C\u00faria Diocesana, Monsenhor Raimundo Nonato Timb\u00f3 de Paiva. Durante a homilia, Dom Vasconcelos mencionou a import\u00e2ncia de ter um sacerdote na comunidade e o quanto ele representa Cristo no meio do povo. \u201cQuando entr\u00e1vamos em prociss\u00e3o eu olhava o rosto das pessoas e vi a alegria resplandecer, pessoas conhecidas, pois vim aqui a muitas visitas pastorais, festas, crismas e outros momentos. Hoje estamos aqui em um dia hist\u00f3rico! Estamos unindo as extremidades do sert\u00e3o e litoral, hoje vieram caravanas de Jijoca de Jericoacoara, pois a Diocese de Sobral \u00e9 muito extensa e n\u00f3s nos alegramos muito quando atravessamos essas extremidades. A alegria de um bispo \u00e9 grande, quando ele olha para padres que j\u00e1 tem um bom tempo de sacerd\u00f3cio, felizes na miss\u00e3o e n\u00e3o medem esfor\u00e7os para a evangeliza\u00e7\u00e3o, assim como fico feliz quando vejo jovens padres, como Padre Dom\u00edcio e Padre Welington, que fazem o mesmo\u201d, disse.<br \/>\nO bispo findou a homilia pedindo ao povo que acolhessem os jovens padres e os ajudem na miss\u00e3o. \u201cPe\u00e7o que acolham com carinho esses padres jovens que chegam para evangelizar, e que a comunidade inteira se mova para ajudar os novos pastores\u201d, disse. Ap\u00f3s a medita\u00e7\u00e3o, o rito de posse deu continuidade, os padres receberam da m\u00e3o do bispo diocesano as chaves da igreja, s\u00edmbolos do batismo e confiss\u00e3o; e chaves do sacr\u00e1rio.<br \/>\nCom palavras de carinho, o novo p\u00e1roco dirigiu palavras de agradecimento a comunidade paroquial de Jijoca de Jericoacoara e disse estar pronto para a nova miss\u00e3o em Santa Quit\u00e9ria. Como primeira par\u00f3quia, Pe. Wellington disse que tem muito a aprender e ensinar aos novos paroquianos.<br \/>\nThais Helena<br \/>\nReda\u00e7\u00e3o Jornal Correio da Semana<\/p>\n","protected":false},"excerpt":{"rendered":"<p>Os Quiterienses celebram a alegria de um novo tempo. Nos anais do livro de tombo&#8230;<\/p>\n","protected":false},"author":7,"featured_media":28239,"comment_status":"open","ping_status":"open","sticky":false,"template":"","format":"standard","meta":{"_jetpack_memberships_contains_paid_content":false,"footnotes":"","jetpack_publicize_message":"","jetpack_publicize_feature_enabled":true,"jetpack_social_post_already_shared":true,"jetpack_social_options":{"image_generator_settings":{"template":"highway","default_image_id":0,"font":"","enabled":false},"version":2}},"categories":[1],"tags":[],"class_list":["post-28238","post","type-post","status-publish","format-standard","has-post-thumbnail","hentry","category-atualidade"],"jetpack_publicize_connections":[],"jetpack_featured_media_url":"https:\/\/correiodasemana.com\/site\/wp-content\/uploads\/2024\/02\/DSC8597-scaled.jpg","jetpack-related-posts":[{"id":28113,"url":"https:\/\/correiodasemana.com\/site\/seis-paroquias-da-diocese-de-sobral-irao-acolher-novos-padres-em-fevereiro\/","url_meta":{"origin":28238,"position":0},"title":"Seis par\u00f3quias da Diocese de Sobral ir\u00e3o acolher novos padres em fevereiro","author":"adminredacao","date":"Janeiro 22, 2024","format":false,"excerpt":"Em fevereiro, seis par\u00f3quias de diferentes regi\u00f5es episcopais ir\u00e3o acolher seus novos p\u00e1rocos e vig\u00e1rios paroquiais que dar\u00e3o continuidade aos trabalhos pastorais de seus antecessores atrav\u00e9s da Missa com Rito de Posse Can\u00f4nica presidida por Dom Vasconcelos, bispo diocesano. - 02 de fevereiro: Par\u00f3quia de Nossa Senhora da Concei\u00e7\u00e3o em\u2026","rel":"","context":"In &quot;Atualidade&quot;","block_context":{"text":"Atualidade","link":"https:\/\/correiodasemana.com\/site\/category\/atualidade\/"},"img":{"alt_text":"","src":"https:\/\/i0.wp.com\/correiodasemana.com\/site\/wp-content\/uploads\/2024\/01\/Dom-Vasconcelos-assina-documentos-de-possos-dos-novos-parocos-scaled.jpg?resize=350%2C200&ssl=1","width":350,"height":200,"srcset":"https:\/\/i0.wp.com\/correiodasemana.com\/site\/wp-content\/uploads\/2024\/01\/Dom-Vasconcelos-assina-documentos-de-possos-dos-novos-parocos-scaled.jpg?resize=350%2C200&ssl=1 1x, https:\/\/i0.wp.com\/correiodasemana.com\/site\/wp-content\/uploads\/2024\/01\/Dom-Vasconcelos-assina-documentos-de-possos-dos-novos-parocos-scaled.jpg?resize=525%2C300&ssl=1 1.5x, https:\/\/i0.wp.com\/correiodasemana.com\/site\/wp-content\/uploads\/2024\/01\/Dom-Vasconcelos-assina-documentos-de-possos-dos-novos-parocos-scaled.jpg?resize=700%2C400&ssl=1 2x, https:\/\/i0.wp.com\/correiodasemana.com\/site\/wp-content\/uploads\/2024\/01\/Dom-Vasconcelos-assina-documentos-de-possos-dos-novos-parocos-scaled.jpg?resize=1050%2C600&ssl=1 3x, https:\/\/i0.wp.com\/correiodasemana.com\/site\/wp-content\/uploads\/2024\/01\/Dom-Vasconcelos-assina-documentos-de-possos-dos-novos-parocos-scaled.jpg?resize=1400%2C800&ssl=1 4x"},"classes":[]},{"id":27752,"url":"https:\/\/correiodasemana.com\/site\/dom-vasconcelos-ordena-mais-um-presbitero-para-a-diocese-de-sobral\/","url_meta":{"origin":28238,"position":1},"title":"Dom Vasconcelos ordena mais um presb\u00edtero para a Diocese de Sobral","author":"adminredacao","date":"Dezembro 19, 2023","format":false,"excerpt":"O d\u00e9cimo segundo sacerdote ordenado pela imposi\u00e7\u00e3o das m\u00e3os e ora\u00e7\u00e3o consecrat\u00f3ria de Dom Jos\u00e9 Luiz Gomes de Vasconcelos, s\u00e9timo bispo diocesano de Sobral, foi ordenado na \u00faltima ter\u00e7a-feira, 12 de dezembro, dia de Nossa Senhora de Guadalupe, padroeira da Am\u00e9rica Latina, na S\u00e9 Catedral de Sobral. O di\u00e1cono Francisco\u2026","rel":"","context":"In &quot;Atualidade&quot;","block_context":{"text":"Atualidade","link":"https:\/\/correiodasemana.com\/site\/category\/atualidade\/"},"img":{"alt_text":"","src":"https:\/\/i0.wp.com\/correiodasemana.com\/site\/wp-content\/uploads\/2023\/12\/DSC7737-scaled.jpg?resize=350%2C200&ssl=1","width":350,"height":200,"srcset":"https:\/\/i0.wp.com\/correiodasemana.com\/site\/wp-content\/uploads\/2023\/12\/DSC7737-scaled.jpg?resize=350%2C200&ssl=1 1x, https:\/\/i0.wp.com\/correiodasemana.com\/site\/wp-content\/uploads\/2023\/12\/DSC7737-scaled.jpg?resize=525%2C300&ssl=1 1.5x, https:\/\/i0.wp.com\/correiodasemana.com\/site\/wp-content\/uploads\/2023\/12\/DSC7737-scaled.jpg?resize=700%2C400&ssl=1 2x, https:\/\/i0.wp.com\/correiodasemana.com\/site\/wp-content\/uploads\/2023\/12\/DSC7737-scaled.jpg?resize=1050%2C600&ssl=1 3x, https:\/\/i0.wp.com\/correiodasemana.com\/site\/wp-content\/uploads\/2023\/12\/DSC7737-scaled.jpg?resize=1400%2C800&ssl=1 4x"},"classes":[]},{"id":28206,"url":"https:\/\/correiodasemana.com\/site\/seminario-propedeutico-sao-jose-acolhe-nova-turma-de-vocacionados\/","url_meta":{"origin":28238,"position":2},"title":"Semin\u00e1rio Proped\u00eautico S\u00e3o Jos\u00e9 acolhe nova turma de vocacionados","author":"adminredacao","date":"Janeiro 29, 2024","format":false,"excerpt":"Na festa de S\u00e3o Tim\u00f3teo e S\u00e3o Tito, no dia 26 de janeiro, o Semin\u00e1rio Proped\u00eautico S\u00e3o Jos\u00e9 da Diocese de Sobral, abriu suas atividades do ano de 2024 com a missa de acolhida aos novos seminaristas, estes, que ao passar por um ano de encontro vocacional deixaram-se guiar pela\u2026","rel":"","context":"In &quot;Atualidade&quot;","block_context":{"text":"Atualidade","link":"https:\/\/correiodasemana.com\/site\/category\/atualidade\/"},"img":{"alt_text":"","src":"https:\/\/i0.wp.com\/correiodasemana.com\/site\/wp-content\/uploads\/2024\/01\/WhatsApp-Image-2024-01-27-at-14.55.45.jpeg?resize=350%2C200&ssl=1","width":350,"height":200,"srcset":"https:\/\/i0.wp.com\/correiodasemana.com\/site\/wp-content\/uploads\/2024\/01\/WhatsApp-Image-2024-01-27-at-14.55.45.jpeg?resize=350%2C200&ssl=1 1x, https:\/\/i0.wp.com\/correiodasemana.com\/site\/wp-content\/uploads\/2024\/01\/WhatsApp-Image-2024-01-27-at-14.55.45.jpeg?resize=525%2C300&ssl=1 1.5x, https:\/\/i0.wp.com\/correiodasemana.com\/site\/wp-content\/uploads\/2024\/01\/WhatsApp-Image-2024-01-27-at-14.55.45.jpeg?resize=700%2C400&ssl=1 2x, https:\/\/i0.wp.com\/correiodasemana.com\/site\/wp-content\/uploads\/2024\/01\/WhatsApp-Image-2024-01-27-at-14.55.45.jpeg?resize=1050%2C600&ssl=1 3x"},"classes":[]},{"id":37594,"url":"https:\/\/correiodasemana.com\/site\/santa-missa-marca-bencao-e-vesticao-das-tunicas-de-novos-seminaristas-em-sobral\/","url_meta":{"origin":28238,"position":3},"title":"Santa Missa marca ben\u00e7\u00e3o e vesti\u00e7\u00e3o das t\u00fanicas de novos Seminaristas em Sobral","author":"adminredacao","date":"Mar\u00e7o 3, 2026","format":false,"excerpt":"Em Sobral, Dom Vasconcelos presidiu, na noite do \u00faltimo dia 23 de fevereiro, a Santa Missa em A\u00e7\u00e3o de Gra\u00e7as com a ben\u00e7\u00e3o e vesti\u00e7\u00e3o das t\u00fanicas dos novos vocacionados do Semin\u00e1rio Proped\u00eautico S\u00e3o Jos\u00e9, na Capela de Nossa Senhora de Lourdes. A celebra\u00e7\u00e3o marcou o in\u00edcio de uma importante\u2026","rel":"","context":"In &quot;Atualidade&quot;","block_context":{"text":"Atualidade","link":"https:\/\/correiodasemana.com\/site\/category\/atualidade\/"},"img":{"alt_text":"","src":"https:\/\/i0.wp.com\/correiodasemana.com\/site\/wp-content\/uploads\/2026\/03\/WhatsApp-Image-2026-02-27-at-15.37.19.jpeg?resize=350%2C200&ssl=1","width":350,"height":200,"srcset":"https:\/\/i0.wp.com\/correiodasemana.com\/site\/wp-content\/uploads\/2026\/03\/WhatsApp-Image-2026-02-27-at-15.37.19.jpeg?resize=350%2C200&ssl=1 1x, https:\/\/i0.wp.com\/correiodasemana.com\/site\/wp-content\/uploads\/2026\/03\/WhatsApp-Image-2026-02-27-at-15.37.19.jpeg?resize=525%2C300&ssl=1 1.5x, https:\/\/i0.wp.com\/correiodasemana.com\/site\/wp-content\/uploads\/2026\/03\/WhatsApp-Image-2026-02-27-at-15.37.19.jpeg?resize=700%2C400&ssl=1 2x, https:\/\/i0.wp.com\/correiodasemana.com\/site\/wp-content\/uploads\/2026\/03\/WhatsApp-Image-2026-02-27-at-15.37.19.jpeg?resize=1050%2C600&ssl=1 3x, https:\/\/i0.wp.com\/correiodasemana.com\/site\/wp-content\/uploads\/2026\/03\/WhatsApp-Image-2026-02-27-at-15.37.19.jpeg?resize=1400%2C800&ssl=1 4x"},"classes":[]},{"id":32398,"url":"https:\/\/correiodasemana.com\/site\/padre-welington-silva-e-apresentado-como-novo-vigario-paroquial-da-paroquia-de-nossa-senhora-do-patrocinio-em-sobral\/","url_meta":{"origin":28238,"position":4},"title":"Padre Welington Silva \u00e9 apresentado como novo vig\u00e1rio paroquial da Par\u00f3quia de Nossa Senhora do Patroc\u00ednio, em Sobral","author":"adminredacao","date":"Fevereiro 4, 2025","format":false,"excerpt":"Na noite deste domingo, 2 de fevereiro, Dom Vasconcelos apresentou \u00e0 comunidade paroquial da Par\u00f3quia de Nossa Senhora do Patroc\u00ednio, em Sobral, o novo vig\u00e1rio paroquial, Pe. Wellington Silva, durante a Solenidade da Apresenta\u00e7\u00e3o do Senhor. A celebra\u00e7\u00e3o iniciou com a b\u00ean\u00e7\u00e3o das velas na Capela de Nossa Senhora das\u2026","rel":"","context":"In &quot;Atualidade&quot;","block_context":{"text":"Atualidade","link":"https:\/\/correiodasemana.com\/site\/category\/atualidade\/"},"img":{"alt_text":"","src":"https:\/\/i0.wp.com\/correiodasemana.com\/site\/wp-content\/uploads\/2025\/02\/WhatsApp-Image-2025-02-03-at-16.46.36-1.jpeg?resize=350%2C200&ssl=1","width":350,"height":200,"srcset":"https:\/\/i0.wp.com\/correiodasemana.com\/site\/wp-content\/uploads\/2025\/02\/WhatsApp-Image-2025-02-03-at-16.46.36-1.jpeg?resize=350%2C200&ssl=1 1x, https:\/\/i0.wp.com\/correiodasemana.com\/site\/wp-content\/uploads\/2025\/02\/WhatsApp-Image-2025-02-03-at-16.46.36-1.jpeg?resize=525%2C300&ssl=1 1.5x, https:\/\/i0.wp.com\/correiodasemana.com\/site\/wp-content\/uploads\/2025\/02\/WhatsApp-Image-2025-02-03-at-16.46.36-1.jpeg?resize=700%2C400&ssl=1 2x, https:\/\/i0.wp.com\/correiodasemana.com\/site\/wp-content\/uploads\/2025\/02\/WhatsApp-Image-2025-02-03-at-16.46.36-1.jpeg?resize=1050%2C600&ssl=1 3x, https:\/\/i0.wp.com\/correiodasemana.com\/site\/wp-content\/uploads\/2025\/02\/WhatsApp-Image-2025-02-03-at-16.46.36-1.jpeg?resize=1400%2C800&ssl=1 4x"},"classes":[]},{"id":35145,"url":"https:\/\/correiodasemana.com\/site\/ano-jubilar-peregrinos-percorrem-trajeto-noturno-de-santa-quiteria-a-varjota\/","url_meta":{"origin":28238,"position":5},"title":"Ano Jubilar: peregrinos percorrem trajeto noturno de Santa Quit\u00e9ria \u00e0 Varjota","author":"adminredacao","date":"Agosto 17, 2025","format":false,"excerpt":"Em clima de f\u00e9 e devo\u00e7\u00e3o, a comunidade paroquial de Santa Quit\u00e9ria realizou, no \u00faltimo dia 1\u00ba de agosto, a Peregrina\u00e7\u00e3o por ocasi\u00e3o do Ano Jubilar \u00e0 Par\u00f3quia de Senhora Sant\u2019Ana, em Varjota, igreja jubilar da Regi\u00e3o Episcopal Araras. Acompanhados pelo p\u00e1roco, Padre Dom\u00edcio Morais, e pelo vig\u00e1rio paroquial, Padre\u2026","rel":"","context":"In &quot;Atualidade&quot;","block_context":{"text":"Atualidade","link":"https:\/\/correiodasemana.com\/site\/category\/atualidade\/"},"img":{"alt_text":"","src":"https:\/\/i0.wp.com\/correiodasemana.com\/site\/wp-content\/uploads\/2025\/08\/ano-jubilar-varjota-2.jpeg?resize=350%2C200&ssl=1","width":350,"height":200,"srcset":"https:\/\/i0.wp.com\/correiodasemana.com\/site\/wp-content\/uploads\/2025\/08\/ano-jubilar-varjota-2.jpeg?resize=350%2C200&ssl=1 1x, https:\/\/i0.wp.com\/correiodasemana.com\/site\/wp-content\/uploads\/2025\/08\/ano-jubilar-varjota-2.jpeg?resize=525%2C300&ssl=1 1.5x, https:\/\/i0.wp.com\/correiodasemana.com\/site\/wp-content\/uploads\/2025\/08\/ano-jubilar-varjota-2.jpeg?resize=700%2C400&ssl=1 2x, https:\/\/i0.wp.com\/correiodasemana.com\/site\/wp-content\/uploads\/2025\/08\/ano-jubilar-varjota-2.jpeg?resize=1050%2C600&ssl=1 3x, https:\/\/i0.wp.com\/correiodasemana.com\/site\/wp-content\/uploads\/2025\/08\/ano-jubilar-varjota-2.jpeg?resize=1400%2C800&ssl=1 4x"},"classes":[]}],"jetpack_sharing_enabled":true,"_links":{"self":[{"href":"https:\/\/correiodasemana.com\/site\/wp-json\/wp\/v2\/posts\/28238","targetHints":{"allow":["GET"]}}],"collection":[{"href":"https:\/\/correiodasemana.com\/site\/wp-json\/wp\/v2\/posts"}],"about":[{"href":"https:\/\/correiodasemana.com\/site\/wp-json\/wp\/v2\/types\/post"}],"author":[{"embeddable":true,"href":"https:\/\/correiodasemana.com\/site\/wp-json\/wp\/v2\/users\/7"}],"replies":[{"embeddable":true,"href":"https:\/\/correiodasemana.com\/site\/wp-json\/wp\/v2\/comments?post=28238"}],"version-history":[{"count":1,"href":"https:\/\/correiodasemana.com\/site\/wp-json\/wp\/v2\/posts\/28238\/revisions"}],"predecessor-version":[{"id":28250,"href":"https:\/\/correiodasemana.com\/site\/wp-json\/wp\/v2\/posts\/28238\/revisions\/28250"}],"wp:featuredmedia":[{"embeddable":true,"href":"https:\/\/correiodasemana.com\/site\/wp-json\/wp\/v2\/media\/28239"}],"wp:attachment":[{"href":"https:\/\/correiodasemana.com\/site\/wp-json\/wp\/v2\/media?parent=28238"}],"wp:term":[{"taxonomy":"category","embeddable":true,"href":"https:\/\/correiodasemana.com\/site\/wp-json\/wp\/v2\/categories?post=28238"},{"taxonomy":"post_tag","embeddable":true,"href":"https:\/\/correiodasemana.com\/site\/wp-json\/wp\/v2\/tags?post=28238"}],"curies":[{"name":"wp","href":"https:\/\/api.w.org\/{rel}","templated":true}]}}