{"id":28251,"date":"2024-02-06T10:13:20","date_gmt":"2024-02-06T13:13:20","guid":{"rendered":"https:\/\/correiodasemana.com\/site\/?p=28251"},"modified":"2024-02-06T10:13:20","modified_gmt":"2024-02-06T13:13:20","slug":"sobral-ganha-2o-juizado-especial-civel-e-criminal-e-amplia-atendimento-a-populacao","status":"publish","type":"post","link":"https:\/\/correiodasemana.com\/site\/sobral-ganha-2o-juizado-especial-civel-e-criminal-e-amplia-atendimento-a-populacao\/","title":{"rendered":"Sobral ganha 2\u00ba Juizado Especial C\u00edvel e Criminal e amplia atendimento \u00e0 popula\u00e7\u00e3o"},"content":{"rendered":"<p>Fonte: Tribunal de Justi\u00e7a do Estado do Cear\u00e1 &#8211; TJCE<\/p>\n<p>A Comarca de Sobral passa a contar com o 2\u00ba Juizado Especial C\u00edvel e Criminal (JECC). A solenidade de instala\u00e7\u00e3o ocorreu na manh\u00e3 desta segunda-feira (29\/01), no Campus Bet\u00e2nia da Universidade Estadual Vale do Acara\u00fa (UVA), onde a nova unidade ficar\u00e1 situada.<br \/>\n\u201cFico muito feliz quando consigo fazer melhorias como essa que acabamos de fazer, com o novo juizado que ir\u00e1 facilitar e agilizar a presta\u00e7\u00e3o jurisdicional, a maior meta do Judici\u00e1rio\u201d, declarou o presidente do Tribunal de Justi\u00e7a do Cear\u00e1 (TJCE), desembargador Abelardo Benevides Moraes.<br \/>\nNesse sentido, o magistrado destacou que um dos destaques da atual gest\u00e3o \u00e9 \u201cprocurar melhorar as estruturas das comarcas, fornecer mais for\u00e7a de trabalho, com qualidade, melhores instala\u00e7\u00f5es, mais computadores, sempre com o foco de servir melhor a popula\u00e7\u00e3o do Estado, em especial as pessoas mais desassistidas.\u201d<br \/>\nO juiz Ant\u00f4nio Carneiro Roberto, titular do 2\u00ba Juizado, ressaltou a necessidade da instala\u00e7\u00e3o da nova unidade. O magistrado afirmou que no ano de 2023 ingressaram 4.080 processos novos no Juizado Especial de Sobral, sendo proferidos 4.425 julgamentos. Para ele, \u201capesar dos valorosos esfor\u00e7os do atual titular da unidade, juiz Bruno dos Anjos, e sua equipe, \u00e9 humanamente imposs\u00edvel prestar um servi\u00e7o de qualidade com uma demanda t\u00e3o alta. Diante desse quadro, foi de fundamental import\u00e2ncia a sensibilidade e vis\u00e3o administrativa do desembargador Abelardo\u201d.<br \/>\nNa ocasi\u00e3o, o titular da nova unidade explicou que a cria\u00e7\u00e3o de um 2\u00ba Juizado pode proporcionar efeito preventivo nas causas criminais da regi\u00e3o. \u201cA nova unidade ir\u00e1 cuidar de crimes de menor potencial ofensivo e, com o julgamento c\u00e9lere desses casos, haver\u00e1 o efeito preventivo, evitando que eventos mais graves possam ocorrer na nossa cidade\u201d.<br \/>\nPara a reitora da UVA, Izabelle Mont\u2019Alverne, sediar o Juizado \u00e9 uma grande possibilidade para ampliar a import\u00e2ncia da entidade junto \u00e0 sociedade. \u201cA universidade vive um novo tempo, e nesse novo tempo quero enfatizar o papel p\u00fablico da institui\u00e7\u00e3o, constru\u00eddo no dia a dia. Esta \u00e9 uma grande oportunidade para abrir as portas \u00e0 comunidade e precisamos pensar cada vez mais no trabalhar para o p\u00fablico\u201d.<br \/>\nNa passagem por Sobral, o chefe do Judici\u00e1rio cearense realizou reuni\u00e3o administrativa com magistrados da Regi\u00e3o Norte.<br \/>\nDurante o encontro, o chefe do Judici\u00e1rio recebeu um quadro feito pela Unidade de Acolhimento do Munic\u00edpio. Al\u00e9m disso, tamb\u00e9m recebeu obras com refer\u00eancia aos 150 anos do TJCE, produzidas pelos jovens em cumprimento de medida socioeducativa do Centro de Socioeducativo de Semiliberdade de Sobral.<br \/>\nEstiveram presentes \u00e0 solenidade Sandra Monteiro, secret\u00e1ria de Ci\u00eancia, Tecnologia e Educa\u00e7\u00e3o Superior do Estado, representando o governador do Estado; deputada estadual Lia Ferreira Gomes; Rodrigo Ara\u00fajo, procurador-geral de Sobral, representando o prefeito do Munic\u00edpio; Fl\u00e1vio Maria Leite Pinheiro, coordenador do curso de direito da UVA; Jos\u00e9 Clito Carneiro, coordenador de pr\u00e1ticas jur\u00eddicas da UVA; promotor de justi\u00e7a Hugo Alves da Costa Filho, representando o procurador-geral da Justi\u00e7a no Cear\u00e1; defensor Pedro Aur\u00e9lio Ferreira Arag\u00e3o, representando a Coordenadoria da Defensoria P\u00fablica de Sobral; e Jos\u00e9 Erinaldo Dantas Filho, presidente da Ordem dos Advogados do Brasil (OAB) sec\u00e7\u00e3o Cear\u00e1; Ezio Azevedo, presidente da OAB subsec\u00e7\u00e3o Sobral; al\u00e9m de magistrados da comarca e regi\u00e3o.<\/p>\n<p><strong>EQUIPAMENTO<\/strong><br \/>\nDurante a visita \u00e0 Comarca, o presidente do TJCE realizou a entrega de 14 notebooks para diretores de secretaria e 376 pe\u00e7as de mobili\u00e1rio para o F\u00f3rum de Sobral. Os computadores fazem parte de 533 novos equipamentos que devem ampliar o aparato tecnol\u00f3gico do Judici\u00e1rio. O objetivo \u00e9 proporcionar a magistrados e servidores melhores condi\u00e7\u00f5es de trabalho, aprimorando a efici\u00eancia e a agilidade das atividades da presta\u00e7\u00e3o jurisdicional.<\/p>\n<p><strong>CAJ<\/strong><br \/>\nAinda nesta segunda-feira (29), a Presid\u00eancia do TJCE implantou a Central de Atendimento Judicial (CAJ) em Sobral. O objetivo \u00e9 implementar um atendimento mais pr\u00f3ximo e eficiente \u00e0 popula\u00e7\u00e3o do Interior, qualificando e ampliando o atendimento concentrado, anteriormente, nas unidades judici\u00e1rias.<br \/>\nA CAJ tem por finalidade proporcionar a humaniza\u00e7\u00e3o de acesso do cidad\u00e3o, em atividades de presta\u00e7\u00e3o de informa\u00e7\u00f5es sobre processos; emiss\u00e3o de senhas processuais; orienta\u00e7\u00f5es nas emiss\u00f5es de certid\u00f5es e custas judiciais; entre outros servi\u00e7os. Os atendimentos ofertados pelas CAJs ocorrem tanto presencialmente com, no m\u00ednimo, dois colaboradores, quanto por telefone, balc\u00e3o virtual e pelo WhatsApp, proporcionando, assim, v\u00e1rios meios de acesso \u00e0 Justi\u00e7a, com o objetivo de alcan\u00e7ar a todos os p\u00fablicos.<\/p>\n","protected":false},"excerpt":{"rendered":"<p>Fonte: Tribunal de Justi\u00e7a do Estado do Cear\u00e1 &#8211; TJCE A Comarca de Sobral passa&#8230;<\/p>\n","protected":false},"author":7,"featured_media":28252,"comment_status":"open","ping_status":"open","sticky":false,"template":"","format":"standard","meta":{"_jetpack_memberships_contains_paid_content":false,"footnotes":"","jetpack_publicize_message":"","jetpack_publicize_feature_enabled":true,"jetpack_social_post_already_shared":true,"jetpack_social_options":{"image_generator_settings":{"template":"highway","default_image_id":0,"font":"","enabled":false},"version":2}},"categories":[1],"tags":[],"class_list":["post-28251","post","type-post","status-publish","format-standard","has-post-thumbnail","hentry","category-atualidade"],"jetpack_publicize_connections":[],"jetpack_featured_media_url":"https:\/\/correiodasemana.com\/site\/wp-content\/uploads\/2024\/02\/dad.jpg","jetpack-related-posts":[{"id":23679,"url":"https:\/\/correiodasemana.com\/site\/tjce-regulamentou-teletrabalho-para-magistrados-do-ceara\/","url_meta":{"origin":28251,"position":0},"title":"TJCE regulamentou teletrabalho para magistrados do Cear\u00e1","author":"","date":"Fevereiro 17, 2023","format":false,"excerpt":"O Tribunal de Justi\u00e7a do Cear\u00e1 (TJCE) regulamentou nessa quinta-feira, 16, o regime de teletrabalho para magistrados do Cear\u00e1. Com isso, ju\u00edzes e desembargadores agora devem observar uma s\u00e9rie de regras para a realiza\u00e7\u00e3o remota de atividades. Os magistrados devem solicitar o regime especial para a presid\u00eancia do TJCE, atualmente\u2026","rel":"","context":"In &quot;Atualidade&quot;","block_context":{"text":"Atualidade","link":"https:\/\/correiodasemana.com\/site\/category\/atualidade\/"},"img":{"alt_text":"","src":"https:\/\/i0.wp.com\/correiodasemana.com\/site\/wp-content\/uploads\/2023\/02\/ALTERADA.jpg?resize=350%2C200&ssl=1","width":350,"height":200,"srcset":"https:\/\/i0.wp.com\/correiodasemana.com\/site\/wp-content\/uploads\/2023\/02\/ALTERADA.jpg?resize=350%2C200&ssl=1 1x, https:\/\/i0.wp.com\/correiodasemana.com\/site\/wp-content\/uploads\/2023\/02\/ALTERADA.jpg?resize=525%2C300&ssl=1 1.5x, https:\/\/i0.wp.com\/correiodasemana.com\/site\/wp-content\/uploads\/2023\/02\/ALTERADA.jpg?resize=700%2C400&ssl=1 2x, https:\/\/i0.wp.com\/correiodasemana.com\/site\/wp-content\/uploads\/2023\/02\/ALTERADA.jpg?resize=1050%2C600&ssl=1 3x"},"classes":[]},{"id":20936,"url":"https:\/\/correiodasemana.com\/site\/em-tempo-149\/","url_meta":{"origin":28251,"position":1},"title":"Em Tempo","author":"","date":"Setembro 5, 2022","format":false,"excerpt":"Sa\u00fade da mulher e da crian\u00e7a Universidade Federal do Cear\u00e1 (UFC) lan\u00e7ou edital que disp\u00f5e sobre sele\u00e7\u00e3o do\u00a0Mestrado Profissional em Sa\u00fade da Mulher e da Crian\u00e7a, para ingresso no semestre 2023.1. S\u00e3o ofertadas 20 vagas. As inscri\u00e7\u00f5es ser\u00e3orecebidas at\u00e9 o dia 15 de setembro, em formato on-line. Podem inscrever-se profissionais\u2026","rel":"","context":"In &quot;Artigos&quot;","block_context":{"text":"Artigos","link":"https:\/\/correiodasemana.com\/site\/category\/artigos\/"},"img":{"alt_text":"","src":"https:\/\/i0.wp.com\/correiodasemana.com\/site\/wp-content\/uploads\/2022\/09\/juiz-300x191.jpg?resize=350%2C200&ssl=1","width":350,"height":200},"classes":[]},{"id":22723,"url":"https:\/\/correiodasemana.com\/site\/tjce-oferece-cursos-de-capacitacao-para-quem-pretende-adotar-criancas-e-adolescentes\/","url_meta":{"origin":28251,"position":2},"title":"TJCE oferece cursos de capacita\u00e7\u00e3o para quem pretende adotar crian\u00e7as e adolescentes","author":"","date":"Janeiro 13, 2023","format":false,"excerpt":"Pessoas de todo o Cear\u00e1 podem participar do processo de qualifica\u00e7\u00e3o, que se inicia em mar\u00e7o. Os interessados em adotar crian\u00e7as e adolescentes no Estado podem continuar participando dos cursos de teor psicossocial e jur\u00eddico oferecidos pelo Tribunal de Justi\u00e7a do Cear\u00e1 (TJCE). A capacita\u00e7\u00e3o \u00e9 obrigat\u00f3ria para os postulantes\u2026","rel":"","context":"In &quot;Atualidade&quot;","block_context":{"text":"Atualidade","link":"https:\/\/correiodasemana.com\/site\/category\/atualidade\/"},"img":{"alt_text":"","src":"https:\/\/i0.wp.com\/correiodasemana.com\/site\/wp-content\/uploads\/2023\/01\/adocao.jpg?resize=350%2C200&ssl=1","width":350,"height":200,"srcset":"https:\/\/i0.wp.com\/correiodasemana.com\/site\/wp-content\/uploads\/2023\/01\/adocao.jpg?resize=350%2C200&ssl=1 1x, https:\/\/i0.wp.com\/correiodasemana.com\/site\/wp-content\/uploads\/2023\/01\/adocao.jpg?resize=525%2C300&ssl=1 1.5x, https:\/\/i0.wp.com\/correiodasemana.com\/site\/wp-content\/uploads\/2023\/01\/adocao.jpg?resize=700%2C400&ssl=1 2x, https:\/\/i0.wp.com\/correiodasemana.com\/site\/wp-content\/uploads\/2023\/01\/adocao.jpg?resize=1050%2C600&ssl=1 3x"},"classes":[]},{"id":11249,"url":"https:\/\/correiodasemana.com\/site\/posse-do-novo-diretor-do-foro-da-comarca-de-sobral\/","url_meta":{"origin":28251,"position":3},"title":"Posse do novo diretor do Foro da Comarca de Sobral","author":"","date":"Mar\u00e7o 24, 2020","format":false,"excerpt":"Tomou posse o Excelent\u00edssimo Senhor Juiz de Direito Ant\u00f4nio Washington Frota na nobre fun\u00e7\u00e3o de Diretor do Foro, cujo mandato se estender\u00e1 at\u00e9 mar\u00e7o de 2021 Na manh\u00e3 da segunda-feira (16) de 2020, \u00e0s 10 horas, no audit\u00f3rio do Tribunal do J\u00fari da Comarca de Sobral, tomou posse o Excelent\u00edssimo\u2026","rel":"","context":"In &quot;Atualidade&quot;","block_context":{"text":"Atualidade","link":"https:\/\/correiodasemana.com\/site\/category\/atualidade\/"},"img":{"alt_text":"","src":"https:\/\/i0.wp.com\/correiodasemana.com\/site\/wp-content\/uploads\/2020\/03\/WhatsApp-Image-2020-03-19-at-11.42.41.jpeg?resize=350%2C200&ssl=1","width":350,"height":200,"srcset":"https:\/\/i0.wp.com\/correiodasemana.com\/site\/wp-content\/uploads\/2020\/03\/WhatsApp-Image-2020-03-19-at-11.42.41.jpeg?resize=350%2C200&ssl=1 1x, https:\/\/i0.wp.com\/correiodasemana.com\/site\/wp-content\/uploads\/2020\/03\/WhatsApp-Image-2020-03-19-at-11.42.41.jpeg?resize=525%2C300&ssl=1 1.5x, https:\/\/i0.wp.com\/correiodasemana.com\/site\/wp-content\/uploads\/2020\/03\/WhatsApp-Image-2020-03-19-at-11.42.41.jpeg?resize=700%2C400&ssl=1 2x, https:\/\/i0.wp.com\/correiodasemana.com\/site\/wp-content\/uploads\/2020\/03\/WhatsApp-Image-2020-03-19-at-11.42.41.jpeg?resize=1050%2C600&ssl=1 3x"},"classes":[]},{"id":8601,"url":"https:\/\/correiodasemana.com\/site\/em-tempo-5\/","url_meta":{"origin":28251,"position":4},"title":"Em Tempo","author":"","date":"Agosto 6, 2019","format":false,"excerpt":"Festival de Cinema no Cear\u00e1 Quatro longas-metragens ter\u00e3o exibi\u00e7\u00f5es especiais no 29\u00ba Cine Cear\u00e1. Al\u00e9m do j\u00e1 divulgado \u201cA Vida Invis\u00edvel de Eur\u00eddice Gusm\u00e3o\u201d, de KarimA\u00efnouz, escolhido para a abertura, outros dois diretores cearenses participam do festival, de 30 de agosto a 6 de setembro. Destaque para \u201cSoldados da Borracha\u201d,\u2026","rel":"","context":"In &quot;Artigos&quot;","block_context":{"text":"Artigos","link":"https:\/\/correiodasemana.com\/site\/category\/artigos\/"},"img":{"alt_text":"","src":"https:\/\/i0.wp.com\/correiodasemana.com\/site\/wp-content\/uploads\/2019\/08\/Bandas.jpeg?resize=350%2C200&ssl=1","width":350,"height":200,"srcset":"https:\/\/i0.wp.com\/correiodasemana.com\/site\/wp-content\/uploads\/2019\/08\/Bandas.jpeg?resize=350%2C200&ssl=1 1x, https:\/\/i0.wp.com\/correiodasemana.com\/site\/wp-content\/uploads\/2019\/08\/Bandas.jpeg?resize=525%2C300&ssl=1 1.5x, https:\/\/i0.wp.com\/correiodasemana.com\/site\/wp-content\/uploads\/2019\/08\/Bandas.jpeg?resize=700%2C400&ssl=1 2x"},"classes":[]},{"id":22390,"url":"https:\/\/correiodasemana.com\/site\/sergio-cabral-deixa-a-cadeia-apos-condenacao-de-425-anos-e-20-dias-de-prisao\/","url_meta":{"origin":28251,"position":5},"title":"S\u00e9rgio Cabral deixa a cadeia ap\u00f3s condena\u00e7\u00e3o de 425 anos e 20 dias de pris\u00e3o","author":"","date":"Dezembro 20, 2022","format":false,"excerpt":"O ex-governador do Rio de Janeiro S\u00e9rgio Cabral deixou a Unidade Prisional da Pol\u00edcia Militar em Niter\u00f3i, na Regi\u00e3o Metropolitana do Rio de Janeiro, na noite desta segunda-feira, 19, ap\u00f3s seis anos preso preventivamente sem uma condena\u00e7\u00e3o definitiva. Condenado a mais de 400 anos de pris\u00e3o em 23 processos, o\u2026","rel":"","context":"In &quot;Atualidade&quot;","block_context":{"text":"Atualidade","link":"https:\/\/correiodasemana.com\/site\/category\/atualidade\/"},"img":{"alt_text":"","src":"https:\/\/i0.wp.com\/correiodasemana.com\/site\/wp-content\/uploads\/2022\/12\/cabral-4.webp?resize=350%2C200&ssl=1","width":350,"height":200,"srcset":"https:\/\/i0.wp.com\/correiodasemana.com\/site\/wp-content\/uploads\/2022\/12\/cabral-4.webp?resize=350%2C200&ssl=1 1x, https:\/\/i0.wp.com\/correiodasemana.com\/site\/wp-content\/uploads\/2022\/12\/cabral-4.webp?resize=525%2C300&ssl=1 1.5x, https:\/\/i0.wp.com\/correiodasemana.com\/site\/wp-content\/uploads\/2022\/12\/cabral-4.webp?resize=700%2C400&ssl=1 2x"},"classes":[]}],"jetpack_sharing_enabled":true,"_links":{"self":[{"href":"https:\/\/correiodasemana.com\/site\/wp-json\/wp\/v2\/posts\/28251","targetHints":{"allow":["GET"]}}],"collection":[{"href":"https:\/\/correiodasemana.com\/site\/wp-json\/wp\/v2\/posts"}],"about":[{"href":"https:\/\/correiodasemana.com\/site\/wp-json\/wp\/v2\/types\/post"}],"author":[{"embeddable":true,"href":"https:\/\/correiodasemana.com\/site\/wp-json\/wp\/v2\/users\/7"}],"replies":[{"embeddable":true,"href":"https:\/\/correiodasemana.com\/site\/wp-json\/wp\/v2\/comments?post=28251"}],"version-history":[{"count":1,"href":"https:\/\/correiodasemana.com\/site\/wp-json\/wp\/v2\/posts\/28251\/revisions"}],"predecessor-version":[{"id":28253,"href":"https:\/\/correiodasemana.com\/site\/wp-json\/wp\/v2\/posts\/28251\/revisions\/28253"}],"wp:featuredmedia":[{"embeddable":true,"href":"https:\/\/correiodasemana.com\/site\/wp-json\/wp\/v2\/media\/28252"}],"wp:attachment":[{"href":"https:\/\/correiodasemana.com\/site\/wp-json\/wp\/v2\/media?parent=28251"}],"wp:term":[{"taxonomy":"category","embeddable":true,"href":"https:\/\/correiodasemana.com\/site\/wp-json\/wp\/v2\/categories?post=28251"},{"taxonomy":"post_tag","embeddable":true,"href":"https:\/\/correiodasemana.com\/site\/wp-json\/wp\/v2\/tags?post=28251"}],"curies":[{"name":"wp","href":"https:\/\/api.w.org\/{rel}","templated":true}]}}