{"id":28303,"date":"2024-02-06T10:30:54","date_gmt":"2024-02-06T13:30:54","guid":{"rendered":"https:\/\/correiodasemana.com\/site\/?p=28303"},"modified":"2024-02-06T10:30:54","modified_gmt":"2024-02-06T13:30:54","slug":"colegio-santana-celebra-jubileu-pelos-90-anos-de-fundacaos","status":"publish","type":"post","link":"https:\/\/correiodasemana.com\/site\/colegio-santana-celebra-jubileu-pelos-90-anos-de-fundacaos\/","title":{"rendered":"Col\u00e9gio Sant\u2019Ana celebra jubileu pelos 90 anos de funda\u00e7\u00e3os"},"content":{"rendered":"<p><strong>Col\u00e9gio Sant\u2019Ana celebra jubileu pelos 90 anos de funda\u00e7\u00e3os<\/strong><\/p>\n<div id='gallery-1' class='gallery galleryid-28303 gallery-columns-6 gallery-size-thumbnail'><figure class='gallery-item'>\n\t\t\t<div class='gallery-icon landscape'>\n\t\t\t\t<a href='https:\/\/correiodasemana.com\/site\/colegio-santana-celebra-jubileu-pelos-90-anos-de-fundacaos\/whatsapp-image-2024-02-05-at-16-35-24\/'><img loading=\"lazy\" width=\"150\" height=\"150\" src=\"https:\/\/correiodasemana.com\/site\/wp-content\/uploads\/2024\/02\/WhatsApp-Image-2024-02-05-at-16.35.24-150x150.jpeg\" class=\"attachment-thumbnail size-thumbnail\" alt=\"WhatsApp Image 2024-02-05 at 16.35.24\" loading=\"lazy\" decoding=\"async\" \/><\/a>\n\t\t\t<\/div><\/figure><figure class='gallery-item'>\n\t\t\t<div class='gallery-icon landscape'>\n\t\t\t\t<a href='https:\/\/correiodasemana.com\/site\/colegio-santana-celebra-jubileu-pelos-90-anos-de-fundacaos\/whatsapp-image-2024-02-05-at-16-35-25\/'><img loading=\"lazy\" width=\"150\" height=\"150\" src=\"https:\/\/correiodasemana.com\/site\/wp-content\/uploads\/2024\/02\/WhatsApp-Image-2024-02-05-at-16.35.25-150x150.jpeg\" class=\"attachment-thumbnail size-thumbnail\" alt=\"WhatsApp Image 2024-02-05 at 16.35.25\" loading=\"lazy\" decoding=\"async\" \/><\/a>\n\t\t\t<\/div><\/figure><figure class='gallery-item'>\n\t\t\t<div class='gallery-icon landscape'>\n\t\t\t\t<a href='https:\/\/correiodasemana.com\/site\/colegio-santana-celebra-jubileu-pelos-90-anos-de-fundacaos\/whatsapp-image-2024-02-05-at-16-35-26\/'><img loading=\"lazy\" width=\"150\" height=\"150\" src=\"https:\/\/correiodasemana.com\/site\/wp-content\/uploads\/2024\/02\/WhatsApp-Image-2024-02-05-at-16.35.26-150x150.jpeg\" class=\"attachment-thumbnail size-thumbnail\" alt=\"WhatsApp Image 2024-02-05 at 16.35.26\" loading=\"lazy\" decoding=\"async\" \/><\/a>\n\t\t\t<\/div><\/figure><figure class='gallery-item'>\n\t\t\t<div class='gallery-icon landscape'>\n\t\t\t\t<a href='https:\/\/correiodasemana.com\/site\/colegio-santana-celebra-jubileu-pelos-90-anos-de-fundacaos\/whatsapp-image-2024-02-05-at-16-35-27\/'><img loading=\"lazy\" width=\"150\" height=\"150\" src=\"https:\/\/correiodasemana.com\/site\/wp-content\/uploads\/2024\/02\/WhatsApp-Image-2024-02-05-at-16.35.27-150x150.jpeg\" class=\"attachment-thumbnail size-thumbnail\" alt=\"WhatsApp Image 2024-02-05 at 16.35.27\" loading=\"lazy\" decoding=\"async\" \/><\/a>\n\t\t\t<\/div><\/figure><figure class='gallery-item'>\n\t\t\t<div class='gallery-icon landscape'>\n\t\t\t\t<a href='https:\/\/correiodasemana.com\/site\/colegio-santana-celebra-jubileu-pelos-90-anos-de-fundacaos\/whatsapp-image-2024-02-05-at-16-35-28\/'><img loading=\"lazy\" width=\"150\" height=\"150\" src=\"https:\/\/correiodasemana.com\/site\/wp-content\/uploads\/2024\/02\/WhatsApp-Image-2024-02-05-at-16.35.28-150x150.jpeg\" class=\"attachment-thumbnail size-thumbnail\" alt=\"WhatsApp Image 2024-02-05 at 16.35.28\" loading=\"lazy\" decoding=\"async\" \/><\/a>\n\t\t\t<\/div><\/figure>\n\t\t<\/div>\n\n<p>Em Sobral, o Col\u00e9gio Sant\u2019Ana celebrou na \u00faltima semana, o jubileu pelos noventa anos de funda\u00e7\u00e3o. Entre tantas atividades em alus\u00e3o a este dia festivo, aconteceu a missa em A\u00e7\u00e3o de Gra\u00e7as na \u00faltima quinta-feira, 01 de fevereiro, na S\u00e9 Catedral de Nossa Senhora da Concei\u00e7\u00e3o.<br \/>\nEm 1934, no dia 02 de fevereiro, Dom Jos\u00e9 Tupinamb\u00e1 da Frota, entregou aos cuidados, servi\u00e7os e dire\u00e7\u00e3o das Irm\u00e3s Filhas de Sant\u2019Ana o pr\u00e9dio da Resid\u00eancia Episcopal para que neste viesse a funcionar o Col\u00e9gio Sant\u2019Ana. O pr\u00e9dio, tombado pelo Patrim\u00f4nio Hist\u00f3rico Nacional (IPHAN), abriga hoje a \u00fanica institui\u00e7\u00e3o de ensino de Sobral fundada por Dom Jos\u00e9. A escola fica no cora\u00e7\u00e3o de Sobral e abrange v\u00e1rias cidades da Zona Norte. O Col\u00e9gio Sant\u2019Ana desenvolve um projeto educativo, proporcionando \u00e0 comunidade escolar uma forma\u00e7\u00e3o humana, crist\u00e3 e tecnol\u00f3gica. Hoje continua firme em seus preceitos de F\u00e9 e Forma\u00e7\u00e3o Integral, sendo este o grande diferencial.<br \/>\nA celebra\u00e7\u00e3o foi presidida pelo bispo diocesano, Dom Jos\u00e9 Luiz Gomes de Vasconcelos. Concelebraram os padres: Pe. Jos\u00e9 Canaf\u00edstula (Berg), p\u00e1roco da Par\u00f3quia da S\u00e9 e Cura da Catedral; Pe. \u00cdtalo Arcanjo, capel\u00e3o da Capela do Col\u00e9gio Sant\u2019Ana e administrador da \u00c1rea Pastoral da Divina Miseric\u00f3rdia; Pe. Emanuel Franklin, p\u00e1roco da Par\u00f3quia de Massap\u00ea; Pe. Tom\u00e9, p\u00e1roco da Par\u00f3quia de Cruz; Pe. Eufr\u00e1zio Filho, capel\u00e3o da Capela do Menino Deus. Os sacerdotes foram auxiliados pelos di\u00e1conos permanentes: Luiz Gonzaga e J\u00fanior.<br \/>\nGestores, professores, funcion\u00e1rios, pais e alunos, participaram da celebra\u00e7\u00e3o eucar\u00edstica em comemora\u00e7\u00e3o \u00e0 data alusiva. Destaca-se tamb\u00e9m a presen\u00e7a da vig\u00e1ria provincial, Irm\u00e3 Elza Melo. Na homilia, Dom Vasconcelos relembrou um pouco a trajet\u00f3ria do col\u00e9gio e todos aqueles que fizeram parte, sem esquecer, da Mestra Anizia. \u201cAo longo de todos esses anos, o col\u00e9gio Sant\u2019Ana preocupou-se em transmitir a todos os seus alunos o legado das Filhas de Sant\u2019Ana j\u00e1 trazido pela sua mestra fundadora, a Beata Madre Rosa Gattorno. Al\u00e9m de transmitir ensinamentos, traziam no cora\u00e7\u00e3o o desejo de transmitir o amor. Na hist\u00f3ria deste col\u00e9gio encontramos muitos imortais, n\u00e3o se pode falar deste corpo docente sem mencionar a Mestra Anizia. Para essa cidade e entidade religiosa, essa criatura de Deus se tornou imortal\u201d, disse.<br \/>\nO bispo diocesano desejou que o Col\u00e9gio Sant\u2019Ana continue nessa miss\u00e3o de lapidar e mostrar o brilho interior que existe em cada aluno e em cada componente desta escola. N\u00e3o obstante, que ensinem aos seus alunos a amar como Cristo nos ama. No final da celebra\u00e7\u00e3o, a diretora, Irm\u00e3 Rita Vasconcelos, relembrou a trajet\u00f3ria do col\u00e9gio desde a chegada das irm\u00e3s a convite do ent\u00e3o bispo, Dom Jos\u00e9 Tupinamb\u00e1 da Frota, tornando-se o primeiro col\u00e9gio educativo, e a partir de ent\u00e3o uma hist\u00f3ria de f\u00e9 e educa\u00e7\u00e3o vem transformando a vida de crian\u00e7as e jovens.<br \/>\nThais Helena &#8211; Reda\u00e7\u00e3o Jornal Correio da Semana<\/p>\n","protected":false},"excerpt":{"rendered":"<p>Col\u00e9gio Sant\u2019Ana celebra jubileu pelos 90 anos de funda\u00e7\u00e3os Em Sobral, o Col\u00e9gio Sant\u2019Ana celebrou&#8230;<\/p>\n","protected":false},"author":7,"featured_media":28306,"comment_status":"open","ping_status":"open","sticky":false,"template":"","format":"standard","meta":{"_jetpack_memberships_contains_paid_content":false,"footnotes":"","jetpack_publicize_message":"","jetpack_publicize_feature_enabled":true,"jetpack_social_post_already_shared":true,"jetpack_social_options":{"image_generator_settings":{"template":"highway","default_image_id":0,"font":"","enabled":false},"version":2}},"categories":[1],"tags":[],"class_list":["post-28303","post","type-post","status-publish","format-standard","has-post-thumbnail","hentry","category-atualidade"],"jetpack_publicize_connections":[],"jetpack_featured_media_url":"https:\/\/correiodasemana.com\/site\/wp-content\/uploads\/2024\/02\/WhatsApp-Image-2024-02-05-at-16.35.26.jpeg","jetpack-related-posts":[{"id":28657,"url":"https:\/\/correiodasemana.com\/site\/camara-celebra-os-90-anos-do-colegio-santana\/","url_meta":{"origin":28303,"position":0},"title":"C\u00c2MARA CELEBRA OS 90 ANOS DO COL\u00c9GIO SANT&#8217;ANA","author":"adminredacao","date":"Mar\u00e7o 11, 2024","format":false,"excerpt":"Na noite da ter\u00e7a-feira (06\/03), uma atmosfera de gratid\u00e3o e reconhecimento preencheu o plen\u00e1rio da C\u00e2mara Municipal de Sobral durante a Sess\u00e3o Especial em Homenagem aos 90 anos do Col\u00e9gio Sant\u2019ana. Presidida pela vereadora Alessandra Ponte\u00a0de Queiroz Miranda (PDT), proponente da iniciativa, o evento reuniu figuras emblem\u00e1ticas ligadas \u00e0 trajet\u00f3ria\u2026","rel":"","context":"In &quot;Atualidade&quot;","block_context":{"text":"Atualidade","link":"https:\/\/correiodasemana.com\/site\/category\/atualidade\/"},"img":{"alt_text":"","src":"https:\/\/i0.wp.com\/correiodasemana.com\/site\/wp-content\/uploads\/2024\/03\/90-ANOS-DO-COLEGIO-SANTANA-scaled.jpg?resize=350%2C200&ssl=1","width":350,"height":200,"srcset":"https:\/\/i0.wp.com\/correiodasemana.com\/site\/wp-content\/uploads\/2024\/03\/90-ANOS-DO-COLEGIO-SANTANA-scaled.jpg?resize=350%2C200&ssl=1 1x, https:\/\/i0.wp.com\/correiodasemana.com\/site\/wp-content\/uploads\/2024\/03\/90-ANOS-DO-COLEGIO-SANTANA-scaled.jpg?resize=525%2C300&ssl=1 1.5x, https:\/\/i0.wp.com\/correiodasemana.com\/site\/wp-content\/uploads\/2024\/03\/90-ANOS-DO-COLEGIO-SANTANA-scaled.jpg?resize=700%2C400&ssl=1 2x, https:\/\/i0.wp.com\/correiodasemana.com\/site\/wp-content\/uploads\/2024\/03\/90-ANOS-DO-COLEGIO-SANTANA-scaled.jpg?resize=1050%2C600&ssl=1 3x, https:\/\/i0.wp.com\/correiodasemana.com\/site\/wp-content\/uploads\/2024\/03\/90-ANOS-DO-COLEGIO-SANTANA-scaled.jpg?resize=1400%2C800&ssl=1 4x"},"classes":[]},{"id":22728,"url":"https:\/\/correiodasemana.com\/site\/cinco-personalidades-sao-homegeadas-com-o-trofeu-mestra-anisia-no-colegio-santana-em-sobral\/","url_meta":{"origin":28303,"position":1},"title":"Cinco personalidades s\u00e3o homegeadas com o Trof\u00e9u Mestra An\u00edsia no Col\u00e9gio Sant\u2019Ana em Sobral","author":"adminredacao","date":"Janeiro 15, 2023","format":false,"excerpt":"O Col\u00e9gio Sant\u2019Ana realizou nesta quinta-feira, 12\/01, a Solenidade de entrega do Trof\u00e9u Mestra An\u00edsia no audit\u00f3rio do quase centen\u00e1rio col\u00e9gio que na ocasi\u00e3o homenageou o bispo diocesano de Sobral, Dom Vasconcelos e mais quatro personalidades sobralenses. Este trof\u00e9u \u00e9 uma homenagem \u00e0 religiosa da Congrega\u00e7\u00e3o das Filhas de Sant\u2019Ana,\u2026","rel":"","context":"In &quot;Atualidade&quot;","block_context":{"text":"Atualidade","link":"https:\/\/correiodasemana.com\/site\/category\/atualidade\/"},"img":{"alt_text":"","src":"https:\/\/i0.wp.com\/correiodasemana.com\/site\/wp-content\/uploads\/2023\/01\/homenagem-mestre-anisia-5.jpg?resize=350%2C200&ssl=1","width":350,"height":200,"srcset":"https:\/\/i0.wp.com\/correiodasemana.com\/site\/wp-content\/uploads\/2023\/01\/homenagem-mestre-anisia-5.jpg?resize=350%2C200&ssl=1 1x, https:\/\/i0.wp.com\/correiodasemana.com\/site\/wp-content\/uploads\/2023\/01\/homenagem-mestre-anisia-5.jpg?resize=525%2C300&ssl=1 1.5x, https:\/\/i0.wp.com\/correiodasemana.com\/site\/wp-content\/uploads\/2023\/01\/homenagem-mestre-anisia-5.jpg?resize=700%2C400&ssl=1 2x, https:\/\/i0.wp.com\/correiodasemana.com\/site\/wp-content\/uploads\/2023\/01\/homenagem-mestre-anisia-5.jpg?resize=1050%2C600&ssl=1 3x"},"classes":[]},{"id":30607,"url":"https:\/\/correiodasemana.com\/site\/dom-vasconcelos-realiza-visita-ao-colegio-santana-em-sobral\/","url_meta":{"origin":28303,"position":2},"title":"Dom Vasconcelos realiza visita ao Col\u00e9gio Sant\u2019Ana em Sobral","author":"adminredacao","date":"Setembro 9, 2024","format":false,"excerpt":"O Col\u00e9gio Sant\u2019Ana recebeu a visita de Dom Vasconcelos, bispo diocesano de Sobral, na manh\u00e3 desta quinta-feira, 5 de setembro. H\u00e1 9 d\u00e9cadas, a institui\u00e7\u00e3o de ensino situado em Sobral, oferece uma educa\u00e7\u00e3o baseada em princ\u00edpios e valores crist\u00e3os \u00e0 luz do carisma da Beata Rosa Gattorno, fundadora da Congrega\u00e7\u00e3o\u2026","rel":"","context":"In &quot;Atualidade&quot;","block_context":{"text":"Atualidade","link":"https:\/\/correiodasemana.com\/site\/category\/atualidade\/"},"img":{"alt_text":"","src":"https:\/\/i0.wp.com\/correiodasemana.com\/site\/wp-content\/uploads\/2024\/09\/WhatsApp-Image-2024-09-06-at-14.33.06.jpeg?resize=350%2C200&ssl=1","width":350,"height":200,"srcset":"https:\/\/i0.wp.com\/correiodasemana.com\/site\/wp-content\/uploads\/2024\/09\/WhatsApp-Image-2024-09-06-at-14.33.06.jpeg?resize=350%2C200&ssl=1 1x, https:\/\/i0.wp.com\/correiodasemana.com\/site\/wp-content\/uploads\/2024\/09\/WhatsApp-Image-2024-09-06-at-14.33.06.jpeg?resize=525%2C300&ssl=1 1.5x, https:\/\/i0.wp.com\/correiodasemana.com\/site\/wp-content\/uploads\/2024\/09\/WhatsApp-Image-2024-09-06-at-14.33.06.jpeg?resize=700%2C400&ssl=1 2x, https:\/\/i0.wp.com\/correiodasemana.com\/site\/wp-content\/uploads\/2024\/09\/WhatsApp-Image-2024-09-06-at-14.33.06.jpeg?resize=1050%2C600&ssl=1 3x, https:\/\/i0.wp.com\/correiodasemana.com\/site\/wp-content\/uploads\/2024\/09\/WhatsApp-Image-2024-09-06-at-14.33.06.jpeg?resize=1400%2C800&ssl=1 4x"},"classes":[]},{"id":32392,"url":"https:\/\/correiodasemana.com\/site\/santa-casa-de-misericordia-de-sobral-celebra-100-anos-da-chegada-das-filhas-de-santana\/","url_meta":{"origin":28303,"position":3},"title":"Santa Casa de Miseric\u00f3rdia de Sobral celebra 100 anos da chegada das Filhas de Sant\u2019Ana","author":"adminredacao","date":"Fevereiro 4, 2025","format":false,"excerpt":"Missa, homenagens e descerramento de placa marcam celebra\u00e7\u00e3o hist\u00f3rica A Santa Casa de Miseric\u00f3rdia de Sobral celebrou, na quinta-feira (30\/01), o centen\u00e1rio da chegada das religiosas Filhas de Sant\u2019Ana ao hospital. A solenidade, realizada na Capela da institui\u00e7\u00e3o, contou com uma Missa em a\u00e7\u00e3o de gra\u00e7as, homenagens especiais e o\u2026","rel":"","context":"In &quot;Atualidade&quot;","block_context":{"text":"Atualidade","link":"https:\/\/correiodasemana.com\/site\/category\/atualidade\/"},"img":{"alt_text":"","src":"https:\/\/i0.wp.com\/correiodasemana.com\/site\/wp-content\/uploads\/2025\/02\/Santa-Casa-Principal-scaled.jpg?resize=350%2C200&ssl=1","width":350,"height":200,"srcset":"https:\/\/i0.wp.com\/correiodasemana.com\/site\/wp-content\/uploads\/2025\/02\/Santa-Casa-Principal-scaled.jpg?resize=350%2C200&ssl=1 1x, https:\/\/i0.wp.com\/correiodasemana.com\/site\/wp-content\/uploads\/2025\/02\/Santa-Casa-Principal-scaled.jpg?resize=525%2C300&ssl=1 1.5x, https:\/\/i0.wp.com\/correiodasemana.com\/site\/wp-content\/uploads\/2025\/02\/Santa-Casa-Principal-scaled.jpg?resize=700%2C400&ssl=1 2x, https:\/\/i0.wp.com\/correiodasemana.com\/site\/wp-content\/uploads\/2025\/02\/Santa-Casa-Principal-scaled.jpg?resize=1050%2C600&ssl=1 3x, https:\/\/i0.wp.com\/correiodasemana.com\/site\/wp-content\/uploads\/2025\/02\/Santa-Casa-Principal-scaled.jpg?resize=1400%2C800&ssl=1 4x"},"classes":[]},{"id":33775,"url":"https:\/\/correiodasemana.com\/site\/diocese-de-sobral-celebra-jubileu-de-75-anos-da-ens-no-brasil\/","url_meta":{"origin":28303,"position":4},"title":"Diocese de Sobral celebra Jubileu de 75 anos da ENS no Brasil","author":"adminredacao","date":"Maio 19, 2025","format":false,"excerpt":"Os casais que comp\u00f5em as Equipes de Nossa Senhora (ENS) da Regi\u00e3o Cear\u00e1 2, pertencentes \u00e0 Diocese de Sobral, participaram nesta ter\u00e7a-feira, 13 de maio, da Missa em A\u00e7\u00e3o de Gra\u00e7as pelos 75 anos da chegada do movimento ao Brasil. A celebra\u00e7\u00e3o eucar\u00edstica aconteceu na Igreja Matriz de Nossa Senhora\u2026","rel":"","context":"In &quot;Atualidade&quot;","block_context":{"text":"Atualidade","link":"https:\/\/correiodasemana.com\/site\/category\/atualidade\/"},"img":{"alt_text":"","src":"https:\/\/i0.wp.com\/correiodasemana.com\/site\/wp-content\/uploads\/2025\/05\/WhatsApp-Image-2025-05-14-at-11.23.22-2.jpeg?resize=350%2C200&ssl=1","width":350,"height":200,"srcset":"https:\/\/i0.wp.com\/correiodasemana.com\/site\/wp-content\/uploads\/2025\/05\/WhatsApp-Image-2025-05-14-at-11.23.22-2.jpeg?resize=350%2C200&ssl=1 1x, https:\/\/i0.wp.com\/correiodasemana.com\/site\/wp-content\/uploads\/2025\/05\/WhatsApp-Image-2025-05-14-at-11.23.22-2.jpeg?resize=525%2C300&ssl=1 1.5x, https:\/\/i0.wp.com\/correiodasemana.com\/site\/wp-content\/uploads\/2025\/05\/WhatsApp-Image-2025-05-14-at-11.23.22-2.jpeg?resize=700%2C400&ssl=1 2x, https:\/\/i0.wp.com\/correiodasemana.com\/site\/wp-content\/uploads\/2025\/05\/WhatsApp-Image-2025-05-14-at-11.23.22-2.jpeg?resize=1050%2C600&ssl=1 3x, https:\/\/i0.wp.com\/correiodasemana.com\/site\/wp-content\/uploads\/2025\/05\/WhatsApp-Image-2025-05-14-at-11.23.22-2.jpeg?resize=1400%2C800&ssl=1 4x"},"classes":[]},{"id":30650,"url":"https:\/\/correiodasemana.com\/site\/setembro-dom-jose-5\/","url_meta":{"origin":28303,"position":5},"title":"Setembro Dom Jos\u00e9","author":"adminredacao","date":"Setembro 16, 2024","format":false,"excerpt":"Al\u00e9m de celebrarmos o m\u00eas de setembro como o m\u00eas da b\u00edblia, na cidade de Sobral, este m\u00eas tamb\u00e9m \u00e9 chamado \u201cSetembro Dom Jos\u00e9\u201d. O primeiro bispo da Diocese de Sobral, Dom Jos\u00e9 Tupinamb\u00e1 da Frota nasceu no dia 10 de setembro de 1882, e faleceu no dia 25 de\u2026","rel":"","context":"In &quot;Artigos&quot;","block_context":{"text":"Artigos","link":"https:\/\/correiodasemana.com\/site\/category\/artigos\/"},"img":{"alt_text":"","src":"https:\/\/i0.wp.com\/correiodasemana.com\/site\/wp-content\/uploads\/2019\/07\/editorial-cs.jpg?resize=350%2C200&ssl=1","width":350,"height":200,"srcset":"https:\/\/i0.wp.com\/correiodasemana.com\/site\/wp-content\/uploads\/2019\/07\/editorial-cs.jpg?resize=350%2C200&ssl=1 1x, https:\/\/i0.wp.com\/correiodasemana.com\/site\/wp-content\/uploads\/2019\/07\/editorial-cs.jpg?resize=525%2C300&ssl=1 1.5x"},"classes":[]}],"jetpack_sharing_enabled":true,"_links":{"self":[{"href":"https:\/\/correiodasemana.com\/site\/wp-json\/wp\/v2\/posts\/28303","targetHints":{"allow":["GET"]}}],"collection":[{"href":"https:\/\/correiodasemana.com\/site\/wp-json\/wp\/v2\/posts"}],"about":[{"href":"https:\/\/correiodasemana.com\/site\/wp-json\/wp\/v2\/types\/post"}],"author":[{"embeddable":true,"href":"https:\/\/correiodasemana.com\/site\/wp-json\/wp\/v2\/users\/7"}],"replies":[{"embeddable":true,"href":"https:\/\/correiodasemana.com\/site\/wp-json\/wp\/v2\/comments?post=28303"}],"version-history":[{"count":1,"href":"https:\/\/correiodasemana.com\/site\/wp-json\/wp\/v2\/posts\/28303\/revisions"}],"predecessor-version":[{"id":28309,"href":"https:\/\/correiodasemana.com\/site\/wp-json\/wp\/v2\/posts\/28303\/revisions\/28309"}],"wp:featuredmedia":[{"embeddable":true,"href":"https:\/\/correiodasemana.com\/site\/wp-json\/wp\/v2\/media\/28306"}],"wp:attachment":[{"href":"https:\/\/correiodasemana.com\/site\/wp-json\/wp\/v2\/media?parent=28303"}],"wp:term":[{"taxonomy":"category","embeddable":true,"href":"https:\/\/correiodasemana.com\/site\/wp-json\/wp\/v2\/categories?post=28303"},{"taxonomy":"post_tag","embeddable":true,"href":"https:\/\/correiodasemana.com\/site\/wp-json\/wp\/v2\/tags?post=28303"}],"curies":[{"name":"wp","href":"https:\/\/api.w.org\/{rel}","templated":true}]}}