{"id":28573,"date":"2024-03-04T16:19:45","date_gmt":"2024-03-04T19:19:45","guid":{"rendered":"https:\/\/correiodasemana.com\/site\/?p=28573"},"modified":"2024-03-04T16:19:45","modified_gmt":"2024-03-04T19:19:45","slug":"camara-aprova-projeto-que-cria-a-tarifa-social-de-agua-e-esgoto","status":"publish","type":"post","link":"https:\/\/correiodasemana.com\/site\/camara-aprova-projeto-que-cria-a-tarifa-social-de-agua-e-esgoto\/","title":{"rendered":"C\u00e2mara aprova projeto que cria a tarifa social de \u00e1gua e esgoto"},"content":{"rendered":"<p>Fonte: Ag\u00eancia C\u00e2mara de Not\u00edcias<\/p>\n<p>Benef\u00edcio \u00e9 direcionado a pessoas de baixa renda. Proposta teve origem no Senado e foi alterada pelos deputados<br \/>\nA C\u00e2mara dos Deputados aprovou projeto de lei que cria a tarifa social de \u00e1gua e esgoto. Ser\u00e3o beneficiados os usu\u00e1rios com renda per capita de at\u00e9 meio sal\u00e1rio m\u00ednimo inscritos no Cadastro \u00danico para Programas Sociais (Cad\u00danico) ou em cuja fam\u00edlia haja pessoa com defici\u00eancia e\/ou idoso de baixa renda com 65 anos ou mais. A proposta teve origem no Senado e retornar\u00e1 para nova vota\u00e7\u00e3o dos senadores, por ter sido modificada pelos deputados.<br \/>\nO texto aprovado \u00e9 um substitutivo do relator, deputado Pedro Campos (PSB-PE), para o Projeto de Lei 9543\/18, segundo o qual as empresas de saneamento devem incluir automaticamente os benefici\u00e1rios de acordo com dados a que j\u00e1 t\u00eam acesso, sem necessidade de comunica\u00e7\u00e3o pr\u00e9via ao usu\u00e1rio.<br \/>\nPara o c\u00e1lculo da renda per capita, valores recebidos a t\u00edtulo de Benef\u00edcio de Presta\u00e7\u00e3o Continuada (BPC) ou de Bolsa Fam\u00edlia n\u00e3o entram na conta. O usu\u00e1rio que deixar de se enquadrar nos crit\u00e9rios poder\u00e1 continuar a pagar a tarifa social por tr\u00eas meses, e as faturas referentes a este per\u00edodo devem trazer aviso da perda iminente do benef\u00edcio.<br \/>\n<strong>Valor da tarifa<\/strong><br \/>\nO valor da tarifa social ser\u00e1 equivalente ao menor de dois casos:<br \/>\n50% da tarifa aplic\u00e1vel \u00e0 primeira faixa de consumo (vari\u00e1vel em cada munic\u00edpio); ou<br \/>\n7,5% do valor base do programa Bolsa Fam\u00edlia (hoje em R$ 600). Com isso, esse percentual do valor base corresponderia a R$ 45.<br \/>\nEm qualquer situa\u00e7\u00e3o, a tarifa mensal diferenciada valer\u00e1 para os primeiros 15 m\u00b3 por resid\u00eancia habilitada ao benef\u00edcio. O excedente de consumo ser\u00e1 cobrado com os valores da tarifa regular.<br \/>\nEntretanto, esses percentuais e limites ser\u00e3o considerados padr\u00f5es m\u00ednimos a serem seguidos pelos titulares dos servi\u00e7os p\u00fablicos de \u00e1gua e esgoto. Outros descontos ou tarifas j\u00e1 vigentes podem continuar a existir.<br \/>\nSe virar lei, o benef\u00edcio entrar\u00e1 em vigor ap\u00f3s 180 dias contados da publica\u00e7\u00e3o.<br \/>\n<strong>Inclus\u00e3o e acesso<\/strong><br \/>\nO benefici\u00e1rio da tarifa social que ainda n\u00e3o tiver liga\u00e7\u00e3o de \u00e1gua e esgoto ter\u00e1 direito a ela de forma gratuita, sem taxas, assegurado o equil\u00edbrio econ\u00f4mico-financeiro dos contratos das empresas de abastecimento.<br \/>\n\u201cO projeto cria mais incentivos e estimula o setor para atendermos milh\u00f5es de brasileiros que n\u00e3o t\u00eam \u00e1gua ou esgoto\u201d, afirmou o relator.<br \/>\n<strong>Financiamento cruzado<\/strong><br \/>\nDe acordo com o texto, a tarifa social de \u00e1gua e esgoto ser\u00e1 financiada, prioritariamente, por meio de subs\u00eddio cruzado, aumentando-se o valor cobrado de todas as classes de consumidores finais atendidas pela empresa de abastecimento, proporcionalmente ao consumo individual.<br \/>\nO substitutivo pro\u00edbe a limita\u00e7\u00e3o de concess\u00e3o da tarifa social, prevendo o reequil\u00edbrio tarif\u00e1rio para os prestadores do servi\u00e7o.<br \/>\n<strong>Debate em Plen\u00e1rio<\/strong><br \/>\nPara o deputado Luiz Philippe de Orleans e Bragan\u00e7a (PL-SP), a proposta aumenta os custos dos consumidores de classe m\u00e9dia e das empresas, o que seria uma esp\u00e9cie de imposto disfar\u00e7ado.<br \/>\n\u201cN\u00e3o somos contra o intento, no entanto a maneira de financiamento preserva o governo, que n\u00e3o tem dota\u00e7\u00e3o or\u00e7ament\u00e1ria disso, est\u00e1 criando um novo tributo embutido, de uma maneira totalmente subterfugiada. O m\u00e9todo de financiamento \u00e9 que vai encarecer as empresas e a classe m\u00e9dia brasileira. Estes \u00e9 que v\u00e3o sair prejudicados\u201d, afirmou.<br \/>\nQuanto ao modo de executar o financiamento da tarifa, o deputado Hugo Motta (Republicanos-PB) exp\u00f4s preocupa\u00e7\u00f5es, citando o caso do subs\u00eddio da tarifa de energia el\u00e9trica. \u201cTemos que tomar cuidado com o modo como essa tarifa vai ser paga. A regula\u00e7\u00e3o da energia el\u00e9trica \u00e9 federal, mas a de \u00e1gua e esgoto pode ser estadual ou municipal, e n\u00f3s n\u00e3o teremos como fazer esse subs\u00eddio\u201d, disse.<br \/>\nEm defesa do subs\u00eddio cruzado (consumidores sem benef\u00edcio pagam para os que t\u00eam), o deputado Tarc\u00edsio Motta (Psol-RJ) criticou o que chamou de lobby das empresas locais de saneamento. \u201cEsse lobby sempre buscar\u00e1 defender o interesse privado de quem ganhou a concess\u00e3o \u2013 e n\u00e3o o interesse p\u00fablico do Estado, que precisa garantir \u00e1gua e saneamento para todo mundo\u201d, ponderou.<br \/>\n<strong>Conta de universaliza\u00e7\u00e3o<\/strong><br \/>\nParalelamente \u00e0 tarifa social, o PL 9543\/18 cria a Conta de Universaliza\u00e7\u00e3o do Acesso \u00e0 \u00c1gua, de \u00e2mbito nacional e gerida pelo governo federal para promover a universaliza\u00e7\u00e3o dos servi\u00e7os de abastecimento de \u00e1gua e esgotamento sanit\u00e1rio.<br \/>\nO dinheiro poder\u00e1 ser usado para incentivar investimentos em \u00e1reas de vulnerabilidade social para garantir a amplia\u00e7\u00e3o do acesso \u00e0 \u00e1gua e tamb\u00e9m compensar os descontos aplicados nas tarifas decorrentes da aplica\u00e7\u00e3o de subs\u00eddios tarif\u00e1rios e n\u00e3o tarif\u00e1rios para os usu\u00e1rios que n\u00e3o tenham capacidade de pagamento suficiente para cobrir o custo integral dos servi\u00e7os.<br \/>\nA conta poder\u00e1 financiar ainda a manuten\u00e7\u00e3o do fornecimento de \u00e1gua para as fam\u00edlias de baixa renda que estejam em situa\u00e7\u00e3o de vulnerabilidade socioecon\u00f4mica a fim de evitar a interrup\u00e7\u00e3o no fornecimento por falta de pagamento; al\u00e9m de promover a educa\u00e7\u00e3o ambiental e incentivar a ado\u00e7\u00e3o de pr\u00e1ticas de conserva\u00e7\u00e3o e uso eficiente da \u00e1gua.<br \/>\n<strong>Fontes de financiamento<\/strong><br \/>\nEssa conta de universaliza\u00e7\u00e3o poder\u00e1 ser abastecida pelo Or\u00e7amento da Uni\u00e3o; por multas aplicadas pela ag\u00eancia reguladora competente e paga pelas empresas de \u00e1gua e esgoto; e por outros recursos aportados pelo Poder Executivo.<br \/>\nA gest\u00e3o da conta ficar\u00e1 a cargo do Minist\u00e9rio do Desenvolvimento e Assist\u00eancia Social, Fam\u00edlia e Combate \u00e0 Fome (MDS).<br \/>\nA aloca\u00e7\u00e3o dos recursos dever\u00e1 seguir os seguintes crit\u00e9rios:<br \/>\nquantidade total de usu\u00e1rios beneficiados pela Tarifa Social;<br \/>\n<strong>diversifica\u00e7\u00e3o regional;<\/strong><br \/>\ncusto absoluto e necessidade de suplementa\u00e7\u00e3o financeira de cada prestador; e<br \/>\ncumprimento de metas de universaliza\u00e7\u00e3o e adimplemento estabelecidas pelo \u00f3rg\u00e3o regulador competente.<br \/>\nAs informa\u00e7\u00f5es necess\u00e1rias para seguir os crit\u00e9rios ser\u00e3o coletadas pelas ag\u00eancias reguladoras estaduais e centralizadas pela Ag\u00eancia Nacional de \u00c1guas (ANA).<br \/>\nQuando ocorrerem repasses \u00e0s empresas de \u00e1gua e esgoto para compensar a tarifa social, ele ser\u00e1 feito mensalmente e diretamente aos prestadores do servi\u00e7o. No entanto, somente ter\u00e3o direito ao dinheiro as empresas que adotarem a estrutura tarif\u00e1ria especial da ANA.<br \/>\n<strong>Perda do benef\u00edcio<\/strong><br \/>\nO substitutivo de Pedro Campos define v\u00e1rias situa\u00e7\u00f5es nas quais o benefici\u00e1rio perder\u00e1 o direito \u00e0 tarifa social:<br \/>\ninterven\u00e7\u00e3o nas instala\u00e7\u00f5es dos sistemas p\u00fablicos de \u00e1gua e esgoto;<br \/>\ndanificar ou modificar propositalmente equipamentos, como o hidr\u00f4metro;<br \/>\nfazer liga\u00e7\u00e3o clandestina de \u00e1gua e esgoto;<br \/>\ncompartilhar a liga\u00e7\u00e3o de resid\u00eancia beneficiada com im\u00f3veis n\u00e3o informados no cadastro; ou<br \/>\nincoer\u00eancias ou informa\u00e7\u00f5es inver\u00eddicas no cadastro ou em qualquer momento da vig\u00eancia do benef\u00edcio.<br \/>\nAp\u00f3s a empresa detectar qualquer dessas situa\u00e7\u00f5es, ela dever\u00e1 notificar o usu\u00e1rio com avisos na fatura por pelo menos tr\u00eas meses, descrevendo a irregularidade e solicitando a regulariza\u00e7\u00e3o antes de retir\u00e1-lo da lista de benefici\u00e1rios da Tarifa Social de \u00c1gua e Esgoto.<br \/>\n<strong>Pedido de inclus\u00e3o<\/strong><br \/>\nCaso pessoa com direito \u00e0 tarifa n\u00e3o seja inclu\u00edda automaticamente pela empresa de saneamento, segundo as regras do projeto, o interessado poder\u00e1 pedir sua inclus\u00e3o nos escrit\u00f3rios da prestadora do servi\u00e7o de \u00e1gua e esgoto com documentos de identifica\u00e7\u00e3o, a folha resumo do Cad\u00danico ou o cart\u00e3o de benefici\u00e1rio do BPC ou o extrato de pagamento de benef\u00edcio ou declara\u00e7\u00e3o fornecida pelo INSS, conforme o caso.<br \/>\n<strong>Transpar\u00eancia<\/strong><br \/>\nO governo federal, os prestadores do servi\u00e7o e os \u00f3rg\u00e3os reguladores competentes dever\u00e3o divulgar a exist\u00eancia da tarifa social e a forma de acess\u00e1-la, assim como as consequ\u00eancias do n\u00e3o cumprimento das condi\u00e7\u00f5es previstas.<br \/>\nAnualmente, dever\u00e1 ser atualizado o n\u00famero total de fam\u00edlias eleg\u00edveis para a tarifa social e o n\u00famero total de fam\u00edlias efetivamente beneficiadas, devendo a ANA publicar a lista de empresas de \u00e1gua e esgoto que est\u00e3o cumprindo a futura lei.<\/p>\n<p>Projeto foi aprovado em sess\u00e3o do Plen\u00e1rio nesta quarta-feira\/ Zeca Ribeiro\/C\u00e2mara dos Deputados<\/p>\n","protected":false},"excerpt":{"rendered":"<p>Fonte: Ag\u00eancia C\u00e2mara de Not\u00edcias Benef\u00edcio \u00e9 direcionado a pessoas de baixa renda. Proposta teve&#8230;<\/p>\n","protected":false},"author":7,"featured_media":28574,"comment_status":"open","ping_status":"open","sticky":false,"template":"","format":"standard","meta":{"_jetpack_memberships_contains_paid_content":false,"footnotes":"","jetpack_publicize_message":"","jetpack_publicize_feature_enabled":true,"jetpack_social_post_already_shared":true,"jetpack_social_options":{"image_generator_settings":{"template":"highway","default_image_id":0,"font":"","enabled":false},"version":2}},"categories":[1],"tags":[],"class_list":["post-28573","post","type-post","status-publish","format-standard","has-post-thumbnail","hentry","category-atualidade"],"jetpack_publicize_connections":[],"jetpack_featured_media_url":"https:\/\/correiodasemana.com\/site\/wp-content\/uploads\/2024\/03\/img20240228182308759-1-768x473-1.jpg","jetpack-related-posts":[{"id":36928,"url":"https:\/\/correiodasemana.com\/site\/comissao-aprova-prioridade-para-pessoa-com-deficiencia-de-baixa-renda-na-cnh-gratuita\/","url_meta":{"origin":28573,"position":0},"title":"Comiss\u00e3o aprova prioridade para pessoa com defici\u00eancia de baixa renda na CNH gratuita","author":"adminredacao","date":"Janeiro 6, 2026","format":false,"excerpt":"Vers\u00e3o do relator limita benef\u00edcio a quem tem baixa renda; a C\u00e2mara continua analisando a proposta Por Renato Ara\u00fajo\/C\u00e2mara dos Deputados A Comiss\u00e3o de Defesa dos Direitos das Pessoas com Defici\u00eancia da C\u00e2mara dos Deputados aprovou proposta que prioriza pessoas com defici\u00eancia de baixa renda na obten\u00e7\u00e3o gratuita da Carteira\u2026","rel":"","context":"In &quot;Atualidade&quot;","block_context":{"text":"Atualidade","link":"https:\/\/correiodasemana.com\/site\/category\/atualidade\/"},"img":{"alt_text":"","src":"https:\/\/i0.wp.com\/correiodasemana.com\/site\/wp-content\/uploads\/2026\/01\/Jornal-Correio-da-Semana-No-1105-1.jpg?resize=350%2C200&ssl=1","width":350,"height":200,"srcset":"https:\/\/i0.wp.com\/correiodasemana.com\/site\/wp-content\/uploads\/2026\/01\/Jornal-Correio-da-Semana-No-1105-1.jpg?resize=350%2C200&ssl=1 1x, https:\/\/i0.wp.com\/correiodasemana.com\/site\/wp-content\/uploads\/2026\/01\/Jornal-Correio-da-Semana-No-1105-1.jpg?resize=525%2C300&ssl=1 1.5x"},"classes":[]},{"id":29232,"url":"https:\/\/correiodasemana.com\/site\/camara-aprova-projeto-que-garante-energia-solar-e-eolica-para-familias-de-baixa-renda\/","url_meta":{"origin":28573,"position":1},"title":"C\u00e2mara aprova projeto que garante energia solar e e\u00f3lica para fam\u00edlias de baixa renda","author":"adminredacao","date":"Maio 13, 2024","format":false,"excerpt":"Um Projeto de Lei aprovado na C\u00e2mara dos Deputados prev\u00ea o acesso \u00e0 energia limpa (predominantemente solar e e\u00f3lica) para fam\u00edlias de baixa renda com um consumo mensal de at\u00e9 220 kWh. A medida foi aprovada nesta ter\u00e7a-feira (7) na forma de um substitutivo que institui o Programa Renda B\u00e1sica\u2026","rel":"","context":"In &quot;Atualidade&quot;","block_context":{"text":"Atualidade","link":"https:\/\/correiodasemana.com\/site\/category\/atualidade\/"},"img":{"alt_text":"","src":"https:\/\/i0.wp.com\/correiodasemana.com\/site\/wp-content\/uploads\/2024\/05\/DDD.jpg?resize=350%2C200&ssl=1","width":350,"height":200,"srcset":"https:\/\/i0.wp.com\/correiodasemana.com\/site\/wp-content\/uploads\/2024\/05\/DDD.jpg?resize=350%2C200&ssl=1 1x, https:\/\/i0.wp.com\/correiodasemana.com\/site\/wp-content\/uploads\/2024\/05\/DDD.jpg?resize=525%2C300&ssl=1 1.5x"},"classes":[]},{"id":21773,"url":"https:\/\/correiodasemana.com\/site\/camara-federal-aprova-projeto-que-pode-encarecer-em-24-a-conta-de-luz-no-norte-e-no-nordeste\/","url_meta":{"origin":28573,"position":2},"title":"C\u00e2mara Federal aprova projeto que pode encarecer em 2,4% a conta de luz no Norte e no Nordeste","author":"","date":"Novembro 22, 2022","format":false,"excerpt":"Consumidores do Norte e do Nordeste, \u00e1reas que atualmente s\u00e3o grandes produtoras e exportadoras de energia el\u00e9trica para outras regi\u00f5es, podem ter de pagar uma conta de luz at\u00e9 2,4% mais alta do que no resto do Pa\u00eds por causa de um projeto de lei aprovado na C\u00e2mara e que,\u2026","rel":"","context":"In &quot;Atualidade&quot;","block_context":{"text":"Atualidade","link":"https:\/\/correiodasemana.com\/site\/category\/atualidade\/"},"img":{"alt_text":"","src":"https:\/\/i0.wp.com\/correiodasemana.com\/site\/wp-content\/uploads\/2022\/11\/ENERGIA-LUZ-CONTA.jpg?resize=350%2C200&ssl=1","width":350,"height":200,"srcset":"https:\/\/i0.wp.com\/correiodasemana.com\/site\/wp-content\/uploads\/2022\/11\/ENERGIA-LUZ-CONTA.jpg?resize=350%2C200&ssl=1 1x, https:\/\/i0.wp.com\/correiodasemana.com\/site\/wp-content\/uploads\/2022\/11\/ENERGIA-LUZ-CONTA.jpg?resize=525%2C300&ssl=1 1.5x, https:\/\/i0.wp.com\/correiodasemana.com\/site\/wp-content\/uploads\/2022\/11\/ENERGIA-LUZ-CONTA.jpg?resize=700%2C400&ssl=1 2x, https:\/\/i0.wp.com\/correiodasemana.com\/site\/wp-content\/uploads\/2022\/11\/ENERGIA-LUZ-CONTA.jpg?resize=1050%2C600&ssl=1 3x, https:\/\/i0.wp.com\/correiodasemana.com\/site\/wp-content\/uploads\/2022\/11\/ENERGIA-LUZ-CONTA.jpg?resize=1400%2C800&ssl=1 4x"},"classes":[]},{"id":22090,"url":"https:\/\/correiodasemana.com\/site\/camara-federal-aprova-texto-base-de-projeto-que-prorroga-subsidios-para-microgeracao-de-energia\/","url_meta":{"origin":28573,"position":3},"title":"C\u00e2mara Federal aprova texto-base de projeto que prorroga subs\u00eddios para microgera\u00e7\u00e3o de energia","author":"","date":"Dezembro 7, 2022","format":false,"excerpt":"Deputados analisam em Plen\u00e1rio os destaques que podem alterar pontos da proposta \u00a0 \u00a0 A C\u00e2mara dos Deputados aprovou o texto-base do Projeto de Lei 2703\/22, que prorroga por mais seis meses o prazo final para a instala\u00e7\u00e3o de microgeradores e minigeradores de energia fotovoltaica com isen\u00e7\u00e3o de taxas pelo\u2026","rel":"","context":"In &quot;Atualidade&quot;","block_context":{"text":"Atualidade","link":"https:\/\/correiodasemana.com\/site\/category\/atualidade\/"},"img":{"alt_text":"","src":"https:\/\/i0.wp.com\/correiodasemana.com\/site\/wp-content\/uploads\/2022\/12\/geracao_de_energia_solar_combinada_com_eolica-21888865.jpeg?resize=350%2C200&ssl=1","width":350,"height":200,"srcset":"https:\/\/i0.wp.com\/correiodasemana.com\/site\/wp-content\/uploads\/2022\/12\/geracao_de_energia_solar_combinada_com_eolica-21888865.jpeg?resize=350%2C200&ssl=1 1x, https:\/\/i0.wp.com\/correiodasemana.com\/site\/wp-content\/uploads\/2022\/12\/geracao_de_energia_solar_combinada_com_eolica-21888865.jpeg?resize=525%2C300&ssl=1 1.5x, https:\/\/i0.wp.com\/correiodasemana.com\/site\/wp-content\/uploads\/2022\/12\/geracao_de_energia_solar_combinada_com_eolica-21888865.jpeg?resize=700%2C400&ssl=1 2x, https:\/\/i0.wp.com\/correiodasemana.com\/site\/wp-content\/uploads\/2022\/12\/geracao_de_energia_solar_combinada_com_eolica-21888865.jpeg?resize=1050%2C600&ssl=1 3x"},"classes":[]},{"id":19734,"url":"https:\/\/correiodasemana.com\/site\/projeto-exclui-incidencia-de-bandeira-tarifaria-em-fontes-eolica-e-solar-da-geracao-distribuida\/","url_meta":{"origin":28573,"position":4},"title":"Projeto exclui incid\u00eancia de bandeira tarif\u00e1ria em fontes e\u00f3lica e solar da gera\u00e7\u00e3o distribu\u00edda","author":"","date":"Maio 8, 2022","format":false,"excerpt":"Cleia Viana\/C\u00e2mara dos Deputados Deputado AJ Albuquerque, autor do projeto de lei O Projeto de Lei 918\/22 isenta da bandeira tarif\u00e1ria os consumidores que produzem a pr\u00f3pria energia a partir de fontes e\u00f3lica ou solar em sistemas de gera\u00e7\u00e3o distribu\u00edda. O texto tramita na C\u00e2mara dos Deputados. A proposta \u00e9\u2026","rel":"","context":"In &quot;Atualidade&quot;","block_context":{"text":"Atualidade","link":"https:\/\/correiodasemana.com\/site\/category\/atualidade\/"},"img":{"alt_text":"","src":"https:\/\/i0.wp.com\/correiodasemana.com\/site\/wp-content\/uploads\/2022\/05\/deputado.jpg?resize=350%2C200&ssl=1","width":350,"height":200},"classes":[]},{"id":13323,"url":"https:\/\/correiodasemana.com\/site\/camara-aprova-novo-marco-regulatorio-do-gas-natural-que-vai-ao-senado\/","url_meta":{"origin":28573,"position":5},"title":"C\u00e2mara aprova novo marco regulat\u00f3rio do g\u00e1s natural, que vai ao Senado","author":"","date":"Setembro 2, 2020","format":false,"excerpt":"A C\u00e2mara dos Deputados aprovou nesta ter\u00e7a-feira (1\u00ba), por 351 votos a 101, o projeto que estabelece um novo marco regulat\u00f3rio para o setor de g\u00e1s natural. O texto\u00a0muda o regime de explora\u00e7\u00e3o de gasodutos no Brasil, que passar\u00e1 de concess\u00e3o para autoriza\u00e7\u00e3o. A proposta tamb\u00e9m quebra o monop\u00f3lio dos\u2026","rel":"","context":"In &quot;Atualidade&quot;","block_context":{"text":"Atualidade","link":"https:\/\/correiodasemana.com\/site\/category\/atualidade\/"},"img":{"alt_text":"","src":"https:\/\/i0.wp.com\/correiodasemana.com\/site\/wp-content\/uploads\/2020\/09\/img20200825160802559MED-750x430-1.jpg?resize=350%2C200&ssl=1","width":350,"height":200,"srcset":"https:\/\/i0.wp.com\/correiodasemana.com\/site\/wp-content\/uploads\/2020\/09\/img20200825160802559MED-750x430-1.jpg?resize=350%2C200&ssl=1 1x, https:\/\/i0.wp.com\/correiodasemana.com\/site\/wp-content\/uploads\/2020\/09\/img20200825160802559MED-750x430-1.jpg?resize=525%2C300&ssl=1 1.5x, https:\/\/i0.wp.com\/correiodasemana.com\/site\/wp-content\/uploads\/2020\/09\/img20200825160802559MED-750x430-1.jpg?resize=700%2C400&ssl=1 2x"},"classes":[]}],"jetpack_sharing_enabled":true,"_links":{"self":[{"href":"https:\/\/correiodasemana.com\/site\/wp-json\/wp\/v2\/posts\/28573","targetHints":{"allow":["GET"]}}],"collection":[{"href":"https:\/\/correiodasemana.com\/site\/wp-json\/wp\/v2\/posts"}],"about":[{"href":"https:\/\/correiodasemana.com\/site\/wp-json\/wp\/v2\/types\/post"}],"author":[{"embeddable":true,"href":"https:\/\/correiodasemana.com\/site\/wp-json\/wp\/v2\/users\/7"}],"replies":[{"embeddable":true,"href":"https:\/\/correiodasemana.com\/site\/wp-json\/wp\/v2\/comments?post=28573"}],"version-history":[{"count":1,"href":"https:\/\/correiodasemana.com\/site\/wp-json\/wp\/v2\/posts\/28573\/revisions"}],"predecessor-version":[{"id":28575,"href":"https:\/\/correiodasemana.com\/site\/wp-json\/wp\/v2\/posts\/28573\/revisions\/28575"}],"wp:featuredmedia":[{"embeddable":true,"href":"https:\/\/correiodasemana.com\/site\/wp-json\/wp\/v2\/media\/28574"}],"wp:attachment":[{"href":"https:\/\/correiodasemana.com\/site\/wp-json\/wp\/v2\/media?parent=28573"}],"wp:term":[{"taxonomy":"category","embeddable":true,"href":"https:\/\/correiodasemana.com\/site\/wp-json\/wp\/v2\/categories?post=28573"},{"taxonomy":"post_tag","embeddable":true,"href":"https:\/\/correiodasemana.com\/site\/wp-json\/wp\/v2\/tags?post=28573"}],"curies":[{"name":"wp","href":"https:\/\/api.w.org\/{rel}","templated":true}]}}