{"id":28581,"date":"2024-03-04T16:21:56","date_gmt":"2024-03-04T19:21:56","guid":{"rendered":"https:\/\/correiodasemana.com\/site\/?p=28581"},"modified":"2024-03-04T16:21:56","modified_gmt":"2024-03-04T19:21:56","slug":"tse-proibe-candidato-de-impulsionar-link-com-o-nome-de-adversario","status":"publish","type":"post","link":"https:\/\/correiodasemana.com\/site\/tse-proibe-candidato-de-impulsionar-link-com-o-nome-de-adversario\/","title":{"rendered":"TSE pro\u00edbe candidato de impulsionar link com o nome de advers\u00e1rio"},"content":{"rendered":"<div id='gallery-1' class='gallery galleryid-28581 gallery-columns-3 gallery-size-thumbnail'><figure class='gallery-item'>\n\t\t\t<div class='gallery-icon landscape'>\n\t\t\t\t<a href='https:\/\/correiodasemana.com\/site\/tse-proibe-candidato-de-impulsionar-link-com-o-nome-de-adversario\/tse_posse_moraes2\/'><img loading=\"lazy\" width=\"150\" height=\"150\" src=\"https:\/\/correiodasemana.com\/site\/wp-content\/uploads\/2024\/03\/tse_posse_moraes2-150x150.webp\" class=\"attachment-thumbnail size-thumbnail\" alt=\"tse_posse_moraes2\" loading=\"lazy\" decoding=\"async\" \/><\/a>\n\t\t\t<\/div><\/figure><figure class='gallery-item'>\n\t\t\t<div class='gallery-icon landscape'>\n\t\t\t\t<a href='https:\/\/correiodasemana.com\/site\/tse-proibe-candidato-de-impulsionar-link-com-o-nome-de-adversario\/predio-tse_mcamgo_abr_22062023-6\/'><img loading=\"lazy\" width=\"150\" height=\"150\" src=\"https:\/\/correiodasemana.com\/site\/wp-content\/uploads\/2024\/03\/predio-tse_mcamgo_abr_22062023-6-150x150.webp\" class=\"attachment-thumbnail size-thumbnail\" alt=\"predio-tse_mcamgo_abr_22062023-6\" loading=\"lazy\" decoding=\"async\" \/><\/a>\n\t\t\t<\/div><\/figure>\n\t\t<\/div>\n\n<p>Por Felipe Pontes &#8211; Rep\u00f3rter da Ag\u00eancia Brasil &#8211; Bras\u00edlia<br \/>\nO plen\u00e1rio do Tribunal Superior Eleitoral (TSE) aprovou na noite dessa ter\u00e7a-feira (27) o\u00a0detalhamento das regras\u00a0que se aplicam \u00e0s elei\u00e7\u00f5es municipais de outubro. Entre as novidades, os ministros decidiram restringir a utiliza\u00e7\u00e3o de buscas patrocinadas usando o nome de candidato advers\u00e1rio como palavra-chave.<br \/>\nH\u00e1 algumas elei\u00e7\u00f5es, o TSE j\u00e1 permite o uso de servi\u00e7os de impulsionamento em buscas da internet. O servi\u00e7o \u00e9 vendido por motores de busca como o Google, e permite que as pesquisas por determinadas palavras-chave retornem conte\u00fado pago entre os primeiros resultados.<br \/>\nAs normas preveem limita\u00e7\u00f5es, como a proibi\u00e7\u00e3o de impulsionamento de conte\u00fado negativo sobre advers\u00e1rio ou o pr\u00f3prio pleito eleitoral.<br \/>\nNeste ano, pela primeira vez, foi proibido tamb\u00e9m impulsionar conte\u00fado positivo pr\u00f3prio, mas utilizando como palavra-chave o nome, a alcunha ou o apelido de candidato advers\u00e1rio. A veda\u00e7\u00e3o inclui tamb\u00e9m termos ligados a partidos, federa\u00e7\u00f5es e coliga\u00e7\u00f5es advers\u00e1rias.<br \/>\nO tema ainda n\u00e3o tinha alcan\u00e7ado consenso no TSE, e a jurisprud\u00eancia possui decis\u00f5es conflitantes, a depender da composi\u00e7\u00e3o da bancada de vota\u00e7\u00e3o. Em alguns julgamentos, os ministros permitiram, por maioria, o impulsionamento de buscas com o nome de advers\u00e1rio.<br \/>\nUm julgamento para pacificar a jurisprud\u00eancia chegou a ser iniciado, mas foi interrompido por um pedido de vista (mais tempo de an\u00e1lise). Nesse processo, h\u00e1 tr\u00eas votos favor\u00e1veis para autorizar o patroc\u00ednio de conte\u00fado com o nome de advers\u00e1rio, desde que somente material positivo sobre o candidato que contrata o servi\u00e7o.<br \/>\n\u201cN\u00e3o entendo que essa hip\u00f3tese de impulsionamento seja uma hip\u00f3tese que merece ser proibida\u201d, disse nessa ter\u00e7a (27) o ministro Floriano de Azevedo Marques, que votou contra a veda\u00e7\u00e3o. \u201cA pesquisa vinculada ao impulsionamento positivo d\u00e1 mais condi\u00e7\u00f5es ao eleitor de aferir os m\u00e9ritos do candidato que ele pesquisou e do candidato que est\u00e1 impulsionando o conte\u00fado\u201d, argumentou.<br \/>\nA maioria, contudo, votou por vedar esse tipo de impulsionamento. Relatora das regras eleitorais, C\u00e1rmen L\u00facia disse que a proibi\u00e7\u00e3o \u00e9 o entendimento da maioria dos ministros titulares atuais, todos presentes no plen\u00e1rio, enquanto que o entendimento pela autoriza\u00e7\u00e3o havia sido votado por composi\u00e7\u00f5es anteriores do tribunal.<br \/>\nO ministro Andr\u00e9 Ramos Tavares defendeu a proibi\u00e7\u00e3o. \u201cA pessoa busca o candidato A e vai aparecer informa\u00e7\u00f5es do candidato B. Ainda que seja [material] positivo, vamos ter como resultado um certo falseamento da busca\u201d, disse.<br \/>\nTamb\u00e9m seguiram a relatora a ministra Isabel Galotti e o presidente do TSE, ministro Alexandre de Moraes, que em ocasi\u00e3o anterior chamou o\u00a0impulsionamento\u00a0com nome de advers\u00e1rio de \u201cverdadeiro estelionato parasit\u00e1rio\u201d.<\/p>\n","protected":false},"excerpt":{"rendered":"<p>Por Felipe Pontes &#8211; Rep\u00f3rter da Ag\u00eancia Brasil &#8211; Bras\u00edlia O plen\u00e1rio do Tribunal Superior&#8230;<\/p>\n","protected":false},"author":7,"featured_media":28583,"comment_status":"open","ping_status":"open","sticky":false,"template":"","format":"standard","meta":{"_jetpack_memberships_contains_paid_content":false,"footnotes":"","jetpack_publicize_message":"","jetpack_publicize_feature_enabled":true,"jetpack_social_post_already_shared":true,"jetpack_social_options":{"image_generator_settings":{"template":"highway","default_image_id":0,"font":"","enabled":false},"version":2}},"categories":[1],"tags":[],"class_list":["post-28581","post","type-post","status-publish","format-standard","has-post-thumbnail","hentry","category-atualidade"],"jetpack_publicize_connections":[],"jetpack_featured_media_url":"https:\/\/correiodasemana.com\/site\/wp-content\/uploads\/2024\/03\/predio-tse_mcamgo_abr_22062023-6.webp","jetpack-related-posts":[{"id":14059,"url":"https:\/\/correiodasemana.com\/site\/eleicoes-2020-confira-os-aplicativos-da-justica-eleitoral\/","url_meta":{"origin":28581,"position":0},"title":"Elei\u00e7\u00f5es 2020 \u2013 Confira os aplicativos da Justi\u00e7a Eleitoral","author":"","date":"Outubro 14, 2020","format":false,"excerpt":"Apps facilitam a vida dos eleitores, mes\u00e1rios e candidatos Nas Elei\u00e7\u00f5es 2020 est\u00e3o\u00a0dispon\u00edveis cinco aplicativos que possibilitam a utiliza\u00e7\u00e3o de servi\u00e7os por eleitores, mes\u00e1rios e candidatos. Os apps s\u00e3o: Boletim de M\u00e3o, Mes\u00e1rio, e-T\u00edtulo, Pardal e Resultados. Todos est\u00e3o dispon\u00edveis nas plataformas Android e IOS, e podem ser obtidos gratuitamente\u2026","rel":"","context":"In &quot;Atualidade&quot;","block_context":{"text":"Atualidade","link":"https:\/\/correiodasemana.com\/site\/category\/atualidade\/"},"img":{"alt_text":"","src":"https:\/\/i0.wp.com\/correiodasemana.com\/site\/wp-content\/uploads\/2020\/10\/eleicoes_2020_-_banner_destaque_01.jpg?resize=350%2C200&ssl=1","width":350,"height":200,"srcset":"https:\/\/i0.wp.com\/correiodasemana.com\/site\/wp-content\/uploads\/2020\/10\/eleicoes_2020_-_banner_destaque_01.jpg?resize=350%2C200&ssl=1 1x, https:\/\/i0.wp.com\/correiodasemana.com\/site\/wp-content\/uploads\/2020\/10\/eleicoes_2020_-_banner_destaque_01.jpg?resize=525%2C300&ssl=1 1.5x, https:\/\/i0.wp.com\/correiodasemana.com\/site\/wp-content\/uploads\/2020\/10\/eleicoes_2020_-_banner_destaque_01.jpg?resize=700%2C400&ssl=1 2x, https:\/\/i0.wp.com\/correiodasemana.com\/site\/wp-content\/uploads\/2020\/10\/eleicoes_2020_-_banner_destaque_01.jpg?resize=1050%2C600&ssl=1 3x"},"classes":[]},{"id":16976,"url":"https:\/\/correiodasemana.com\/site\/ministerio-publico-pede-impugnacao-de-candidatos-a-prefeitura-no-municipio-de-martinopole\/","url_meta":{"origin":28581,"position":1},"title":"Minist\u00e9rio P\u00fablico pede impugna\u00e7\u00e3o de candidatos \u00e0 prefeitura no munic\u00edpio de Martin\u00f3pole","author":"","date":"Julho 12, 2021","format":false,"excerpt":"Por Samuel Carvalho - Reda\u00e7\u00e3o Correio da Semana O Minist\u00e9rio P\u00fablico do Estado (MPCE) pediu a impugna\u00e7\u00e3o dos candidatos James Bel (PP) e J\u00fanior Fontenele (PL), ambos os candidatos \u00e0 prefeitura do munic\u00edpio de Martin\u00f3pole faltando pouco menos de um m\u00eas para os eleitores voltarem \u00e0s urnas. Os dois candidatos\u2026","rel":"","context":"In &quot;Atualidade&quot;","block_context":{"text":"Atualidade","link":"https:\/\/correiodasemana.com\/site\/category\/atualidade\/"},"img":{"alt_text":"","src":"https:\/\/i0.wp.com\/correiodasemana.com\/site\/wp-content\/uploads\/2021\/07\/James-Bel.jpg?resize=350%2C200&ssl=1","width":350,"height":200},"classes":[]},{"id":13691,"url":"https:\/\/correiodasemana.com\/site\/eleicoes-2020-tse-libera-ferramenta-para-consulta-de-candidaturas\/","url_meta":{"origin":28581,"position":2},"title":"Elei\u00e7\u00f5es 2020: TSE libera ferramenta para consulta de candidaturas","author":"","date":"Setembro 22, 2020","format":false,"excerpt":"Sistema pode ser consultado por qualquer cidad\u00e3o Consultas por munic\u00edpio e cargo, acesso \u00e0 informa\u00e7\u00f5es detalhadas sobre a situa\u00e7\u00e3o dos candidatos aos cargos de prefeito, vice-prefeito e vereador, que pediram registro para concorrer \u00e0s Elei\u00e7\u00f5es Municipais de 2020 j\u00e1 est\u00e3o dispon\u00edveis na plataforma\u00a0DivulgaCandContas, do Tribunal Superior Eleitoral (TSE). A ferramenta\u2026","rel":"","context":"In &quot;Atualidade&quot;","block_context":{"text":"Atualidade","link":"https:\/\/correiodasemana.com\/site\/category\/atualidade\/"},"img":{"alt_text":"","src":"https:\/\/i0.wp.com\/correiodasemana.com\/site\/wp-content\/uploads\/2020\/09\/tse_1908200982.jpg?resize=350%2C200&ssl=1","width":350,"height":200,"srcset":"https:\/\/i0.wp.com\/correiodasemana.com\/site\/wp-content\/uploads\/2020\/09\/tse_1908200982.jpg?resize=350%2C200&ssl=1 1x, https:\/\/i0.wp.com\/correiodasemana.com\/site\/wp-content\/uploads\/2020\/09\/tse_1908200982.jpg?resize=525%2C300&ssl=1 1.5x, https:\/\/i0.wp.com\/correiodasemana.com\/site\/wp-content\/uploads\/2020\/09\/tse_1908200982.jpg?resize=700%2C400&ssl=1 2x, https:\/\/i0.wp.com\/correiodasemana.com\/site\/wp-content\/uploads\/2020\/09\/tse_1908200982.jpg?resize=1050%2C600&ssl=1 3x"},"classes":[]},{"id":12767,"url":"https:\/\/correiodasemana.com\/site\/tse-aprova-resolucoes-com-novas-datas-para-o-processo-eleitoral\/","url_meta":{"origin":28581,"position":3},"title":"TSE aprova resolu\u00e7\u00f5es com novas datas para o processo eleitoral","author":"","date":"Agosto 17, 2020","format":false,"excerpt":"Devido \u00e0 pandemia Congresso adiou o pleito para 15 de novembro Por Andreia Verd\u00e9lio \u2013 Rep\u00f3rter da Ag\u00eancia Brasil - Bras\u00edlia O Tribunal Superior Eleitoral (TSE) aprovou hoje (13) os ajustes em suas resolu\u00e7\u00f5es com as novas datas dos eventos eleitorais e vota\u00e7\u00f5es das elei\u00e7\u00f5es municipais deste ano. Devido \u00e0\u2026","rel":"","context":"In &quot;Atualidade&quot;","block_context":{"text":"Atualidade","link":"https:\/\/correiodasemana.com\/site\/category\/atualidade\/"},"img":{"alt_text":"","src":"https:\/\/i0.wp.com\/correiodasemana.com\/site\/wp-content\/uploads\/2019\/08\/urna_lecr-e1447217261594.jpg?resize=350%2C200&ssl=1","width":350,"height":200,"srcset":"https:\/\/i0.wp.com\/correiodasemana.com\/site\/wp-content\/uploads\/2019\/08\/urna_lecr-e1447217261594.jpg?resize=350%2C200&ssl=1 1x, https:\/\/i0.wp.com\/correiodasemana.com\/site\/wp-content\/uploads\/2019\/08\/urna_lecr-e1447217261594.jpg?resize=525%2C300&ssl=1 1.5x, https:\/\/i0.wp.com\/correiodasemana.com\/site\/wp-content\/uploads\/2019\/08\/urna_lecr-e1447217261594.jpg?resize=700%2C400&ssl=1 2x, https:\/\/i0.wp.com\/correiodasemana.com\/site\/wp-content\/uploads\/2019\/08\/urna_lecr-e1447217261594.jpg?resize=1050%2C600&ssl=1 3x, https:\/\/i0.wp.com\/correiodasemana.com\/site\/wp-content\/uploads\/2019\/08\/urna_lecr-e1447217261594.jpg?resize=1400%2C800&ssl=1 4x"},"classes":[]},{"id":13035,"url":"https:\/\/correiodasemana.com\/site\/eleicoes-municipais-a-midia-e-as-redes-sociais-podem-causar-impacto-nas-urnas\/","url_meta":{"origin":28581,"position":4},"title":"Elei\u00e7\u00f5es MUNICIPAIS: A m\u00eddia e as redes sociais podem causar impacto nas urnas","author":"","date":"Agosto 24, 2020","format":false,"excerpt":"Com as altera\u00e7\u00f5es do calend\u00e1rio para as elei\u00e7\u00f5es deste ano, quando ser\u00e3o escolhidos prefeitos e vereadores, a partir desta ter\u00e7a-feira (18), o juiz eleitoral come\u00e7a a nomear os membros das mesas receptoras e o pessoal de apoio log\u00edstico dos locais de vota\u00e7\u00e3o para o primeiro e eventual segundo turnos de\u2026","rel":"","context":"In &quot;Atualidade&quot;","block_context":{"text":"Atualidade","link":"https:\/\/correiodasemana.com\/site\/category\/atualidade\/"},"img":{"alt_text":"","src":"https:\/\/i0.wp.com\/correiodasemana.com\/site\/wp-content\/uploads\/2019\/08\/urna_lecr-e1447217261594.jpg?resize=350%2C200&ssl=1","width":350,"height":200,"srcset":"https:\/\/i0.wp.com\/correiodasemana.com\/site\/wp-content\/uploads\/2019\/08\/urna_lecr-e1447217261594.jpg?resize=350%2C200&ssl=1 1x, https:\/\/i0.wp.com\/correiodasemana.com\/site\/wp-content\/uploads\/2019\/08\/urna_lecr-e1447217261594.jpg?resize=525%2C300&ssl=1 1.5x, https:\/\/i0.wp.com\/correiodasemana.com\/site\/wp-content\/uploads\/2019\/08\/urna_lecr-e1447217261594.jpg?resize=700%2C400&ssl=1 2x, https:\/\/i0.wp.com\/correiodasemana.com\/site\/wp-content\/uploads\/2019\/08\/urna_lecr-e1447217261594.jpg?resize=1050%2C600&ssl=1 3x, https:\/\/i0.wp.com\/correiodasemana.com\/site\/wp-content\/uploads\/2019\/08\/urna_lecr-e1447217261594.jpg?resize=1400%2C800&ssl=1 4x"},"classes":[]},{"id":13925,"url":"https:\/\/correiodasemana.com\/site\/menos-de-1-dos-municipios-do-brasil-tem-so-mulheres-na-disputa-pela-prefeitura\/","url_meta":{"origin":28581,"position":5},"title":"Menos de 1% dos munic\u00edpios do Brasil tem s\u00f3 mulheres na disputa pela prefeitura","author":"","date":"Outubro 5, 2020","format":false,"excerpt":"Percentual \u00e9 inferior ao das cidades que ter\u00e3o apenas homens nas elei\u00e7\u00f5es para o Executivo local (60%). Para cientista pol\u00edtica, disparidades indicam as barreiras que as mulheres ainda enfrentam para lan\u00e7ar candidaturas. Em 39 cidades brasileiras, os eleitores j\u00e1 sabem que ter\u00e3o uma mulher como prefeita no pr\u00f3ximo ano. Dados\u2026","rel":"","context":"In &quot;Atualidade&quot;","block_context":{"text":"Atualidade","link":"https:\/\/correiodasemana.com\/site\/category\/atualidade\/"},"img":{"alt_text":"","src":"https:\/\/i0.wp.com\/correiodasemana.com\/site\/wp-content\/uploads\/2020\/10\/eleicoes-2020-campanha-nas-ruas-comeca-no-domingo.jpg?resize=350%2C200&ssl=1","width":350,"height":200,"srcset":"https:\/\/i0.wp.com\/correiodasemana.com\/site\/wp-content\/uploads\/2020\/10\/eleicoes-2020-campanha-nas-ruas-comeca-no-domingo.jpg?resize=350%2C200&ssl=1 1x, https:\/\/i0.wp.com\/correiodasemana.com\/site\/wp-content\/uploads\/2020\/10\/eleicoes-2020-campanha-nas-ruas-comeca-no-domingo.jpg?resize=525%2C300&ssl=1 1.5x, https:\/\/i0.wp.com\/correiodasemana.com\/site\/wp-content\/uploads\/2020\/10\/eleicoes-2020-campanha-nas-ruas-comeca-no-domingo.jpg?resize=700%2C400&ssl=1 2x, https:\/\/i0.wp.com\/correiodasemana.com\/site\/wp-content\/uploads\/2020\/10\/eleicoes-2020-campanha-nas-ruas-comeca-no-domingo.jpg?resize=1050%2C600&ssl=1 3x, https:\/\/i0.wp.com\/correiodasemana.com\/site\/wp-content\/uploads\/2020\/10\/eleicoes-2020-campanha-nas-ruas-comeca-no-domingo.jpg?resize=1400%2C800&ssl=1 4x"},"classes":[]}],"jetpack_sharing_enabled":true,"_links":{"self":[{"href":"https:\/\/correiodasemana.com\/site\/wp-json\/wp\/v2\/posts\/28581","targetHints":{"allow":["GET"]}}],"collection":[{"href":"https:\/\/correiodasemana.com\/site\/wp-json\/wp\/v2\/posts"}],"about":[{"href":"https:\/\/correiodasemana.com\/site\/wp-json\/wp\/v2\/types\/post"}],"author":[{"embeddable":true,"href":"https:\/\/correiodasemana.com\/site\/wp-json\/wp\/v2\/users\/7"}],"replies":[{"embeddable":true,"href":"https:\/\/correiodasemana.com\/site\/wp-json\/wp\/v2\/comments?post=28581"}],"version-history":[{"count":1,"href":"https:\/\/correiodasemana.com\/site\/wp-json\/wp\/v2\/posts\/28581\/revisions"}],"predecessor-version":[{"id":28584,"href":"https:\/\/correiodasemana.com\/site\/wp-json\/wp\/v2\/posts\/28581\/revisions\/28584"}],"wp:featuredmedia":[{"embeddable":true,"href":"https:\/\/correiodasemana.com\/site\/wp-json\/wp\/v2\/media\/28583"}],"wp:attachment":[{"href":"https:\/\/correiodasemana.com\/site\/wp-json\/wp\/v2\/media?parent=28581"}],"wp:term":[{"taxonomy":"category","embeddable":true,"href":"https:\/\/correiodasemana.com\/site\/wp-json\/wp\/v2\/categories?post=28581"},{"taxonomy":"post_tag","embeddable":true,"href":"https:\/\/correiodasemana.com\/site\/wp-json\/wp\/v2\/tags?post=28581"}],"curies":[{"name":"wp","href":"https:\/\/api.w.org\/{rel}","templated":true}]}}