{"id":28708,"date":"2024-03-18T15:15:48","date_gmt":"2024-03-18T18:15:48","guid":{"rendered":"https:\/\/correiodasemana.com\/site\/?p=28708"},"modified":"2024-03-18T15:15:48","modified_gmt":"2024-03-18T18:15:48","slug":"em-sobral-paroquia-nossa-senhora-de-fatima-acolhe-novo-vigario-paroquial","status":"publish","type":"post","link":"https:\/\/correiodasemana.com\/site\/em-sobral-paroquia-nossa-senhora-de-fatima-acolhe-novo-vigario-paroquial\/","title":{"rendered":"Em Sobral, Par\u00f3quia Nossa Senhora de F\u00e1tima acolhe novo vig\u00e1rio paroquial"},"content":{"rendered":"<div id='gallery-1' class='gallery galleryid-28708 gallery-columns-6 gallery-size-thumbnail'><figure class='gallery-item'>\n\t\t\t<div class='gallery-icon landscape'>\n\t\t\t\t<a href='https:\/\/correiodasemana.com\/site\/em-sobral-paroquia-nossa-senhora-de-fatima-acolhe-novo-vigario-paroquial\/whatsapp-image-2024-03-15-at-08-57-54\/'><img loading=\"lazy\" width=\"150\" height=\"150\" src=\"https:\/\/correiodasemana.com\/site\/wp-content\/uploads\/2024\/03\/WhatsApp-Image-2024-03-15-at-08.57.54-150x150.jpeg\" class=\"attachment-thumbnail size-thumbnail\" alt=\"WhatsApp Image 2024-03-15 at 08.57.54\" loading=\"lazy\" decoding=\"async\" \/><\/a>\n\t\t\t<\/div><\/figure><figure class='gallery-item'>\n\t\t\t<div class='gallery-icon landscape'>\n\t\t\t\t<a href='https:\/\/correiodasemana.com\/site\/em-sobral-paroquia-nossa-senhora-de-fatima-acolhe-novo-vigario-paroquial\/whatsapp-image-2024-03-15-at-08-57-55-1\/'><img loading=\"lazy\" width=\"150\" height=\"150\" src=\"https:\/\/correiodasemana.com\/site\/wp-content\/uploads\/2024\/03\/WhatsApp-Image-2024-03-15-at-08.57.55-1-150x150.jpeg\" class=\"attachment-thumbnail size-thumbnail\" alt=\"WhatsApp Image 2024-03-15 at 08.57.55 (1)\" loading=\"lazy\" decoding=\"async\" \/><\/a>\n\t\t\t<\/div><\/figure><figure class='gallery-item'>\n\t\t\t<div class='gallery-icon landscape'>\n\t\t\t\t<a href='https:\/\/correiodasemana.com\/site\/em-sobral-paroquia-nossa-senhora-de-fatima-acolhe-novo-vigario-paroquial\/whatsapp-image-2024-03-15-at-08-57-55\/'><img loading=\"lazy\" width=\"150\" height=\"150\" src=\"https:\/\/correiodasemana.com\/site\/wp-content\/uploads\/2024\/03\/WhatsApp-Image-2024-03-15-at-08.57.55-150x150.jpeg\" class=\"attachment-thumbnail size-thumbnail\" alt=\"WhatsApp Image 2024-03-15 at 08.57.55\" loading=\"lazy\" decoding=\"async\" \/><\/a>\n\t\t\t<\/div><\/figure><figure class='gallery-item'>\n\t\t\t<div class='gallery-icon landscape'>\n\t\t\t\t<a href='https:\/\/correiodasemana.com\/site\/em-sobral-paroquia-nossa-senhora-de-fatima-acolhe-novo-vigario-paroquial\/whatsapp-image-2024-03-15-at-08-57-56-1\/'><img loading=\"lazy\" width=\"150\" height=\"150\" src=\"https:\/\/correiodasemana.com\/site\/wp-content\/uploads\/2024\/03\/WhatsApp-Image-2024-03-15-at-08.57.56-1-150x150.jpeg\" class=\"attachment-thumbnail size-thumbnail\" alt=\"WhatsApp Image 2024-03-15 at 08.57.56 (1)\" loading=\"lazy\" decoding=\"async\" \/><\/a>\n\t\t\t<\/div><\/figure><figure class='gallery-item'>\n\t\t\t<div class='gallery-icon landscape'>\n\t\t\t\t<a href='https:\/\/correiodasemana.com\/site\/em-sobral-paroquia-nossa-senhora-de-fatima-acolhe-novo-vigario-paroquial\/whatsapp-image-2024-03-15-at-08-57-56\/'><img loading=\"lazy\" width=\"150\" height=\"150\" src=\"https:\/\/correiodasemana.com\/site\/wp-content\/uploads\/2024\/03\/WhatsApp-Image-2024-03-15-at-08.57.56-150x150.jpeg\" class=\"attachment-thumbnail size-thumbnail\" alt=\"WhatsApp Image 2024-03-15 at 08.57.56\" loading=\"lazy\" decoding=\"async\" \/><\/a>\n\t\t\t<\/div><\/figure><figure class='gallery-item'>\n\t\t\t<div class='gallery-icon landscape'>\n\t\t\t\t<a href='https:\/\/correiodasemana.com\/site\/em-sobral-paroquia-nossa-senhora-de-fatima-acolhe-novo-vigario-paroquial\/whatsapp-image-2024-03-15-at-08-57-57-1\/'><img loading=\"lazy\" width=\"150\" height=\"150\" src=\"https:\/\/correiodasemana.com\/site\/wp-content\/uploads\/2024\/03\/WhatsApp-Image-2024-03-15-at-08.57.57-1-150x150.jpeg\" class=\"attachment-thumbnail size-thumbnail\" alt=\"WhatsApp Image 2024-03-15 at 08.57.57 (1)\" loading=\"lazy\" decoding=\"async\" \/><\/a>\n\t\t\t<\/div><\/figure><figure class='gallery-item'>\n\t\t\t<div class='gallery-icon portrait'>\n\t\t\t\t<a href='https:\/\/correiodasemana.com\/site\/em-sobral-paroquia-nossa-senhora-de-fatima-acolhe-novo-vigario-paroquial\/whatsapp-image-2024-03-15-at-08-57-57\/'><img loading=\"lazy\" width=\"150\" height=\"150\" src=\"https:\/\/correiodasemana.com\/site\/wp-content\/uploads\/2024\/03\/WhatsApp-Image-2024-03-15-at-08.57.57-150x150.jpeg\" class=\"attachment-thumbnail size-thumbnail\" alt=\"WhatsApp Image 2024-03-15 at 08.57.57\" loading=\"lazy\" decoding=\"async\" \/><\/a>\n\t\t\t<\/div><\/figure><figure class='gallery-item'>\n\t\t\t<div class='gallery-icon landscape'>\n\t\t\t\t<a href='https:\/\/correiodasemana.com\/site\/em-sobral-paroquia-nossa-senhora-de-fatima-acolhe-novo-vigario-paroquial\/whatsapp-image-2024-03-15-at-08-57-58\/'><img loading=\"lazy\" width=\"150\" height=\"150\" src=\"https:\/\/correiodasemana.com\/site\/wp-content\/uploads\/2024\/03\/WhatsApp-Image-2024-03-15-at-08.57.58-150x150.jpeg\" class=\"attachment-thumbnail size-thumbnail\" alt=\"WhatsApp Image 2024-03-15 at 08.57.58\" loading=\"lazy\" decoding=\"async\" \/><\/a>\n\t\t\t<\/div><\/figure>\n\t\t<\/div>\n\n<p>No 4\u00ba Domingo da Quaresma, em 10 de mar\u00e7o, os paroquianos da Par\u00f3quia dedicada \u00e0 Nossa Senhora de F\u00e1tima em Sobral, acolheram o novo vig\u00e1rio paroquial, Pe. Georg Ulrich Endres.<br \/>\nDe acordo com artigo publicado pelo Cardeal Orani Jo\u00e3o Tempesta, o quarto domingo deste tempo quaresmal, conhecido como o Domingo laetare, ou seja, o Domingo da alegria, nos aproxima da grande celebra\u00e7\u00e3o da P\u00e1scoa, o mist\u00e9rio da nossa salva\u00e7\u00e3o.<br \/>\nEm celebra\u00e7\u00e3o presidida por Dom Vasconcelos, a comunidade paroquial acolheu Padre Uli que chega para colaborar com os trabalhos pastorais juntamente com o p\u00e1roco, Pe. Edinardo Gomes. Al\u00e9m desta par\u00f3quia, o sacerdote ir\u00e1 auxiliar na \u00c1rea Pastoral da Divina Miseric\u00f3rdia no bairro Ant\u00f4nio Carlos Belchior.<br \/>\nPadre Uli vem de uma experi\u00eancia na Par\u00f3quia de Nossa Senhora da Concei\u00e7\u00e3o, em Bela Cruz, onde esteve por oito meses. No in\u00edcio da celebra\u00e7\u00e3o foi lida a provis\u00e3o can\u00f4nica que nomeia o sacerdote como vig\u00e1rio paroquial da referida par\u00f3quia e \u00e1rea pastoral. Grupos, pastorais e movimentos da nova par\u00f3quia e representa\u00e7\u00f5es da \u00e1rea pastoral da Divina Miseric\u00f3rdia marcaram presen\u00e7a na celebra\u00e7\u00e3o.<br \/>\nA liturgia deste domingo relembrou o significado da P\u00e1scoa, a passagem da escravid\u00e3o para a liberdade, da morte para a vida. \u201cN\u00f3s estamos caminhando para a P\u00e1scoa e a\u00ed est\u00e1 a raz\u00e3o da nossa exist\u00eancia, pois se Cristo n\u00e3o tivesse ressuscitado a nossa f\u00e9 e prega\u00e7\u00e3o seria in\u00fatil. Por\u00e9m, para chegarmos \u00e0 ressurrei\u00e7\u00e3o precisamos seguir os passos de Jesus, que s\u00e3o os passos do calv\u00e1rio, ent\u00e3o n\u00f3s n\u00e3o podemos chegar na ressurrei\u00e7\u00e3o sem a cruz\u201d, disse o bispo durante homilia.<br \/>\nE continuou: \u201cPara Jesus a sua crucifica\u00e7\u00e3o \u00e9 a sua exalta\u00e7\u00e3o, na cruz se realiza a nossa salva\u00e7\u00e3o. Portanto, salva\u00e7\u00e3o \u00e9 sin\u00f4nimo de vida eterna, e vida eterna \u00e9 sin\u00f4nimo de salva\u00e7\u00e3o\u201d.<br \/>\nO p\u00e1roco, Pe. Edinardo Gomes, agradeceu a Dom Vasconcelos pelo zelo de pai e pastor e por sua presen\u00e7a constante nas atividades pastorais. Sobretudo, o dom da vida de Padre Uli e por aceitar essa nova miss\u00e3o.<br \/>\nThais Helena &#8211; Reda\u00e7\u00e3o Jornal Correio da Semana<\/p>\n","protected":false},"excerpt":{"rendered":"<p>No 4\u00ba Domingo da Quaresma, em 10 de mar\u00e7o, os paroquianos da Par\u00f3quia dedicada \u00e0&#8230;<\/p>\n","protected":false},"author":7,"featured_media":28716,"comment_status":"open","ping_status":"open","sticky":false,"template":"","format":"standard","meta":{"_jetpack_memberships_contains_paid_content":false,"footnotes":"","jetpack_publicize_message":"","jetpack_publicize_feature_enabled":true,"jetpack_social_post_already_shared":true,"jetpack_social_options":{"image_generator_settings":{"template":"highway","default_image_id":0,"font":"","enabled":false},"version":2}},"categories":[1],"tags":[],"class_list":["post-28708","post","type-post","status-publish","format-standard","has-post-thumbnail","hentry","category-atualidade"],"jetpack_publicize_connections":[],"jetpack_featured_media_url":"https:\/\/correiodasemana.com\/site\/wp-content\/uploads\/2024\/03\/WhatsApp-Image-2024-03-15-at-08.57.58.jpeg","jetpack-related-posts":[{"id":32214,"url":"https:\/\/correiodasemana.com\/site\/pe-uli-endres-toma-posse-como-novo-administrador-paroquial-da-paroquia-de-nossa-senhora-de-fatima-em-sobral\/","url_meta":{"origin":28708,"position":0},"title":"Pe. Uli Endres toma posse como novo administrador paroquial da Par\u00f3quia de Nossa Senhora de F\u00e1tima em Sobral","author":"adminredacao","date":"Janeiro 16, 2025","format":false,"excerpt":"A Par\u00f3quia de Nossa Senhora de F\u00e1tima, em Sobral, reuniu-se na noite da \u00faltima quarta-feira, 08 de janeiro, para a Santa Missa com Rito de Posse Can\u00f4nica do novo administrador paroquial, Pe. Uli Endres. A celebra\u00e7\u00e3o foi presidida por Dom Vasconcelos, bispo diocesano de Sobral. O presb\u00edtero, que exercia a\u2026","rel":"","context":"In &quot;Atualidade&quot;","block_context":{"text":"Atualidade","link":"https:\/\/correiodasemana.com\/site\/category\/atualidade\/"},"img":{"alt_text":"","src":"https:\/\/i0.wp.com\/correiodasemana.com\/site\/wp-content\/uploads\/2025\/01\/novo-paroco-uli-endres-5.jpeg?resize=350%2C200&ssl=1","width":350,"height":200,"srcset":"https:\/\/i0.wp.com\/correiodasemana.com\/site\/wp-content\/uploads\/2025\/01\/novo-paroco-uli-endres-5.jpeg?resize=350%2C200&ssl=1 1x, https:\/\/i0.wp.com\/correiodasemana.com\/site\/wp-content\/uploads\/2025\/01\/novo-paroco-uli-endres-5.jpeg?resize=525%2C300&ssl=1 1.5x, https:\/\/i0.wp.com\/correiodasemana.com\/site\/wp-content\/uploads\/2025\/01\/novo-paroco-uli-endres-5.jpeg?resize=700%2C400&ssl=1 2x, https:\/\/i0.wp.com\/correiodasemana.com\/site\/wp-content\/uploads\/2025\/01\/novo-paroco-uli-endres-5.jpeg?resize=1050%2C600&ssl=1 3x, https:\/\/i0.wp.com\/correiodasemana.com\/site\/wp-content\/uploads\/2025\/01\/novo-paroco-uli-endres-5.jpeg?resize=1400%2C800&ssl=1 4x"},"classes":[]},{"id":30225,"url":"https:\/\/correiodasemana.com\/site\/em-sobral-pe-jocelio-medeiros-e-empossado-como-11o-paroco-da-paroquia-de-nossa-senhora-de-fatima\/","url_meta":{"origin":28708,"position":1},"title":"Em Sobral, Pe. Joc\u00e9lio Medeiros \u00e9 empossado como 11\u00ba p\u00e1roco da Par\u00f3quia de Nossa Senhora de F\u00e1tima","author":"adminredacao","date":"Agosto 3, 2024","format":false,"excerpt":"Em clima de festa e muita alegria, Padre Joc\u00e9lio Mendes Medeiros foi apresentado a comunidade paroquial da Par\u00f3quia de Nossa Senhora de F\u00e1tima em Sobral, na noite desta quarta-feira, 31 de julho, em Missa com Rito de Posse Can\u00f4nica presidida por Dom Vasconcelos. O jovem sacerdote \u00e9 o 11\u00ba p\u00e1roco\u2026","rel":"","context":"In &quot;Atualidade&quot;","block_context":{"text":"Atualidade","link":"https:\/\/correiodasemana.com\/site\/category\/atualidade\/"},"img":{"alt_text":"","src":"https:\/\/i0.wp.com\/correiodasemana.com\/site\/wp-content\/uploads\/2024\/08\/WhatsApp-Image-2024-08-02-at-21.34.03.jpeg?resize=350%2C200&ssl=1","width":350,"height":200,"srcset":"https:\/\/i0.wp.com\/correiodasemana.com\/site\/wp-content\/uploads\/2024\/08\/WhatsApp-Image-2024-08-02-at-21.34.03.jpeg?resize=350%2C200&ssl=1 1x, https:\/\/i0.wp.com\/correiodasemana.com\/site\/wp-content\/uploads\/2024\/08\/WhatsApp-Image-2024-08-02-at-21.34.03.jpeg?resize=525%2C300&ssl=1 1.5x, https:\/\/i0.wp.com\/correiodasemana.com\/site\/wp-content\/uploads\/2024\/08\/WhatsApp-Image-2024-08-02-at-21.34.03.jpeg?resize=700%2C400&ssl=1 2x, https:\/\/i0.wp.com\/correiodasemana.com\/site\/wp-content\/uploads\/2024\/08\/WhatsApp-Image-2024-08-02-at-21.34.03.jpeg?resize=1050%2C600&ssl=1 3x"},"classes":[]},{"id":16886,"url":"https:\/\/correiodasemana.com\/site\/celebrada-missa-de-acolhida-ao-novo-vigario-paroquial-da-paroquia-de-nossa-senhora-do-perpetuo-socorro\/","url_meta":{"origin":28708,"position":2},"title":"Celebrada Missa de Acolhida ao novo Vig\u00e1rio Paroquial da Par\u00f3quia de Nossa Senhora do Perp\u00e9tuo Socorro","author":"","date":"Julho 5, 2021","format":false,"excerpt":"Por Samuel Carvalho Reda\u00e7\u00e3o Correio da Semana No \u00faltimo domingo (27), foi celebrada a missa de acolhida ao Padre Ronaldo Marques, novo vig\u00e1rio paroquial da Par\u00f3quia de Nossa Senhora do Perp\u00e9tuo Socorro em Massap\u00ea. A missa foi presida pelo Bispo diocesano Dom Vasconcelos \u00e0s 18h00 na igreja matriz da cidade.\u2026","rel":"","context":"In &quot;Atualidade&quot;","block_context":{"text":"Atualidade","link":"https:\/\/correiodasemana.com\/site\/category\/atualidade\/"},"img":{"alt_text":"","src":"https:\/\/i0.wp.com\/correiodasemana.com\/site\/wp-content\/uploads\/2021\/07\/missa-para-novo-vigario-3.jpg?resize=350%2C200&ssl=1","width":350,"height":200,"srcset":"https:\/\/i0.wp.com\/correiodasemana.com\/site\/wp-content\/uploads\/2021\/07\/missa-para-novo-vigario-3.jpg?resize=350%2C200&ssl=1 1x, https:\/\/i0.wp.com\/correiodasemana.com\/site\/wp-content\/uploads\/2021\/07\/missa-para-novo-vigario-3.jpg?resize=525%2C300&ssl=1 1.5x, https:\/\/i0.wp.com\/correiodasemana.com\/site\/wp-content\/uploads\/2021\/07\/missa-para-novo-vigario-3.jpg?resize=700%2C400&ssl=1 2x"},"classes":[]},{"id":29486,"url":"https:\/\/correiodasemana.com\/site\/em-sobral-multidao-participa-da-40a-coroacao-da-imagem-de-nossa-senhora-na-boullevard-do-arco\/","url_meta":{"origin":28708,"position":3},"title":"Em Sobral, multid\u00e3o participa da 40\u00aa Coroa\u00e7\u00e3o da imagem de Nossa Senhora na Boullevard do Arco","author":"adminredacao","date":"Junho 3, 2024","format":false,"excerpt":"Os cat\u00f3licos sobralenses participaram neste dia 31 de maio, da 40\u00aa edi\u00e7\u00e3o da Coroa\u00e7\u00e3o da imagem de Nossa Senhora no Arco de Nossa Senhora de F\u00e1tima. O evento celebra Jubileu de Esmeralda e neste ano trouxe como tema: \u201cCom Maria, unidos em ora\u00e7\u00e3o\u201d. O monumento do Arco de Nossa Senhora\u2026","rel":"","context":"In &quot;Atualidade&quot;","block_context":{"text":"Atualidade","link":"https:\/\/correiodasemana.com\/site\/category\/atualidade\/"},"img":{"alt_text":"","src":"https:\/\/i0.wp.com\/correiodasemana.com\/site\/wp-content\/uploads\/2024\/06\/WhatsApp-Image-2024-06-01-at-15.01.32.jpeg?resize=350%2C200&ssl=1","width":350,"height":200,"srcset":"https:\/\/i0.wp.com\/correiodasemana.com\/site\/wp-content\/uploads\/2024\/06\/WhatsApp-Image-2024-06-01-at-15.01.32.jpeg?resize=350%2C200&ssl=1 1x, https:\/\/i0.wp.com\/correiodasemana.com\/site\/wp-content\/uploads\/2024\/06\/WhatsApp-Image-2024-06-01-at-15.01.32.jpeg?resize=525%2C300&ssl=1 1.5x, https:\/\/i0.wp.com\/correiodasemana.com\/site\/wp-content\/uploads\/2024\/06\/WhatsApp-Image-2024-06-01-at-15.01.32.jpeg?resize=700%2C400&ssl=1 2x, https:\/\/i0.wp.com\/correiodasemana.com\/site\/wp-content\/uploads\/2024\/06\/WhatsApp-Image-2024-06-01-at-15.01.32.jpeg?resize=1050%2C600&ssl=1 3x"},"classes":[]},{"id":18749,"url":"https:\/\/correiodasemana.com\/site\/paroquia-de-massape-acolhe-novo-paroco-e-vigario-paroquial\/","url_meta":{"origin":28708,"position":4},"title":"Par\u00f3quia de Massap\u00ea acolhe novo P\u00e1roco e Vig\u00e1rio Paroquial","author":"","date":"Fevereiro 7, 2022","format":false,"excerpt":"(Por Thais Helena - Reda\u00e7\u00e3o Correio da Semana) No S\u00e1bado, 29\/02, a Par\u00f3quia de Nossa Senhora do Perp\u00e9tuo Socorro de Massap\u00ea acolheu com alegria seu novo P\u00e1roco, Pe. Emanuel Franklin Leit\u00e3o J\u00fanior e o seu Vig\u00e1rio Paroquial, Pe. Aristides de Oliveira Carneiro. A Celebra\u00e7\u00e3o Eucar\u00edstica e a posse can\u00f4nica foram\u2026","rel":"","context":"In &quot;Atualidade&quot;","block_context":{"text":"Atualidade","link":"https:\/\/correiodasemana.com\/site\/category\/atualidade\/"},"img":{"alt_text":"","src":"https:\/\/i0.wp.com\/correiodasemana.com\/site\/wp-content\/uploads\/2022\/02\/paroquia-massape-10.jpg?resize=350%2C200&ssl=1","width":350,"height":200,"srcset":"https:\/\/i0.wp.com\/correiodasemana.com\/site\/wp-content\/uploads\/2022\/02\/paroquia-massape-10.jpg?resize=350%2C200&ssl=1 1x, https:\/\/i0.wp.com\/correiodasemana.com\/site\/wp-content\/uploads\/2022\/02\/paroquia-massape-10.jpg?resize=525%2C300&ssl=1 1.5x, https:\/\/i0.wp.com\/correiodasemana.com\/site\/wp-content\/uploads\/2022\/02\/paroquia-massape-10.jpg?resize=700%2C400&ssl=1 2x"},"classes":[]},{"id":28923,"url":"https:\/\/correiodasemana.com\/site\/area-pastoral-celebra-festa-da-divina-misericordia\/","url_meta":{"origin":28708,"position":5},"title":"\u00c1rea Pastoral celebra Festa da Divina Miseric\u00f3rdia","author":"adminredacao","date":"Abril 15, 2024","format":false,"excerpt":"A \u00c1rea Pastoral dedicada a Jesus Misericordioso realizou de 28 de mar\u00e7o a 7 de abril, a Festa em honra ao padroeiro, Jesus Misericordioso, no espa\u00e7o Dommus em Sobral com o tema: Fomos lavados por sua Miseric\u00f3rdia\u201d (Tl 3, 4-5) Todos os anos, a Igreja celebra, no segundo domingo do\u2026","rel":"","context":"In &quot;Atualidade&quot;","block_context":{"text":"Atualidade","link":"https:\/\/correiodasemana.com\/site\/category\/atualidade\/"},"img":{"alt_text":"","src":"https:\/\/i0.wp.com\/correiodasemana.com\/site\/wp-content\/uploads\/2024\/04\/WhatsApp-Image-2024-04-12-at-19.38.02-2.jpeg?resize=350%2C200&ssl=1","width":350,"height":200,"srcset":"https:\/\/i0.wp.com\/correiodasemana.com\/site\/wp-content\/uploads\/2024\/04\/WhatsApp-Image-2024-04-12-at-19.38.02-2.jpeg?resize=350%2C200&ssl=1 1x, https:\/\/i0.wp.com\/correiodasemana.com\/site\/wp-content\/uploads\/2024\/04\/WhatsApp-Image-2024-04-12-at-19.38.02-2.jpeg?resize=525%2C300&ssl=1 1.5x, https:\/\/i0.wp.com\/correiodasemana.com\/site\/wp-content\/uploads\/2024\/04\/WhatsApp-Image-2024-04-12-at-19.38.02-2.jpeg?resize=700%2C400&ssl=1 2x, https:\/\/i0.wp.com\/correiodasemana.com\/site\/wp-content\/uploads\/2024\/04\/WhatsApp-Image-2024-04-12-at-19.38.02-2.jpeg?resize=1050%2C600&ssl=1 3x, https:\/\/i0.wp.com\/correiodasemana.com\/site\/wp-content\/uploads\/2024\/04\/WhatsApp-Image-2024-04-12-at-19.38.02-2.jpeg?resize=1400%2C800&ssl=1 4x"},"classes":[]}],"jetpack_sharing_enabled":true,"_links":{"self":[{"href":"https:\/\/correiodasemana.com\/site\/wp-json\/wp\/v2\/posts\/28708","targetHints":{"allow":["GET"]}}],"collection":[{"href":"https:\/\/correiodasemana.com\/site\/wp-json\/wp\/v2\/posts"}],"about":[{"href":"https:\/\/correiodasemana.com\/site\/wp-json\/wp\/v2\/types\/post"}],"author":[{"embeddable":true,"href":"https:\/\/correiodasemana.com\/site\/wp-json\/wp\/v2\/users\/7"}],"replies":[{"embeddable":true,"href":"https:\/\/correiodasemana.com\/site\/wp-json\/wp\/v2\/comments?post=28708"}],"version-history":[{"count":1,"href":"https:\/\/correiodasemana.com\/site\/wp-json\/wp\/v2\/posts\/28708\/revisions"}],"predecessor-version":[{"id":28717,"href":"https:\/\/correiodasemana.com\/site\/wp-json\/wp\/v2\/posts\/28708\/revisions\/28717"}],"wp:featuredmedia":[{"embeddable":true,"href":"https:\/\/correiodasemana.com\/site\/wp-json\/wp\/v2\/media\/28716"}],"wp:attachment":[{"href":"https:\/\/correiodasemana.com\/site\/wp-json\/wp\/v2\/media?parent=28708"}],"wp:term":[{"taxonomy":"category","embeddable":true,"href":"https:\/\/correiodasemana.com\/site\/wp-json\/wp\/v2\/categories?post=28708"},{"taxonomy":"post_tag","embeddable":true,"href":"https:\/\/correiodasemana.com\/site\/wp-json\/wp\/v2\/tags?post=28708"}],"curies":[{"name":"wp","href":"https:\/\/api.w.org\/{rel}","templated":true}]}}