{"id":28718,"date":"2024-03-18T15:16:41","date_gmt":"2024-03-18T18:16:41","guid":{"rendered":"https:\/\/correiodasemana.com\/site\/?p=28718"},"modified":"2024-03-18T15:16:41","modified_gmt":"2024-03-18T18:16:41","slug":"levantamento-do-ibge-aponta-que-mulheres-ocupam-39-dos-cargos-de-gerencia-e-trabalham-o-dobro-em-atividades-domesticas","status":"publish","type":"post","link":"https:\/\/correiodasemana.com\/site\/levantamento-do-ibge-aponta-que-mulheres-ocupam-39-dos-cargos-de-gerencia-e-trabalham-o-dobro-em-atividades-domesticas\/","title":{"rendered":"Levantamento do IBGE aponta que mulheres ocupam 39% dos cargos de ger\u00eancia e trabalham o dobro em atividades dom\u00e9sticas\u00a0"},"content":{"rendered":"<p>De acordo com uma pesquisa recente divulgada pelo Instituto Brasileiro de Geografia e Estat\u00edstica (IBGE) no Dia Internacional da Mulher, foi constatado que as mulheres ocupam apenas 39% dos cargos de ger\u00eancia, enquanto os homens ocupam os 61% restantes. Al\u00e9m disso, um dado alarmante revelado pelo estudo \u00e9 que as mulheres trabalham o dobro em atividades em compara\u00e7\u00e3o aos homens.<br \/>\nA pesquisa tamb\u00e9m revela uma disparidade salarial significativa entre os g\u00eaneros. Em 2022, as mulheres em cargos de ger\u00eancia ganharam em m\u00e9dia R$ 6.600, o que representa uma diferen\u00e7a de 21,2% em rela\u00e7\u00e3o aos homens, cuja m\u00e9dia salarial foi de R$ 8.378 para a mesma fun\u00e7\u00e3o.<br \/>\nPara discutir e analisar esses dados, tenho como fonte a Cl\u00e1udia Abdul Ahad Securato, especialista em direito trabalhista e igualdade entre homens e mulheres no mercado de trabalho.<\/p>\n<p>Informa\u00e7\u00f5es para a imprensa, Tamer Comunica\u00e7\u00e3o Empresarial, Andreza Oliveira \/ andreza.oliveira@tamer.com.br\u00a0 (11) 96968-5403<\/p>\n","protected":false},"excerpt":{"rendered":"<p>De acordo com uma pesquisa recente divulgada pelo Instituto Brasileiro de Geografia e Estat\u00edstica (IBGE)&#8230;<\/p>\n","protected":false},"author":7,"featured_media":28719,"comment_status":"open","ping_status":"open","sticky":false,"template":"","format":"standard","meta":{"_jetpack_memberships_contains_paid_content":false,"footnotes":"","jetpack_publicize_message":"","jetpack_publicize_feature_enabled":true,"jetpack_social_post_already_shared":true,"jetpack_social_options":{"image_generator_settings":{"template":"highway","default_image_id":0,"font":"","enabled":false},"version":2}},"categories":[1],"tags":[],"class_list":["post-28718","post","type-post","status-publish","format-standard","has-post-thumbnail","hentry","category-atualidade"],"jetpack_publicize_connections":[],"jetpack_featured_media_url":"https:\/\/correiodasemana.com\/site\/wp-content\/uploads\/2024\/03\/Mulheres-no-mecado-de-trabalho.jpg","jetpack-related-posts":[{"id":28644,"url":"https:\/\/correiodasemana.com\/site\/estatisticas-de-genero-3a-edicao-indicadores-sociais-das-mulheres-no-ceara\/","url_meta":{"origin":28718,"position":0},"title":"ESTAT\u00cdSTICAS DE G\u00caNERO &#8211; 3\u00aa EDI\u00c7\u00c3O INDICADORES SOCIAIS DAS MULHERES NO CEAR\u00c1","author":"adminredacao","date":"Mar\u00e7o 11, 2024","format":false,"excerpt":"Cear\u00e1 tem a menor taxa de fecundidade adolescente da Regi\u00e3o Nordeste. A presen\u00e7a de crian\u00e7as com at\u00e9 seis anos de idade nos domic\u00edlios tem rela\u00e7\u00e3o com a menor inser\u00e7\u00e3o ocupacional das mulheres. No estado do Cear\u00e1, o n\u00edvel de ocupa\u00e7\u00e3o, propor\u00e7\u00e3o de pessoas ocupadas na popula\u00e7\u00e3o em idade de trabalhar,\u2026","rel":"","context":"In &quot;Atualidade&quot;","block_context":{"text":"Atualidade","link":"https:\/\/correiodasemana.com\/site\/category\/atualidade\/"},"img":{"alt_text":"","src":"https:\/\/i0.wp.com\/correiodasemana.com\/site\/wp-content\/uploads\/2024\/03\/Jornal-Correio-da-Semana-No-1010-Copia.jpg?resize=350%2C200&ssl=1","width":350,"height":200,"srcset":"https:\/\/i0.wp.com\/correiodasemana.com\/site\/wp-content\/uploads\/2024\/03\/Jornal-Correio-da-Semana-No-1010-Copia.jpg?resize=350%2C200&ssl=1 1x, https:\/\/i0.wp.com\/correiodasemana.com\/site\/wp-content\/uploads\/2024\/03\/Jornal-Correio-da-Semana-No-1010-Copia.jpg?resize=525%2C300&ssl=1 1.5x"},"classes":[]},{"id":13576,"url":"https:\/\/correiodasemana.com\/site\/na-mesma-profissao-homem-branco-chega-a-ganhar-mais-que-o-dobro-que-mulher-negra-diz-estudo\/","url_meta":{"origin":28718,"position":1},"title":"Na mesma profiss\u00e3o, homem branco chega a ganhar mais que o dobro que mulher negra, diz estudo","author":"","date":"Setembro 15, 2020","format":false,"excerpt":"Levantamento realizado pelo Insper mostra que homens brancos com ensino superior t\u00eam um sal\u00e1rio m\u00e9dio 159% maior do que o das mulheres negras que tamb\u00e9m cursaram faculdade. Homens brancos ganham mais que o dobro do que mulheres negras na mesma profiss\u00e3o O diploma de ensino superior ainda n\u00e3o \u00e9 capaz\u2026","rel":"","context":"In &quot;Atualidade&quot;","block_context":{"text":"Atualidade","link":"https:\/\/correiodasemana.com\/site\/category\/atualidade\/"},"img":{"alt_text":"","src":"https:\/\/i0.wp.com\/correiodasemana.com\/site\/wp-content\/uploads\/2020\/09\/diverse-group-employees-working-their-computers-74855-1804.jpg?resize=350%2C200&ssl=1","width":350,"height":200,"srcset":"https:\/\/i0.wp.com\/correiodasemana.com\/site\/wp-content\/uploads\/2020\/09\/diverse-group-employees-working-their-computers-74855-1804.jpg?resize=350%2C200&ssl=1 1x, https:\/\/i0.wp.com\/correiodasemana.com\/site\/wp-content\/uploads\/2020\/09\/diverse-group-employees-working-their-computers-74855-1804.jpg?resize=525%2C300&ssl=1 1.5x"},"classes":[]},{"id":20084,"url":"https:\/\/correiodasemana.com\/site\/o-analfabetismo-que-nao-acaba\/","url_meta":{"origin":28718,"position":2},"title":"O analfabetismo que n\u00e3o acaba","author":"","date":"Junho 13, 2022","format":false,"excerpt":"O Dia Mundial da Alfabetiza\u00e7\u00e3o foi criado pela\u00a0Organiza\u00e7\u00e3o das Na\u00e7\u00f5es Unidas para a Educa\u00e7\u00e3o, a Ci\u00eancia e a Cultura, - UNESCO,\u00a0\u00f3rg\u00e3o vinculado \u00e0 Organiza\u00e7\u00e3o das Na\u00e7\u00f5es Unidas - ONU, em 1966. Essa data \u00e9 usada para relembrar a import\u00e2ncia da\u00a0alfabetiza\u00e7\u00e3o\u00a0e para pensar meios de se combater o\u00a0analfabetismo\u00a0no mundo. O Dia\u2026","rel":"","context":"In &quot;Artigos&quot;","block_context":{"text":"Artigos","link":"https:\/\/correiodasemana.com\/site\/category\/artigos\/"},"img":{"alt_text":"","src":"https:\/\/i0.wp.com\/correiodasemana.com\/site\/wp-content\/uploads\/2021\/08\/Salmito-Campos.jpg?resize=350%2C200&ssl=1","width":350,"height":200,"srcset":"https:\/\/i0.wp.com\/correiodasemana.com\/site\/wp-content\/uploads\/2021\/08\/Salmito-Campos.jpg?resize=350%2C200&ssl=1 1x, https:\/\/i0.wp.com\/correiodasemana.com\/site\/wp-content\/uploads\/2021\/08\/Salmito-Campos.jpg?resize=525%2C300&ssl=1 1.5x, https:\/\/i0.wp.com\/correiodasemana.com\/site\/wp-content\/uploads\/2021\/08\/Salmito-Campos.jpg?resize=700%2C400&ssl=1 2x, https:\/\/i0.wp.com\/correiodasemana.com\/site\/wp-content\/uploads\/2021\/08\/Salmito-Campos.jpg?resize=1050%2C600&ssl=1 3x, https:\/\/i0.wp.com\/correiodasemana.com\/site\/wp-content\/uploads\/2021\/08\/Salmito-Campos.jpg?resize=1400%2C800&ssl=1 4x"},"classes":[]},{"id":28433,"url":"https:\/\/correiodasemana.com\/site\/rendimento-de-mulheres-em-2023-e-20-menor-que-o-dos-homens\/","url_meta":{"origin":28718,"position":3},"title":"Rendimento de mulheres em 2023 \u00e9 20% menor que o dos homens","author":"adminredacao","date":"Fevereiro 19, 2024","format":false,"excerpt":"Compara\u00e7\u00e3o faz parte da Pnad Cont\u00ednua, do IBGE Por Bruno de Freitas Moura - Rep\u00f3rter da Ag\u00eancia Brasil - Rio de Janeiro As trabalhadoras brasileiras tiveram no quarto trimestre de 2023 um rendimento m\u00e9dio real 20,8% menor que o dos homens. Enquanto o valor recebido por eles no trabalho principal\u2026","rel":"","context":"In &quot;Atualidade&quot;","block_context":{"text":"Atualidade","link":"https:\/\/correiodasemana.com\/site\/category\/atualidade\/"},"img":{"alt_text":"","src":"https:\/\/i0.wp.com\/correiodasemana.com\/site\/wp-content\/uploads\/2024\/02\/image_processing20240131-2144942-hun7vm.webp?resize=350%2C200&ssl=1","width":350,"height":200,"srcset":"https:\/\/i0.wp.com\/correiodasemana.com\/site\/wp-content\/uploads\/2024\/02\/image_processing20240131-2144942-hun7vm.webp?resize=350%2C200&ssl=1 1x, https:\/\/i0.wp.com\/correiodasemana.com\/site\/wp-content\/uploads\/2024\/02\/image_processing20240131-2144942-hun7vm.webp?resize=525%2C300&ssl=1 1.5x, https:\/\/i0.wp.com\/correiodasemana.com\/site\/wp-content\/uploads\/2024\/02\/image_processing20240131-2144942-hun7vm.webp?resize=700%2C400&ssl=1 2x"},"classes":[]},{"id":9644,"url":"https:\/\/correiodasemana.com\/site\/boletim-da-semana-4\/","url_meta":{"origin":28718,"position":4},"title":"Boletim da Semana","author":"","date":"Outubro 28, 2019","format":false,"excerpt":"Cear\u00e1 registra queda de 64% nos roubos de carga em todo o Estado em 2019 Com mais um m\u00eas de queda nos roubos de cargas, o Cear\u00e1 j\u00e1 registra uma redu\u00e7\u00e3o de 64% no acumulado dos nove meses, em 2019. No ano passado, 209 crimes foram contabilizados durante o mesmo\u2026","rel":"","context":"In &quot;Artigos&quot;","block_context":{"text":"Artigos","link":"https:\/\/correiodasemana.com\/site\/category\/artigos\/"},"img":{"alt_text":"","src":"https:\/\/i0.wp.com\/correiodasemana.com\/site\/wp-content\/uploads\/2019\/09\/Uniseg.jpg?resize=350%2C200&ssl=1","width":350,"height":200,"srcset":"https:\/\/i0.wp.com\/correiodasemana.com\/site\/wp-content\/uploads\/2019\/09\/Uniseg.jpg?resize=350%2C200&ssl=1 1x, https:\/\/i0.wp.com\/correiodasemana.com\/site\/wp-content\/uploads\/2019\/09\/Uniseg.jpg?resize=525%2C300&ssl=1 1.5x, https:\/\/i0.wp.com\/correiodasemana.com\/site\/wp-content\/uploads\/2019\/09\/Uniseg.jpg?resize=700%2C400&ssl=1 2x"},"classes":[]},{"id":9646,"url":"https:\/\/correiodasemana.com\/site\/boletim-da-semana-5\/","url_meta":{"origin":28718,"position":5},"title":"Boletim da Semana","author":"","date":"Outubro 28, 2019","format":false,"excerpt":"Cear\u00e1 registra queda de 64% nos roubos de carga em todo o Estado em 2019 Com mais um m\u00eas de queda nos roubos de cargas, o Cear\u00e1 j\u00e1 registra uma redu\u00e7\u00e3o de 64% no acumulado dos nove meses, em 2019. No ano passado, 209 crimes foram contabilizados durante o mesmo\u2026","rel":"","context":"In &quot;Atualidade&quot;","block_context":{"text":"Atualidade","link":"https:\/\/correiodasemana.com\/site\/category\/atualidade\/"},"img":{"alt_text":"","src":"https:\/\/i0.wp.com\/correiodasemana.com\/site\/wp-content\/uploads\/2019\/09\/Uniseg.jpg?resize=350%2C200&ssl=1","width":350,"height":200,"srcset":"https:\/\/i0.wp.com\/correiodasemana.com\/site\/wp-content\/uploads\/2019\/09\/Uniseg.jpg?resize=350%2C200&ssl=1 1x, https:\/\/i0.wp.com\/correiodasemana.com\/site\/wp-content\/uploads\/2019\/09\/Uniseg.jpg?resize=525%2C300&ssl=1 1.5x, https:\/\/i0.wp.com\/correiodasemana.com\/site\/wp-content\/uploads\/2019\/09\/Uniseg.jpg?resize=700%2C400&ssl=1 2x"},"classes":[]}],"jetpack_sharing_enabled":true,"_links":{"self":[{"href":"https:\/\/correiodasemana.com\/site\/wp-json\/wp\/v2\/posts\/28718","targetHints":{"allow":["GET"]}}],"collection":[{"href":"https:\/\/correiodasemana.com\/site\/wp-json\/wp\/v2\/posts"}],"about":[{"href":"https:\/\/correiodasemana.com\/site\/wp-json\/wp\/v2\/types\/post"}],"author":[{"embeddable":true,"href":"https:\/\/correiodasemana.com\/site\/wp-json\/wp\/v2\/users\/7"}],"replies":[{"embeddable":true,"href":"https:\/\/correiodasemana.com\/site\/wp-json\/wp\/v2\/comments?post=28718"}],"version-history":[{"count":1,"href":"https:\/\/correiodasemana.com\/site\/wp-json\/wp\/v2\/posts\/28718\/revisions"}],"predecessor-version":[{"id":28720,"href":"https:\/\/correiodasemana.com\/site\/wp-json\/wp\/v2\/posts\/28718\/revisions\/28720"}],"wp:featuredmedia":[{"embeddable":true,"href":"https:\/\/correiodasemana.com\/site\/wp-json\/wp\/v2\/media\/28719"}],"wp:attachment":[{"href":"https:\/\/correiodasemana.com\/site\/wp-json\/wp\/v2\/media?parent=28718"}],"wp:term":[{"taxonomy":"category","embeddable":true,"href":"https:\/\/correiodasemana.com\/site\/wp-json\/wp\/v2\/categories?post=28718"},{"taxonomy":"post_tag","embeddable":true,"href":"https:\/\/correiodasemana.com\/site\/wp-json\/wp\/v2\/tags?post=28718"}],"curies":[{"name":"wp","href":"https:\/\/api.w.org\/{rel}","templated":true}]}}