{"id":28721,"date":"2024-03-18T15:19:10","date_gmt":"2024-03-18T18:19:10","guid":{"rendered":"https:\/\/correiodasemana.com\/site\/?p=28721"},"modified":"2024-03-18T15:19:10","modified_gmt":"2024-03-18T18:19:10","slug":"becco-ponto-com-162","status":"publish","type":"post","link":"https:\/\/correiodasemana.com\/site\/becco-ponto-com-162\/","title":{"rendered":"Becco Ponto Com"},"content":{"rendered":"<p><strong>Caf\u00e9 Jaibaras completa 70 anos de hist\u00f3ria<\/strong><\/p>\n<p>O Caf\u00e9 Jaibaras, com mais de 70 anos de hist\u00f3ria e localizado no Becco do Cotovelo em Sobral, ser\u00e1 o 16\u00ba museu org\u00e2nico do Sesc Cear\u00e1, inaugurado em 16 de mar\u00e7o.<br \/>\nO caf\u00e9 \u00e9 um ponto de encontro importante na comunidade, repleto de mem\u00f3rias e hist\u00f3rias, que ser\u00e1 preservado como parte do patrim\u00f4nio cultural e hist\u00f3rico de Sobral.<br \/>\nFundado em 1978, por Expedito Vasconcelos, o estabelecimento serviu como local para diversas atividades sociais e agora se tornar\u00e1 um museu com uma cole\u00e7\u00e3o diversificada de artefatos e hist\u00f3rias, proporcionando aos visitantes uma imers\u00e3o na cultura local.<\/p>\n<div id='gallery-1' class='gallery galleryid-28721 gallery-columns-6 gallery-size-thumbnail'><figure class='gallery-item'>\n\t\t\t<div class='gallery-icon landscape'>\n\t\t\t\t<a href='https:\/\/correiodasemana.com\/site\/becco-ponto-com-162\/expedito-e-lurdinha-vasconcelos-proprietarios-do-cafe-jaibaras\/'><img loading=\"lazy\" width=\"150\" height=\"150\" src=\"https:\/\/correiodasemana.com\/site\/wp-content\/uploads\/2024\/03\/Expedito-e-Lurdinha-Vasconcelos-proprietarios-do-Cafe-Jaibaras-150x150.jpg\" class=\"attachment-thumbnail size-thumbnail\" alt=\"Expedito e Lurdinha Vasconcelos, propriet\u00e1rios do Caf\u00e9 Jaibaras\" loading=\"lazy\" decoding=\"async\" \/><\/a>\n\t\t\t<\/div><\/figure><figure class='gallery-item'>\n\t\t\t<div class='gallery-icon landscape'>\n\t\t\t\t<a href='https:\/\/correiodasemana.com\/site\/becco-ponto-com-162\/cafe-jaibaras-jpg\/'><img loading=\"lazy\" width=\"150\" height=\"150\" src=\"https:\/\/correiodasemana.com\/site\/wp-content\/uploads\/2024\/03\/cafe-jaibaras.jpg-150x150.jpeg\" class=\"attachment-thumbnail size-thumbnail\" alt=\"cafe jaibaras.jpg\" loading=\"lazy\" decoding=\"async\" \/><\/a>\n\t\t\t<\/div><\/figure>\n\t\t<\/div>\n\n","protected":false},"excerpt":{"rendered":"<p>Caf\u00e9 Jaibaras completa 70 anos de hist\u00f3ria O Caf\u00e9 Jaibaras, com mais de 70 anos&#8230;<\/p>\n","protected":false},"author":7,"featured_media":17437,"comment_status":"open","ping_status":"open","sticky":false,"template":"","format":"standard","meta":{"_jetpack_memberships_contains_paid_content":false,"footnotes":"","jetpack_publicize_message":"","jetpack_publicize_feature_enabled":true,"jetpack_social_post_already_shared":true,"jetpack_social_options":{"image_generator_settings":{"template":"highway","default_image_id":0,"font":"","enabled":false},"version":2}},"categories":[11,27],"tags":[],"class_list":["post-28721","post","type-post","status-publish","format-standard","has-post-thumbnail","hentry","category-artigos","category-becco-ponto-com"],"jetpack_publicize_connections":[],"jetpack_featured_media_url":"https:\/\/correiodasemana.com\/site\/wp-content\/uploads\/2021\/09\/Dr-Chico-Prado-Trofeu-Dom-Jose-1.jpg","jetpack-related-posts":[{"id":28699,"url":"https:\/\/correiodasemana.com\/site\/ancora-cultural-e-social-de-sobral-cafe-jaibaras-sera-transformado-em-museu-organico\/","url_meta":{"origin":28721,"position":0},"title":"\u00c2ncora cultural e social de Sobral, Caf\u00e9 Jaibaras ser\u00e1 transformado em Museu Org\u00e2nico","author":"adminredacao","date":"Mar\u00e7o 18, 2024","format":false,"excerpt":"Com mais de 70 anos de hist\u00f3ria e um rico acervo, o Caf\u00e9 Jaibaras, localizado no sobralense Becco do Cotovelo, ser\u00e1 o 16\u00ba museu org\u00e2nico do Sesc Cear\u00e1. A inaugura\u00e7\u00e3o aconteceu no dia dia 16 de mar\u00e7o, \u00e0s 9h No cora\u00e7\u00e3o de Sobral, entre as ruas hist\u00f3ricas e os becos\u2026","rel":"","context":"In &quot;Atualidade&quot;","block_context":{"text":"Atualidade","link":"https:\/\/correiodasemana.com\/site\/category\/atualidade\/"},"img":{"alt_text":"","src":"https:\/\/i0.wp.com\/correiodasemana.com\/site\/wp-content\/uploads\/2024\/03\/WhatsApp-Image-2024-03-15-at-21.31.11.jpeg?resize=350%2C200&ssl=1","width":350,"height":200,"srcset":"https:\/\/i0.wp.com\/correiodasemana.com\/site\/wp-content\/uploads\/2024\/03\/WhatsApp-Image-2024-03-15-at-21.31.11.jpeg?resize=350%2C200&ssl=1 1x, https:\/\/i0.wp.com\/correiodasemana.com\/site\/wp-content\/uploads\/2024\/03\/WhatsApp-Image-2024-03-15-at-21.31.11.jpeg?resize=525%2C300&ssl=1 1.5x, https:\/\/i0.wp.com\/correiodasemana.com\/site\/wp-content\/uploads\/2024\/03\/WhatsApp-Image-2024-03-15-at-21.31.11.jpeg?resize=700%2C400&ssl=1 2x, https:\/\/i0.wp.com\/correiodasemana.com\/site\/wp-content\/uploads\/2024\/03\/WhatsApp-Image-2024-03-15-at-21.31.11.jpeg?resize=1050%2C600&ssl=1 3x, https:\/\/i0.wp.com\/correiodasemana.com\/site\/wp-content\/uploads\/2024\/03\/WhatsApp-Image-2024-03-15-at-21.31.11.jpeg?resize=1400%2C800&ssl=1 4x"},"classes":[]},{"id":32967,"url":"https:\/\/correiodasemana.com\/site\/cafe-jaibaras-celebra-1-ano-como-museu-organico-com-show-de-joquinha-gonzaga\/","url_meta":{"origin":28721,"position":1},"title":"Caf\u00e9 Jaibaras celebra 1 ano como Museu Org\u00e2nico com show de Joquinha Gonzaga","author":"adminredacao","date":"Mar\u00e7o 17, 2025","format":false,"excerpt":"No dia 15 de mar\u00e7o de 2024, o Caf\u00e9 Jaibaras, um dos mais emblem\u00e1ticos espa\u00e7os de Sobral, celebrou seu primeiro ano como Museu Org\u00e2nico, com uma programa\u00e7\u00e3o especial. A festividade aconteceu no hist\u00f3rico Becco do Cotovelo, local que abriga o Caf\u00e9 e que \u00e9 reconhecido como ponto de encontro e\u2026","rel":"","context":"In &quot;Atualidade&quot;","block_context":{"text":"Atualidade","link":"https:\/\/correiodasemana.com\/site\/category\/atualidade\/"},"img":{"alt_text":"","src":"https:\/\/i0.wp.com\/correiodasemana.com\/site\/wp-content\/uploads\/2025\/03\/DSC_8069.jpg?resize=350%2C200&ssl=1","width":350,"height":200,"srcset":"https:\/\/i0.wp.com\/correiodasemana.com\/site\/wp-content\/uploads\/2025\/03\/DSC_8069.jpg?resize=350%2C200&ssl=1 1x, https:\/\/i0.wp.com\/correiodasemana.com\/site\/wp-content\/uploads\/2025\/03\/DSC_8069.jpg?resize=525%2C300&ssl=1 1.5x, https:\/\/i0.wp.com\/correiodasemana.com\/site\/wp-content\/uploads\/2025\/03\/DSC_8069.jpg?resize=700%2C400&ssl=1 2x, https:\/\/i0.wp.com\/correiodasemana.com\/site\/wp-content\/uploads\/2025\/03\/DSC_8069.jpg?resize=1050%2C600&ssl=1 3x, https:\/\/i0.wp.com\/correiodasemana.com\/site\/wp-content\/uploads\/2025\/03\/DSC_8069.jpg?resize=1400%2C800&ssl=1 4x"},"classes":[]},{"id":33149,"url":"https:\/\/correiodasemana.com\/site\/cafe-jaibaras-celebra-1-ano-como-museu-organico-com-show-de-joquinha-gonzaga-2\/","url_meta":{"origin":28721,"position":2},"title":"Caf\u00e9 Jaibaras celebra 1 ano como Museu Org\u00e2nico com show de Joquinha Gonzaga","author":"adminredacao","date":"Mar\u00e7o 31, 2025","format":false,"excerpt":"\u00a0 No dia 15 de mar\u00e7o de 2025, o Caf\u00e9 Jaibaras, um dos mais emblem\u00e1ticos espa\u00e7os de Sobral, celebrou seu primeiro ano como Museu Org\u00e2nico, com uma programa\u00e7\u00e3o especial. A festividade aconteceu no hist\u00f3rico Becco do Cotovelo, local que abriga o Caf\u00e9 e que \u00e9 reconhecido como ponto de encontro\u2026","rel":"","context":"In &quot;Atualidade&quot;","block_context":{"text":"Atualidade","link":"https:\/\/correiodasemana.com\/site\/category\/atualidade\/"},"img":{"alt_text":"","src":"https:\/\/i0.wp.com\/correiodasemana.com\/site\/wp-content\/uploads\/2025\/03\/DSC_8225-1.jpg?resize=350%2C200&ssl=1","width":350,"height":200,"srcset":"https:\/\/i0.wp.com\/correiodasemana.com\/site\/wp-content\/uploads\/2025\/03\/DSC_8225-1.jpg?resize=350%2C200&ssl=1 1x, https:\/\/i0.wp.com\/correiodasemana.com\/site\/wp-content\/uploads\/2025\/03\/DSC_8225-1.jpg?resize=525%2C300&ssl=1 1.5x, https:\/\/i0.wp.com\/correiodasemana.com\/site\/wp-content\/uploads\/2025\/03\/DSC_8225-1.jpg?resize=700%2C400&ssl=1 2x, https:\/\/i0.wp.com\/correiodasemana.com\/site\/wp-content\/uploads\/2025\/03\/DSC_8225-1.jpg?resize=1050%2C600&ssl=1 3x, https:\/\/i0.wp.com\/correiodasemana.com\/site\/wp-content\/uploads\/2025\/03\/DSC_8225-1.jpg?resize=1400%2C800&ssl=1 4x"},"classes":[]},{"id":26801,"url":"https:\/\/correiodasemana.com\/site\/becco-ponto-com-141\/","url_meta":{"origin":28721,"position":3},"title":"Becco Ponto Com","author":"adminredacao","date":"Outubro 9, 2023","format":false,"excerpt":"LIVRAI-NOS, SENHOR! Das artimanhas pol\u00edticas modernas. Das ruas desertas de Sobral \u201c41 graus\u201d. Do esquecimento a dom jos\u00e9: \u201co povo\u201d. Da tomada do pdt do senador cid, ui! Do troca troca dos vereadores, ufa! Do abandono de pra\u00e7as velhas aqui. Da viol\u00eancia matando e ditando leis. Da invas\u00e3o do povo\u2026","rel":"","context":"In &quot;Artigos&quot;","block_context":{"text":"Artigos","link":"https:\/\/correiodasemana.com\/site\/category\/artigos\/"},"img":{"alt_text":"","src":"https:\/\/i0.wp.com\/correiodasemana.com\/site\/wp-content\/uploads\/2021\/09\/Dr-Chico-Prado-Trofeu-Dom-Jose-1.jpg?resize=350%2C200&ssl=1","width":350,"height":200,"srcset":"https:\/\/i0.wp.com\/correiodasemana.com\/site\/wp-content\/uploads\/2021\/09\/Dr-Chico-Prado-Trofeu-Dom-Jose-1.jpg?resize=350%2C200&ssl=1 1x, https:\/\/i0.wp.com\/correiodasemana.com\/site\/wp-content\/uploads\/2021\/09\/Dr-Chico-Prado-Trofeu-Dom-Jose-1.jpg?resize=525%2C300&ssl=1 1.5x, https:\/\/i0.wp.com\/correiodasemana.com\/site\/wp-content\/uploads\/2021\/09\/Dr-Chico-Prado-Trofeu-Dom-Jose-1.jpg?resize=700%2C400&ssl=1 2x, https:\/\/i0.wp.com\/correiodasemana.com\/site\/wp-content\/uploads\/2021\/09\/Dr-Chico-Prado-Trofeu-Dom-Jose-1.jpg?resize=1050%2C600&ssl=1 3x, https:\/\/i0.wp.com\/correiodasemana.com\/site\/wp-content\/uploads\/2021\/09\/Dr-Chico-Prado-Trofeu-Dom-Jose-1.jpg?resize=1400%2C800&ssl=1 4x"},"classes":[]},{"id":26468,"url":"https:\/\/correiodasemana.com\/site\/becco-ponto-com-137\/","url_meta":{"origin":28721,"position":4},"title":"Becco Ponto Com","author":"adminredacao","date":"Setembro 11, 2023","format":false,"excerpt":"LIVRAI-NOS, SENHOR! Das ruas assombradas pela viol\u00eancia. Dos pol\u00edticos fabricando corrup\u00e7\u00e3o. Da viol\u00eancia urbana matando o povo. Dos candidatos buchas na pista 2023. Da ruma de analfas e semideuses d.r.s. Da f\u00e1brica de multas na cidade, ufa! Dos babadores por amor da pol\u00edtica. Dos pol\u00edticos de ocasi\u00e3o poderosos. Da santa\u2026","rel":"","context":"In &quot;Artigos&quot;","block_context":{"text":"Artigos","link":"https:\/\/correiodasemana.com\/site\/category\/artigos\/"},"img":{"alt_text":"","src":"https:\/\/i0.wp.com\/correiodasemana.com\/site\/wp-content\/uploads\/2021\/09\/Dr-Chico-Prado-Trofeu-Dom-Jose-1.jpg?resize=350%2C200&ssl=1","width":350,"height":200,"srcset":"https:\/\/i0.wp.com\/correiodasemana.com\/site\/wp-content\/uploads\/2021\/09\/Dr-Chico-Prado-Trofeu-Dom-Jose-1.jpg?resize=350%2C200&ssl=1 1x, https:\/\/i0.wp.com\/correiodasemana.com\/site\/wp-content\/uploads\/2021\/09\/Dr-Chico-Prado-Trofeu-Dom-Jose-1.jpg?resize=525%2C300&ssl=1 1.5x, https:\/\/i0.wp.com\/correiodasemana.com\/site\/wp-content\/uploads\/2021\/09\/Dr-Chico-Prado-Trofeu-Dom-Jose-1.jpg?resize=700%2C400&ssl=1 2x, https:\/\/i0.wp.com\/correiodasemana.com\/site\/wp-content\/uploads\/2021\/09\/Dr-Chico-Prado-Trofeu-Dom-Jose-1.jpg?resize=1050%2C600&ssl=1 3x, https:\/\/i0.wp.com\/correiodasemana.com\/site\/wp-content\/uploads\/2021\/09\/Dr-Chico-Prado-Trofeu-Dom-Jose-1.jpg?resize=1400%2C800&ssl=1 4x"},"classes":[]},{"id":29410,"url":"https:\/\/correiodasemana.com\/site\/becco-ponto-com-168\/","url_meta":{"origin":28721,"position":5},"title":"BECCO PONTO.COM","author":"adminredacao","date":"Maio 27, 2024","format":false,"excerpt":"LIVRAI-NOS, SENHOR! Da volta da taxa do lixo. Ufa, Sobral! De uma campanha de baixo n\u00edvel. Da ruma de trof\u00e9us distribu\u00eddos. Do centro de Sobral, \u201cmorto e em enterrado\u201d. Da barganha pol\u00edtica da taxa do lixo. Ufa! Da \u201cGlobo lixo\u201d petista caindo nas tabelas. Dos cursos modernos virando farinhada. Do\u2026","rel":"","context":"In &quot;Artigos&quot;","block_context":{"text":"Artigos","link":"https:\/\/correiodasemana.com\/site\/category\/artigos\/"},"img":{"alt_text":"","src":"https:\/\/i0.wp.com\/correiodasemana.com\/site\/wp-content\/uploads\/2021\/09\/Dr-Chico-Prado-Trofeu-Dom-Jose-1.jpg?resize=350%2C200&ssl=1","width":350,"height":200,"srcset":"https:\/\/i0.wp.com\/correiodasemana.com\/site\/wp-content\/uploads\/2021\/09\/Dr-Chico-Prado-Trofeu-Dom-Jose-1.jpg?resize=350%2C200&ssl=1 1x, https:\/\/i0.wp.com\/correiodasemana.com\/site\/wp-content\/uploads\/2021\/09\/Dr-Chico-Prado-Trofeu-Dom-Jose-1.jpg?resize=525%2C300&ssl=1 1.5x, https:\/\/i0.wp.com\/correiodasemana.com\/site\/wp-content\/uploads\/2021\/09\/Dr-Chico-Prado-Trofeu-Dom-Jose-1.jpg?resize=700%2C400&ssl=1 2x, https:\/\/i0.wp.com\/correiodasemana.com\/site\/wp-content\/uploads\/2021\/09\/Dr-Chico-Prado-Trofeu-Dom-Jose-1.jpg?resize=1050%2C600&ssl=1 3x, https:\/\/i0.wp.com\/correiodasemana.com\/site\/wp-content\/uploads\/2021\/09\/Dr-Chico-Prado-Trofeu-Dom-Jose-1.jpg?resize=1400%2C800&ssl=1 4x"},"classes":[]}],"jetpack_sharing_enabled":true,"_links":{"self":[{"href":"https:\/\/correiodasemana.com\/site\/wp-json\/wp\/v2\/posts\/28721","targetHints":{"allow":["GET"]}}],"collection":[{"href":"https:\/\/correiodasemana.com\/site\/wp-json\/wp\/v2\/posts"}],"about":[{"href":"https:\/\/correiodasemana.com\/site\/wp-json\/wp\/v2\/types\/post"}],"author":[{"embeddable":true,"href":"https:\/\/correiodasemana.com\/site\/wp-json\/wp\/v2\/users\/7"}],"replies":[{"embeddable":true,"href":"https:\/\/correiodasemana.com\/site\/wp-json\/wp\/v2\/comments?post=28721"}],"version-history":[{"count":1,"href":"https:\/\/correiodasemana.com\/site\/wp-json\/wp\/v2\/posts\/28721\/revisions"}],"predecessor-version":[{"id":28724,"href":"https:\/\/correiodasemana.com\/site\/wp-json\/wp\/v2\/posts\/28721\/revisions\/28724"}],"wp:featuredmedia":[{"embeddable":true,"href":"https:\/\/correiodasemana.com\/site\/wp-json\/wp\/v2\/media\/17437"}],"wp:attachment":[{"href":"https:\/\/correiodasemana.com\/site\/wp-json\/wp\/v2\/media?parent=28721"}],"wp:term":[{"taxonomy":"category","embeddable":true,"href":"https:\/\/correiodasemana.com\/site\/wp-json\/wp\/v2\/categories?post=28721"},{"taxonomy":"post_tag","embeddable":true,"href":"https:\/\/correiodasemana.com\/site\/wp-json\/wp\/v2\/tags?post=28721"}],"curies":[{"name":"wp","href":"https:\/\/api.w.org\/{rel}","templated":true}]}}