{"id":28812,"date":"2024-03-25T12:20:52","date_gmt":"2024-03-25T15:20:52","guid":{"rendered":"https:\/\/correiodasemana.com\/site\/?p=28812"},"modified":"2024-03-25T12:20:52","modified_gmt":"2024-03-25T15:20:52","slug":"novo-pac-saude-74-unidades-basicas-de-saude-serao-construidas-no-ceara","status":"publish","type":"post","link":"https:\/\/correiodasemana.com\/site\/novo-pac-saude-74-unidades-basicas-de-saude-serao-construidas-no-ceara\/","title":{"rendered":"Novo PAC Sa\u00fade: 74 Unidades B\u00e1sicas de Sa\u00fade ser\u00e3o constru\u00eddas no Cear\u00e1"},"content":{"rendered":"<p><strong>Com investimentos de R$ 138,9 milh\u00f5es, 56 munic\u00edpios ser\u00e3o beneficiados no estado<\/strong><\/p>\n<div>Em todo o Brasil, 1,8 mil Unidades B\u00e1sicas de Sa\u00fade (UBS) ser\u00e3o constru\u00eddas em mais de 1,5 mil mun\u00edcipios. Com isso, mais 8,6 milh\u00f5es de pessoas poder\u00e3o ser atendidas pela Aten\u00e7\u00e3o Prim\u00e1ria do Sistema \u00danico de Sa\u00fade (SUS) em 26 estados brasileiros. No Cear\u00e1, cerca de 56 munic\u00edpios ser\u00e3o beneficiados pelo Novo Programa de Acelera\u00e7\u00e3o do Crescimento (Novo PAC Sa\u00fade). Com investimentos de R$ 138,9 milh\u00f5es, ser\u00e3o constru\u00eddas 74 UBS no estado.<\/div>\n<div>A iniciativa tamb\u00e9m viabiliza a amplia\u00e7\u00e3o do n\u00famero de equipes de Sa\u00fade da Fam\u00edlia (eSF), de Sa\u00fade Bucal (eSB), de multiprofissionais (eMulti) e de Agentes Comunit\u00e1rios de Sa\u00fade (ACS). O investimento total \u00e9 de R$4,2 bilh\u00f5es. Os valores do investimento para constru\u00e7\u00e3o das novas UBS variam entre R$1,8 e R$6,6 milh\u00f5es, de acordo com a regi\u00e3o e o tamanho da unidade.<\/div>\n<div><\/div>\n<div><strong>Confira os munic\u00edpios que receber\u00e3o as novas UBS\u00a0<\/strong><\/div>\n<div>Entre os dez tipos de equipamentos ou de obras oferecidas pelo Novo PAC Sa\u00fade, os pedidos de novas UBS representaram o maior n\u00famero de propostas feitas pelos estados e munic\u00edpios: 5.665 propostas, referentes a 3.001 territ\u00f3rios.<\/div>\n<div>Os crit\u00e9rios de sele\u00e7\u00e3o priorizaram maior vulnerabilidade socioecon\u00f4mica do munic\u00edpio; maiores vazios assistenciais na Aten\u00e7\u00e3o Prim\u00e1ria; locais com menores \u00edndices de cobertura de Estrat\u00e9gia de Sa\u00fade da Fam\u00edlia; e ades\u00e3o ao projeto arquitet\u00f4nico de refer\u00eancia.<\/div>\n<div><\/div>\n<div><strong>Propostas habilitadas n\u00e3o selecionadas\u00a0<\/strong><\/div>\n<div>S\u00e3o chamadas propostas habilitadas os projetos que preencheram todos os pr\u00e9-requisitos do Novo PAC Sa\u00fade, passaram por todas as etapas de triagem, mas n\u00e3o foram selecionadas. No eixo Sa\u00fade h\u00e1 mais de 3,7 mil propostas que se encaixam nesta categoria e que poder\u00e3o ser executadas via emendas parlamentares. O prazo para indica\u00e7\u00f5es termina na pr\u00f3xima quarta-feira, dia 20.<\/div>\n<div>De acordo com o diretor de programas do Minist\u00e9rio da Sa\u00fade, Henrique Chaves, as emendas s\u00e3o uma oportunidade com benef\u00edcios para todos. \u201cS\u00e3o obras que j\u00e1 t\u00eam a documenta\u00e7\u00e3o adiantada, uma an\u00e1lise pr\u00e9via j\u00e1 foi feita, o que acelera a execu\u00e7\u00e3o do programa. Uma outra vantagem \u00e9 que s\u00e3o obras de grande impacto social. Deixar\u00e3o legado\u201d, afirma.<\/div>\n<div>As emendas tamb\u00e9m poder\u00e3o contemplar propostas selecionadas pela pasta para financiamento pelo Novo PAC Sa\u00fade. Neste caso, o Minist\u00e9rio da Sa\u00fade vai financiar integralmente uma outra obra que o parlamentar indicar entre as habilitadas.<\/div>\n<div><\/div>\n<div>Minist\u00e9rio da Sa\u00fade &#8211; Categoria Sa\u00fade e Vigil\u00e2ncia Sanit\u00e1ria<\/div>\n","protected":false},"excerpt":{"rendered":"<p>Com investimentos de R$ 138,9 milh\u00f5es, 56 munic\u00edpios ser\u00e3o beneficiados no estado Em todo o&#8230;<\/p>\n","protected":false},"author":7,"featured_media":28813,"comment_status":"open","ping_status":"open","sticky":false,"template":"","format":"standard","meta":{"_jetpack_memberships_contains_paid_content":false,"footnotes":"","jetpack_publicize_message":"","jetpack_publicize_feature_enabled":true,"jetpack_social_post_already_shared":true,"jetpack_social_options":{"image_generator_settings":{"template":"highway","default_image_id":0,"font":"","enabled":false},"version":2}},"categories":[1],"tags":[],"class_list":["post-28812","post","type-post","status-publish","format-standard","has-post-thumbnail","hentry","category-atualidade"],"jetpack_publicize_connections":[],"jetpack_featured_media_url":"https:\/\/correiodasemana.com\/site\/wp-content\/uploads\/2024\/03\/Jornal-Correio-da-Semana-No-1012-Copia.jpg","jetpack-related-posts":[{"id":32949,"url":"https:\/\/correiodasemana.com\/site\/ceara-ganha-44-novas-ambulancias-do-samu-para-ampliacao-do-servico\/","url_meta":{"origin":28812,"position":0},"title":"Cear\u00e1 ganha 44 novas ambul\u00e2ncias do Samu para amplia\u00e7\u00e3o do servi\u00e7o","author":"adminredacao","date":"Mar\u00e7o 17, 2025","format":false,"excerpt":"Em todo o pa\u00eds, Governo Federal entrega nesta sexta (14) 789 novos ve\u00edculos para 559 cidades de 21 estados. At\u00e9 o fim de 2026, mais 2.339 ambul\u00e2ncias ser\u00e3o entregues Com o objetivo de renovar a frota e universalizar, at\u00e9 o fim de 2026, o acesso ao Servi\u00e7o de Atendimento M\u00f3vel\u2026","rel":"","context":"In &quot;Atualidade&quot;","block_context":{"text":"Atualidade","link":"https:\/\/correiodasemana.com\/site\/category\/atualidade\/"},"img":{"alt_text":"","src":"https:\/\/i0.wp.com\/correiodasemana.com\/site\/wp-content\/uploads\/2025\/03\/entrega-ambulancia.webp?resize=350%2C200&ssl=1","width":350,"height":200,"srcset":"https:\/\/i0.wp.com\/correiodasemana.com\/site\/wp-content\/uploads\/2025\/03\/entrega-ambulancia.webp?resize=350%2C200&ssl=1 1x, https:\/\/i0.wp.com\/correiodasemana.com\/site\/wp-content\/uploads\/2025\/03\/entrega-ambulancia.webp?resize=525%2C300&ssl=1 1.5x, https:\/\/i0.wp.com\/correiodasemana.com\/site\/wp-content\/uploads\/2025\/03\/entrega-ambulancia.webp?resize=700%2C400&ssl=1 2x"},"classes":[]},{"id":14349,"url":"https:\/\/correiodasemana.com\/site\/saude-publica-continua-gratuita-para-populacao-diz-economia\/","url_meta":{"origin":28812,"position":1},"title":"Sa\u00fade p\u00fablica continua gratuita para popula\u00e7\u00e3o, diz Economia","author":"","date":"Outubro 29, 2020","format":false,"excerpt":"Segundo minist\u00e9rio, inclus\u00e3o de UBS em estudo foi pedido da Sa\u00fade A eventual concess\u00e3o da constru\u00e7\u00e3o e da gest\u00e3o de Unidades B\u00e1sicas de Sa\u00fade (UBS) \u00e0 iniciativa privada n\u00e3o afetar\u00e1 a gratuidade do Sistema \u00danico de Sa\u00fade (SUS), informou h\u00e1 pouco o Minist\u00e9rio da Economia. Em nota, a pasta assegurou\u2026","rel":"","context":"In &quot;Atualidade&quot;","block_context":{"text":"Atualidade","link":"https:\/\/correiodasemana.com\/site\/category\/atualidade\/"},"img":{"alt_text":"","src":"https:\/\/i0.wp.com\/correiodasemana.com\/site\/wp-content\/uploads\/2020\/10\/mca_abr_numero_de_serie_de_4_digitos_090620_13.jpg?resize=350%2C200&ssl=1","width":350,"height":200,"srcset":"https:\/\/i0.wp.com\/correiodasemana.com\/site\/wp-content\/uploads\/2020\/10\/mca_abr_numero_de_serie_de_4_digitos_090620_13.jpg?resize=350%2C200&ssl=1 1x, https:\/\/i0.wp.com\/correiodasemana.com\/site\/wp-content\/uploads\/2020\/10\/mca_abr_numero_de_serie_de_4_digitos_090620_13.jpg?resize=525%2C300&ssl=1 1.5x, https:\/\/i0.wp.com\/correiodasemana.com\/site\/wp-content\/uploads\/2020\/10\/mca_abr_numero_de_serie_de_4_digitos_090620_13.jpg?resize=700%2C400&ssl=1 2x, https:\/\/i0.wp.com\/correiodasemana.com\/site\/wp-content\/uploads\/2020\/10\/mca_abr_numero_de_serie_de_4_digitos_090620_13.jpg?resize=1050%2C600&ssl=1 3x"},"classes":[]},{"id":36800,"url":"https:\/\/correiodasemana.com\/site\/sobral-tem-proposta-selecionada-no-fiis-saude-para-financiar-ate-r-150-milhoes-em-obras-de-saude\/","url_meta":{"origin":28812,"position":2},"title":"Sobral tem proposta selecionada no FIIS Sa\u00fade para financiar at\u00e9 R$ 150 milh\u00f5es em obras de sa\u00fade","author":"adminredacao","date":"Dezembro 15, 2025","format":false,"excerpt":"Por\u00a0Diney Oliveira Foto: Reprodu\u00e7\u00e3o O prefeito de Sobral, Oscar Rodrigues, anunciou nesta ter\u00e7a-feira (10), direto de Bras\u00edlia, que o munic\u00edpio teve uma proposta selecionada para ampliar a rede municipal de sa\u00fade, no valor de R$ 150 milh\u00f5es. Ao comentar o resultado, ele afirmou: \u201cSobral foi uma cidade contemplada no Novo\u2026","rel":"","context":"In &quot;Atualidade&quot;","block_context":{"text":"Atualidade","link":"https:\/\/correiodasemana.com\/site\/category\/atualidade\/"},"img":{"alt_text":"","src":"https:\/\/i0.wp.com\/correiodasemana.com\/site\/wp-content\/uploads\/2025\/12\/WhatsApp-Image-2025-12-11-at-09.21.46.jpeg?resize=350%2C200&ssl=1","width":350,"height":200,"srcset":"https:\/\/i0.wp.com\/correiodasemana.com\/site\/wp-content\/uploads\/2025\/12\/WhatsApp-Image-2025-12-11-at-09.21.46.jpeg?resize=350%2C200&ssl=1 1x, https:\/\/i0.wp.com\/correiodasemana.com\/site\/wp-content\/uploads\/2025\/12\/WhatsApp-Image-2025-12-11-at-09.21.46.jpeg?resize=525%2C300&ssl=1 1.5x, https:\/\/i0.wp.com\/correiodasemana.com\/site\/wp-content\/uploads\/2025\/12\/WhatsApp-Image-2025-12-11-at-09.21.46.jpeg?resize=700%2C400&ssl=1 2x, https:\/\/i0.wp.com\/correiodasemana.com\/site\/wp-content\/uploads\/2025\/12\/WhatsApp-Image-2025-12-11-at-09.21.46.jpeg?resize=1050%2C600&ssl=1 3x"},"classes":[]},{"id":34552,"url":"https:\/\/correiodasemana.com\/site\/em-parceria-com-a-uniao-governo-do-ceara-anuncia-mais-de-r-51-milhoes-em-investimentos-para-a-santa-casa-de-sobral\/","url_meta":{"origin":28812,"position":3},"title":"Em parceria com a Uni\u00e3o, Governo do Cear\u00e1 anuncia mais de R$ 51 milh\u00f5es em investimentos para a Santa Casa de Sobral","author":"adminredacao","date":"Julho 8, 2025","format":false,"excerpt":"Em parceria com a Uni\u00e3o, Governo do Cear\u00e1 anuncia mais de R$ 51 milh\u00f5es em investimentos para a Santa Casa de Sobral Ao lado do ministro da Sa\u00fade, Alexandre Padilha, o governador Elmano de Freitas anunciou, nesta sexta-feira (4), R$ 51,8 milh\u00f5es em investimentos para a Santa Casa de Miseric\u00f3rdia\u2026","rel":"","context":"In &quot;Atualidade&quot;","block_context":{"text":"Atualidade","link":"https:\/\/correiodasemana.com\/site\/category\/atualidade\/"},"img":{"alt_text":"","src":"","width":0,"height":0},"classes":[]},{"id":25781,"url":"https:\/\/correiodasemana.com\/site\/ministerio-da-saude-aumenta-em-30-repasses-ao-samu-192\/","url_meta":{"origin":28812,"position":4},"title":"Minist\u00e9rio da Sa\u00fade aumenta em 30% repasses ao Samu 192","author":"adminredacao","date":"Julho 24, 2023","format":false,"excerpt":"Reajuste minimiza a sobrecarga nos munic\u00edpios Por Pedro Peduzzi - Rep\u00f3rter da Ag\u00eancia Brasil - Bras\u00edlia O Minist\u00e9rio da Sa\u00fade anunciou uma amplia\u00e7\u00e3o em 30% dos valores destinados a custeio do Servi\u00e7o M\u00f3vel de Urg\u00eancia (Samu 192). O percentual representa, segundo a pasta, um incremento de R$ 396 milh\u00f5es por\u2026","rel":"","context":"In &quot;Atualidade&quot;","block_context":{"text":"Atualidade","link":"https:\/\/correiodasemana.com\/site\/category\/atualidade\/"},"img":{"alt_text":"","src":"https:\/\/i0.wp.com\/correiodasemana.com\/site\/wp-content\/uploads\/2023\/07\/ministerio-da-saude.webp?resize=350%2C200&ssl=1","width":350,"height":200,"srcset":"https:\/\/i0.wp.com\/correiodasemana.com\/site\/wp-content\/uploads\/2023\/07\/ministerio-da-saude.webp?resize=350%2C200&ssl=1 1x, https:\/\/i0.wp.com\/correiodasemana.com\/site\/wp-content\/uploads\/2023\/07\/ministerio-da-saude.webp?resize=525%2C300&ssl=1 1.5x, https:\/\/i0.wp.com\/correiodasemana.com\/site\/wp-content\/uploads\/2023\/07\/ministerio-da-saude.webp?resize=700%2C400&ssl=1 2x, https:\/\/i0.wp.com\/correiodasemana.com\/site\/wp-content\/uploads\/2023\/07\/ministerio-da-saude.webp?resize=1050%2C600&ssl=1 3x, https:\/\/i0.wp.com\/correiodasemana.com\/site\/wp-content\/uploads\/2023\/07\/ministerio-da-saude.webp?resize=1400%2C800&ssl=1 4x"},"classes":[]},{"id":30989,"url":"https:\/\/correiodasemana.com\/site\/caixa-e-governo-federal-entregam-1-296-moradias-do-programa-minha-casa-minha-vida-no-ceara\/","url_meta":{"origin":28812,"position":5},"title":"Caixa e Governo Federal entregam 1.296 moradias do Programa Minha Casa, Minha Vida no Cear\u00e1","author":"adminredacao","date":"Outubro 21, 2024","format":false,"excerpt":"Empreendimento do programa conta com biblioteca comunit\u00e1ria A CAIXA e o Governo Federal entregaram, nesta sexta-feira (11), 1.296 moradias do Programa Minha Casa, Minha Vida \u2013 Faixa I. Destinadas a fam\u00edlias com renda de at\u00e9 R$ 2.640, as casas v\u00e3o beneficiar quase 6 mil pessoas no Residencial Cidade Jardim I\u2026","rel":"","context":"In &quot;Atualidade&quot;","block_context":{"text":"Atualidade","link":"https:\/\/correiodasemana.com\/site\/category\/atualidade\/"},"img":{"alt_text":"","src":"https:\/\/i0.wp.com\/correiodasemana.com\/site\/wp-content\/uploads\/2024\/10\/handler.png?resize=350%2C200&ssl=1","width":350,"height":200,"srcset":"https:\/\/i0.wp.com\/correiodasemana.com\/site\/wp-content\/uploads\/2024\/10\/handler.png?resize=350%2C200&ssl=1 1x, https:\/\/i0.wp.com\/correiodasemana.com\/site\/wp-content\/uploads\/2024\/10\/handler.png?resize=525%2C300&ssl=1 1.5x, https:\/\/i0.wp.com\/correiodasemana.com\/site\/wp-content\/uploads\/2024\/10\/handler.png?resize=700%2C400&ssl=1 2x"},"classes":[]}],"jetpack_sharing_enabled":true,"_links":{"self":[{"href":"https:\/\/correiodasemana.com\/site\/wp-json\/wp\/v2\/posts\/28812","targetHints":{"allow":["GET"]}}],"collection":[{"href":"https:\/\/correiodasemana.com\/site\/wp-json\/wp\/v2\/posts"}],"about":[{"href":"https:\/\/correiodasemana.com\/site\/wp-json\/wp\/v2\/types\/post"}],"author":[{"embeddable":true,"href":"https:\/\/correiodasemana.com\/site\/wp-json\/wp\/v2\/users\/7"}],"replies":[{"embeddable":true,"href":"https:\/\/correiodasemana.com\/site\/wp-json\/wp\/v2\/comments?post=28812"}],"version-history":[{"count":1,"href":"https:\/\/correiodasemana.com\/site\/wp-json\/wp\/v2\/posts\/28812\/revisions"}],"predecessor-version":[{"id":28814,"href":"https:\/\/correiodasemana.com\/site\/wp-json\/wp\/v2\/posts\/28812\/revisions\/28814"}],"wp:featuredmedia":[{"embeddable":true,"href":"https:\/\/correiodasemana.com\/site\/wp-json\/wp\/v2\/media\/28813"}],"wp:attachment":[{"href":"https:\/\/correiodasemana.com\/site\/wp-json\/wp\/v2\/media?parent=28812"}],"wp:term":[{"taxonomy":"category","embeddable":true,"href":"https:\/\/correiodasemana.com\/site\/wp-json\/wp\/v2\/categories?post=28812"},{"taxonomy":"post_tag","embeddable":true,"href":"https:\/\/correiodasemana.com\/site\/wp-json\/wp\/v2\/tags?post=28812"}],"curies":[{"name":"wp","href":"https:\/\/api.w.org\/{rel}","templated":true}]}}