{"id":28815,"date":"2024-03-25T12:21:43","date_gmt":"2024-03-25T15:21:43","guid":{"rendered":"https:\/\/correiodasemana.com\/site\/?p=28815"},"modified":"2024-03-25T12:21:43","modified_gmt":"2024-03-25T15:21:43","slug":"educacao-e-cidadania-41","status":"publish","type":"post","link":"https:\/\/correiodasemana.com\/site\/educacao-e-cidadania-41\/","title":{"rendered":"EDUCA\u00c7\u00c3O E CIDADANIA \u2022"},"content":{"rendered":"<p><strong>Aprendendo Pela Dor<\/strong><\/p>\n<p>Estive pensando por que Deus nos coloca o sofrer na nossa vida, j\u00e1 que ele nos ama. Sofremos com a doen\u00e7a de um ente querido, com a morte de irm\u00e3os, pai, m\u00e3e, parentes, com a separa\u00e7\u00e3o de outro, com a nossa dor corporal, seja ela qual for. Minha reflex\u00e3o me trouxe a compreens\u00e3o de que o sofrer faz parte de um aprendizado de toler\u00e2ncia at\u00e9 tudo passar, porque tudo passa.<br \/>\nDeus nos deu a condi\u00e7\u00e3o de aprender com a dor e aprender com o amor. Precisamos compreender isso. Quando aprendemos com a dor estamos em plena evolu\u00e7\u00e3o humana. Acho que aprendemos mais com a dor do que com o amor.<br \/>\n\u201cToda dor \u00e9 um convite para amadurecermos. A dor \u00e9 proposta de transforma\u00e7\u00e3o, de despertar, de iniciar uma jornada com outra vis\u00e3o de realidade, um balan\u00e7o de nossos valores, uma mudan\u00e7a de rota. Quando enxergamos a dor como um castigo ou uma injusti\u00e7a n\u00e3o aprendemos com ela e temos o sofrimento\u201d.<br \/>\n(projetoacolherperdaseluto.com.br).<br \/>\n\u201cAs dores s\u00e3o parte da escola de Deus para os seus filhos. S\u00e3o instrumentos do Seu amor por n\u00f3s, muito embora n\u00e3o consigamos entender. \u00c9 preciso que se diga que as dores n\u00e3o s\u00e3o o fim de nossa vida. Elas t\u00eam muito a nos ensinar\u201d. (ibmjcatarina.com.br).<br \/>\nQuando temos uma dor emocional, espiritual, devemos compreender que essa dor est\u00e1 acontecendo para o nosso crescer. Por isso \u00e9 necess\u00e1rio sentir que estamos passando por um momento que tudo vai passar para o nosso engrandecimento, para a nossa evolu\u00e7\u00e3o como ser humano.<br \/>\nDeus est\u00e1 nos proporcionando crescimento. Entendermos a dor \u00e9 crescimento. Se n\u00e3o estamos bem emocionalmente e espiritualmente devemos procurar subs\u00eddios. E quem pode nos ajudar? Os familiares, pessoas amigas pr\u00f3ximas a n\u00f3s ou, por que n\u00e3o um profissional da \u00e1rea, o psic\u00f3logo.<br \/>\nJ\u00e1 passei por muitas dores emocionais. As dores emocionais ferem o nosso cora\u00e7\u00e3o. Nos deixa angustiados, atrav\u00e9s da morte dos nossos entes queridos, atrav\u00e9s at\u00e9 de palavras que machucam a gente.<br \/>\n\u201cO Senhor n\u00e3o rejeita ningu\u00e9m para sempre. Ele pode fazer a gente sofrer, mas tamb\u00e9m tem compaix\u00e3o porque o seu amor \u00e9 imenso. N\u00e3o \u00e9 com prazer que Ele nos causa sofrimento ou dor\u201d. (bible.com).<br \/>\n\u201cCondi\u00e7\u00e3o humana universal, a dor (corporal) \u00e9 um mecanismo biol\u00f3gico de defesa essencial para a sobreviv\u00eancia, pois serve como um alerta tanto de que algo n\u00e3o vai bem e necessita de assist\u00eancia m\u00e9dica e tratamento quanto de que \u00e9 preciso se proteger das agress\u00f5es do meio externo (um objeto cortante, por exemplo).<br \/>\nQuando sentimos dor, a primeira rea\u00e7\u00e3o que temos \u00e9 nos afastar do que est\u00e1 causando ou ent\u00e3o buscar tratamento, certo? Agora imagine se ela n\u00e3o existisse. Nessa situa\u00e7\u00e3o, o corpo n\u00e3o receberia o \u201csinal\u201d de aten\u00e7\u00e3o, resultando em machucados, fraturas e queimaduras mais graves e com mais frequ\u00eancia, que poderiam levar a perda de membros ou at\u00e9 a morte. Al\u00e9m disso, muitas doen\u00e7as s\u00f3 seriam detectadas em est\u00e1gio avan\u00e7ado\u201d. (uol.com.br).<br \/>\n\u201cTodas as coisas que acontecem na nossa vida, todas as experi\u00eancias vividas, s\u00e3o pra gente aprender com elas, e dessa forma a gente crescer e ser melhor.<br \/>\nAprender pela dor \u00e9 quando existe algum fracasso na sua vida, algo que n\u00e3o deu certo, seja em qualquer \u00e1rea da sua vida, e mesmo assim voc\u00ea continua insistindo naquilo, continua insistindo no erro, achando que dessa vez vai mudar. \u00c9 quando voc\u00ea entra em a\u00e7\u00e3o sem pensar, e continua fazendo as mesmas coisas que podem te levar ao fracasso novamente.<br \/>\nE se voc\u00ea n\u00e3o aprendeu nada com o erro anterior, voc\u00ea vai continuar errando de novo. Voc\u00ea vai continuar colocando a sua felicidade fora de voc\u00ea. Voc\u00ea vai continuar terceirizando a sua vida. Voc\u00ea vai continuar culpando os outros pelos seus fracassos e tristezas. Ent\u00e3o isso \u00e9 aprender pela dor\u201d. (brunomalcca.com). Porque vai passar.<br \/>\nProf. Salmito Campos \u2013 (jornalista e radialista).<\/p>\n","protected":false},"excerpt":{"rendered":"<p>Aprendendo Pela Dor Estive pensando por que Deus nos coloca o sofrer na nossa vida,&#8230;<\/p>\n","protected":false},"author":7,"featured_media":18809,"comment_status":"open","ping_status":"open","sticky":false,"template":"","format":"standard","meta":{"_jetpack_memberships_contains_paid_content":false,"footnotes":"","jetpack_publicize_message":"","jetpack_publicize_feature_enabled":true,"jetpack_social_post_already_shared":true,"jetpack_social_options":{"image_generator_settings":{"template":"highway","default_image_id":0,"font":"","enabled":false},"version":2}},"categories":[11,81],"tags":[],"class_list":["post-28815","post","type-post","status-publish","format-standard","has-post-thumbnail","hentry","category-artigos","category-salmito-campos"],"jetpack_publicize_connections":[],"jetpack_featured_media_url":"https:\/\/correiodasemana.com\/site\/wp-content\/uploads\/2022\/02\/Salmito-Campos-1-scaled.jpg","jetpack-related-posts":[{"id":16083,"url":"https:\/\/correiodasemana.com\/site\/sermao-de-nossa-senhora-das-dores\/","url_meta":{"origin":28815,"position":0},"title":"Serm\u00e3o de nossa senhora das dores","author":"","date":"Mar\u00e7o 29, 2021","format":false,"excerpt":"Cardeal Orani Jo\u00e3o Tempesta - Arcebispo do Rio de Janeiro (RJ) \u201cE quanto a ti, uma espada de dor te traspassar\u00e1 a tua alma\u201d (cf Lc 2, 33-35) Irm\u00e3os e irm\u00e3s, uma personagem que vamos acompanhar muito nos pr\u00f3ximos dias \u00e9 Nossa Senhora das Dores, j\u00e1 a partir de domingo,\u2026","rel":"","context":"In &quot;A voz do Pastor&quot;","block_context":{"text":"A voz do Pastor","link":"https:\/\/correiodasemana.com\/site\/category\/a-voz-do-pastor\/"},"img":{"alt_text":"","src":"https:\/\/i0.wp.com\/correiodasemana.com\/site\/wp-content\/uploads\/2019\/07\/Dom-Vasconcelos-posses.jpg?resize=350%2C200&ssl=1","width":350,"height":200,"srcset":"https:\/\/i0.wp.com\/correiodasemana.com\/site\/wp-content\/uploads\/2019\/07\/Dom-Vasconcelos-posses.jpg?resize=350%2C200&ssl=1 1x, https:\/\/i0.wp.com\/correiodasemana.com\/site\/wp-content\/uploads\/2019\/07\/Dom-Vasconcelos-posses.jpg?resize=525%2C300&ssl=1 1.5x, https:\/\/i0.wp.com\/correiodasemana.com\/site\/wp-content\/uploads\/2019\/07\/Dom-Vasconcelos-posses.jpg?resize=700%2C400&ssl=1 2x"},"classes":[]},{"id":19533,"url":"https:\/\/correiodasemana.com\/site\/exercitar-se-na-fe\/","url_meta":{"origin":28815,"position":1},"title":"Exercitar-se na f\u00e9","author":"","date":"Abril 17, 2022","format":false,"excerpt":"Viver \u00e9 uma arte que pede exerc\u00edcios essenciais para se encontrar o sentido da vida. \u00c0s v\u00e9speras da Semana Maior, todos chamados a participar do mist\u00e9rio da paix\u00e3o, morte e ressurrei\u00e7\u00e3o da pessoa mais importante, Jesus Cristo, o filho de Deus, Redentor e Salvador, brilha no horizonte da humanidade a\u2026","rel":"","context":"In &quot;A voz do Pastor&quot;","block_context":{"text":"A voz do Pastor","link":"https:\/\/correiodasemana.com\/site\/category\/a-voz-do-pastor\/"},"img":{"alt_text":"","src":"https:\/\/i0.wp.com\/correiodasemana.com\/site\/wp-content\/uploads\/2019\/07\/Dom-Vasconcelos-posses.jpg?resize=350%2C200&ssl=1","width":350,"height":200,"srcset":"https:\/\/i0.wp.com\/correiodasemana.com\/site\/wp-content\/uploads\/2019\/07\/Dom-Vasconcelos-posses.jpg?resize=350%2C200&ssl=1 1x, https:\/\/i0.wp.com\/correiodasemana.com\/site\/wp-content\/uploads\/2019\/07\/Dom-Vasconcelos-posses.jpg?resize=525%2C300&ssl=1 1.5x, https:\/\/i0.wp.com\/correiodasemana.com\/site\/wp-content\/uploads\/2019\/07\/Dom-Vasconcelos-posses.jpg?resize=700%2C400&ssl=1 2x"},"classes":[]},{"id":16202,"url":"https:\/\/correiodasemana.com\/site\/o-silencio-de-deus\/","url_meta":{"origin":28815,"position":2},"title":"O SIL\u00caNCIO DE DEUS","author":"","date":"Abril 12, 2021","format":false,"excerpt":"Arcebispo de Salvador (BA) Na pandemia, a experi\u00eancia da fragilidade humana, da dor e da morte, tem sido intensa, levando-nos a pensar sobre o sentido da vida e da morte, sobre o viver e o morrer. A pandemia faz refletir sobre o caminho que temos percorrido e os passos a\u2026","rel":"","context":"In &quot;A voz do Pastor&quot;","block_context":{"text":"A voz do Pastor","link":"https:\/\/correiodasemana.com\/site\/category\/a-voz-do-pastor\/"},"img":{"alt_text":"","src":"https:\/\/i0.wp.com\/correiodasemana.com\/site\/wp-content\/uploads\/2019\/07\/Dom-Vasconcelos-posses.jpg?resize=350%2C200&ssl=1","width":350,"height":200,"srcset":"https:\/\/i0.wp.com\/correiodasemana.com\/site\/wp-content\/uploads\/2019\/07\/Dom-Vasconcelos-posses.jpg?resize=350%2C200&ssl=1 1x, https:\/\/i0.wp.com\/correiodasemana.com\/site\/wp-content\/uploads\/2019\/07\/Dom-Vasconcelos-posses.jpg?resize=525%2C300&ssl=1 1.5x, https:\/\/i0.wp.com\/correiodasemana.com\/site\/wp-content\/uploads\/2019\/07\/Dom-Vasconcelos-posses.jpg?resize=700%2C400&ssl=1 2x"},"classes":[]},{"id":37968,"url":"https:\/\/correiodasemana.com\/site\/o-stabat-da-esperanca-reflexoes-sobre-o-setenario-das-dores\/","url_meta":{"origin":28815,"position":3},"title":"O stabat da esperan\u00e7a: reflex\u00f5es sobre o seten\u00e1rio das dores\u00a0","author":"adminredacao","date":"Abril 11, 2026","format":false,"excerpt":"A liturgia da Igreja reserva-nos, no \u00faltimo s\u00e1bado, dia vinte e um de mar\u00e7o, o p\u00f3rtico de entrada para uma das viv\u00eancias mais profundas e tocantes da piedade crist\u00e3. Iniciamos a Semana das Dores, este seten\u00e1rio de recolhimento que antecede a entrada triunfal em Jerusal\u00e9m, fixando o olhar n\u00e3o apenas\u2026","rel":"","context":"In &quot;A voz do Pastor&quot;","block_context":{"text":"A voz do Pastor","link":"https:\/\/correiodasemana.com\/site\/category\/a-voz-do-pastor\/"},"img":{"alt_text":"","src":"https:\/\/i0.wp.com\/correiodasemana.com\/site\/wp-content\/uploads\/2024\/07\/dom-vasconcelos-nispo-de-sobral-scaled.jpg?resize=350%2C200&ssl=1","width":350,"height":200,"srcset":"https:\/\/i0.wp.com\/correiodasemana.com\/site\/wp-content\/uploads\/2024\/07\/dom-vasconcelos-nispo-de-sobral-scaled.jpg?resize=350%2C200&ssl=1 1x, https:\/\/i0.wp.com\/correiodasemana.com\/site\/wp-content\/uploads\/2024\/07\/dom-vasconcelos-nispo-de-sobral-scaled.jpg?resize=525%2C300&ssl=1 1.5x, https:\/\/i0.wp.com\/correiodasemana.com\/site\/wp-content\/uploads\/2024\/07\/dom-vasconcelos-nispo-de-sobral-scaled.jpg?resize=700%2C400&ssl=1 2x, https:\/\/i0.wp.com\/correiodasemana.com\/site\/wp-content\/uploads\/2024\/07\/dom-vasconcelos-nispo-de-sobral-scaled.jpg?resize=1050%2C600&ssl=1 3x, https:\/\/i0.wp.com\/correiodasemana.com\/site\/wp-content\/uploads\/2024\/07\/dom-vasconcelos-nispo-de-sobral-scaled.jpg?resize=1400%2C800&ssl=1 4x"},"classes":[]},{"id":35723,"url":"https:\/\/correiodasemana.com\/site\/apos-restauracao-capela-de-nossa-senhora-das-dores-volta-a-celebrar-festa-da-padroeira-com-grande-participacao-dos-fieis\/","url_meta":{"origin":28815,"position":4},"title":"Ap\u00f3s restaura\u00e7\u00e3o, Capela de Nossa Senhora das Dores volta a celebrar festa da padroeira com grande participa\u00e7\u00e3o dos fi\u00e9is","author":"adminredacao","date":"Setembro 29, 2025","format":false,"excerpt":"De 5 a 15 de setembro, a Capela de Nossa Senhora das Dores celebrou a festa em honra \u00e0 padroeira, com o tema: \u201cMaria: cheia de f\u00e9 e esperan\u00e7a\u201d. Ap\u00f3s longos anos, os fi\u00e9is devotos voltaram a participar presencialmente da festa na capela, que passou por um processo de restaura\u00e7\u00e3o\u2026","rel":"","context":"In &quot;Atualidade&quot;","block_context":{"text":"Atualidade","link":"https:\/\/correiodasemana.com\/site\/category\/atualidade\/"},"img":{"alt_text":"","src":"https:\/\/i0.wp.com\/correiodasemana.com\/site\/wp-content\/uploads\/2025\/09\/WhatsApp-Image-2025-09-16-at-12.57.43-1-scaled.jpeg?resize=350%2C200&ssl=1","width":350,"height":200,"srcset":"https:\/\/i0.wp.com\/correiodasemana.com\/site\/wp-content\/uploads\/2025\/09\/WhatsApp-Image-2025-09-16-at-12.57.43-1-scaled.jpeg?resize=350%2C200&ssl=1 1x, https:\/\/i0.wp.com\/correiodasemana.com\/site\/wp-content\/uploads\/2025\/09\/WhatsApp-Image-2025-09-16-at-12.57.43-1-scaled.jpeg?resize=525%2C300&ssl=1 1.5x, https:\/\/i0.wp.com\/correiodasemana.com\/site\/wp-content\/uploads\/2025\/09\/WhatsApp-Image-2025-09-16-at-12.57.43-1-scaled.jpeg?resize=700%2C400&ssl=1 2x, https:\/\/i0.wp.com\/correiodasemana.com\/site\/wp-content\/uploads\/2025\/09\/WhatsApp-Image-2025-09-16-at-12.57.43-1-scaled.jpeg?resize=1050%2C600&ssl=1 3x, https:\/\/i0.wp.com\/correiodasemana.com\/site\/wp-content\/uploads\/2025\/09\/WhatsApp-Image-2025-09-16-at-12.57.43-1-scaled.jpeg?resize=1400%2C800&ssl=1 4x"},"classes":[]},{"id":16085,"url":"https:\/\/correiodasemana.com\/site\/o-insondavel-misterio-da-paixao\/","url_meta":{"origin":28815,"position":5},"title":"O insond\u00e1vel mist\u00e9rio da Paix\u00e3o","author":"","date":"Mar\u00e7o 29, 2021","format":false,"excerpt":"\u201cBendita e louvada seja a Paix\u00e3o do Redentor!\u201d Esse verso de um bendito popular reflete a rever\u00eancia que o povo crist\u00e3o presta ao mist\u00e9rio da Paix\u00e3o de Cristo. Principalmente agora em que os \u201cdias grandes\u201d se aproximam com toda a sua carga espiritual e lit\u00fargica. Na verdade, tal mist\u00e9rio, que\u2026","rel":"","context":"In &quot;Artigos&quot;","block_context":{"text":"Artigos","link":"https:\/\/correiodasemana.com\/site\/category\/artigos\/"},"img":{"alt_text":"","src":"https:\/\/i0.wp.com\/correiodasemana.com\/site\/wp-content\/uploads\/2018\/02\/editorial-cs.jpg?resize=350%2C200&ssl=1","width":350,"height":200,"srcset":"https:\/\/i0.wp.com\/correiodasemana.com\/site\/wp-content\/uploads\/2018\/02\/editorial-cs.jpg?resize=350%2C200&ssl=1 1x, https:\/\/i0.wp.com\/correiodasemana.com\/site\/wp-content\/uploads\/2018\/02\/editorial-cs.jpg?resize=525%2C300&ssl=1 1.5x"},"classes":[]}],"jetpack_sharing_enabled":true,"_links":{"self":[{"href":"https:\/\/correiodasemana.com\/site\/wp-json\/wp\/v2\/posts\/28815","targetHints":{"allow":["GET"]}}],"collection":[{"href":"https:\/\/correiodasemana.com\/site\/wp-json\/wp\/v2\/posts"}],"about":[{"href":"https:\/\/correiodasemana.com\/site\/wp-json\/wp\/v2\/types\/post"}],"author":[{"embeddable":true,"href":"https:\/\/correiodasemana.com\/site\/wp-json\/wp\/v2\/users\/7"}],"replies":[{"embeddable":true,"href":"https:\/\/correiodasemana.com\/site\/wp-json\/wp\/v2\/comments?post=28815"}],"version-history":[{"count":1,"href":"https:\/\/correiodasemana.com\/site\/wp-json\/wp\/v2\/posts\/28815\/revisions"}],"predecessor-version":[{"id":28816,"href":"https:\/\/correiodasemana.com\/site\/wp-json\/wp\/v2\/posts\/28815\/revisions\/28816"}],"wp:featuredmedia":[{"embeddable":true,"href":"https:\/\/correiodasemana.com\/site\/wp-json\/wp\/v2\/media\/18809"}],"wp:attachment":[{"href":"https:\/\/correiodasemana.com\/site\/wp-json\/wp\/v2\/media?parent=28815"}],"wp:term":[{"taxonomy":"category","embeddable":true,"href":"https:\/\/correiodasemana.com\/site\/wp-json\/wp\/v2\/categories?post=28815"},{"taxonomy":"post_tag","embeddable":true,"href":"https:\/\/correiodasemana.com\/site\/wp-json\/wp\/v2\/tags?post=28815"}],"curies":[{"name":"wp","href":"https:\/\/api.w.org\/{rel}","templated":true}]}}