{"id":29011,"date":"2024-04-22T10:31:20","date_gmt":"2024-04-22T13:31:20","guid":{"rendered":"https:\/\/correiodasemana.com\/site\/?p=29011"},"modified":"2024-04-22T10:31:20","modified_gmt":"2024-04-22T13:31:20","slug":"becco-ponto-com-164","status":"publish","type":"post","link":"https:\/\/correiodasemana.com\/site\/becco-ponto-com-164\/","title":{"rendered":"Becco Ponto Com"},"content":{"rendered":"<p>Governador do Cear\u00e1, Elmano de Freitas perde a paci\u00eancia com a Enel e disse que a empresa pode n\u00e3o mais permanecer no Estado<br \/>\nO governador Elmano de Freitas voltou a criticar a presta\u00e7\u00e3o de servi\u00e7os da Enel no Cear\u00e1. A fala do chefe do Executivo ocorreu ap\u00f3s reuni\u00e3o com presidente da CDL de Fortaleza, Assis Cavalcante, na quarta-feira, 17.<br \/>\n\u201cEsperamos que a Enel possa alterar seu comportamento ou ela efetivamente n\u00e3o permanecer\u00e1 no Cear\u00e1\u201d, disse o gestor.<br \/>\nElmano ainda falou do \u201csentimento de revolta\u201d dos cearenses contra a empresa. \u201cA Enel j\u00e1 teve uma avalia\u00e7\u00e3o muito positiva no Cear\u00e1 anos atr\u00e1s. Hoje, h\u00e1 uma situa\u00e7\u00e3o onde o povo cearense tem muita reclama\u00e7\u00e3o\u201d, complementou.<br \/>\nO petista tamb\u00e9m ressaltou que deve se reunir com o novo presidente da companhia no Estado, Jos\u00e9 Nunes de Almeida Neto. E pontua: espera que a empresa realize investimentos para \u201csuperar\u201d os eventuais problemas.<\/p>\n<p>Izolda manter\u00e1 vivo, em Sobral, o projeto de qualidade da educa\u00e7\u00e3o<\/p>\n<div id='gallery-1' class='gallery galleryid-29011 gallery-columns-3 gallery-size-thumbnail'><figure class='gallery-item'>\n\t\t\t<div class='gallery-icon landscape'>\n\t\t\t\t<a href='https:\/\/correiodasemana.com\/site\/becco-ponto-com-164\/izolda-cela-candidata-a-prefeita-de-sobral\/'><img loading=\"lazy\" width=\"150\" height=\"150\" src=\"https:\/\/correiodasemana.com\/site\/wp-content\/uploads\/2024\/04\/Izolda-Cela-candidata-a-prefeita-de-sobral-150x150.jpeg\" class=\"attachment-thumbnail size-thumbnail\" alt=\"Izolda Cela candidata a prefeita de sobral\" loading=\"lazy\" decoding=\"async\" \/><\/a>\n\t\t\t<\/div><\/figure>\n\t\t<\/div>\n\n<p>O tapete estendido para Izolda Cela voltar ao cen\u00e1rio eleitoral tem uma motiva\u00e7\u00e3o: ela manter\u00e1 vivo o projeto de Alfabetiza\u00e7\u00e3o na Idade Certa, que revoluciona a educa\u00e7\u00e3o cearense.<br \/>\nEleita prefeita de Sobral, Izolda ser\u00e1 refer\u00eancia para o Brasil e os holofotes estar\u00e3o voltados para sua gest\u00e3o, a criadora do mais bem sucedido plano para educar a popula\u00e7\u00e3o de baixa renda, garantido a alfabetiza\u00e7\u00e3o na idade certa, at\u00e9 os sete anos.<br \/>\nO cargo federal que ocupa no Minist\u00e9rio da Educa\u00e7\u00e3o, de Secretaria Executiva, tem import\u00e2ncia por ser ordenadora de despesas, mas a repercuss\u00e3o como gestora em Sobral \u00e9 mais relevante para o projeto em execu\u00e7\u00e3o no Cear\u00e1. Camilo, Cid, Izolda e Elmano apostam na educa\u00e7\u00e3o como grande bandeira para mudar o Brasil.<\/p>\n<p>PERFIL: JOS\u00c9 OSMAR AGUIARUm cidad\u00e3o com todas as letras, digno empres\u00e1rio afeito em Sobral, amigo do Becco e sempre inovando e priorizando ao atendimento ao cliente. Falo do caro empres\u00e1rio e amigo, Jos\u00e9 Osmar Aguiar (Aguiarzinho). Com m\u00e9ritos a coluna homenageia este homem de luta. Parab\u00e9ns!<\/p>\n<p>LIVRE PENSAR:<br \/>\n\u201cO conhecimento era um bem privado, associado ao verbo saber. Agora, \u00e9 um bem p\u00fablico ligado ao verbo fazer.\u201d (Poeta Chico Prado)<\/p>\n","protected":false},"excerpt":{"rendered":"<p>Governador do Cear\u00e1, Elmano de Freitas perde a paci\u00eancia com a Enel e disse que&#8230;<\/p>\n","protected":false},"author":7,"featured_media":17437,"comment_status":"open","ping_status":"open","sticky":false,"template":"","format":"standard","meta":{"_jetpack_memberships_contains_paid_content":false,"footnotes":"","jetpack_publicize_message":"","jetpack_publicize_feature_enabled":true,"jetpack_social_post_already_shared":true,"jetpack_social_options":{"image_generator_settings":{"template":"highway","default_image_id":0,"font":"","enabled":false},"version":2}},"categories":[11,27],"tags":[],"class_list":["post-29011","post","type-post","status-publish","format-standard","has-post-thumbnail","hentry","category-artigos","category-becco-ponto-com"],"jetpack_publicize_connections":[],"jetpack_featured_media_url":"https:\/\/correiodasemana.com\/site\/wp-content\/uploads\/2021\/09\/Dr-Chico-Prado-Trofeu-Dom-Jose-1.jpg","jetpack-related-posts":[{"id":17371,"url":"https:\/\/correiodasemana.com\/site\/enel-distribuicao-ceara-e-senai-inauguram-centro-de-treinamento-em-sobral\/","url_meta":{"origin":29011,"position":0},"title":"Enel Distribui\u00e7\u00e3o Cear\u00e1 e Senai inauguram Centro de Treinamento  em Sobral","author":"","date":"Agosto 30, 2021","format":false,"excerpt":"Por Ana Carolina Pires Diretoria de Comunica\u00e7\u00e3o A Enel Distribui\u00e7\u00e3o Cear\u00e1, em parceria com o\u00a0Servi\u00e7o Nacional de Aprendizagem Industrial (SENAI),\u00a0inaugurou na quarta-feira (25), um novo Centro de Treinamento para eletricistas em Sobral. A solenidade aconteceu \u00e0s 10h na sede do SENAI, e contou com a presen\u00e7a da Presidente da Enel\u2026","rel":"","context":"In &quot;Atualidade&quot;","block_context":{"text":"Atualidade","link":"https:\/\/correiodasemana.com\/site\/category\/atualidade\/"},"img":{"alt_text":"","src":"https:\/\/i0.wp.com\/correiodasemana.com\/site\/wp-content\/uploads\/2021\/07\/Enel.jpg?resize=350%2C200&ssl=1","width":350,"height":200,"srcset":"https:\/\/i0.wp.com\/correiodasemana.com\/site\/wp-content\/uploads\/2021\/07\/Enel.jpg?resize=350%2C200&ssl=1 1x, https:\/\/i0.wp.com\/correiodasemana.com\/site\/wp-content\/uploads\/2021\/07\/Enel.jpg?resize=525%2C300&ssl=1 1.5x, https:\/\/i0.wp.com\/correiodasemana.com\/site\/wp-content\/uploads\/2021\/07\/Enel.jpg?resize=700%2C400&ssl=1 2x, https:\/\/i0.wp.com\/correiodasemana.com\/site\/wp-content\/uploads\/2021\/07\/Enel.jpg?resize=1050%2C600&ssl=1 3x, https:\/\/i0.wp.com\/correiodasemana.com\/site\/wp-content\/uploads\/2021\/07\/Enel.jpg?resize=1400%2C800&ssl=1 4x"},"classes":[]},{"id":31838,"url":"https:\/\/correiodasemana.com\/site\/em-evento-na-fiec-governador-elmano-apresenta-balanco-do-governo-no-ano-e-anuncia-projecao-do-pib-acima-da-media-nacional\/","url_meta":{"origin":29011,"position":1},"title":"Em evento na Fiec, governador Elmano apresenta balan\u00e7o do Governo no ano e anuncia proje\u00e7\u00e3o do PIB acima da m\u00e9dia nacional","author":"adminredacao","date":"Dezembro 24, 2024","format":false,"excerpt":"O governador Elmano de Freitas anunciou, nesta sexta-feira (13), que o Produto Interno Bruto (PIB) do Cear\u00e1 deve fechar 2024 com crescimento de 5,5%, acima da m\u00e9dia do Brasil, projetada em 3,3%. O dado foi divulgado durante reuni\u00e3o com o empresariado cearense na sede da Federa\u00e7\u00e3o das Ind\u00fastrias do Estado\u2026","rel":"","context":"In &quot;Atualidade&quot;","block_context":{"text":"Atualidade","link":"https:\/\/correiodasemana.com\/site\/category\/atualidade\/"},"img":{"alt_text":"","src":"https:\/\/i0.wp.com\/correiodasemana.com\/site\/wp-content\/uploads\/2024\/12\/IMG_4465.jpg?resize=350%2C200&ssl=1","width":350,"height":200,"srcset":"https:\/\/i0.wp.com\/correiodasemana.com\/site\/wp-content\/uploads\/2024\/12\/IMG_4465.jpg?resize=350%2C200&ssl=1 1x, https:\/\/i0.wp.com\/correiodasemana.com\/site\/wp-content\/uploads\/2024\/12\/IMG_4465.jpg?resize=525%2C300&ssl=1 1.5x, https:\/\/i0.wp.com\/correiodasemana.com\/site\/wp-content\/uploads\/2024\/12\/IMG_4465.jpg?resize=700%2C400&ssl=1 2x, https:\/\/i0.wp.com\/correiodasemana.com\/site\/wp-content\/uploads\/2024\/12\/IMG_4465.jpg?resize=1050%2C600&ssl=1 3x"},"classes":[]},{"id":29246,"url":"https:\/\/correiodasemana.com\/site\/em-visita-a-local-de-doacao-e-terminal-de-cargas-do-aeroporto-de-fortaleza-governador-elmano-de-freitas-reforca-estamos-juntos-para-ajudar-o-rio-grande-do-sul\/","url_meta":{"origin":29011,"position":2},"title":"Em visita a local de doa\u00e7\u00e3o e terminal de cargas do Aeroporto de Fortaleza, governador Elmano de Freitas refor\u00e7a: \u201cestamos juntos para ajudar o Rio Grande do Sul\u201d","author":"adminredacao","date":"Maio 13, 2024","format":false,"excerpt":"Cearenses contam com 20 locais de coleta em todo o estado para entregar donativos Jo\u00e3o Pedro Guedes - Ascom Casa Civil O governador Elmano de Freitas visitou, na sexta-feira (10), o Centro Integrado de Seguran\u00e7a P\u00fablica (Cisp), um dos locais de recebimento de donativos, e o terminal de cargas do\u2026","rel":"","context":"In &quot;Atualidade&quot;","block_context":{"text":"Atualidade","link":"https:\/\/correiodasemana.com\/site\/category\/atualidade\/"},"img":{"alt_text":"","src":"https:\/\/i0.wp.com\/correiodasemana.com\/site\/wp-content\/uploads\/2024\/05\/gfg.jpg?resize=350%2C200&ssl=1","width":350,"height":200,"srcset":"https:\/\/i0.wp.com\/correiodasemana.com\/site\/wp-content\/uploads\/2024\/05\/gfg.jpg?resize=350%2C200&ssl=1 1x, https:\/\/i0.wp.com\/correiodasemana.com\/site\/wp-content\/uploads\/2024\/05\/gfg.jpg?resize=525%2C300&ssl=1 1.5x"},"classes":[]},{"id":31831,"url":"https:\/\/correiodasemana.com\/site\/bispos-do-regional-ne-1-se-reunem-com-o-governador-do-ceara-elmano-de-freitas\/","url_meta":{"origin":29011,"position":3},"title":"Bispos do Regional NE 1 se re\u00fanem com o Governador do Cear\u00e1, Elmano de Freitas","author":"adminredacao","date":"Dezembro 24, 2024","format":false,"excerpt":"Nesta segunda-feira, dia 09 de dezembro, no Pal\u00e1cio da Aboli\u00e7\u00e3o em Fortaleza, os bispos das Dioceses e Arquidiocese do Regional Nordeste 1 \u2013 Cear\u00e1 se reuniram com o Govenador do Estado do Cear\u00e1, Elmano de Freitas e com a vice-governadora Jade Romero. Participaram da reuni\u00e3o os bispos das dioceses do\u2026","rel":"","context":"In &quot;Atualidade&quot;","block_context":{"text":"Atualidade","link":"https:\/\/correiodasemana.com\/site\/category\/atualidade\/"},"img":{"alt_text":"","src":"https:\/\/i0.wp.com\/correiodasemana.com\/site\/wp-content\/uploads\/2024\/12\/WhatsApp-Image-2024-12-13-at-17.53.10.jpeg?resize=350%2C200&ssl=1","width":350,"height":200,"srcset":"https:\/\/i0.wp.com\/correiodasemana.com\/site\/wp-content\/uploads\/2024\/12\/WhatsApp-Image-2024-12-13-at-17.53.10.jpeg?resize=350%2C200&ssl=1 1x, https:\/\/i0.wp.com\/correiodasemana.com\/site\/wp-content\/uploads\/2024\/12\/WhatsApp-Image-2024-12-13-at-17.53.10.jpeg?resize=525%2C300&ssl=1 1.5x, https:\/\/i0.wp.com\/correiodasemana.com\/site\/wp-content\/uploads\/2024\/12\/WhatsApp-Image-2024-12-13-at-17.53.10.jpeg?resize=700%2C400&ssl=1 2x, https:\/\/i0.wp.com\/correiodasemana.com\/site\/wp-content\/uploads\/2024\/12\/WhatsApp-Image-2024-12-13-at-17.53.10.jpeg?resize=1050%2C600&ssl=1 3x, https:\/\/i0.wp.com\/correiodasemana.com\/site\/wp-content\/uploads\/2024\/12\/WhatsApp-Image-2024-12-13-at-17.53.10.jpeg?resize=1400%2C800&ssl=1 4x"},"classes":[]},{"id":34647,"url":"https:\/\/correiodasemana.com\/site\/elmano-anuncia-r-220-milhoes-para-duplicacao-da-br-222-no-trecho-de-sobral\/","url_meta":{"origin":29011,"position":4},"title":"Elmano anuncia R$ 220 milh\u00f5es para duplica\u00e7\u00e3o da BR-222 no trecho de Sobral","author":"adminredacao","date":"Julho 15, 2025","format":false,"excerpt":"O governador Elmano de Freitas (PT) afirmou que j\u00e1 assegurou R$ 220 milh\u00f5es junto \u00e0 bancada federal cearense para a execu\u00e7\u00e3o das obras de duplica\u00e7\u00e3o da BR-222, no trecho que d\u00e1 acesso ao munic\u00edpio de Sobral. A informa\u00e7\u00e3o foi dada durante entrevista ao Bom Dia Cear\u00e1, da TV Verdes Mares,\u2026","rel":"","context":"In &quot;Atualidade&quot;","block_context":{"text":"Atualidade","link":"https:\/\/correiodasemana.com\/site\/category\/atualidade\/"},"img":{"alt_text":"","src":"https:\/\/i0.wp.com\/correiodasemana.com\/site\/wp-content\/uploads\/2025\/07\/elmano-de-freitas-no-bom-dia-1.jpeg?resize=350%2C200&ssl=1","width":350,"height":200,"srcset":"https:\/\/i0.wp.com\/correiodasemana.com\/site\/wp-content\/uploads\/2025\/07\/elmano-de-freitas-no-bom-dia-1.jpeg?resize=350%2C200&ssl=1 1x, https:\/\/i0.wp.com\/correiodasemana.com\/site\/wp-content\/uploads\/2025\/07\/elmano-de-freitas-no-bom-dia-1.jpeg?resize=525%2C300&ssl=1 1.5x, https:\/\/i0.wp.com\/correiodasemana.com\/site\/wp-content\/uploads\/2025\/07\/elmano-de-freitas-no-bom-dia-1.jpeg?resize=700%2C400&ssl=1 2x"},"classes":[]},{"id":27507,"url":"https:\/\/correiodasemana.com\/site\/rua-de-itapipoca-e-transformada-pelo-programa-lab-cidades-criativas\/","url_meta":{"origin":29011,"position":5},"title":"Rua de Itapipoca \u00e9 transformada pelo programa LAB Cidades Criativas\u00a0","author":"adminredacao","date":"Dezembro 11, 2023","format":false,"excerpt":"\u00a0 \u00a0 \u00a0 \u00a0 \u00a0 \u00a0 A ressignifica\u00e7\u00e3o dos espa\u00e7os no Cear\u00e1 \u00e9 um projeto do Laborat\u00f3rio Cidades Criativas, que j\u00e1 transformou espa\u00e7os urbanos de cinco cidades no Rio de Janeiro\u00a0 Um corredor urbano de Itapipoca, sem uso pela popula\u00e7\u00e3o, passa por uma transforma\u00e7\u00e3o. O local est\u00e1 sendo revitalizado como\u2026","rel":"","context":"In &quot;Atualidade&quot;","block_context":{"text":"Atualidade","link":"https:\/\/correiodasemana.com\/site\/category\/atualidade\/"},"img":{"alt_text":"","src":"https:\/\/i0.wp.com\/correiodasemana.com\/site\/wp-content\/uploads\/2023\/12\/Beco-Cultural-Itapipoca-fotos-por-Guilherme-Tx-menor-9-scaled.jpg?resize=350%2C200&ssl=1","width":350,"height":200,"srcset":"https:\/\/i0.wp.com\/correiodasemana.com\/site\/wp-content\/uploads\/2023\/12\/Beco-Cultural-Itapipoca-fotos-por-Guilherme-Tx-menor-9-scaled.jpg?resize=350%2C200&ssl=1 1x, https:\/\/i0.wp.com\/correiodasemana.com\/site\/wp-content\/uploads\/2023\/12\/Beco-Cultural-Itapipoca-fotos-por-Guilherme-Tx-menor-9-scaled.jpg?resize=525%2C300&ssl=1 1.5x, https:\/\/i0.wp.com\/correiodasemana.com\/site\/wp-content\/uploads\/2023\/12\/Beco-Cultural-Itapipoca-fotos-por-Guilherme-Tx-menor-9-scaled.jpg?resize=700%2C400&ssl=1 2x, https:\/\/i0.wp.com\/correiodasemana.com\/site\/wp-content\/uploads\/2023\/12\/Beco-Cultural-Itapipoca-fotos-por-Guilherme-Tx-menor-9-scaled.jpg?resize=1050%2C600&ssl=1 3x, https:\/\/i0.wp.com\/correiodasemana.com\/site\/wp-content\/uploads\/2023\/12\/Beco-Cultural-Itapipoca-fotos-por-Guilherme-Tx-menor-9-scaled.jpg?resize=1400%2C800&ssl=1 4x"},"classes":[]}],"jetpack_sharing_enabled":true,"_links":{"self":[{"href":"https:\/\/correiodasemana.com\/site\/wp-json\/wp\/v2\/posts\/29011","targetHints":{"allow":["GET"]}}],"collection":[{"href":"https:\/\/correiodasemana.com\/site\/wp-json\/wp\/v2\/posts"}],"about":[{"href":"https:\/\/correiodasemana.com\/site\/wp-json\/wp\/v2\/types\/post"}],"author":[{"embeddable":true,"href":"https:\/\/correiodasemana.com\/site\/wp-json\/wp\/v2\/users\/7"}],"replies":[{"embeddable":true,"href":"https:\/\/correiodasemana.com\/site\/wp-json\/wp\/v2\/comments?post=29011"}],"version-history":[{"count":1,"href":"https:\/\/correiodasemana.com\/site\/wp-json\/wp\/v2\/posts\/29011\/revisions"}],"predecessor-version":[{"id":29013,"href":"https:\/\/correiodasemana.com\/site\/wp-json\/wp\/v2\/posts\/29011\/revisions\/29013"}],"wp:featuredmedia":[{"embeddable":true,"href":"https:\/\/correiodasemana.com\/site\/wp-json\/wp\/v2\/media\/17437"}],"wp:attachment":[{"href":"https:\/\/correiodasemana.com\/site\/wp-json\/wp\/v2\/media?parent=29011"}],"wp:term":[{"taxonomy":"category","embeddable":true,"href":"https:\/\/correiodasemana.com\/site\/wp-json\/wp\/v2\/categories?post=29011"},{"taxonomy":"post_tag","embeddable":true,"href":"https:\/\/correiodasemana.com\/site\/wp-json\/wp\/v2\/tags?post=29011"}],"curies":[{"name":"wp","href":"https:\/\/api.w.org\/{rel}","templated":true}]}}