{"id":29043,"date":"2024-04-29T12:13:18","date_gmt":"2024-04-29T15:13:18","guid":{"rendered":"https:\/\/correiodasemana.com\/site\/?p=29043"},"modified":"2024-04-29T12:13:18","modified_gmt":"2024-04-29T15:13:18","slug":"perseveranca","status":"publish","type":"post","link":"https:\/\/correiodasemana.com\/site\/perseveranca\/","title":{"rendered":"PERSEVERAN\u00c7A"},"content":{"rendered":"<p>\u201c\u00d3 Deus de eterna miseric\u00f3rdia, na festa anual da P\u00e1scoa reacendeis a f\u00e9 do povo a v\u00f3s consagrado. Aumentai a gra\u00e7a que destes, para que todos compreendam melhor o Batismo que os lavou, o Esp\u00edrito que os regenerou, e o Sangue que os redimiu. De fato, durante o Tempo Pascal, a Igreja nos apresentou as experi\u00eancias vividas pelos primeiros crist\u00e3os com a presen\u00e7a do Ressuscitado. Depois, conduziu-nos a refletir, com a ajuda das ora\u00e7\u00f5es oferecidas pela Liturgia, a entender melhor os Sacramentos, come\u00e7ando pelo Batismo (\u201co Batismo que os lavou\u201d) e levando-nos \u00e0 Eucaristia (\u201co Sangue que os redimiu\u201d), para preparar-nos ao grande presente do Ressuscitado, no Pentecostes (\u201cO Esp\u00edrito que os regenerou\u201d).<br \/>\nRecentemente, tudo isso nos colocou diante da Imagem do Bom Pastor, sabendo que o pr\u00f3prio Cordeiro imolado \u00e9 o pastor e nos conduz \u00e0s fontes da \u00e1gua da vida (cf. Ap 7,17), o que se expressa de modo magn\u00edfico no Salmo 22. De fato, temos a convic\u00e7\u00e3o de que o Senhor \u00e9 o pastor que nos conduz, e por isso n\u00e3o nos falta coisa alguma, pois pelos prados e campinas verdejantes leva seu rebanho a descansar, restaurando suas for\u00e7as. Esta \u00e9 a voca\u00e7\u00e3o da Assembleia de F\u00e9 que se re\u00fane para a Palavra e para a Eucaristia, o verdadeiro repouso de cada Domingo! Por causa da honra de seu nome, mesmo quando passamos por vales tenebrosos da escurid\u00e3o f\u00edsica ou espiritual, nenhum mal precisamos temer, j\u00e1 que ele est\u00e1 conosco com bast\u00e3o e com cajado, guiando-nos no caminho mais seguro, dando-nos a seguran\u00e7a para superar os obst\u00e1culos sempre presentes!<br \/>\nE no mesmo Salmo podemos entrever o que corresponde aos Sacramentos da Inicia\u00e7\u00e3o Crist\u00e3. O Senhor nos conduz \u00e0s \u00e1guas repousantes do Batismo, prepara a mesa da Eucaristia, onde seu c\u00e1lice transborda e o Sacramento da Crisma, com o \u00d3leo do Esp\u00edrito que unge nossa cabe\u00e7a! Com tais gra\u00e7as, nasce a certeza para cada crist\u00e3o de que a felicidade e todo bem h\u00e3o de acompanha-lo toda a vida e a garantia de que habitar\u00e1 na casa do Senhor, pelos tempos infinitos.<br \/>\nTudo magn\u00edfico, mas \u00e9 necess\u00e1rio encontrar as ajudas necess\u00e1rias \u00e0 perseveran\u00e7a, a fim de que n\u00e3o nos deviemos do caminho! O Evangelho do Quinto Domingo da P\u00e1scoa nos apresenta Jesus como a Videira verdadeira, da qual o Pai \u00e9 o agricultor (Jo 15,1-8). Tamb\u00e9m a Igreja, da qual somos membros vivos, \u00e9 comparada a realidades do campo: \u201cA Igreja \u00e9 a agricultura ou o campo de Deus (1 Cor 3,9). Nesse campo cresce a oliveira antiga de que os patriarcas foram a raiz santa e na qual se realizou e realizar\u00e1 a reconcilia\u00e7\u00e3o de judeus e gentios (Rom 11,13-26). Ela foi plantada pelo celeste agricultor como uma vinha eleita (Mt 21,33-43; Is 5,1 ss.). A verdadeira videira \u00e9 Cristo que d\u00e1 vida e fecundidade aos sarmentos, isto \u00e9, a n\u00f3s que pela Igreja permanecemos nele, sem o qual nada podemos fazer\u201d (Jo 15, 1-5).<br \/>\nAlgumas propostas para a perseveran\u00e7a podem ser \u00fateis, para experimentarmos toda a riqueza da seiva que nos vem do tronco verdadeiro que \u00e9 Cristo: \u201cPermanecei em mim, e eu permanecerei em v\u00f3s. Como o ramo n\u00e3o pode dar fruto por si mesmo, se n\u00e3o permanecer na videira, assim tamb\u00e9m v\u00f3s n\u00e3o podereis dar fruto se n\u00e3o permanecerdes em mim. Eu sou a videira e v\u00f3s, os ramos. Aquele que permanece em mim, como eu nele, esse d\u00e1 muito fruto; pois sem mim, nada podeis fazer\u201d (Jo 15,4-5).\u00a0 Seja qual for a etapa de vida crist\u00e3 em que cada um de n\u00f3s se encontrar, comecemos por cultivar as ra\u00edzes de nossa f\u00e9, as ora\u00e7\u00f5es e ensinamentos recebidos no calor amoroso de nosso lar. \u00c9 hora de recordar as express\u00f5es e os gestos mais simples que aprendemos como crian\u00e7as. Certamente muitas pessoas conhecem uma adapta\u00e7\u00e3o de \u201cO meu cora\u00e7\u00e3o \u00e9 s\u00f3 de Jesus\u201d, que diz muito do que refletimos: \u201cNo tempo em que eu era crian\u00e7a, cantava esse canto pensando em Jesus, agora, Jesus estou vendo no irm\u00e3o que, sofrendo, carrega sua cruz! Eu vou com f\u00e9 viver a vida, levar amor onde faltar, levo comigo a esperan\u00e7a de todo mundo poder cantar: \u2018O meu cora\u00e7\u00e3o \u00e9 s\u00f3 de Jesus, a minha alegria \u00e9 a Santa Cruz\u2019\u201d. A gente no mundo de hoje precisa ser forte pra n\u00e3o vacilar, se a gente n\u00e3o tomar cuidado Deus fica de lado e o fracasso vir\u00e1. Os homens s\u00f3 vivem pensando que felicidade \u00e9 dinheiro na m\u00e3o. Feliz \u00e9 quem faz caridade e n\u00e3o guarda maldade no seu cora\u00e7\u00e3o. Queria sair pelo mundo, gritando bem forte que existe o amor, queria que em todo semblante se abrisse um sorriso igual uma flor. H\u00e1 gente que vive brigando, que vive falando da vida que tem! A vida \u00e9 um peso suave, que a gente carrega do jeito que vem. Eu sinto que a vida da gente, parece uma h\u00f3stia na mesa do altar, um p\u00e3o repartido com todos, louvor que se oferta no dom de se dar!\u201d Ora\u00e7\u00e3o pessoal, feita com simpli cidade e espontaneidade!\u00a0Depois, perseveran\u00e7a se cultiva com a for\u00e7a da Palavra de Deus, lida, meditada, rezada e vivida! Quem experimenta quinze minutos di\u00e1rios de leitura da B\u00edblia, durante um ano, l\u00ea a B\u00edblia inteira. Mas n\u00e3o \u00e9 para contar vantagem, pois Palavra acolhida, transforma-se em vida e em testemunho!\u00a0 O espa\u00e7o mais adequado para perseverar na f\u00e9 \u00e9 a vida de Comunidade na Igreja. Missa Dominical, Comunh\u00e3o e ora\u00e7\u00e3o com os irm\u00e3os, um verdadeiro o\u00e1sis no meio de tanta secura nos desertos da vida, tantas vezes cheios de gente! E l\u00e1 na Igreja, cada pessoa poder\u00e1 encontrar o espa\u00e7o da Reconcilia\u00e7\u00e3o e da Paz, no Sacramento da Penit\u00eancia, o abra\u00e7o da Miseric\u00f3rdia de Deus, para recome\u00e7ar sempre, pois sabemos de nossa condi\u00e7\u00e3o de pecadores.\u00a0 Entretanto, a perseveran\u00e7a \u2013 \u201cPermanecei em mim, e eu permanecerei em v\u00f3s. Como o ramo n\u00e3o pode dar fruto por si mesmo, se n\u00e3o permanecer na videira, assim tamb\u00e9m v\u00f3s n\u00e3o podereis dar fruto se n\u00e3o permanecerdes em mim\u201d (Jo 15,4) \u2013 h\u00e1 de produzir frutos na caridade e no esp\u00edrito de servi\u00e7o ao pr\u00f3ximo. Abre-se um leque imenso de possibilidades para se concretizar o amor aos irm\u00e3os. Algu\u00e9m est\u00e1 numa crise profunda? Ajude esta pessoa a sair de si mesma, parar de olhar permanentemente no espelho de suas eventuais vaidades e tamb\u00e9m feiuras ou defeitos, para ir ao encontro dos outros. Servindo ao pr\u00f3ximo, com certeza voltar\u00e1 a alegria de viver. Eis a experi\u00eancia de Paulo, ao despedir-se de uma Comunidade, deixando-lhes a responsabilidade de serem fi\u00e9is e perseverantes, e tomemos posse das mesmas exorta\u00e7\u00f5es: \u201cAgora entrego-vos a Deus e \u00e0 sua palavra misericordiosa, que tem poder para edificar e dar a heran\u00e7a a todos os que foram santificados. N\u00e3o cobicei prata, ouro ou vestes de ningu\u00e9m. V\u00f3s bem sabeis que estas minhas m\u00e3os providenciaram o que era necess\u00e1rio para mim e para os que estavam comigo. Em tudo vos mostrei que, trabalhando desse modo, se deve ajudar aos fracos, recordando as palavras do Senhor Jesus, que disse: \u2018H\u00e1 mais felicidade em dar do que em receber\u2019\u201d. Tendo dito isto, Paulo ajoelhou-se e orou com todos eles\u201d (At 20,32-36). Assim seja tamb\u00e9m em nossa vida!<br \/>\nDom Alberto Taveira Corr\u00eaa\u00a0 &#8211; Arcebispo de Bel\u00e9m do Par\u00e1 (PA)<\/p>\n","protected":false},"excerpt":{"rendered":"<p>\u201c\u00d3 Deus de eterna miseric\u00f3rdia, na festa anual da P\u00e1scoa reacendeis a f\u00e9 do povo&#8230;<\/p>\n","protected":false},"author":7,"featured_media":7687,"comment_status":"open","ping_status":"open","sticky":false,"template":"","format":"standard","meta":{"_jetpack_memberships_contains_paid_content":false,"footnotes":"","jetpack_publicize_message":"","jetpack_publicize_feature_enabled":true,"jetpack_social_post_already_shared":true,"jetpack_social_options":{"image_generator_settings":{"template":"highway","default_image_id":0,"font":"","enabled":false},"version":2}},"categories":[24,11],"tags":[],"class_list":["post-29043","post","type-post","status-publish","format-standard","has-post-thumbnail","hentry","category-a-voz-do-pastor","category-artigos"],"jetpack_publicize_connections":[],"jetpack_featured_media_url":"https:\/\/correiodasemana.com\/site\/wp-content\/uploads\/2018\/02\/Dom-Vasconcelos-posses.jpg","jetpack-related-posts":[{"id":29537,"url":"https:\/\/correiodasemana.com\/site\/10-domingo-do-tempo-comum\/","url_meta":{"origin":29043,"position":0},"title":"10\u00b0 DOMINGO DO TEMPO COMUM\u00a0","author":"adminredacao","date":"Junho 10, 2024","format":false,"excerpt":"10\u00b0 Domingo do tempo Comum \u201cNo Senhor toda gra\u00e7a e reden\u00e7\u00e3o\u201d (Sl 129\/130) Celebramos neste domingo, o d\u00e9cimo deste tempo comum, ap\u00f3s termos celebrado as tr\u00eas solenidades que marcam este tempo que s\u00e3o: Sant\u00edssima Trindade, Corpus Christi e Sagrado Cora\u00e7\u00e3o de Jesus que celebramos na \u00faltima sexta-feira. Continuamos a celebrar\u2026","rel":"","context":"In &quot;A voz do Pastor&quot;","block_context":{"text":"A voz do Pastor","link":"https:\/\/correiodasemana.com\/site\/category\/a-voz-do-pastor\/"},"img":{"alt_text":"","src":"https:\/\/i0.wp.com\/correiodasemana.com\/site\/wp-content\/uploads\/2018\/02\/Dom-Vasconcelos-posses.jpg?resize=350%2C200&ssl=1","width":350,"height":200,"srcset":"https:\/\/i0.wp.com\/correiodasemana.com\/site\/wp-content\/uploads\/2018\/02\/Dom-Vasconcelos-posses.jpg?resize=350%2C200&ssl=1 1x, https:\/\/i0.wp.com\/correiodasemana.com\/site\/wp-content\/uploads\/2018\/02\/Dom-Vasconcelos-posses.jpg?resize=525%2C300&ssl=1 1.5x, https:\/\/i0.wp.com\/correiodasemana.com\/site\/wp-content\/uploads\/2018\/02\/Dom-Vasconcelos-posses.jpg?resize=700%2C400&ssl=1 2x"},"classes":[]},{"id":28841,"url":"https:\/\/correiodasemana.com\/site\/a-graca-da-pascoa\/","url_meta":{"origin":29043,"position":1},"title":"A GRA\u00c7A DA P\u00c1SCOA","author":"adminredacao","date":"Abril 2, 2024","format":false,"excerpt":"Com a alegria que \u00e9 fruto do Esp\u00edrito Santo, estamos celebrando a P\u00e1scoa de Nosso Senhor Jesus Cristo. Todos somos convidados a participar intensamente do Tr\u00edduo Pascal. A P\u00e1scoa da Ceia, com a Missa da Ceia do Senhor, abre-nos o cora\u00e7\u00e3o para a entrega total do Senhor, no dom da\u2026","rel":"","context":"In &quot;A voz do Pastor&quot;","block_context":{"text":"A voz do Pastor","link":"https:\/\/correiodasemana.com\/site\/category\/a-voz-do-pastor\/"},"img":{"alt_text":"","src":"https:\/\/i0.wp.com\/correiodasemana.com\/site\/wp-content\/uploads\/2018\/02\/Dom-Vasconcelos-posses.jpg?resize=350%2C200&ssl=1","width":350,"height":200,"srcset":"https:\/\/i0.wp.com\/correiodasemana.com\/site\/wp-content\/uploads\/2018\/02\/Dom-Vasconcelos-posses.jpg?resize=350%2C200&ssl=1 1x, https:\/\/i0.wp.com\/correiodasemana.com\/site\/wp-content\/uploads\/2018\/02\/Dom-Vasconcelos-posses.jpg?resize=525%2C300&ssl=1 1.5x, https:\/\/i0.wp.com\/correiodasemana.com\/site\/wp-content\/uploads\/2018\/02\/Dom-Vasconcelos-posses.jpg?resize=700%2C400&ssl=1 2x"},"classes":[]},{"id":24367,"url":"https:\/\/correiodasemana.com\/site\/as-veredas-do-bom-pastor\/","url_meta":{"origin":29043,"position":2},"title":"AS VEREDAS DO BOM PASTOR","author":"adminredacao","date":"Maio 1, 2023","format":false,"excerpt":"O Bom Pastor vai \u00e0 frente das ovelhas, muitas vezes caminha ao lado delas e entre elas, assim como deve ir atr\u00e1s das ovelhas para estimul\u00e1-las a andar para frente. Desejamos seguir Jesus e descobrir seu modo de pastorear, deixar-nos conduzir e abra\u00e7ar seus m\u00e9todos e atitudes no trato com\u2026","rel":"","context":"In &quot;Atualidade&quot;","block_context":{"text":"Atualidade","link":"https:\/\/correiodasemana.com\/site\/category\/atualidade\/"},"img":{"alt_text":"","src":"https:\/\/i0.wp.com\/correiodasemana.com\/site\/wp-content\/uploads\/2019\/07\/Dom-Vasconcelos-posses.jpg?resize=350%2C200&ssl=1","width":350,"height":200,"srcset":"https:\/\/i0.wp.com\/correiodasemana.com\/site\/wp-content\/uploads\/2019\/07\/Dom-Vasconcelos-posses.jpg?resize=350%2C200&ssl=1 1x, https:\/\/i0.wp.com\/correiodasemana.com\/site\/wp-content\/uploads\/2019\/07\/Dom-Vasconcelos-posses.jpg?resize=525%2C300&ssl=1 1.5x, https:\/\/i0.wp.com\/correiodasemana.com\/site\/wp-content\/uploads\/2019\/07\/Dom-Vasconcelos-posses.jpg?resize=700%2C400&ssl=1 2x"},"classes":[]},{"id":35243,"url":"https:\/\/correiodasemana.com\/site\/ordenacao-diaconal-do-seminarista-lucas-monteiro-barbosa\/","url_meta":{"origin":29043,"position":3},"title":"Ordena\u00e7\u00e3o Diaconal do seminarista Lucas Monteiro Barbosa","author":"adminredacao","date":"Agosto 25, 2025","format":false,"excerpt":"Massap\u00ea, 18 de agosto de 2025 HOMILIA Amadas irm\u00e3os e amadas irm\u00e3s, eu e toda a Diocese de Sobral temos a alegria de ordenar hoje o terceiro Di\u00e1cono em vista do sacerd\u00f3cio ministerial este ano. As duas \u00faltimas se d\u00e3o neste m\u00eas de agosto que \u00e9 o m\u00eas vocacional. Todos\u2026","rel":"","context":"In &quot;Atualidade&quot;","block_context":{"text":"Atualidade","link":"https:\/\/correiodasemana.com\/site\/category\/atualidade\/"},"img":{"alt_text":"","src":"https:\/\/i0.wp.com\/correiodasemana.com\/site\/wp-content\/uploads\/2025\/08\/DSC_1778-scaled.jpg?resize=350%2C200&ssl=1","width":350,"height":200,"srcset":"https:\/\/i0.wp.com\/correiodasemana.com\/site\/wp-content\/uploads\/2025\/08\/DSC_1778-scaled.jpg?resize=350%2C200&ssl=1 1x, https:\/\/i0.wp.com\/correiodasemana.com\/site\/wp-content\/uploads\/2025\/08\/DSC_1778-scaled.jpg?resize=525%2C300&ssl=1 1.5x, https:\/\/i0.wp.com\/correiodasemana.com\/site\/wp-content\/uploads\/2025\/08\/DSC_1778-scaled.jpg?resize=700%2C400&ssl=1 2x, https:\/\/i0.wp.com\/correiodasemana.com\/site\/wp-content\/uploads\/2025\/08\/DSC_1778-scaled.jpg?resize=1050%2C600&ssl=1 3x, https:\/\/i0.wp.com\/correiodasemana.com\/site\/wp-content\/uploads\/2025\/08\/DSC_1778-scaled.jpg?resize=1400%2C800&ssl=1 4x"},"classes":[]},{"id":34082,"url":"https:\/\/correiodasemana.com\/site\/vem-espirito-santo\/","url_meta":{"origin":29043,"position":4},"title":"Vem, Esp\u00edrito Santo!","author":"adminredacao","date":"Junho 9, 2025","format":false,"excerpt":"Estimados irm\u00e3os e irm\u00e3s em Cristo Jesus! Neste final de semana, como Igreja, Povo de Deus a caminho e peregrinos de esperan\u00e7a, celebramos a Festa de Pentecostes. Com a vinda do Esp\u00edrito Santo tem in\u00edcio uma nova alian\u00e7a entre Deus e os homens. A Festa de Pentecostes era originalmente a\u2026","rel":"","context":"In &quot;A voz do Pastor&quot;","block_context":{"text":"A voz do Pastor","link":"https:\/\/correiodasemana.com\/site\/category\/a-voz-do-pastor\/"},"img":{"alt_text":"","src":"https:\/\/i0.wp.com\/correiodasemana.com\/site\/wp-content\/uploads\/2019\/07\/Dom-Vasconcelos-posses.jpg?resize=350%2C200&ssl=1","width":350,"height":200,"srcset":"https:\/\/i0.wp.com\/correiodasemana.com\/site\/wp-content\/uploads\/2019\/07\/Dom-Vasconcelos-posses.jpg?resize=350%2C200&ssl=1 1x, https:\/\/i0.wp.com\/correiodasemana.com\/site\/wp-content\/uploads\/2019\/07\/Dom-Vasconcelos-posses.jpg?resize=525%2C300&ssl=1 1.5x, https:\/\/i0.wp.com\/correiodasemana.com\/site\/wp-content\/uploads\/2019\/07\/Dom-Vasconcelos-posses.jpg?resize=700%2C400&ssl=1 2x"},"classes":[]},{"id":29384,"url":"https:\/\/correiodasemana.com\/site\/dom-vasconcelos-preside-solenidade-de-pentecostes-na-se-catedral-de-sobral\/","url_meta":{"origin":29043,"position":5},"title":"Dom Vasconcelos preside Solenidade de Pentecostes na S\u00e9 Catedral de Sobral","author":"adminredacao","date":"Maio 27, 2024","format":false,"excerpt":"A Igreja Cat\u00f3lica celebrou neste domingo, 19 de maio, a Solenidade de Pentecostes. Dom Vasconcelos, bispo de Sobral\/CE presidiu a Solenidade no findar da tarde na S\u00e9 Catedral de Nossa Senhora da Concei\u00e7\u00e3o. Nesta data solene, a humanidade faz mem\u00f3ria a descida do Esp\u00edrito Santo sobre Maria e os ap\u00f3stolos\u2026","rel":"","context":"In &quot;Atualidade&quot;","block_context":{"text":"Atualidade","link":"https:\/\/correiodasemana.com\/site\/category\/atualidade\/"},"img":{"alt_text":"","src":"https:\/\/i0.wp.com\/correiodasemana.com\/site\/wp-content\/uploads\/2024\/05\/WhatsApp-Image-2024-05-24-at-16.54.45-1.jpeg?resize=350%2C200&ssl=1","width":350,"height":200,"srcset":"https:\/\/i0.wp.com\/correiodasemana.com\/site\/wp-content\/uploads\/2024\/05\/WhatsApp-Image-2024-05-24-at-16.54.45-1.jpeg?resize=350%2C200&ssl=1 1x, https:\/\/i0.wp.com\/correiodasemana.com\/site\/wp-content\/uploads\/2024\/05\/WhatsApp-Image-2024-05-24-at-16.54.45-1.jpeg?resize=525%2C300&ssl=1 1.5x, https:\/\/i0.wp.com\/correiodasemana.com\/site\/wp-content\/uploads\/2024\/05\/WhatsApp-Image-2024-05-24-at-16.54.45-1.jpeg?resize=700%2C400&ssl=1 2x, https:\/\/i0.wp.com\/correiodasemana.com\/site\/wp-content\/uploads\/2024\/05\/WhatsApp-Image-2024-05-24-at-16.54.45-1.jpeg?resize=1050%2C600&ssl=1 3x"},"classes":[]}],"jetpack_sharing_enabled":true,"_links":{"self":[{"href":"https:\/\/correiodasemana.com\/site\/wp-json\/wp\/v2\/posts\/29043","targetHints":{"allow":["GET"]}}],"collection":[{"href":"https:\/\/correiodasemana.com\/site\/wp-json\/wp\/v2\/posts"}],"about":[{"href":"https:\/\/correiodasemana.com\/site\/wp-json\/wp\/v2\/types\/post"}],"author":[{"embeddable":true,"href":"https:\/\/correiodasemana.com\/site\/wp-json\/wp\/v2\/users\/7"}],"replies":[{"embeddable":true,"href":"https:\/\/correiodasemana.com\/site\/wp-json\/wp\/v2\/comments?post=29043"}],"version-history":[{"count":1,"href":"https:\/\/correiodasemana.com\/site\/wp-json\/wp\/v2\/posts\/29043\/revisions"}],"predecessor-version":[{"id":29044,"href":"https:\/\/correiodasemana.com\/site\/wp-json\/wp\/v2\/posts\/29043\/revisions\/29044"}],"wp:featuredmedia":[{"embeddable":true,"href":"https:\/\/correiodasemana.com\/site\/wp-json\/wp\/v2\/media\/7687"}],"wp:attachment":[{"href":"https:\/\/correiodasemana.com\/site\/wp-json\/wp\/v2\/media?parent=29043"}],"wp:term":[{"taxonomy":"category","embeddable":true,"href":"https:\/\/correiodasemana.com\/site\/wp-json\/wp\/v2\/categories?post=29043"},{"taxonomy":"post_tag","embeddable":true,"href":"https:\/\/correiodasemana.com\/site\/wp-json\/wp\/v2\/tags?post=29043"}],"curies":[{"name":"wp","href":"https:\/\/api.w.org\/{rel}","templated":true}]}}