{"id":29052,"date":"2024-04-29T12:17:12","date_gmt":"2024-04-29T15:17:12","guid":{"rendered":"https:\/\/correiodasemana.com\/site\/?p=29052"},"modified":"2024-04-29T12:17:12","modified_gmt":"2024-04-29T15:17:12","slug":"em-acarau-comunidade-de-tucunzeiros-celebra-festa-de-santo-expedito","status":"publish","type":"post","link":"https:\/\/correiodasemana.com\/site\/em-acarau-comunidade-de-tucunzeiros-celebra-festa-de-santo-expedito\/","title":{"rendered":"Em Acara\u00fa, comunidade de Tucunzeiros celebra Festa de Santo Expedito"},"content":{"rendered":"<div id='gallery-1' class='gallery galleryid-29052 gallery-columns-6 gallery-size-thumbnail'><figure class='gallery-item'>\n\t\t\t<div class='gallery-icon landscape'>\n\t\t\t\t<a href='https:\/\/correiodasemana.com\/site\/em-acarau-comunidade-de-tucunzeiros-celebra-festa-de-santo-expedito\/em-acarau-1\/'><img loading=\"lazy\" width=\"150\" height=\"150\" src=\"https:\/\/correiodasemana.com\/site\/wp-content\/uploads\/2024\/04\/EM-ACARAU-1-150x150.jpeg\" class=\"attachment-thumbnail size-thumbnail\" alt=\"EM ACARA\u00da (1)\" loading=\"lazy\" decoding=\"async\" \/><\/a>\n\t\t\t<\/div><\/figure><figure class='gallery-item'>\n\t\t\t<div class='gallery-icon landscape'>\n\t\t\t\t<a href='https:\/\/correiodasemana.com\/site\/em-acarau-comunidade-de-tucunzeiros-celebra-festa-de-santo-expedito\/em-acarau-2\/'><img loading=\"lazy\" width=\"150\" height=\"150\" src=\"https:\/\/correiodasemana.com\/site\/wp-content\/uploads\/2024\/04\/EM-ACARAU-2-150x150.jpeg\" class=\"attachment-thumbnail size-thumbnail\" alt=\"EM ACARA\u00da (2)\" loading=\"lazy\" decoding=\"async\" \/><\/a>\n\t\t\t<\/div><\/figure><figure class='gallery-item'>\n\t\t\t<div class='gallery-icon landscape'>\n\t\t\t\t<a href='https:\/\/correiodasemana.com\/site\/em-acarau-comunidade-de-tucunzeiros-celebra-festa-de-santo-expedito\/em-acarau-3\/'><img loading=\"lazy\" width=\"150\" height=\"150\" src=\"https:\/\/correiodasemana.com\/site\/wp-content\/uploads\/2024\/04\/EM-ACARAU-3-150x150.jpeg\" class=\"attachment-thumbnail size-thumbnail\" alt=\"EM ACARA\u00da (3)\" loading=\"lazy\" decoding=\"async\" \/><\/a>\n\t\t\t<\/div><\/figure>\n\t\t<\/div>\n\n<p>santo das causas imposs\u00edveis foi celebrado fervorosamente pela comunidade de Tucunzeiros em Acara\u00fa de 12 a 19 de abril. Os paroquianos que tem Santo Expedito como padroeiro meditaram durante o per\u00edodo de festa o tema: \u201cEnsina-nos a sermos uma comunidade de ora\u00e7\u00e3o e partilha\u201d.<br \/>\nSanto Expedito \u00e9 invocado com f\u00e9 por todos aqueles que confiam em sua intercess\u00e3o para o aux\u00edlio em causas que necessitam de urg\u00eancia. O objetivo da festa \u00e9 fazer nascer e inspirar nos cora\u00e7\u00f5es a viv\u00eancia da partilha e da ora\u00e7\u00e3o, ajudando na constru\u00e7\u00e3o de uma comunidade de f\u00e9, comprometida e fiel com as pr\u00e1ticas do verdadeiro significado de ser Igreja. A festa que reuniu fi\u00e9is de todos os lugares recebeu diariamente di\u00e1conos e padres que refletiram em cada noite um tema espec\u00edfico que levavam ao aprofundamento do tema central da festa. Encerrando os festejos, padre Jo\u00e3o Vasconcelos, p\u00e1roco da Par\u00f3quia de Nossa Senhora da Concei\u00e7\u00e3o em Acara\u00fa, levou uma mensagem de \u00e2nimo e f\u00e9 que contribuem com a caminhada crist\u00e3, que tem em seus santos, intercessores junto a Deus.<br \/>\nThais Helena<br \/>\nJornalista<\/p>\n","protected":false},"excerpt":{"rendered":"<p>santo das causas imposs\u00edveis foi celebrado fervorosamente pela comunidade de Tucunzeiros em Acara\u00fa de 12&#8230;<\/p>\n","protected":false},"author":7,"featured_media":29055,"comment_status":"open","ping_status":"open","sticky":false,"template":"","format":"standard","meta":{"_jetpack_memberships_contains_paid_content":false,"footnotes":"","jetpack_publicize_message":"","jetpack_publicize_feature_enabled":true,"jetpack_social_post_already_shared":true,"jetpack_social_options":{"image_generator_settings":{"template":"highway","default_image_id":0,"font":"","enabled":false},"version":2}},"categories":[1],"tags":[],"class_list":["post-29052","post","type-post","status-publish","format-standard","has-post-thumbnail","hentry","category-atualidade"],"jetpack_publicize_connections":[],"jetpack_featured_media_url":"https:\/\/correiodasemana.com\/site\/wp-content\/uploads\/2024\/04\/EM-ACARAU-3.jpeg","jetpack-related-posts":[{"id":31657,"url":"https:\/\/correiodasemana.com\/site\/festa-da-imaculada-conceicao-tem-inicio-com-celebracoes-de-fe-e-uniao-na-se-catedral-de-sobral\/","url_meta":{"origin":29052,"position":0},"title":"Festa da Imaculada Concei\u00e7\u00e3o tem in\u00edcio com celebra\u00e7\u00f5es de f\u00e9 e uni\u00e3o na S\u00e9 Catedral de Sobral","author":"adminredacao","date":"Dezembro 2, 2024","format":false,"excerpt":"A abertura da Festa da Imaculada Concei\u00e7\u00e3o, padroeira da Diocese de Sobral, foi marcada por uma programa\u00e7\u00e3o especial organizada pela Par\u00f3quia da S\u00e9, na S\u00e9 Catedral. Manh\u00e3 de Espiritualidade As celebra\u00e7\u00f5es desta quinta-feira, 28 de novembro, reuniram fi\u00e9is para momentos de devo\u00e7\u00e3o, espiritualidade e conviv\u00eancia comunit\u00e1ria. O dia come\u00e7ou com\u2026","rel":"","context":"In &quot;Atualidade&quot;","block_context":{"text":"Atualidade","link":"https:\/\/correiodasemana.com\/site\/category\/atualidade\/"},"img":{"alt_text":"","src":"https:\/\/i0.wp.com\/correiodasemana.com\/site\/wp-content\/uploads\/2024\/12\/festa-maria-imaculada-sobral-11.jpeg?resize=350%2C200&ssl=1","width":350,"height":200,"srcset":"https:\/\/i0.wp.com\/correiodasemana.com\/site\/wp-content\/uploads\/2024\/12\/festa-maria-imaculada-sobral-11.jpeg?resize=350%2C200&ssl=1 1x, https:\/\/i0.wp.com\/correiodasemana.com\/site\/wp-content\/uploads\/2024\/12\/festa-maria-imaculada-sobral-11.jpeg?resize=525%2C300&ssl=1 1.5x, https:\/\/i0.wp.com\/correiodasemana.com\/site\/wp-content\/uploads\/2024\/12\/festa-maria-imaculada-sobral-11.jpeg?resize=700%2C400&ssl=1 2x, https:\/\/i0.wp.com\/correiodasemana.com\/site\/wp-content\/uploads\/2024\/12\/festa-maria-imaculada-sobral-11.jpeg?resize=1050%2C600&ssl=1 3x, https:\/\/i0.wp.com\/correiodasemana.com\/site\/wp-content\/uploads\/2024\/12\/festa-maria-imaculada-sobral-11.jpeg?resize=1400%2C800&ssl=1 4x"},"classes":[]},{"id":34493,"url":"https:\/\/correiodasemana.com\/site\/com-esperanca-e-fe-comunidade-do-bairro-dom-expedito-celebra-festa-de-sao-pedro\/","url_meta":{"origin":29052,"position":1},"title":"Com Esperan\u00e7a e F\u00e9, comunidade do bairro Dom Expedito celebra Festa de S\u00e3o Pedro","author":"adminredacao","date":"Julho 8, 2025","format":false,"excerpt":"De 19 a 29 de junho, a comunidade do bairro Dom Expedito celebrou a Festa em honra a S\u00e3o Pedro com o tema: \u201cS\u00e3o Pedro: Guardi\u00e3o da f\u00e9 e inspira\u00e7\u00e3o para os peregrinos da esperan\u00e7a\u201d e o lema: \u201cA quem iremos, Senhor? Tu tens palavras de vida eterna\u201d. No final\u2026","rel":"","context":"In &quot;Atualidade&quot;","block_context":{"text":"Atualidade","link":"https:\/\/correiodasemana.com\/site\/category\/atualidade\/"},"img":{"alt_text":"","src":"https:\/\/i0.wp.com\/correiodasemana.com\/site\/wp-content\/uploads\/2025\/07\/WhatsApp-Image-2025-07-04-at-17.20.36-2-scaled.jpeg?resize=350%2C200&ssl=1","width":350,"height":200,"srcset":"https:\/\/i0.wp.com\/correiodasemana.com\/site\/wp-content\/uploads\/2025\/07\/WhatsApp-Image-2025-07-04-at-17.20.36-2-scaled.jpeg?resize=350%2C200&ssl=1 1x, https:\/\/i0.wp.com\/correiodasemana.com\/site\/wp-content\/uploads\/2025\/07\/WhatsApp-Image-2025-07-04-at-17.20.36-2-scaled.jpeg?resize=525%2C300&ssl=1 1.5x, https:\/\/i0.wp.com\/correiodasemana.com\/site\/wp-content\/uploads\/2025\/07\/WhatsApp-Image-2025-07-04-at-17.20.36-2-scaled.jpeg?resize=700%2C400&ssl=1 2x, https:\/\/i0.wp.com\/correiodasemana.com\/site\/wp-content\/uploads\/2025\/07\/WhatsApp-Image-2025-07-04-at-17.20.36-2-scaled.jpeg?resize=1050%2C600&ssl=1 3x, https:\/\/i0.wp.com\/correiodasemana.com\/site\/wp-content\/uploads\/2025\/07\/WhatsApp-Image-2025-07-04-at-17.20.36-2-scaled.jpeg?resize=1400%2C800&ssl=1 4x"},"classes":[]},{"id":30154,"url":"https:\/\/correiodasemana.com\/site\/em-santana-do-acarau-comunidade-paroquial-participa-de-festa-em-honra-a-senhora-santana\/","url_meta":{"origin":29052,"position":2},"title":"Em Santana do Acara\u00fa, comunidade paroquial participa de Festa  em honra a Senhora Sant\u2019Ana","author":"adminredacao","date":"Julho 29, 2024","format":false,"excerpt":"A comunidade paroquial do munic\u00edpio de Santana do Acara\u00fa localizada a 37km de Sobral, celebrou de 16 a 26 de julho, a festa da padroeira, Senhora Sant\u2019Ana, av\u00f3 de Jesus. O tema deste ano foi: \u201cSenhor, ensina-nos a rezar\u201d. (Lc 11, 1), j\u00e1 em prepara\u00e7\u00e3o para o jubileu paroquial em\u2026","rel":"","context":"In &quot;Atualidade&quot;","block_context":{"text":"Atualidade","link":"https:\/\/correiodasemana.com\/site\/category\/atualidade\/"},"img":{"alt_text":"","src":"https:\/\/i0.wp.com\/correiodasemana.com\/site\/wp-content\/uploads\/2024\/07\/WhatsApp-Image-2024-07-27-at-15.50.10.jpeg?resize=350%2C200&ssl=1","width":350,"height":200,"srcset":"https:\/\/i0.wp.com\/correiodasemana.com\/site\/wp-content\/uploads\/2024\/07\/WhatsApp-Image-2024-07-27-at-15.50.10.jpeg?resize=350%2C200&ssl=1 1x, https:\/\/i0.wp.com\/correiodasemana.com\/site\/wp-content\/uploads\/2024\/07\/WhatsApp-Image-2024-07-27-at-15.50.10.jpeg?resize=525%2C300&ssl=1 1.5x, https:\/\/i0.wp.com\/correiodasemana.com\/site\/wp-content\/uploads\/2024\/07\/WhatsApp-Image-2024-07-27-at-15.50.10.jpeg?resize=700%2C400&ssl=1 2x, https:\/\/i0.wp.com\/correiodasemana.com\/site\/wp-content\/uploads\/2024\/07\/WhatsApp-Image-2024-07-27-at-15.50.10.jpeg?resize=1050%2C600&ssl=1 3x, https:\/\/i0.wp.com\/correiodasemana.com\/site\/wp-content\/uploads\/2024\/07\/WhatsApp-Image-2024-07-27-at-15.50.10.jpeg?resize=1400%2C800&ssl=1 4x"},"classes":[]},{"id":36231,"url":"https:\/\/correiodasemana.com\/site\/diocese-de-sobral-celebra-festa-da-dedicacao-da-basilica-de-sao-joao-de-latrao-e-recorda-seu-veneravel-e-servos-de-deus\/","url_meta":{"origin":29052,"position":3},"title":"Diocese de Sobral celebra Festa da Dedica\u00e7\u00e3o da Bas\u00edlica de S\u00e3o Jo\u00e3o de Latr\u00e3o e recorda seu Vener\u00e1vel e Servos de Deus","author":"adminredacao","date":"Novembro 12, 2025","format":false,"excerpt":"Na noite do \u00faltimo domingo (09\/11), a S\u00e9 Catedral de Nossa Senhora da Concei\u00e7\u00e3o celebrou a Festa da Dedica\u00e7\u00e3o da Bas\u00edlica de S\u00e3o Jo\u00e3o de Latr\u00e3o, em solene celebra\u00e7\u00e3o eucar\u00edstica presidida pelo bispo diocesano, Dom Jos\u00e9 Luiz Gomes de Vasconcelos. A Bas\u00edlica, considerada a catedral do Papa, \u00e9 s\u00edmbolo da\u2026","rel":"","context":"In &quot;Atualidade&quot;","block_context":{"text":"Atualidade","link":"https:\/\/correiodasemana.com\/site\/category\/atualidade\/"},"img":{"alt_text":"","src":"https:\/\/i0.wp.com\/correiodasemana.com\/site\/wp-content\/uploads\/2025\/11\/DSC_9208-scaled.jpg?resize=350%2C200&ssl=1","width":350,"height":200,"srcset":"https:\/\/i0.wp.com\/correiodasemana.com\/site\/wp-content\/uploads\/2025\/11\/DSC_9208-scaled.jpg?resize=350%2C200&ssl=1 1x, https:\/\/i0.wp.com\/correiodasemana.com\/site\/wp-content\/uploads\/2025\/11\/DSC_9208-scaled.jpg?resize=525%2C300&ssl=1 1.5x, https:\/\/i0.wp.com\/correiodasemana.com\/site\/wp-content\/uploads\/2025\/11\/DSC_9208-scaled.jpg?resize=700%2C400&ssl=1 2x, https:\/\/i0.wp.com\/correiodasemana.com\/site\/wp-content\/uploads\/2025\/11\/DSC_9208-scaled.jpg?resize=1050%2C600&ssl=1 3x, https:\/\/i0.wp.com\/correiodasemana.com\/site\/wp-content\/uploads\/2025\/11\/DSC_9208-scaled.jpg?resize=1400%2C800&ssl=1 4x"},"classes":[]},{"id":34509,"url":"https:\/\/correiodasemana.com\/site\/a-festa-de-sao-joao-batista-em-pacuja-tradicao-fe-cultura-popular-e-memoria-viva-de-pacuja\/","url_meta":{"origin":29052,"position":4},"title":"A FESTA DE S\u00c3O JO\u00c3O BATISTA EM PACUJ\u00c1:  TRADI\u00c7\u00c3O, F\u00c9, CULTURA POPULAR E MEM\u00d3RIA VIVA DE PACUJ\u00c1","author":"adminredacao","date":"Julho 8, 2025","format":false,"excerpt":"A tradicional festa de S\u00e3o Jo\u00e3o Batista em Pacuj\u00e1 teve in\u00edcio no dia 14 de junho, marcando o come\u00e7o dos festejos com o solene repicar do sino e a apresenta\u00e7\u00e3o da banda de m\u00fasica, que emocionou a comunidade. Na parte da manh\u00e3, a ora\u00e7\u00e3o das Laudes foi conduzida com devo\u00e7\u00e3o\u2026","rel":"","context":"In &quot;Atualidade&quot;","block_context":{"text":"Atualidade","link":"https:\/\/correiodasemana.com\/site\/category\/atualidade\/"},"img":{"alt_text":"","src":"https:\/\/i0.wp.com\/correiodasemana.com\/site\/wp-content\/uploads\/2025\/07\/Image-2-scaled.jpeg?resize=350%2C200&ssl=1","width":350,"height":200,"srcset":"https:\/\/i0.wp.com\/correiodasemana.com\/site\/wp-content\/uploads\/2025\/07\/Image-2-scaled.jpeg?resize=350%2C200&ssl=1 1x, https:\/\/i0.wp.com\/correiodasemana.com\/site\/wp-content\/uploads\/2025\/07\/Image-2-scaled.jpeg?resize=525%2C300&ssl=1 1.5x, https:\/\/i0.wp.com\/correiodasemana.com\/site\/wp-content\/uploads\/2025\/07\/Image-2-scaled.jpeg?resize=700%2C400&ssl=1 2x, https:\/\/i0.wp.com\/correiodasemana.com\/site\/wp-content\/uploads\/2025\/07\/Image-2-scaled.jpeg?resize=1050%2C600&ssl=1 3x, https:\/\/i0.wp.com\/correiodasemana.com\/site\/wp-content\/uploads\/2025\/07\/Image-2-scaled.jpeg?resize=1400%2C800&ssl=1 4x"},"classes":[]},{"id":34183,"url":"https:\/\/correiodasemana.com\/site\/paroquia-de-nossa-senhora-do-patrocinio-celebra-festa-em-honra-ao-divino-espirito-santo\/","url_meta":{"origin":29052,"position":5},"title":"Par\u00f3quia de Nossa Senhora do Patroc\u00ednio celebra Festa em honra ao Divino Esp\u00edrito Santo","author":"adminredacao","date":"Junho 16, 2025","format":false,"excerpt":"De 29 de maio a 07 de junho, a comunidade paroquial da Par\u00f3quia de Nossa Senhora do Patroc\u00ednio celebrou com f\u00e9 e devo\u00e7\u00e3o os noven\u00e1rios em prepara\u00e7\u00e3o para a Festa do Divino Esp\u00edrito Santo na Igreja Matriz, com o tema: \u201cO Esp\u00edrito Santo vem em socorro de nossa fraqueza, pois\u2026","rel":"","context":"In &quot;Atualidade&quot;","block_context":{"text":"Atualidade","link":"https:\/\/correiodasemana.com\/site\/category\/atualidade\/"},"img":{"alt_text":"","src":"https:\/\/i0.wp.com\/correiodasemana.com\/site\/wp-content\/uploads\/2025\/06\/WhatsApp-Image-2025-06-08-at-23.26.20.jpeg?resize=350%2C200&ssl=1","width":350,"height":200,"srcset":"https:\/\/i0.wp.com\/correiodasemana.com\/site\/wp-content\/uploads\/2025\/06\/WhatsApp-Image-2025-06-08-at-23.26.20.jpeg?resize=350%2C200&ssl=1 1x, https:\/\/i0.wp.com\/correiodasemana.com\/site\/wp-content\/uploads\/2025\/06\/WhatsApp-Image-2025-06-08-at-23.26.20.jpeg?resize=525%2C300&ssl=1 1.5x, https:\/\/i0.wp.com\/correiodasemana.com\/site\/wp-content\/uploads\/2025\/06\/WhatsApp-Image-2025-06-08-at-23.26.20.jpeg?resize=700%2C400&ssl=1 2x, https:\/\/i0.wp.com\/correiodasemana.com\/site\/wp-content\/uploads\/2025\/06\/WhatsApp-Image-2025-06-08-at-23.26.20.jpeg?resize=1050%2C600&ssl=1 3x"},"classes":[]}],"jetpack_sharing_enabled":true,"_links":{"self":[{"href":"https:\/\/correiodasemana.com\/site\/wp-json\/wp\/v2\/posts\/29052","targetHints":{"allow":["GET"]}}],"collection":[{"href":"https:\/\/correiodasemana.com\/site\/wp-json\/wp\/v2\/posts"}],"about":[{"href":"https:\/\/correiodasemana.com\/site\/wp-json\/wp\/v2\/types\/post"}],"author":[{"embeddable":true,"href":"https:\/\/correiodasemana.com\/site\/wp-json\/wp\/v2\/users\/7"}],"replies":[{"embeddable":true,"href":"https:\/\/correiodasemana.com\/site\/wp-json\/wp\/v2\/comments?post=29052"}],"version-history":[{"count":1,"href":"https:\/\/correiodasemana.com\/site\/wp-json\/wp\/v2\/posts\/29052\/revisions"}],"predecessor-version":[{"id":29056,"href":"https:\/\/correiodasemana.com\/site\/wp-json\/wp\/v2\/posts\/29052\/revisions\/29056"}],"wp:featuredmedia":[{"embeddable":true,"href":"https:\/\/correiodasemana.com\/site\/wp-json\/wp\/v2\/media\/29055"}],"wp:attachment":[{"href":"https:\/\/correiodasemana.com\/site\/wp-json\/wp\/v2\/media?parent=29052"}],"wp:term":[{"taxonomy":"category","embeddable":true,"href":"https:\/\/correiodasemana.com\/site\/wp-json\/wp\/v2\/categories?post=29052"},{"taxonomy":"post_tag","embeddable":true,"href":"https:\/\/correiodasemana.com\/site\/wp-json\/wp\/v2\/tags?post=29052"}],"curies":[{"name":"wp","href":"https:\/\/api.w.org\/{rel}","templated":true}]}}