{"id":29061,"date":"2024-04-29T12:21:05","date_gmt":"2024-04-29T15:21:05","guid":{"rendered":"https:\/\/correiodasemana.com\/site\/?p=29061"},"modified":"2024-04-29T12:21:05","modified_gmt":"2024-04-29T15:21:05","slug":"em-tempo-224","status":"publish","type":"post","link":"https:\/\/correiodasemana.com\/site\/em-tempo-224\/","title":{"rendered":"EM TEMPO \u2022"},"content":{"rendered":"<p><strong>Semin\u00e1rio internacional na UVA<\/strong><br \/>\nA Universidade Estadual Vale do Acara\u00fa realizar\u00e1 em Sobral, de 27 a 30 de maio, o Semin\u00e1rio Internacional \u201cCidades M\u00e9dias e Planejamento Urbano\u201d para troca de experi\u00eancias cient\u00edficas e profissionais por meio das confer\u00eancias, mesas redondas, minicursos e oficinas<br \/>\nO evento, em parceria com as institui\u00e7\u00f5es Uninta, FLF, FIED e Prefeitura Municipal de Sobral, \u00e9 voltado para pesquisadores, alunos da P\u00f3s-Gradua\u00e7\u00e3o e das Gradua\u00e7\u00f5es em Geografia, Arquitetura e \u00e1reas afins, al\u00e9m de gestores p\u00fablicos, t\u00e9cnicos e demais interessados no tema.<\/p>\n<p><strong>Sobral recebe 1\u00aa Festa Liter\u00e1ria<\/strong><br \/>\nGoverno do Cear\u00e1 descentraliza as pol\u00edticas de livro e leitura com realiza\u00e7\u00e3o de Festas Liter\u00e1rias. A primeira edi\u00e7\u00e3o ser\u00e1 em Sobral, de 2 a 4 de maio, com homenagem a Domingos Ol\u00edmpio e ao centen\u00e1rio de Alcides Pinto. A curadoria \u00e9 Mailson Furtado e Talles Azigon.<br \/>\nAmpla e diversa programa\u00e7\u00e3o ser\u00e1 aberta ao p\u00fablico com destaque para lan\u00e7amento de livros, semin\u00e1rios, palestras, feira liter\u00e1ria com 20 expositores, encontro da Rede de Bibliotecas P\u00fablicas e Comunit\u00e1rias e apresenta\u00e7\u00e3o do Grupo Vocal da Escola de M\u00fasica de Sobral.<\/p>\n<p><strong>Espet\u00e1culo \u201cSarau Cear\u00e1 Mesti\u00e7o\u201d<\/strong><\/p>\n<div id='gallery-1' class='gallery galleryid-29061 gallery-columns-6 gallery-size-thumbnail'><figure class='gallery-item'>\n\t\t\t<div class='gallery-icon landscape'>\n\t\t\t\t<a href='https:\/\/correiodasemana.com\/site\/em-tempo-224\/1_img_6433-22687782\/'><img loading=\"lazy\" width=\"150\" height=\"150\" src=\"https:\/\/correiodasemana.com\/site\/wp-content\/uploads\/2024\/04\/1_img_6433-22687782-150x150.jpg\" class=\"attachment-thumbnail size-thumbnail\" alt=\"1_img_6433-22687782\" loading=\"lazy\" decoding=\"async\" \/><\/a>\n\t\t\t<\/div><\/figure>\n\t\t<\/div>\n\n<p><strong>O jornalista e teatr\u00f3logo Oswald Barroso faleceu em mar\u00e7o deste ano em Fortaleza<\/strong><br \/>\nO jornalista, escritor, professor, ator, teatr\u00f3logo e antrop\u00f3logo Oswald Barroso (1947 &#8211; 2024) foi homenageado no \u201cSarau Cear\u00e1 Mesti\u00e7o\u201d, na noite de 26 de abril, no Theatro Jos\u00e9 de Alencar, em Fortaleza. O espet\u00e1culo foi organizado pela produtora cultural Marta Pinheiro.<br \/>\nNome do evento remete ao livro \u201cCear\u00e1 Mesti\u00e7o\u201d, publicado por Oswald (2019). Vinte artistas de diferentes linguagens estiveram no palco. Entre eles, Rosemberg Cariry, Raymundo Netto, Alan Mendon\u00e7a, Ap\u00e1 Silvino, Adriano Kary,Carri Costa, Dalwton Moura e Cal\u00e9 Alencar.<\/p>\n<p><strong>II Mostra Utopia Pertence a N\u00f3s<\/strong><br \/>\nFortaleza recebe a segunda edi\u00e7\u00e3o da Mostra Utopia Pertence a N\u00f3s de Cinema e Direitos Humanos, que re\u00fane 20 curtas-metragens de todo o Pa\u00eds em cinco sess\u00f5es gratuitas e abertas ao p\u00fablico. O evento teve in\u00edcio no dia 23 e prossegue at\u00e9 27 de abril, no Cuca Pici.<br \/>\nO objetivo \u00e9 destacar filmes independentes que trazem proposi\u00e7\u00f5es para um futuro mais sustent\u00e1vel e igualit\u00e1rio. Iniciativa \u00e9 da produtora cearense Mar de Fogueirinha, com apoio da Prefeitura de Fortaleza. Filmes tamb\u00e9m s\u00e3o exibidos no site https:\/\/utopiapertenceanos.com.br.<\/p>\n<p><strong>Orquestra Petrobras em Fortaleza<\/strong><br \/>\nA Orquestra Petrobras Sinf\u00f4nica traz para Fortaleza duas apresenta\u00e7\u00f5es nos dias 2 e 3 de maio, no Teatro Riomar Fortaleza, no bairro Papicu. Orquestra celebrar\u00e1 a m\u00fasica nacional, com foco nas can\u00e7\u00f5es da banda Legi\u00e3o Urbana e do espet\u00e1culo infantil Os Saltimbancos.<br \/>\nA Orquestra Petrobras \u00e9 uma das mais conceituadas do pa\u00eds e ocupa lugar de prest\u00edgio na Am\u00e9rica Latina. Criada pelo maestro Armando Prazeres, se firmou como um ente cultural que expressa a pluralidade da m\u00fasica brasileira e transita por distintos estilos e linguagens.<\/p>\n<p>Dica da Coluna<br \/>\nLeia o Blog do Edilson (www.blogdoedilson.com.br): Cultura, educa\u00e7\u00e3o, pol\u00edtica e utilidade p\u00fablica.<\/p>\n","protected":false},"excerpt":{"rendered":"<p>Semin\u00e1rio internacional na UVA A Universidade Estadual Vale do Acara\u00fa realizar\u00e1 em Sobral, de 27&#8230;<\/p>\n","protected":false},"author":7,"featured_media":18025,"comment_status":"open","ping_status":"open","sticky":false,"template":"","format":"standard","meta":{"_jetpack_memberships_contains_paid_content":false,"footnotes":"","jetpack_publicize_message":"","jetpack_publicize_feature_enabled":true,"jetpack_social_post_already_shared":true,"jetpack_social_options":{"image_generator_settings":{"template":"highway","default_image_id":0,"font":"","enabled":false},"version":2}},"categories":[11,36],"tags":[],"class_list":["post-29061","post","type-post","status-publish","format-standard","has-post-thumbnail","hentry","category-artigos","category-em-tempo"],"jetpack_publicize_connections":[],"jetpack_featured_media_url":"https:\/\/correiodasemana.com\/site\/wp-content\/uploads\/2021\/11\/Edilson-Silva.jpg","jetpack-related-posts":[{"id":28992,"url":"https:\/\/correiodasemana.com\/site\/em-tempo-223\/","url_meta":{"origin":29061,"position":0},"title":"EM TEMPO \u2022","author":"adminredacao","date":"Abril 22, 2024","format":false,"excerpt":"UFC seleciona professor substituto A Universidade Federal do Cear\u00e1 publicou edital para sele\u00e7\u00e3o de professor substituto em diferentes unidades de Fortaleza e nos campi de Itapaj\u00e9, Sobral e Crate\u00fas, em \u00e1reas de estudo diversas. Ao todo, s\u00e3o ofertadas 18 vagas. As inscri\u00e7\u00f5es ser\u00e3o abertas a partir do dia 24 de\u2026","rel":"","context":"In &quot;Artigos&quot;","block_context":{"text":"Artigos","link":"https:\/\/correiodasemana.com\/site\/category\/artigos\/"},"img":{"alt_text":"","src":"https:\/\/i0.wp.com\/correiodasemana.com\/site\/wp-content\/uploads\/2024\/04\/Ednardo-thiago-gadelha-150x150.jpg?resize=350%2C200&ssl=1","width":350,"height":200,"srcset":"https:\/\/i0.wp.com\/correiodasemana.com\/site\/wp-content\/uploads\/2024\/04\/Ednardo-thiago-gadelha-150x150.jpg?resize=350%2C200&ssl=1 1x, https:\/\/i0.wp.com\/correiodasemana.com\/site\/wp-content\/uploads\/2024\/04\/Ednardo-thiago-gadelha-150x150.jpg?resize=525%2C300&ssl=1 1.5x, https:\/\/i0.wp.com\/correiodasemana.com\/site\/wp-content\/uploads\/2024\/04\/Ednardo-thiago-gadelha-150x150.jpg?resize=700%2C400&ssl=1 2x, https:\/\/i0.wp.com\/correiodasemana.com\/site\/wp-content\/uploads\/2024\/04\/Ednardo-thiago-gadelha-150x150.jpg?resize=1050%2C600&ssl=1 3x"},"classes":[]},{"id":24529,"url":"https:\/\/correiodasemana.com\/site\/em-tempo-174\/","url_meta":{"origin":29061,"position":1},"title":"Em Tempo","author":"adminredacao","date":"Maio 8, 2023","format":false,"excerpt":"Bienal Crian\u00e7a no Theatro S\u00e3o Jo\u00e3o O\u00a0interior cearense \u00e9 o palco principal da\u00a02\u00aa Bienal Crian\u00e7a,\u00a0parte integrante da VII Bienal Internacional de Dan\u00e7a do Cear\u00e1 - De Par em Par, com programa\u00e7\u00e3o at\u00e9 31 de maio em Pacatuba, S\u00e3o Gon\u00e7alo do Amarante, Paracuru, Trairi, Sobral, Itapipoca, Tururu e Maracana\u00fa. Mais de\u2026","rel":"","context":"In &quot;Artigos&quot;","block_context":{"text":"Artigos","link":"https:\/\/correiodasemana.com\/site\/category\/artigos\/"},"img":{"alt_text":"","src":"https:\/\/i0.wp.com\/correiodasemana.com\/site\/wp-content\/uploads\/2023\/05\/alice-dote-300x225.png?resize=350%2C200&ssl=1","width":350,"height":200},"classes":[]},{"id":27898,"url":"https:\/\/correiodasemana.com\/site\/em-tempo-207\/","url_meta":{"origin":29061,"position":2},"title":"Em Tempo","author":"adminredacao","date":"Dezembro 26, 2023","format":false,"excerpt":"Sobral 100% Educa\u00e7\u00e3o Integral A Universidade Estadual Vale do Acara\u00fa e a Prefeitura de Sobral, por meio da Secretaria da Educa\u00e7\u00e3o, realizaram, entre 4 e 6 de dezembro, no campus Bet\u00e2nia, o \u201cSemin\u00e1rio Sobral 100% Educa\u00e7\u00e3o Integral\u201d, em parceria com o Governo do Cear\u00e1 e o Centro Lemann. Abertura contou\u2026","rel":"","context":"In &quot;Em Tempo&quot;","block_context":{"text":"Em Tempo","link":"https:\/\/correiodasemana.com\/site\/category\/em-tempo\/"},"img":{"alt_text":"","src":"https:\/\/i0.wp.com\/correiodasemana.com\/site\/wp-content\/uploads\/2023\/12\/1_casa_mae_melhor_do_ano_luciano_huck-24659094.jpg?resize=350%2C200&ssl=1","width":350,"height":200,"srcset":"https:\/\/i0.wp.com\/correiodasemana.com\/site\/wp-content\/uploads\/2023\/12\/1_casa_mae_melhor_do_ano_luciano_huck-24659094.jpg?resize=350%2C200&ssl=1 1x, https:\/\/i0.wp.com\/correiodasemana.com\/site\/wp-content\/uploads\/2023\/12\/1_casa_mae_melhor_do_ano_luciano_huck-24659094.jpg?resize=525%2C300&ssl=1 1.5x, https:\/\/i0.wp.com\/correiodasemana.com\/site\/wp-content\/uploads\/2023\/12\/1_casa_mae_melhor_do_ano_luciano_huck-24659094.jpg?resize=700%2C400&ssl=1 2x"},"classes":[]},{"id":24926,"url":"https:\/\/correiodasemana.com\/site\/em-tempo-177\/","url_meta":{"origin":29061,"position":3},"title":"Em Tempo","author":"adminredacao","date":"Maio 29, 2023","format":false,"excerpt":"Congresso internacional em Sobral Nos dias 8,9 e 10 de junho acontecer\u00e1 em Sobral o XIX Congresso Internacional sobre Patologia e Reabilita\u00e7\u00e3o das Constru\u00e7\u00f5es (Cinpar 2023). O presidente do comit\u00ea executivo \u00e9 o professor Francisco Carvalho, vice-reitor da Universidade Estadual Vale do Acara\u00fa (UVA). O Cinpar surgiu em 2003, com\u2026","rel":"","context":"In &quot;Artigos&quot;","block_context":{"text":"Artigos","link":"https:\/\/correiodasemana.com\/site\/category\/artigos\/"},"img":{"alt_text":"","src":"https:\/\/i0.wp.com\/correiodasemana.com\/site\/wp-content\/uploads\/2023\/05\/osbufoes-alex-hermes-300x200.jpg?resize=350%2C200&ssl=1","width":350,"height":200},"classes":[]},{"id":33071,"url":"https:\/\/correiodasemana.com\/site\/paroquias-celebram-festa-de-sao-jose-padroeiro-do-ceara\/","url_meta":{"origin":29061,"position":4},"title":"Par\u00f3quias celebram Festa de S\u00e3o Jos\u00e9, padroeiro do Cear\u00e1","author":"adminredacao","date":"Mar\u00e7o 24, 2025","format":false,"excerpt":"No \u00faltimo dia 19 de mar\u00e7o, a Igreja Cat\u00f3lica celebrou a Solenidade de S\u00e3o Jos\u00e9, patrono da Igreja e padroeiro do Cear\u00e1. Em outras capelas, \u00e1reas pastorais\/mission\u00e1rias, santu\u00e1rios e par\u00f3quias, as celebra\u00e7\u00f5es tamb\u00e9m foram marcadas pela expressiva participa\u00e7\u00e3o da comunidade paroquial. FESTA DE S\u00c3O JOS\u00c9 NO SUMAR\u00c9 SEMIN\u00c1RIO PROPED\u00caUTICO S\u00c3O\u2026","rel":"","context":"In &quot;Atualidade&quot;","block_context":{"text":"Atualidade","link":"https:\/\/correiodasemana.com\/site\/category\/atualidade\/"},"img":{"alt_text":"","src":"https:\/\/i0.wp.com\/correiodasemana.com\/site\/wp-content\/uploads\/2025\/03\/IGREJA-DO-SUMARE-1.jpg?resize=350%2C200&ssl=1","width":350,"height":200,"srcset":"https:\/\/i0.wp.com\/correiodasemana.com\/site\/wp-content\/uploads\/2025\/03\/IGREJA-DO-SUMARE-1.jpg?resize=350%2C200&ssl=1 1x, https:\/\/i0.wp.com\/correiodasemana.com\/site\/wp-content\/uploads\/2025\/03\/IGREJA-DO-SUMARE-1.jpg?resize=525%2C300&ssl=1 1.5x, https:\/\/i0.wp.com\/correiodasemana.com\/site\/wp-content\/uploads\/2025\/03\/IGREJA-DO-SUMARE-1.jpg?resize=700%2C400&ssl=1 2x, https:\/\/i0.wp.com\/correiodasemana.com\/site\/wp-content\/uploads\/2025\/03\/IGREJA-DO-SUMARE-1.jpg?resize=1050%2C600&ssl=1 3x, https:\/\/i0.wp.com\/correiodasemana.com\/site\/wp-content\/uploads\/2025\/03\/IGREJA-DO-SUMARE-1.jpg?resize=1400%2C800&ssl=1 4x"},"classes":[]},{"id":27473,"url":"https:\/\/correiodasemana.com\/site\/em-tempo-204\/","url_meta":{"origin":29061,"position":5},"title":"EM TEMPO \u2022","author":"adminredacao","date":"Dezembro 4, 2023","format":false,"excerpt":"4\u00aa Confer\u00eancia Estadual de Cultura A programa\u00e7\u00e3o da 4\u00aa Confer\u00eancia Estadual de Cultura do Cear\u00e1 teve in\u00edcio no dia 30 de novembro e prossegue at\u00e9 s\u00e1bado, 2 de dezembro, com debate sobre democracia e o exerc\u00edcio dos direitos culturais. O evento acontece no SESC Iparana, Regi\u00e3o Metropolitana de Fortaleza. Fruto\u2026","rel":"","context":"In &quot;Artigos&quot;","block_context":{"text":"Artigos","link":"https:\/\/correiodasemana.com\/site\/category\/artigos\/"},"img":{"alt_text":"","src":"https:\/\/i0.wp.com\/correiodasemana.com\/site\/wp-content\/uploads\/2023\/12\/WhatsApp-Image-2023-12-01-at-17.41.40-300x200.jpeg?resize=350%2C200&ssl=1","width":350,"height":200},"classes":[]}],"jetpack_sharing_enabled":true,"_links":{"self":[{"href":"https:\/\/correiodasemana.com\/site\/wp-json\/wp\/v2\/posts\/29061","targetHints":{"allow":["GET"]}}],"collection":[{"href":"https:\/\/correiodasemana.com\/site\/wp-json\/wp\/v2\/posts"}],"about":[{"href":"https:\/\/correiodasemana.com\/site\/wp-json\/wp\/v2\/types\/post"}],"author":[{"embeddable":true,"href":"https:\/\/correiodasemana.com\/site\/wp-json\/wp\/v2\/users\/7"}],"replies":[{"embeddable":true,"href":"https:\/\/correiodasemana.com\/site\/wp-json\/wp\/v2\/comments?post=29061"}],"version-history":[{"count":1,"href":"https:\/\/correiodasemana.com\/site\/wp-json\/wp\/v2\/posts\/29061\/revisions"}],"predecessor-version":[{"id":29063,"href":"https:\/\/correiodasemana.com\/site\/wp-json\/wp\/v2\/posts\/29061\/revisions\/29063"}],"wp:featuredmedia":[{"embeddable":true,"href":"https:\/\/correiodasemana.com\/site\/wp-json\/wp\/v2\/media\/18025"}],"wp:attachment":[{"href":"https:\/\/correiodasemana.com\/site\/wp-json\/wp\/v2\/media?parent=29061"}],"wp:term":[{"taxonomy":"category","embeddable":true,"href":"https:\/\/correiodasemana.com\/site\/wp-json\/wp\/v2\/categories?post=29061"},{"taxonomy":"post_tag","embeddable":true,"href":"https:\/\/correiodasemana.com\/site\/wp-json\/wp\/v2\/tags?post=29061"}],"curies":[{"name":"wp","href":"https:\/\/api.w.org\/{rel}","templated":true}]}}