{"id":29094,"date":"2024-04-29T12:39:00","date_gmt":"2024-04-29T15:39:00","guid":{"rendered":"https:\/\/correiodasemana.com\/site\/?p=29094"},"modified":"2024-04-29T12:39:00","modified_gmt":"2024-04-29T15:39:00","slug":"nordestinos-negros-e-mulheres-sao-maioria-entre-jovens-que-nao-estudam-nem-trabalham-no-brasil","status":"publish","type":"post","link":"https:\/\/correiodasemana.com\/site\/nordestinos-negros-e-mulheres-sao-maioria-entre-jovens-que-nao-estudam-nem-trabalham-no-brasil\/","title":{"rendered":"Nordestinos, negros e mulheres s\u00e3o maioria entre jovens que n\u00e3o estudam nem trabalham no Brasil"},"content":{"rendered":"<p><strong>Especialistas destacam vulnerabilidade e falta de oportunidade para jovens dentro deste perfil<\/strong><\/p>\n<p>A maioria dos jovens brasileiros entre 15 a 29 anos que n\u00e3o estudam e n\u00e3o trabalham \u00e9 formada por mulheres nordestinas pretas ou pardas. Os dados de 2023 do IBGE revelam que mais de 3,7 milh\u00f5es de jovens do Nordeste n\u00e3o est\u00e3o no mercado de trabalho nem em institui\u00e7\u00f5es de ensino. A regi\u00e3o tem a maior disparidade entre as demais quando os n\u00fameros consideram g\u00eanero, cor e ra\u00e7a.\u00a0 A\u00a0Ag\u00eancia Tatu\u00a0analisou os dados educacionais da Pesquisa Nacional por Amostra de Domic\u00edlios Cont\u00ednua (PNADC) do IBGE e constatou que dos 3,7 milh\u00f5es de jovens do Nordeste que n\u00e3o estudam e n\u00e3o trabalham, mais de 2,8 milh\u00f5es s\u00e3o pretos ou pardos. De maneira geral, o cen\u00e1rio mais delicado encontra-se no Nordeste. S\u00e3o 29 mil pessoas \u201cNem-nem\u201d a cada 100 mil jovens de 15 a 29 anos da regi\u00e3o. O Norte possui 26 mil a cada 100 mil habitantes, em seguida o Sudeste com 18 mil a cada 100 mil. O Centro-Oeste conta com 16 mil a cada 100 mil habitantes e o Sul com 13 mil a cada 100 mil. A maior parte das pessoas que n\u00e3o estudam e nem trabalham \u00e9 composta por mulheres, sendo 36 mil mulheres a cada 100 mil jovens de 15 a 29 anos no Nordeste. A regi\u00e3o tem a maior quantidade proporcional de mulheres com esse perfil entre as regi\u00f5es e g\u00eaneros. No Norte s\u00e3o 35 mil mulheres a cada 100 mil jovens e as regi\u00f5es Sudeste e Centro-Oeste est\u00e3o na sequ\u00eancia com 23 mil a cada 100 mil habitantes. Por \u00faltimo, est\u00e1 o Sul com 18 mil mulheres que n\u00e3o estudam e n\u00e3o trabalham a cada 100 mil de 15 a 29 anos. Para a cientista pol\u00edtica e professora de Ci\u00eancia Pol\u00edtica da Universidade Federal de Alagoas, Luciana Santana, esses dados sinalizam um risco alarmante de vulnerabilidade de jovens.\u00a0\u201c\u00c9 mais preocupante que somente a taxa de desocupa\u00e7\u00e3o, uma vez que esses jovens n\u00e3o est\u00e3o nem ganhando experi\u00eancia laboral, nem qualifica\u00e7\u00e3o, o que pode comprometer suas possibilidades ocupacionais no futuro\u201d, afirma a professora.<\/p>\n","protected":false},"excerpt":{"rendered":"<p>Especialistas destacam vulnerabilidade e falta de oportunidade para jovens dentro deste perfil A maioria dos&#8230;<\/p>\n","protected":false},"author":7,"featured_media":29095,"comment_status":"open","ping_status":"open","sticky":false,"template":"","format":"standard","meta":{"_jetpack_memberships_contains_paid_content":false,"footnotes":"","jetpack_publicize_message":"","jetpack_publicize_feature_enabled":true,"jetpack_social_post_already_shared":true,"jetpack_social_options":{"image_generator_settings":{"template":"highway","default_image_id":0,"font":"","enabled":false},"version":2}},"categories":[1],"tags":[],"class_list":["post-29094","post","type-post","status-publish","format-standard","has-post-thumbnail","hentry","category-atualidade"],"jetpack_publicize_connections":[],"jetpack_featured_media_url":"https:\/\/correiodasemana.com\/site\/wp-content\/uploads\/2024\/04\/th-1.jpg","jetpack-related-posts":[{"id":22038,"url":"https:\/\/correiodasemana.com\/site\/apos-dois-anos-de-covid-19-um-em-cada-quatro-jovens-nao-estuda-no-brasil\/","url_meta":{"origin":29094,"position":0},"title":"Ap\u00f3s dois anos de covid-19, um em cada quatro jovens n\u00e3o estuda no Brasil","author":"","date":"Dezembro 2, 2022","format":false,"excerpt":"Ap\u00f3s dois anos de pandemia, em 2021, um em cada quatro jovens brasileiros de 15 a 29 anos, o equivalente a 25,8%, n\u00e3o estudava, nem estava ocupado. Mais da metade - 62,5% - \u00e9 mulher. Os dados fazem parte da S\u00edntese de Indicadores Sociais (SIS): uma an\u00e1lise das condi\u00e7\u00f5es de\u2026","rel":"","context":"In &quot;Atualidade&quot;","block_context":{"text":"Atualidade","link":"https:\/\/correiodasemana.com\/site\/category\/atualidade\/"},"img":{"alt_text":"","src":"https:\/\/i0.wp.com\/correiodasemana.com\/site\/wp-content\/uploads\/2022\/12\/0055.jpg?resize=350%2C200&ssl=1","width":350,"height":200,"srcset":"https:\/\/i0.wp.com\/correiodasemana.com\/site\/wp-content\/uploads\/2022\/12\/0055.jpg?resize=350%2C200&ssl=1 1x, https:\/\/i0.wp.com\/correiodasemana.com\/site\/wp-content\/uploads\/2022\/12\/0055.jpg?resize=525%2C300&ssl=1 1.5x, https:\/\/i0.wp.com\/correiodasemana.com\/site\/wp-content\/uploads\/2022\/12\/0055.jpg?resize=700%2C400&ssl=1 2x"},"classes":[]},{"id":11884,"url":"https:\/\/correiodasemana.com\/site\/taxa-cai-levemente-mas-brasil-ainda-tem-11-milhoes-de-analfabetos\/","url_meta":{"origin":29094,"position":1},"title":"Taxa cai levemente, mas Brasil ainda tem 11 milh\u00f5es de analfabetos","author":"","date":"Julho 15, 2020","format":false,"excerpt":"\u00c9 o que mostram dados da Pnad Cont\u00ednua Educa\u00e7\u00e3o, divulgados\u00a0hoje\u00a0 A taxa de analfabetismo no Brasil passou de 6,8%, em 2018,\u00a0para 6,6%,\u00a0em 2019, de acordo com dados da Pesquisa Nacional por Amostra de Domic\u00edlios (Pnad) Cont\u00ednua Educa\u00e7\u00e3o, divulgada hoje (15). Apesar da queda, que representa cerca de 200 mil pessoas,\u2026","rel":"","context":"In &quot;Atualidade&quot;","block_context":{"text":"Atualidade","link":"https:\/\/correiodasemana.com\/site\/category\/atualidade\/"},"img":{"alt_text":"","src":"https:\/\/i0.wp.com\/correiodasemana.com\/site\/wp-content\/uploads\/2020\/07\/educacao8581.jpg?resize=350%2C200&ssl=1","width":350,"height":200,"srcset":"https:\/\/i0.wp.com\/correiodasemana.com\/site\/wp-content\/uploads\/2020\/07\/educacao8581.jpg?resize=350%2C200&ssl=1 1x, https:\/\/i0.wp.com\/correiodasemana.com\/site\/wp-content\/uploads\/2020\/07\/educacao8581.jpg?resize=525%2C300&ssl=1 1.5x, https:\/\/i0.wp.com\/correiodasemana.com\/site\/wp-content\/uploads\/2020\/07\/educacao8581.jpg?resize=700%2C400&ssl=1 2x, https:\/\/i0.wp.com\/correiodasemana.com\/site\/wp-content\/uploads\/2020\/07\/educacao8581.jpg?resize=1050%2C600&ssl=1 3x"},"classes":[]},{"id":24888,"url":"https:\/\/correiodasemana.com\/site\/pesquisa-mostra-52-milhoes-de-jovens-entre-14-e-24-anos-sem-emprego\/","url_meta":{"origin":29094,"position":2},"title":"Pesquisa mostra 5,2 milh\u00f5es de jovens entre 14 e 24 anos sem emprego","author":"adminredacao","date":"Maio 29, 2023","format":false,"excerpt":"Entre os desempregados, 52% s\u00e3o mulheres e 66% s\u00e3o pretos e pardos Por Fl\u00e1via Albuquerque - Rep\u00f3rter da Ag\u00eancia Brasil - S\u00e3o Paulo Um diagn\u00f3stico in\u00e9dito sobre dados espec\u00edficos da empregabilidade de jovens no Brasil - feito pela Subsecretaria de Estat\u00edsticas e Estudos do Trabalho, do Minist\u00e9rio do Trabalho e\u2026","rel":"","context":"In &quot;Atualidade&quot;","block_context":{"text":"Atualidade","link":"https:\/\/correiodasemana.com\/site\/category\/atualidade\/"},"img":{"alt_text":"","src":"https:\/\/i0.wp.com\/correiodasemana.com\/site\/wp-content\/uploads\/2023\/05\/carteira_de_trabalho_e_previdencia_social_ctps.jpg?resize=350%2C200&ssl=1","width":350,"height":200,"srcset":"https:\/\/i0.wp.com\/correiodasemana.com\/site\/wp-content\/uploads\/2023\/05\/carteira_de_trabalho_e_previdencia_social_ctps.jpg?resize=350%2C200&ssl=1 1x, https:\/\/i0.wp.com\/correiodasemana.com\/site\/wp-content\/uploads\/2023\/05\/carteira_de_trabalho_e_previdencia_social_ctps.jpg?resize=525%2C300&ssl=1 1.5x, https:\/\/i0.wp.com\/correiodasemana.com\/site\/wp-content\/uploads\/2023\/05\/carteira_de_trabalho_e_previdencia_social_ctps.jpg?resize=700%2C400&ssl=1 2x, https:\/\/i0.wp.com\/correiodasemana.com\/site\/wp-content\/uploads\/2023\/05\/carteira_de_trabalho_e_previdencia_social_ctps.jpg?resize=1050%2C600&ssl=1 3x"},"classes":[]},{"id":31743,"url":"https:\/\/correiodasemana.com\/site\/ibge-pobreza-e-extrema-pobreza-atingem-menor-nivel-no-pais-desde-2012\/","url_meta":{"origin":29094,"position":3},"title":"IBGE: pobreza e extrema pobreza atingem menor n\u00edvel no pa\u00eds desde 2012","author":"adminredacao","date":"Dezembro 10, 2024","format":false,"excerpt":"Mercado de trabalho e benef\u00edcios do governo explicam queda Bruno de Freitas Moura - Rep\u00f3rter da Ag\u00eancia Brasil O Brasil terminou 2023 com os menores n\u00edveis de pobreza e de extrema pobreza j\u00e1 registrados pela S\u00edntese de Indicadores Sociais, pesquisa feita pelo\u00a0Instituto Brasileiro de Geografia e Estat\u00edstica (IBGE) desde 2012.\u2026","rel":"","context":"In &quot;Atualidade&quot;","block_context":{"text":"Atualidade","link":"https:\/\/correiodasemana.com\/site\/category\/atualidade\/"},"img":{"alt_text":"","src":"https:\/\/i0.wp.com\/correiodasemana.com\/site\/wp-content\/uploads\/2024\/12\/Pobreza.webp?resize=350%2C200&ssl=1","width":350,"height":200,"srcset":"https:\/\/i0.wp.com\/correiodasemana.com\/site\/wp-content\/uploads\/2024\/12\/Pobreza.webp?resize=350%2C200&ssl=1 1x, https:\/\/i0.wp.com\/correiodasemana.com\/site\/wp-content\/uploads\/2024\/12\/Pobreza.webp?resize=525%2C300&ssl=1 1.5x, https:\/\/i0.wp.com\/correiodasemana.com\/site\/wp-content\/uploads\/2024\/12\/Pobreza.webp?resize=700%2C400&ssl=1 2x, https:\/\/i0.wp.com\/correiodasemana.com\/site\/wp-content\/uploads\/2024\/12\/Pobreza.webp?resize=1050%2C600&ssl=1 3x"},"classes":[]},{"id":17932,"url":"https:\/\/correiodasemana.com\/site\/ele-entende-de-fome\/","url_meta":{"origin":29094,"position":4},"title":"Ele entende de fome","author":"","date":"Novembro 7, 2021","format":false,"excerpt":"Outro dia eu estava com fome - M\u00e3e, eu quero um p\u00e3o. - Com ou sem manteiga? - Com maionese. Ele olhou para mim... Quase engolia meu p\u00e3o com os olhos. Mas, n\u00e3o estendeu a m\u00e3o para pedir um peda\u00e7o! Outro dia ele estava tremendo de fome. Voc\u00ea quer um\u2026","rel":"","context":"In &quot;Artigos&quot;","block_context":{"text":"Artigos","link":"https:\/\/correiodasemana.com\/site\/category\/artigos\/"},"img":{"alt_text":"","src":"https:\/\/i0.wp.com\/correiodasemana.com\/site\/wp-content\/uploads\/2021\/08\/Salmito-Campos.jpg?resize=350%2C200&ssl=1","width":350,"height":200,"srcset":"https:\/\/i0.wp.com\/correiodasemana.com\/site\/wp-content\/uploads\/2021\/08\/Salmito-Campos.jpg?resize=350%2C200&ssl=1 1x, https:\/\/i0.wp.com\/correiodasemana.com\/site\/wp-content\/uploads\/2021\/08\/Salmito-Campos.jpg?resize=525%2C300&ssl=1 1.5x, https:\/\/i0.wp.com\/correiodasemana.com\/site\/wp-content\/uploads\/2021\/08\/Salmito-Campos.jpg?resize=700%2C400&ssl=1 2x, https:\/\/i0.wp.com\/correiodasemana.com\/site\/wp-content\/uploads\/2021\/08\/Salmito-Campos.jpg?resize=1050%2C600&ssl=1 3x, https:\/\/i0.wp.com\/correiodasemana.com\/site\/wp-content\/uploads\/2021\/08\/Salmito-Campos.jpg?resize=1400%2C800&ssl=1 4x"},"classes":[]},{"id":26327,"url":"https:\/\/correiodasemana.com\/site\/melhoria-na-qualidade-de-vida-no-brasil-entre-2008-e-2018-aponta-ibge\/","url_meta":{"origin":29094,"position":5},"title":"Melhoria na qualidade de vida no Brasil entre 2008 e 2018, aponta IBGE","author":"adminredacao","date":"Agosto 27, 2023","format":false,"excerpt":"Aperfei\u00e7oamento no acesso a servi\u00e7os financeiros e educa\u00e7\u00e3o s\u00e3o fatores-chave na melhoria da qualidade de vida dos brasileiros, revela estudo do IBGE Por T\u00e2nia R\u00eago\/Ag\u00eancia Brasil De acordo com uma pesquisa recente do Instituto Brasileiro de Geografia e Estat\u00edstica (IBGE), a qualidade de vida no Brasil viu um crescimento not\u00e1vel\u2026","rel":"","context":"In &quot;Atualidade&quot;","block_context":{"text":"Atualidade","link":"https:\/\/correiodasemana.com\/site\/category\/atualidade\/"},"img":{"alt_text":"","src":"https:\/\/i0.wp.com\/correiodasemana.com\/site\/wp-content\/uploads\/2023\/08\/celular-ibge_1_1114868.webp?resize=350%2C200&ssl=1","width":350,"height":200,"srcset":"https:\/\/i0.wp.com\/correiodasemana.com\/site\/wp-content\/uploads\/2023\/08\/celular-ibge_1_1114868.webp?resize=350%2C200&ssl=1 1x, https:\/\/i0.wp.com\/correiodasemana.com\/site\/wp-content\/uploads\/2023\/08\/celular-ibge_1_1114868.webp?resize=525%2C300&ssl=1 1.5x, https:\/\/i0.wp.com\/correiodasemana.com\/site\/wp-content\/uploads\/2023\/08\/celular-ibge_1_1114868.webp?resize=700%2C400&ssl=1 2x"},"classes":[]}],"jetpack_sharing_enabled":true,"_links":{"self":[{"href":"https:\/\/correiodasemana.com\/site\/wp-json\/wp\/v2\/posts\/29094","targetHints":{"allow":["GET"]}}],"collection":[{"href":"https:\/\/correiodasemana.com\/site\/wp-json\/wp\/v2\/posts"}],"about":[{"href":"https:\/\/correiodasemana.com\/site\/wp-json\/wp\/v2\/types\/post"}],"author":[{"embeddable":true,"href":"https:\/\/correiodasemana.com\/site\/wp-json\/wp\/v2\/users\/7"}],"replies":[{"embeddable":true,"href":"https:\/\/correiodasemana.com\/site\/wp-json\/wp\/v2\/comments?post=29094"}],"version-history":[{"count":1,"href":"https:\/\/correiodasemana.com\/site\/wp-json\/wp\/v2\/posts\/29094\/revisions"}],"predecessor-version":[{"id":29096,"href":"https:\/\/correiodasemana.com\/site\/wp-json\/wp\/v2\/posts\/29094\/revisions\/29096"}],"wp:featuredmedia":[{"embeddable":true,"href":"https:\/\/correiodasemana.com\/site\/wp-json\/wp\/v2\/media\/29095"}],"wp:attachment":[{"href":"https:\/\/correiodasemana.com\/site\/wp-json\/wp\/v2\/media?parent=29094"}],"wp:term":[{"taxonomy":"category","embeddable":true,"href":"https:\/\/correiodasemana.com\/site\/wp-json\/wp\/v2\/categories?post=29094"},{"taxonomy":"post_tag","embeddable":true,"href":"https:\/\/correiodasemana.com\/site\/wp-json\/wp\/v2\/tags?post=29094"}],"curies":[{"name":"wp","href":"https:\/\/api.w.org\/{rel}","templated":true}]}}