{"id":29265,"date":"2024-05-20T09:35:59","date_gmt":"2024-05-20T12:35:59","guid":{"rendered":"https:\/\/correiodasemana.com\/site\/?p=29265"},"modified":"2024-05-20T09:35:59","modified_gmt":"2024-05-20T12:35:59","slug":"da-diocese-de-sobral-um-novo-bispo-para-a-diocese-de-garanhuns","status":"publish","type":"post","link":"https:\/\/correiodasemana.com\/site\/da-diocese-de-sobral-um-novo-bispo-para-a-diocese-de-garanhuns\/","title":{"rendered":"Da Diocese de Sobral, um novo bispo para a Diocese de Garanhuns"},"content":{"rendered":"<div id='gallery-1' class='gallery galleryid-29265 gallery-columns-6 gallery-size-thumbnail'><figure class='gallery-item'>\n\t\t\t<div class='gallery-icon landscape'>\n\t\t\t\t<a href='https:\/\/correiodasemana.com\/site\/da-diocese-de-sobral-um-novo-bispo-para-a-diocese-de-garanhuns\/1-23\/'><img loading=\"lazy\" width=\"150\" height=\"150\" src=\"https:\/\/correiodasemana.com\/site\/wp-content\/uploads\/2024\/05\/1-150x150.jpeg\" class=\"attachment-thumbnail size-thumbnail\" alt=\"1\" loading=\"lazy\" decoding=\"async\" \/><\/a>\n\t\t\t<\/div><\/figure><figure class='gallery-item'>\n\t\t\t<div class='gallery-icon landscape'>\n\t\t\t\t<a href='https:\/\/correiodasemana.com\/site\/da-diocese-de-sobral-um-novo-bispo-para-a-diocese-de-garanhuns\/2-20\/'><img loading=\"lazy\" width=\"150\" height=\"150\" src=\"https:\/\/correiodasemana.com\/site\/wp-content\/uploads\/2024\/05\/2-150x150.jpeg\" class=\"attachment-thumbnail size-thumbnail\" alt=\"2\" loading=\"lazy\" decoding=\"async\" \/><\/a>\n\t\t\t<\/div><\/figure><figure class='gallery-item'>\n\t\t\t<div class='gallery-icon landscape'>\n\t\t\t\t<a href='https:\/\/correiodasemana.com\/site\/da-diocese-de-sobral-um-novo-bispo-para-a-diocese-de-garanhuns\/3-17\/'><img loading=\"lazy\" width=\"150\" height=\"150\" src=\"https:\/\/correiodasemana.com\/site\/wp-content\/uploads\/2024\/05\/3-150x150.jpeg\" class=\"attachment-thumbnail size-thumbnail\" alt=\"3\" loading=\"lazy\" decoding=\"async\" \/><\/a>\n\t\t\t<\/div><\/figure><figure class='gallery-item'>\n\t\t\t<div class='gallery-icon landscape'>\n\t\t\t\t<a href='https:\/\/correiodasemana.com\/site\/da-diocese-de-sobral-um-novo-bispo-para-a-diocese-de-garanhuns\/4-8\/'><img loading=\"lazy\" width=\"150\" height=\"150\" src=\"https:\/\/correiodasemana.com\/site\/wp-content\/uploads\/2024\/05\/4-150x150.jpeg\" class=\"attachment-thumbnail size-thumbnail\" alt=\"4\" loading=\"lazy\" decoding=\"async\" \/><\/a>\n\t\t\t<\/div><\/figure><figure class='gallery-item'>\n\t\t\t<div class='gallery-icon landscape'>\n\t\t\t\t<a href='https:\/\/correiodasemana.com\/site\/da-diocese-de-sobral-um-novo-bispo-para-a-diocese-de-garanhuns\/5-8\/'><img loading=\"lazy\" width=\"150\" height=\"150\" src=\"https:\/\/correiodasemana.com\/site\/wp-content\/uploads\/2024\/05\/5-150x150.jpeg\" class=\"attachment-thumbnail size-thumbnail\" alt=\"5\" loading=\"lazy\" decoding=\"async\" \/><\/a>\n\t\t\t<\/div><\/figure><figure class='gallery-item'>\n\t\t\t<div class='gallery-icon landscape'>\n\t\t\t\t<a href='https:\/\/correiodasemana.com\/site\/da-diocese-de-sobral-um-novo-bispo-para-a-diocese-de-garanhuns\/6-5\/'><img loading=\"lazy\" width=\"150\" height=\"150\" src=\"https:\/\/correiodasemana.com\/site\/wp-content\/uploads\/2024\/05\/6-150x150.jpeg\" class=\"attachment-thumbnail size-thumbnail\" alt=\"6\" loading=\"lazy\" decoding=\"async\" \/><\/a>\n\t\t\t<\/div><\/figure><figure class='gallery-item'>\n\t\t\t<div class='gallery-icon landscape'>\n\t\t\t\t<a href='https:\/\/correiodasemana.com\/site\/da-diocese-de-sobral-um-novo-bispo-para-a-diocese-de-garanhuns\/7-5\/'><img loading=\"lazy\" width=\"150\" height=\"150\" src=\"https:\/\/correiodasemana.com\/site\/wp-content\/uploads\/2024\/05\/7-150x150.jpeg\" class=\"attachment-thumbnail size-thumbnail\" alt=\"7\" loading=\"lazy\" decoding=\"async\" \/><\/a>\n\t\t\t<\/div><\/figure><figure class='gallery-item'>\n\t\t\t<div class='gallery-icon landscape'>\n\t\t\t\t<a href='https:\/\/correiodasemana.com\/site\/da-diocese-de-sobral-um-novo-bispo-para-a-diocese-de-garanhuns\/8-6\/'><img loading=\"lazy\" width=\"150\" height=\"150\" src=\"https:\/\/correiodasemana.com\/site\/wp-content\/uploads\/2024\/05\/8-150x150.jpeg\" class=\"attachment-thumbnail size-thumbnail\" alt=\"8\" loading=\"lazy\" decoding=\"async\" \/><\/a>\n\t\t\t<\/div><\/figure><figure class='gallery-item'>\n\t\t\t<div class='gallery-icon landscape'>\n\t\t\t\t<a href='https:\/\/correiodasemana.com\/site\/da-diocese-de-sobral-um-novo-bispo-para-a-diocese-de-garanhuns\/9-5\/'><img loading=\"lazy\" width=\"150\" height=\"150\" src=\"https:\/\/correiodasemana.com\/site\/wp-content\/uploads\/2024\/05\/9-150x150.jpeg\" class=\"attachment-thumbnail size-thumbnail\" alt=\"9\" loading=\"lazy\" decoding=\"async\" \/><\/a>\n\t\t\t<\/div><\/figure><figure class='gallery-item'>\n\t\t\t<div class='gallery-icon landscape'>\n\t\t\t\t<a href='https:\/\/correiodasemana.com\/site\/da-diocese-de-sobral-um-novo-bispo-para-a-diocese-de-garanhuns\/10-6\/'><img loading=\"lazy\" width=\"150\" height=\"150\" src=\"https:\/\/correiodasemana.com\/site\/wp-content\/uploads\/2024\/05\/10-150x150.jpeg\" class=\"attachment-thumbnail size-thumbnail\" alt=\"10\" loading=\"lazy\" decoding=\"async\" \/><\/a>\n\t\t\t<\/div><\/figure>\n\t\t<\/div>\n\n<p>Em um dia hist\u00f3rico para a Diocese de Sobral, Dom Vasconcelos presidiu a solene celebra\u00e7\u00e3o eucar\u00edstica em A\u00e7\u00e3o de Gra\u00e7as pela Nomea\u00e7\u00e3o Episcopal de Monsenhor Agnaldo Tem\u00f3teo, bispo eleito para a Diocese de Garanhuns\/PE, na noite desta ter\u00e7a-feira, 14, na Igreja Matriz de Nossa Senhora do Patroc\u00ednio, em Sobral.<br \/>\nA celebra\u00e7\u00e3o iniciou com uma entrada solene iniciando na porta central com o beijo da Cruz, seguida da aspers\u00e3o dos fi\u00e9is presentes. Dom Vasconcelos leu a carta enviada pelo N\u00fancio Apost\u00f3lico, Dom Giambattista Diquattro, felicitando a diocese de Sobral pela nomea\u00e7\u00e3o.<br \/>\nDando continuidade, Dom Vasconcelos aben\u00e7oou a Cruz peitoral e o solid\u00e9u, e em seguida imp\u00f4s sobre o eleito.<br \/>\n\u201cEssa par\u00f3quia vive um grande amor fraterno, uma amizade, todos se sentem bem uns com os outros. E ent\u00e3o, quando termina a missa dominical as pessoas se re\u00fanem para partilhar um jantar e tem o prazer de conviver. E penso que esse ideal \u00e9 tudo o que um pastor gostaria de ver em toda a igreja: a fraternidade. Muito me admiro da postura do padre Agnaldo que transmite palavras t\u00e3o s\u00e1bias, necess\u00e1rias e com simplicidade ele guia seu povo e percorre as ruas de Sobral cumprindo o que disse o salmista de hoje: \u201cO Senhor fez o indigente assentar-se com os nobres\u201d, e ele partilha da vida dos mais pobres com toda sua necessidade\u201d, disse Dom Vasconcelos em homilia. Monsenhor Agnaldo agradeceu as ora\u00e7\u00f5es e palavras de carinho proferida por todos durante o dia. O sacerdote ser\u00e1 sagrado bispo no dia 16 de julho deste ano em curso na S\u00e9 Catedral de Nossa Senhora da Concei\u00e7\u00e3o em Sobral.<br \/>\nTha\u00eds Helena Reda\u00e7\u00e3o Jornal Correio da Semana Fotos: Marcildo Brito<\/p>\n","protected":false},"excerpt":{"rendered":"<p>Em um dia hist\u00f3rico para a Diocese de Sobral, Dom Vasconcelos presidiu a solene celebra\u00e7\u00e3o&#8230;<\/p>\n","protected":false},"author":7,"featured_media":29275,"comment_status":"open","ping_status":"open","sticky":false,"template":"","format":"standard","meta":{"_jetpack_memberships_contains_paid_content":false,"footnotes":"","jetpack_publicize_message":"","jetpack_publicize_feature_enabled":true,"jetpack_social_post_already_shared":true,"jetpack_social_options":{"image_generator_settings":{"template":"highway","default_image_id":0,"font":"","enabled":false},"version":2}},"categories":[1],"tags":[],"class_list":["post-29265","post","type-post","status-publish","format-standard","has-post-thumbnail","hentry","category-atualidade"],"jetpack_publicize_connections":[],"jetpack_featured_media_url":"https:\/\/correiodasemana.com\/site\/wp-content\/uploads\/2024\/05\/10.jpeg","jetpack-related-posts":[{"id":29299,"url":"https:\/\/correiodasemana.com\/site\/monsenhor-agnaldo-temoteo-e-eleito-bispo-da-diocese-de-garanhuns-pe\/","url_meta":{"origin":29265,"position":0},"title":"Monsenhor Agnaldo Tem\u00f3teo \u00e9 eleito bispo da Diocese de Garanhuns\/PE","author":"adminredacao","date":"Maio 20, 2024","format":false,"excerpt":"Diocese de Sobral despertou em meio a uma grande comemora\u00e7\u00e3o na \u00faltima ter\u00e7a-feira, 14 de maio. A Nomea\u00e7\u00e3o Episcopal de Monsenhor Agnaldo Tem\u00f3teo da Silveira como bispo diocesano de Garanhuns\/PE. O an\u00fancio foi proferido por Dom Jos\u00e9 Luiz Gomes de Vasconcelos durante a Santa Missa em A\u00e7\u00e3o de Gra\u00e7as por\u2026","rel":"","context":"In &quot;Atualidade&quot;","block_context":{"text":"Atualidade","link":"https:\/\/correiodasemana.com\/site\/category\/atualidade\/"},"img":{"alt_text":"","src":"https:\/\/i0.wp.com\/correiodasemana.com\/site\/wp-content\/uploads\/2024\/05\/WhatsApp-Image-2024-05-15-at-23.39.08.jpeg?resize=350%2C200&ssl=1","width":350,"height":200,"srcset":"https:\/\/i0.wp.com\/correiodasemana.com\/site\/wp-content\/uploads\/2024\/05\/WhatsApp-Image-2024-05-15-at-23.39.08.jpeg?resize=350%2C200&ssl=1 1x, https:\/\/i0.wp.com\/correiodasemana.com\/site\/wp-content\/uploads\/2024\/05\/WhatsApp-Image-2024-05-15-at-23.39.08.jpeg?resize=525%2C300&ssl=1 1.5x, https:\/\/i0.wp.com\/correiodasemana.com\/site\/wp-content\/uploads\/2024\/05\/WhatsApp-Image-2024-05-15-at-23.39.08.jpeg?resize=700%2C400&ssl=1 2x, https:\/\/i0.wp.com\/correiodasemana.com\/site\/wp-content\/uploads\/2024\/05\/WhatsApp-Image-2024-05-15-at-23.39.08.jpeg?resize=1050%2C600&ssl=1 3x, https:\/\/i0.wp.com\/correiodasemana.com\/site\/wp-content\/uploads\/2024\/05\/WhatsApp-Image-2024-05-15-at-23.39.08.jpeg?resize=1400%2C800&ssl=1 4x"},"classes":[]},{"id":30069,"url":"https:\/\/correiodasemana.com\/site\/do-clero-sobralense-um-novo-bispo-para-a-diocese-de-garanhuns-pe-2\/","url_meta":{"origin":29265,"position":1},"title":"Do clero sobralense, um novo bispo para a Diocese de Garanhuns\/PE","author":"adminredacao","date":"Julho 22, 2024","format":false,"excerpt":"A centen\u00e1ria Diocese de Sobral celebrou jubilosamente na \u00faltima ter\u00e7a-feira, 16 de julho, mem\u00f3ria de Nossa Senhora do Carmo, a Ordena\u00e7\u00e3o Episcopal de Monsenhor Agnaldo Tem\u00f3teo da Silveira, com a imposi\u00e7\u00e3o das m\u00e3os de Dom Jos\u00e9 Luiz Gomes de Vasconcelos, bispo da Diocese de Sobral\/CE, no adro da S\u00e9 Catedral\u2026","rel":"","context":"In &quot;Atualidade&quot;","block_context":{"text":"Atualidade","link":"https:\/\/correiodasemana.com\/site\/category\/atualidade\/"},"img":{"alt_text":"","src":"https:\/\/i0.wp.com\/correiodasemana.com\/site\/wp-content\/uploads\/2024\/07\/DSC_5282-scaled.jpg?resize=350%2C200&ssl=1","width":350,"height":200,"srcset":"https:\/\/i0.wp.com\/correiodasemana.com\/site\/wp-content\/uploads\/2024\/07\/DSC_5282-scaled.jpg?resize=350%2C200&ssl=1 1x, https:\/\/i0.wp.com\/correiodasemana.com\/site\/wp-content\/uploads\/2024\/07\/DSC_5282-scaled.jpg?resize=525%2C300&ssl=1 1.5x, https:\/\/i0.wp.com\/correiodasemana.com\/site\/wp-content\/uploads\/2024\/07\/DSC_5282-scaled.jpg?resize=700%2C400&ssl=1 2x, https:\/\/i0.wp.com\/correiodasemana.com\/site\/wp-content\/uploads\/2024\/07\/DSC_5282-scaled.jpg?resize=1050%2C600&ssl=1 3x, https:\/\/i0.wp.com\/correiodasemana.com\/site\/wp-content\/uploads\/2024\/07\/DSC_5282-scaled.jpg?resize=1400%2C800&ssl=1 4x"},"classes":[]},{"id":30117,"url":"https:\/\/correiodasemana.com\/site\/do-clero-sobralense-um-novo-bispo-para-a-diocese-de-garanhuns-pe-4\/","url_meta":{"origin":29265,"position":2},"title":"Do clero sobralense, um novo bispo para a Diocese de Garanhuns\/PE","author":"adminredacao","date":"Julho 29, 2024","format":false,"excerpt":"A centen\u00e1ria Diocese de Sobral celebrou jubilosamente na \u00faltima ter\u00e7a-feira, 16 de julho, mem\u00f3ria de Nossa Senhora do Carmo, a Ordena\u00e7\u00e3o Episcopal de Monsenhor Agnaldo Tem\u00f3teo da Silveira, com a imposi\u00e7\u00e3o das m\u00e3os de Dom Jos\u00e9 Luiz Gomes de Vasconcelos, bispo da Diocese de Sobral\/CE, no adro da S\u00e9 Catedral\u2026","rel":"","context":"In &quot;Atualidade&quot;","block_context":{"text":"Atualidade","link":"https:\/\/correiodasemana.com\/site\/category\/atualidade\/"},"img":{"alt_text":"","src":"https:\/\/i0.wp.com\/correiodasemana.com\/site\/wp-content\/uploads\/2024\/07\/DSC_5282-1-scaled.jpg?resize=350%2C200&ssl=1","width":350,"height":200,"srcset":"https:\/\/i0.wp.com\/correiodasemana.com\/site\/wp-content\/uploads\/2024\/07\/DSC_5282-1-scaled.jpg?resize=350%2C200&ssl=1 1x, https:\/\/i0.wp.com\/correiodasemana.com\/site\/wp-content\/uploads\/2024\/07\/DSC_5282-1-scaled.jpg?resize=525%2C300&ssl=1 1.5x, https:\/\/i0.wp.com\/correiodasemana.com\/site\/wp-content\/uploads\/2024\/07\/DSC_5282-1-scaled.jpg?resize=700%2C400&ssl=1 2x, https:\/\/i0.wp.com\/correiodasemana.com\/site\/wp-content\/uploads\/2024\/07\/DSC_5282-1-scaled.jpg?resize=1050%2C600&ssl=1 3x, https:\/\/i0.wp.com\/correiodasemana.com\/site\/wp-content\/uploads\/2024\/07\/DSC_5282-1-scaled.jpg?resize=1400%2C800&ssl=1 4x"},"classes":[]},{"id":29316,"url":"https:\/\/correiodasemana.com\/site\/monsenhor-agnaldo-temoteo-10-bispo-nascido-na-diocese-de-sobral\/","url_meta":{"origin":29265,"position":3},"title":"Monsenhor Agnaldo Tem\u00f3teo, 10\u00b0 Bispo nascido na Diocese de Sobral","author":"adminredacao","date":"Maio 20, 2024","format":false,"excerpt":"Comendador Jos\u00e9 Lu\u00eds Lira, OESSJ Presidente do Instituto Hist\u00f3rico e Geogr\u00e1fico de Sobral (IHGS) A nomea\u00e7\u00e3o do Mons. Agnaldo Tem\u00f3teo da Silveira, por Sua Santidade o Papa Francisco, neste dia 14 de maio de 2024, para o episcopado da Igreja Cat\u00f3lica Apost\u00f3lica Romana, enche-nos de j\u00fabilo e faz acender em\u2026","rel":"","context":"In &quot;Atualidade&quot;","block_context":{"text":"Atualidade","link":"https:\/\/correiodasemana.com\/site\/category\/atualidade\/"},"img":{"alt_text":"","src":"https:\/\/i0.wp.com\/correiodasemana.com\/site\/wp-content\/uploads\/2024\/05\/DSC0881-scaled.jpg?resize=350%2C200&ssl=1","width":350,"height":200,"srcset":"https:\/\/i0.wp.com\/correiodasemana.com\/site\/wp-content\/uploads\/2024\/05\/DSC0881-scaled.jpg?resize=350%2C200&ssl=1 1x, https:\/\/i0.wp.com\/correiodasemana.com\/site\/wp-content\/uploads\/2024\/05\/DSC0881-scaled.jpg?resize=525%2C300&ssl=1 1.5x, https:\/\/i0.wp.com\/correiodasemana.com\/site\/wp-content\/uploads\/2024\/05\/DSC0881-scaled.jpg?resize=700%2C400&ssl=1 2x, https:\/\/i0.wp.com\/correiodasemana.com\/site\/wp-content\/uploads\/2024\/05\/DSC0881-scaled.jpg?resize=1050%2C600&ssl=1 3x, https:\/\/i0.wp.com\/correiodasemana.com\/site\/wp-content\/uploads\/2024\/05\/DSC0881-scaled.jpg?resize=1400%2C800&ssl=1 4x"},"classes":[]},{"id":30063,"url":"https:\/\/correiodasemana.com\/site\/a-sagracao-de-dom-agnaldo-em-uma-imagem-de-tantos-significados\/","url_meta":{"origin":29265,"position":4},"title":"A Sagra\u00e7\u00e3o de Dom Agnaldo em uma imagem de tantos significados","author":"adminredacao","date":"Julho 22, 2024","format":false,"excerpt":"Ap\u00f3s receber as fotos oficiais da Sagra\u00e7\u00e3o Episcopal de Dom Agnaldo Tem\u00f3teo da Silveira, 10\u00b0 Bispo nascido na Diocese de Sobral, uma reflex\u00e3o me veio \u00e0 mente ao contemplar uma delas. Ao centro temos Jesus Cristo retratado no seu sacrif\u00edcio extremo, a crucifix\u00e3o. Ao lado, a imagem de Nossa Senhora\u2026","rel":"","context":"In &quot;Atualidade&quot;","block_context":{"text":"Atualidade","link":"https:\/\/correiodasemana.com\/site\/category\/atualidade\/"},"img":{"alt_text":"","src":"https:\/\/i0.wp.com\/correiodasemana.com\/site\/wp-content\/uploads\/2024\/07\/Dom-Agnaldo-sagracao-episcopal-emSobral.jpg?resize=350%2C200&ssl=1","width":350,"height":200,"srcset":"https:\/\/i0.wp.com\/correiodasemana.com\/site\/wp-content\/uploads\/2024\/07\/Dom-Agnaldo-sagracao-episcopal-emSobral.jpg?resize=350%2C200&ssl=1 1x, https:\/\/i0.wp.com\/correiodasemana.com\/site\/wp-content\/uploads\/2024\/07\/Dom-Agnaldo-sagracao-episcopal-emSobral.jpg?resize=525%2C300&ssl=1 1.5x, https:\/\/i0.wp.com\/correiodasemana.com\/site\/wp-content\/uploads\/2024\/07\/Dom-Agnaldo-sagracao-episcopal-emSobral.jpg?resize=700%2C400&ssl=1 2x, https:\/\/i0.wp.com\/correiodasemana.com\/site\/wp-content\/uploads\/2024\/07\/Dom-Agnaldo-sagracao-episcopal-emSobral.jpg?resize=1050%2C600&ssl=1 3x, https:\/\/i0.wp.com\/correiodasemana.com\/site\/wp-content\/uploads\/2024\/07\/Dom-Agnaldo-sagracao-episcopal-emSobral.jpg?resize=1400%2C800&ssl=1 4x"},"classes":[]},{"id":32476,"url":"https:\/\/correiodasemana.com\/site\/dom-vasconcelos-sera-empossado-conselheiro-de-honra-da-academia-brasileira-de-hagiologia\/","url_meta":{"origin":29265,"position":5},"title":"Dom Vasconcelos ser\u00e1 empossado Conselheiro de Honra da Academia Brasileira de Hagiologia","author":"adminredacao","date":"Fevereiro 10, 2025","format":false,"excerpt":"Posse\u00a0 O Presidente da Academia Brasileira de Hagiologia - ABRHAGI, Dom Andr\u00e9 Alves dos Santos, OSB, e o Presidente de Honra da ABRHAGI, Prof. Dr. Comend. Jos\u00e9 Lu\u00eds Ara\u00fajo Lira, t\u00eam a grata satisfa\u00e7\u00e3o de convidar para a Solenidade de Posse de Sua Excel\u00eancia Reverend\u00edssima o Senhor Bispo Dom Jos\u00e9\u2026","rel":"","context":"In &quot;Atualidade&quot;","block_context":{"text":"Atualidade","link":"https:\/\/correiodasemana.com\/site\/category\/atualidade\/"},"img":{"alt_text":"","src":"https:\/\/i0.wp.com\/correiodasemana.com\/site\/wp-content\/uploads\/2025\/02\/Dom_Vasconcelos_Sobral.jpg?resize=350%2C200&ssl=1","width":350,"height":200,"srcset":"https:\/\/i0.wp.com\/correiodasemana.com\/site\/wp-content\/uploads\/2025\/02\/Dom_Vasconcelos_Sobral.jpg?resize=350%2C200&ssl=1 1x, https:\/\/i0.wp.com\/correiodasemana.com\/site\/wp-content\/uploads\/2025\/02\/Dom_Vasconcelos_Sobral.jpg?resize=525%2C300&ssl=1 1.5x, https:\/\/i0.wp.com\/correiodasemana.com\/site\/wp-content\/uploads\/2025\/02\/Dom_Vasconcelos_Sobral.jpg?resize=700%2C400&ssl=1 2x"},"classes":[]}],"jetpack_sharing_enabled":true,"_links":{"self":[{"href":"https:\/\/correiodasemana.com\/site\/wp-json\/wp\/v2\/posts\/29265","targetHints":{"allow":["GET"]}}],"collection":[{"href":"https:\/\/correiodasemana.com\/site\/wp-json\/wp\/v2\/posts"}],"about":[{"href":"https:\/\/correiodasemana.com\/site\/wp-json\/wp\/v2\/types\/post"}],"author":[{"embeddable":true,"href":"https:\/\/correiodasemana.com\/site\/wp-json\/wp\/v2\/users\/7"}],"replies":[{"embeddable":true,"href":"https:\/\/correiodasemana.com\/site\/wp-json\/wp\/v2\/comments?post=29265"}],"version-history":[{"count":1,"href":"https:\/\/correiodasemana.com\/site\/wp-json\/wp\/v2\/posts\/29265\/revisions"}],"predecessor-version":[{"id":29276,"href":"https:\/\/correiodasemana.com\/site\/wp-json\/wp\/v2\/posts\/29265\/revisions\/29276"}],"wp:featuredmedia":[{"embeddable":true,"href":"https:\/\/correiodasemana.com\/site\/wp-json\/wp\/v2\/media\/29275"}],"wp:attachment":[{"href":"https:\/\/correiodasemana.com\/site\/wp-json\/wp\/v2\/media?parent=29265"}],"wp:term":[{"taxonomy":"category","embeddable":true,"href":"https:\/\/correiodasemana.com\/site\/wp-json\/wp\/v2\/categories?post=29265"},{"taxonomy":"post_tag","embeddable":true,"href":"https:\/\/correiodasemana.com\/site\/wp-json\/wp\/v2\/tags?post=29265"}],"curies":[{"name":"wp","href":"https:\/\/api.w.org\/{rel}","templated":true}]}}