{"id":29277,"date":"2024-05-20T09:37:26","date_gmt":"2024-05-20T12:37:26","guid":{"rendered":"https:\/\/correiodasemana.com\/site\/?p=29277"},"modified":"2024-05-20T09:37:26","modified_gmt":"2024-05-20T12:37:26","slug":"caritas-diocesana-recebe-a-primeira-dama-lia-de-freitas-para-uma-roda-de-conversa","status":"publish","type":"post","link":"https:\/\/correiodasemana.com\/site\/caritas-diocesana-recebe-a-primeira-dama-lia-de-freitas-para-uma-roda-de-conversa\/","title":{"rendered":"C\u00e1ritas Diocesana recebe a primeira dama, Lia de Freitas para uma roda de conversa"},"content":{"rendered":"<div id='gallery-1' class='gallery galleryid-29277 gallery-columns-6 gallery-size-thumbnail'><figure class='gallery-item'>\n\t\t\t<div class='gallery-icon landscape'>\n\t\t\t\t<a href='https:\/\/correiodasemana.com\/site\/caritas-diocesana-recebe-a-primeira-dama-lia-de-freitas-para-uma-roda-de-conversa\/whatsapp-image-2024-05-17-at-16-55-24\/'><img loading=\"lazy\" width=\"150\" height=\"150\" src=\"https:\/\/correiodasemana.com\/site\/wp-content\/uploads\/2024\/05\/WhatsApp-Image-2024-05-17-at-16.55.24-150x150.jpeg\" class=\"attachment-thumbnail size-thumbnail\" alt=\"WhatsApp Image 2024-05-17 at 16.55.24\" loading=\"lazy\" decoding=\"async\" \/><\/a>\n\t\t\t<\/div><\/figure><figure class='gallery-item'>\n\t\t\t<div class='gallery-icon landscape'>\n\t\t\t\t<a href='https:\/\/correiodasemana.com\/site\/caritas-diocesana-recebe-a-primeira-dama-lia-de-freitas-para-uma-roda-de-conversa\/whatsapp-image-2024-05-17-at-16-55-25\/'><img loading=\"lazy\" width=\"150\" height=\"150\" src=\"https:\/\/correiodasemana.com\/site\/wp-content\/uploads\/2024\/05\/WhatsApp-Image-2024-05-17-at-16.55.25-150x150.jpeg\" class=\"attachment-thumbnail size-thumbnail\" alt=\"WhatsApp Image 2024-05-17 at 16.55.25\" loading=\"lazy\" decoding=\"async\" \/><\/a>\n\t\t\t<\/div><\/figure><figure class='gallery-item'>\n\t\t\t<div class='gallery-icon landscape'>\n\t\t\t\t<a href='https:\/\/correiodasemana.com\/site\/caritas-diocesana-recebe-a-primeira-dama-lia-de-freitas-para-uma-roda-de-conversa\/whatsapp-image-2024-05-17-at-16-55-26\/'><img loading=\"lazy\" width=\"150\" height=\"150\" src=\"https:\/\/correiodasemana.com\/site\/wp-content\/uploads\/2024\/05\/WhatsApp-Image-2024-05-17-at-16.55.26-150x150.jpeg\" class=\"attachment-thumbnail size-thumbnail\" alt=\"WhatsApp Image 2024-05-17 at 16.55.26\" loading=\"lazy\" decoding=\"async\" \/><\/a>\n\t\t\t<\/div><\/figure><figure class='gallery-item'>\n\t\t\t<div class='gallery-icon landscape'>\n\t\t\t\t<a href='https:\/\/correiodasemana.com\/site\/caritas-diocesana-recebe-a-primeira-dama-lia-de-freitas-para-uma-roda-de-conversa\/whatsapp-image-2024-05-17-at-16-55-27-1\/'><img loading=\"lazy\" width=\"150\" height=\"150\" src=\"https:\/\/correiodasemana.com\/site\/wp-content\/uploads\/2024\/05\/WhatsApp-Image-2024-05-17-at-16.55.27-1-150x150.jpeg\" class=\"attachment-thumbnail size-thumbnail\" alt=\"WhatsApp Image 2024-05-17 at 16.55.27 (1)\" loading=\"lazy\" decoding=\"async\" \/><\/a>\n\t\t\t<\/div><\/figure><figure class='gallery-item'>\n\t\t\t<div class='gallery-icon landscape'>\n\t\t\t\t<a href='https:\/\/correiodasemana.com\/site\/caritas-diocesana-recebe-a-primeira-dama-lia-de-freitas-para-uma-roda-de-conversa\/whatsapp-image-2024-05-17-at-16-55-27\/'><img loading=\"lazy\" width=\"150\" height=\"150\" src=\"https:\/\/correiodasemana.com\/site\/wp-content\/uploads\/2024\/05\/WhatsApp-Image-2024-05-17-at-16.55.27-150x150.jpeg\" class=\"attachment-thumbnail size-thumbnail\" alt=\"WhatsApp Image 2024-05-17 at 16.55.27\" loading=\"lazy\" decoding=\"async\" \/><\/a>\n\t\t\t<\/div><\/figure><figure class='gallery-item'>\n\t\t\t<div class='gallery-icon landscape'>\n\t\t\t\t<a href='https:\/\/correiodasemana.com\/site\/caritas-diocesana-recebe-a-primeira-dama-lia-de-freitas-para-uma-roda-de-conversa\/whatsapp-image-2024-05-17-at-16-55-28-1\/'><img loading=\"lazy\" width=\"150\" height=\"150\" src=\"https:\/\/correiodasemana.com\/site\/wp-content\/uploads\/2024\/05\/WhatsApp-Image-2024-05-17-at-16.55.28-1-150x150.jpeg\" class=\"attachment-thumbnail size-thumbnail\" alt=\"WhatsApp Image 2024-05-17 at 16.55.28 (1)\" loading=\"lazy\" decoding=\"async\" \/><\/a>\n\t\t\t<\/div><\/figure><figure class='gallery-item'>\n\t\t\t<div class='gallery-icon landscape'>\n\t\t\t\t<a href='https:\/\/correiodasemana.com\/site\/caritas-diocesana-recebe-a-primeira-dama-lia-de-freitas-para-uma-roda-de-conversa\/whatsapp-image-2024-05-17-at-16-55-28\/'><img loading=\"lazy\" width=\"150\" height=\"150\" src=\"https:\/\/correiodasemana.com\/site\/wp-content\/uploads\/2024\/05\/WhatsApp-Image-2024-05-17-at-16.55.28-150x150.jpeg\" class=\"attachment-thumbnail size-thumbnail\" alt=\"WhatsApp Image 2024-05-17 at 16.55.28\" loading=\"lazy\" decoding=\"async\" \/><\/a>\n\t\t\t<\/div><\/figure>\n\t\t<\/div>\n\n<p>O Centro de Treinamento Dom Aldo di Cillo Pagotto (CETRESO), abriu as portas no \u00faltimo s\u00e1bado, 11 de maio, para acolher um encontro entre a C\u00e1ritas Diocesana, a primeira dama do Estado do Cear\u00e1, Lia de Freitas e os cozinheiros dos USPR\u2019S do lote 22 que comp\u00f5em os munic\u00edpios de Forquilha, Groairas e Sobral.<br \/>\nA roda de conversa teve como objetivo ouvir os cozinheiros e institui\u00e7\u00f5es parceiras do Programa Cear\u00e1 Sem Fome que \u00e9 executado pela C\u00e1ritas Diocesana de Sobral onde fornece cerca de tr\u00eas mil e novecentas quentinhas diariamente em in\u00fameros territ\u00f3rios. Destacamos as Par\u00f3quias de Santana do Acara\u00fa, Senador S\u00e1, Massap\u00ea, Meruoca, Alc\u00e2ntaras, Forquilha, Sobral e Groairas.<br \/>\nDa Diocese de Sobral, participaram: Dom Vasconcelos, bispo diocesano; Pe. Assis Neto, administrador paroquial da \u00c1rea Pastoral de Jord\u00e3o e o coordenador diocesano da C\u00e1ritas e di\u00e1cono permanente, Jos\u00e9 Maria. Na avalia\u00e7\u00e3o de toda a equipe, os alimentos fornecidos s\u00e3o de excelente qualidade e que gra\u00e7as a parceria entre sociedade civil, igrejas, e o Governo do Estado \u00e9 poss\u00edvel minimizar a fome das fam\u00edlias que vivem em situa\u00e7\u00e3o de pobreza.<br \/>\nThais Helena<br \/>\nReda\u00e7\u00e3o Jornal Correio da Semana<\/p>\n","protected":false},"excerpt":{"rendered":"<p>O Centro de Treinamento Dom Aldo di Cillo Pagotto (CETRESO), abriu as portas no \u00faltimo&#8230;<\/p>\n","protected":false},"author":7,"featured_media":29279,"comment_status":"open","ping_status":"open","sticky":false,"template":"","format":"standard","meta":{"_jetpack_memberships_contains_paid_content":false,"footnotes":"","jetpack_publicize_message":"","jetpack_publicize_feature_enabled":true,"jetpack_social_post_already_shared":true,"jetpack_social_options":{"image_generator_settings":{"template":"highway","default_image_id":0,"font":"","enabled":false},"version":2}},"categories":[1],"tags":[],"class_list":["post-29277","post","type-post","status-publish","format-standard","has-post-thumbnail","hentry","category-atualidade"],"jetpack_publicize_connections":[],"jetpack_featured_media_url":"https:\/\/correiodasemana.com\/site\/wp-content\/uploads\/2024\/05\/WhatsApp-Image-2024-05-17-at-16.55.25.jpeg","jetpack-related-posts":[{"id":27059,"url":"https:\/\/correiodasemana.com\/site\/paroquias-de-sobral-inauguram-cozinha-solidaria\/","url_meta":{"origin":29277,"position":0},"title":"Par\u00f3quias de Sobral inauguram Cozinha Solid\u00e1ria","author":"adminredacao","date":"Outubro 30, 2023","format":false,"excerpt":"Recentemente as par\u00f3quias: S\u00e3o Jos\u00e9, Nossa Senhora da Concei\u00e7\u00e3o e \u00c1rea Pastoral de Jord\u00e3o inauguraram a cozinha solid\u00e1ria em parceria com a C\u00e1ritas Diocesana. O programa \u201cProjeto Cear\u00e1 sem Fome\u201d \u00e9 uma iniciativa do governo do estado do Cear\u00e1 onde visa minimizar a situa\u00e7\u00e3o de fome e mis\u00e9ria em que\u2026","rel":"","context":"In &quot;Atualidade&quot;","block_context":{"text":"Atualidade","link":"https:\/\/correiodasemana.com\/site\/category\/atualidade\/"},"img":{"alt_text":"","src":"https:\/\/i0.wp.com\/correiodasemana.com\/site\/wp-content\/uploads\/2023\/10\/Cozinha-Solidaria-Projeto-da-Diocese-de-Sobral-em-Bairro-Dom-Expedito-2.jpg?resize=350%2C200&ssl=1","width":350,"height":200,"srcset":"https:\/\/i0.wp.com\/correiodasemana.com\/site\/wp-content\/uploads\/2023\/10\/Cozinha-Solidaria-Projeto-da-Diocese-de-Sobral-em-Bairro-Dom-Expedito-2.jpg?resize=350%2C200&ssl=1 1x, https:\/\/i0.wp.com\/correiodasemana.com\/site\/wp-content\/uploads\/2023\/10\/Cozinha-Solidaria-Projeto-da-Diocese-de-Sobral-em-Bairro-Dom-Expedito-2.jpg?resize=525%2C300&ssl=1 1.5x, https:\/\/i0.wp.com\/correiodasemana.com\/site\/wp-content\/uploads\/2023\/10\/Cozinha-Solidaria-Projeto-da-Diocese-de-Sobral-em-Bairro-Dom-Expedito-2.jpg?resize=700%2C400&ssl=1 2x, https:\/\/i0.wp.com\/correiodasemana.com\/site\/wp-content\/uploads\/2023\/10\/Cozinha-Solidaria-Projeto-da-Diocese-de-Sobral-em-Bairro-Dom-Expedito-2.jpg?resize=1050%2C600&ssl=1 3x"},"classes":[]},{"id":31831,"url":"https:\/\/correiodasemana.com\/site\/bispos-do-regional-ne-1-se-reunem-com-o-governador-do-ceara-elmano-de-freitas\/","url_meta":{"origin":29277,"position":1},"title":"Bispos do Regional NE 1 se re\u00fanem com o Governador do Cear\u00e1, Elmano de Freitas","author":"adminredacao","date":"Dezembro 24, 2024","format":false,"excerpt":"Nesta segunda-feira, dia 09 de dezembro, no Pal\u00e1cio da Aboli\u00e7\u00e3o em Fortaleza, os bispos das Dioceses e Arquidiocese do Regional Nordeste 1 \u2013 Cear\u00e1 se reuniram com o Govenador do Estado do Cear\u00e1, Elmano de Freitas e com a vice-governadora Jade Romero. Participaram da reuni\u00e3o os bispos das dioceses do\u2026","rel":"","context":"In &quot;Atualidade&quot;","block_context":{"text":"Atualidade","link":"https:\/\/correiodasemana.com\/site\/category\/atualidade\/"},"img":{"alt_text":"","src":"https:\/\/i0.wp.com\/correiodasemana.com\/site\/wp-content\/uploads\/2024\/12\/WhatsApp-Image-2024-12-13-at-17.53.10.jpeg?resize=350%2C200&ssl=1","width":350,"height":200,"srcset":"https:\/\/i0.wp.com\/correiodasemana.com\/site\/wp-content\/uploads\/2024\/12\/WhatsApp-Image-2024-12-13-at-17.53.10.jpeg?resize=350%2C200&ssl=1 1x, https:\/\/i0.wp.com\/correiodasemana.com\/site\/wp-content\/uploads\/2024\/12\/WhatsApp-Image-2024-12-13-at-17.53.10.jpeg?resize=525%2C300&ssl=1 1.5x, https:\/\/i0.wp.com\/correiodasemana.com\/site\/wp-content\/uploads\/2024\/12\/WhatsApp-Image-2024-12-13-at-17.53.10.jpeg?resize=700%2C400&ssl=1 2x, https:\/\/i0.wp.com\/correiodasemana.com\/site\/wp-content\/uploads\/2024\/12\/WhatsApp-Image-2024-12-13-at-17.53.10.jpeg?resize=1050%2C600&ssl=1 3x, https:\/\/i0.wp.com\/correiodasemana.com\/site\/wp-content\/uploads\/2024\/12\/WhatsApp-Image-2024-12-13-at-17.53.10.jpeg?resize=1400%2C800&ssl=1 4x"},"classes":[]},{"id":28439,"url":"https:\/\/correiodasemana.com\/site\/em-sobral-caritas-diocesana-realiza-assembleia\/","url_meta":{"origin":29277,"position":2},"title":"Em Sobral, C\u00e1ritas Diocesana realiza Assembleia","author":"adminredacao","date":"Fevereiro 19, 2024","format":false,"excerpt":"Na manh\u00e3 desta sexta-feira, 16 de fevereiro, a C\u00e1ritas Diocesana realizou uma assembleia no audit\u00f3rio Dom Walfrido em Sobral. O objetivo foi a elei\u00e7\u00e3o da diretoria da institui\u00e7\u00e3o, assim como a aprova\u00e7\u00e3o dos relat\u00f3rios financeiros e atividades do ano de 2023. A programa\u00e7\u00e3o contou com a presen\u00e7a do bispo diocesano,\u2026","rel":"","context":"In &quot;Atualidade&quot;","block_context":{"text":"Atualidade","link":"https:\/\/correiodasemana.com\/site\/category\/atualidade\/"},"img":{"alt_text":"","src":"https:\/\/i0.wp.com\/correiodasemana.com\/site\/wp-content\/uploads\/2024\/02\/WhatsApp-Image-2024-02-16-at-18.03.55.jpeg?resize=350%2C200&ssl=1","width":350,"height":200,"srcset":"https:\/\/i0.wp.com\/correiodasemana.com\/site\/wp-content\/uploads\/2024\/02\/WhatsApp-Image-2024-02-16-at-18.03.55.jpeg?resize=350%2C200&ssl=1 1x, https:\/\/i0.wp.com\/correiodasemana.com\/site\/wp-content\/uploads\/2024\/02\/WhatsApp-Image-2024-02-16-at-18.03.55.jpeg?resize=525%2C300&ssl=1 1.5x, https:\/\/i0.wp.com\/correiodasemana.com\/site\/wp-content\/uploads\/2024\/02\/WhatsApp-Image-2024-02-16-at-18.03.55.jpeg?resize=700%2C400&ssl=1 2x, https:\/\/i0.wp.com\/correiodasemana.com\/site\/wp-content\/uploads\/2024\/02\/WhatsApp-Image-2024-02-16-at-18.03.55.jpeg?resize=1050%2C600&ssl=1 3x"},"classes":[]},{"id":15672,"url":"https:\/\/correiodasemana.com\/site\/rede-bodega-arcos-inaugura-ponto-fixo-de-comercializacao-em-forquilha-ce\/","url_meta":{"origin":29277,"position":3},"title":"Rede Bodega Arcos inaugura ponto fixo de comercializa\u00e7\u00e3o, em Forquilha-CE","author":"","date":"Fevereiro 6, 2021","format":false,"excerpt":"Na \u00faltima quarta-feira (27) de janeiro, a Bodega Arcos de Sobral realizou a inaugura\u00e7\u00e3o do ponto fixo de comercializa\u00e7\u00e3o solid\u00e1ria - Filial Forquilha, na sede do Sindicato dos Trabalhadores e Trabalhadoras Rurais de Forquilha. Na ocasi\u00e3o estiveram presentes representa\u00e7\u00f5es de s\u00f3cios e s\u00f3cias da rede, C\u00e1ritas Diocesana, Par\u00f3quia S\u00e3o Francisco,\u2026","rel":"","context":"In &quot;Atualidade&quot;","block_context":{"text":"Atualidade","link":"https:\/\/correiodasemana.com\/site\/category\/atualidade\/"},"img":{"alt_text":"","src":"https:\/\/i0.wp.com\/correiodasemana.com\/site\/wp-content\/uploads\/2021\/02\/IMG_2145.jpg?resize=350%2C200&ssl=1","width":350,"height":200,"srcset":"https:\/\/i0.wp.com\/correiodasemana.com\/site\/wp-content\/uploads\/2021\/02\/IMG_2145.jpg?resize=350%2C200&ssl=1 1x, https:\/\/i0.wp.com\/correiodasemana.com\/site\/wp-content\/uploads\/2021\/02\/IMG_2145.jpg?resize=525%2C300&ssl=1 1.5x, https:\/\/i0.wp.com\/correiodasemana.com\/site\/wp-content\/uploads\/2021\/02\/IMG_2145.jpg?resize=700%2C400&ssl=1 2x"},"classes":[]},{"id":35344,"url":"https:\/\/correiodasemana.com\/site\/campanha-da-caritas-diocesana-arrecada-doacoes-para-familias-atingidas-por-incendio-em-sobral\/","url_meta":{"origin":29277,"position":4},"title":"Campanha da C\u00e1ritas Diocesana arrecada doa\u00e7\u00f5es para fam\u00edlias atingidas por inc\u00eandio em Sobral","author":"adminredacao","date":"Agosto 25, 2025","format":false,"excerpt":"A C\u00e1ritas Diocesana est\u00e1 realizando uma campanha para ajudar as fam\u00edlias atingidas pelo inc\u00eandio ocorrido na \u00faltima quarta-feira (20) no galp\u00e3o da empresa de res\u00edduos s\u00f3lidos DM Ambiental, localizado no bairro Parque Silvana II, em Sobral. O inc\u00eandio teve in\u00edcio por volta das 23h. As chamas se espalharam rapidamente, atingindo\u2026","rel":"","context":"In &quot;Atualidade&quot;","block_context":{"text":"Atualidade","link":"https:\/\/correiodasemana.com\/site\/category\/atualidade\/"},"img":{"alt_text":"","src":"https:\/\/i0.wp.com\/correiodasemana.com\/site\/wp-content\/uploads\/2025\/08\/caritas-1.jpeg?resize=350%2C200&ssl=1","width":350,"height":200,"srcset":"https:\/\/i0.wp.com\/correiodasemana.com\/site\/wp-content\/uploads\/2025\/08\/caritas-1.jpeg?resize=350%2C200&ssl=1 1x, https:\/\/i0.wp.com\/correiodasemana.com\/site\/wp-content\/uploads\/2025\/08\/caritas-1.jpeg?resize=525%2C300&ssl=1 1.5x, https:\/\/i0.wp.com\/correiodasemana.com\/site\/wp-content\/uploads\/2025\/08\/caritas-1.jpeg?resize=700%2C400&ssl=1 2x, https:\/\/i0.wp.com\/correiodasemana.com\/site\/wp-content\/uploads\/2025\/08\/caritas-1.jpeg?resize=1050%2C600&ssl=1 3x"},"classes":[]},{"id":33526,"url":"https:\/\/correiodasemana.com\/site\/caritas-diocesana-e-ama-realizam-ato-ecologico-em-homenagem-ao-papa-francisco\/","url_meta":{"origin":29277,"position":5},"title":"C\u00e1ritas Diocesana e AMA realizam ato ecol\u00f3gico em homenagem ao Papa Francisco","author":"adminredacao","date":"Abril 29, 2025","format":false,"excerpt":"Na manh\u00e3 deste s\u00e1bado, 26 de abril, a Ag\u00eancia Municipal do Meio Ambiente (AMA), em parceria com a C\u00e1ritas Diocesana de Sobral, realizou o plantio de mudas em homenagem ao Papa Francisco, na Pra\u00e7a da Catedral da S\u00e9. O evento contou com a presen\u00e7a da vice-prefeita, Dra. Imaculada, e de\u2026","rel":"","context":"In &quot;Atualidade&quot;","block_context":{"text":"Atualidade","link":"https:\/\/correiodasemana.com\/site\/category\/atualidade\/"},"img":{"alt_text":"","src":"https:\/\/i0.wp.com\/correiodasemana.com\/site\/wp-content\/uploads\/2025\/04\/DSC_0503.jpg?resize=350%2C200&ssl=1","width":350,"height":200,"srcset":"https:\/\/i0.wp.com\/correiodasemana.com\/site\/wp-content\/uploads\/2025\/04\/DSC_0503.jpg?resize=350%2C200&ssl=1 1x, https:\/\/i0.wp.com\/correiodasemana.com\/site\/wp-content\/uploads\/2025\/04\/DSC_0503.jpg?resize=525%2C300&ssl=1 1.5x, https:\/\/i0.wp.com\/correiodasemana.com\/site\/wp-content\/uploads\/2025\/04\/DSC_0503.jpg?resize=700%2C400&ssl=1 2x, https:\/\/i0.wp.com\/correiodasemana.com\/site\/wp-content\/uploads\/2025\/04\/DSC_0503.jpg?resize=1050%2C600&ssl=1 3x, https:\/\/i0.wp.com\/correiodasemana.com\/site\/wp-content\/uploads\/2025\/04\/DSC_0503.jpg?resize=1400%2C800&ssl=1 4x"},"classes":[]}],"jetpack_sharing_enabled":true,"_links":{"self":[{"href":"https:\/\/correiodasemana.com\/site\/wp-json\/wp\/v2\/posts\/29277","targetHints":{"allow":["GET"]}}],"collection":[{"href":"https:\/\/correiodasemana.com\/site\/wp-json\/wp\/v2\/posts"}],"about":[{"href":"https:\/\/correiodasemana.com\/site\/wp-json\/wp\/v2\/types\/post"}],"author":[{"embeddable":true,"href":"https:\/\/correiodasemana.com\/site\/wp-json\/wp\/v2\/users\/7"}],"replies":[{"embeddable":true,"href":"https:\/\/correiodasemana.com\/site\/wp-json\/wp\/v2\/comments?post=29277"}],"version-history":[{"count":1,"href":"https:\/\/correiodasemana.com\/site\/wp-json\/wp\/v2\/posts\/29277\/revisions"}],"predecessor-version":[{"id":29285,"href":"https:\/\/correiodasemana.com\/site\/wp-json\/wp\/v2\/posts\/29277\/revisions\/29285"}],"wp:featuredmedia":[{"embeddable":true,"href":"https:\/\/correiodasemana.com\/site\/wp-json\/wp\/v2\/media\/29279"}],"wp:attachment":[{"href":"https:\/\/correiodasemana.com\/site\/wp-json\/wp\/v2\/media?parent=29277"}],"wp:term":[{"taxonomy":"category","embeddable":true,"href":"https:\/\/correiodasemana.com\/site\/wp-json\/wp\/v2\/categories?post=29277"},{"taxonomy":"post_tag","embeddable":true,"href":"https:\/\/correiodasemana.com\/site\/wp-json\/wp\/v2\/tags?post=29277"}],"curies":[{"name":"wp","href":"https:\/\/api.w.org\/{rel}","templated":true}]}}