{"id":29296,"date":"2024-05-20T09:40:37","date_gmt":"2024-05-20T12:40:37","guid":{"rendered":"https:\/\/correiodasemana.com\/site\/?p=29296"},"modified":"2024-05-20T09:40:37","modified_gmt":"2024-05-20T12:40:37","slug":"em-tempo-226","status":"publish","type":"post","link":"https:\/\/correiodasemana.com\/site\/em-tempo-226\/","title":{"rendered":"EM TEMPO \u2022"},"content":{"rendered":"<p><strong>Vestibular UVA com nota do Enem<\/strong><br \/>\nUniversidade Estadual Vale do Acara\u00fa (UVA) recebe inscri\u00e7\u00f5es, at\u00e9 23 de junho, para Processo Seletivo do Vestibular 2024.2 com aproveitamento do resultado do Exame Nacional do Ensino M\u00e9dio (Enem), com 1.134 vagas em Sobral, S\u00e3o Benedito, Camocim e Acara\u00fa.<br \/>\nOs candidatos dever\u00e3o anexar, no momento da inscri\u00e7\u00e3o online, Boletim do Enem para comprova\u00e7\u00e3o da nota obtida, desde que o exame tenha ocorrido nos \u00faltimos cinco anos. Todas as informa\u00e7\u00f5es est\u00e3o dispon\u00edveis no Edital 01\/2024 \u2013 UVA, no site https:\/\/vestibular.uvanet.br.<\/p>\n<p><strong>Entrega do Pr\u00eamio Cear\u00e1 Encena<\/strong><br \/>\nO Grupo Arte de Viver realiza, no dia 22 de maio, entrega do 7\u00ba Pr\u00eamio Cear\u00e1 Encena \u2013 Edi\u00e7\u00e3o 2023 \/2024. Evento celebra artistas que marcam hist\u00f3ria dentro e fora dos palcos. Est\u00e3o na comiss\u00e3o julgadora renomados profissionais do teatro, como Hiroldo Serra e Kelva Cristina.<br \/>\nAl\u00e9m da premia\u00e7\u00e3o, agendada para 22 de maio, cerim\u00f4nia tamb\u00e9m homenageia grandes nomes que, ao longo de suas hist\u00f3rias contribu\u00edram para o fazer teatral. Esta edi\u00e7\u00e3o destaca a vida e a obra de Fernando Pianc\u00f3, Ivanilde Rodrigues, Lourdes Macena e Maz\u00e9 Figueiredo.<\/p>\n<p><strong>Romance \u201cUm prego no espelho\u201d<\/strong><\/p>\n<div id='gallery-1' class='gallery galleryid-29296 gallery-columns-6 gallery-size-thumbnail'><figure class='gallery-item'>\n\t\t\t<div class='gallery-icon landscape'>\n\t\t\t\t<a href='https:\/\/correiodasemana.com\/site\/em-tempo-226\/tercia-montenegro\/'><img loading=\"lazy\" width=\"150\" height=\"150\" src=\"https:\/\/correiodasemana.com\/site\/wp-content\/uploads\/2024\/05\/Tercia-Montenegro-150x150.jpg\" class=\"attachment-thumbnail size-thumbnail\" alt=\"T\u00e9rcia Montenegro\" loading=\"lazy\" decoding=\"async\" \/><\/a>\n\t\t\t<\/div><\/figure>\n\t\t<\/div>\n\n<p><strong>Livro de T\u00e9rcia Montenegro teve lan\u00e7amento-c\u00eanico em Fortaleza<\/strong><br \/>\nUma investiga\u00e7\u00e3o sobre \u201ccomo um sujeito pode se constituir \u00e0 luz das semelhan\u00e7as e das diferen\u00e7as com os outros indiv\u00edduos da fam\u00edlia\u201d. \u00c9 assim que a escritora cearense T\u00e9rcia Montenegro descreve \u201cUm prego no espelho\u201d, romance lan\u00e7ado, em Fortaleza, dia 15 de maio.<br \/>\nObra teve lan\u00e7amento-c\u00eanico na Casa Absurda, com v\u00e1rias linguagens art\u00edsticas. Indo al\u00e9m da rever\u00eancia, T\u00e9rcia, que al\u00e9m de professora e escritora tamb\u00e9m \u00e9 fot\u00f3grafa, destaca que as artes visuais, de uma maneira ampla, sempre foram uma \u00eanfase no seu trabalho liter\u00e1rio.<\/p>\n<p><strong>Curso sobre curadoria de cinema<\/strong><br \/>\nMuseu da Imagem e do Som do Cear\u00e1 divulga, dia 18 de maio, resultado das inscri\u00e7\u00f5es para o curso \u201cCuradoria de cinemas nos limites da caixa preta e do cubo branco\u201d, com 20 vagas. Forma\u00e7\u00e3o \u00e9 gratuita e acontece entre 20 e 24 deste m\u00eas, com Pedro Azevedo, via Google Meet.<br \/>\nCurso visa refletir criticamente sobre a curadoria de cinema contempor\u00e2nea no Brasil \u2013 observando os contextos pol\u00edticos, culturais e hist\u00f3ricos que influenciam na sociedade. Busca incentivar abordagem criativa e experimental na \u00e1rea, rompendo o que j\u00e1 est\u00e1 pr\u00e9-estabelecido.<\/p>\n<p><strong>Bal\u00e9 dram\u00e1tico russo em Fortaleza<\/strong><br \/>\nTeatro Via Sul recebe o \u201cLago dos cisnes\u201d da companhia de S\u00e3o Petersburgo, um bal\u00e9 dram\u00e1tico de 1876 dividido em quatro atos do compositor russo Piotr Ilitch Tchaikovski e, libreto de Vladimir Begitchev e Vasily Geltzer, que teve estreia em 1877 no Teatro Bolshoi.<br \/>\nO grupo russo passa por Fortaleza no dia 17 de junho com ingressos a partir de R$ 200. Apresenta\u00e7\u00f5es em S\u00e3o Paulo, Rio de Janeiro, Belo Horizonte, Bras\u00edlia, Goi\u00e2nia e Porto Alegre tamb\u00e9m marcam comemora\u00e7\u00e3o de tr\u00eas d\u00e9cadas da companhia criada por Konstantin Tahckin.<\/p>\n<p>Dica da Coluna<br \/>\nLeia o Blog do Edilson (www.blogdoedilson.com.br): Cultura, educa\u00e7\u00e3o, pol\u00edtica e utilidade p\u00fablica.<\/p>\n","protected":false},"excerpt":{"rendered":"<p>Vestibular UVA com nota do Enem Universidade Estadual Vale do Acara\u00fa (UVA) recebe inscri\u00e7\u00f5es, at\u00e9&#8230;<\/p>\n","protected":false},"author":7,"featured_media":18025,"comment_status":"open","ping_status":"open","sticky":false,"template":"","format":"standard","meta":{"_jetpack_memberships_contains_paid_content":false,"footnotes":"","jetpack_publicize_message":"","jetpack_publicize_feature_enabled":true,"jetpack_social_post_already_shared":true,"jetpack_social_options":{"image_generator_settings":{"template":"highway","default_image_id":0,"font":"","enabled":false},"version":2}},"categories":[11,36],"tags":[],"class_list":["post-29296","post","type-post","status-publish","format-standard","has-post-thumbnail","hentry","category-artigos","category-em-tempo"],"jetpack_publicize_connections":[],"jetpack_featured_media_url":"https:\/\/correiodasemana.com\/site\/wp-content\/uploads\/2021\/11\/Edilson-Silva.jpg","jetpack-related-posts":[{"id":29582,"url":"https:\/\/correiodasemana.com\/site\/uva-oferta-1-134-vagas-para-o-vestibular-2024-2-use-a-nota-do-enem\/","url_meta":{"origin":29296,"position":0},"title":"UVA oferta 1.134 vagas para o Vestibular 2024.2. Use a nota do ENEM","author":"adminredacao","date":"Junho 10, 2024","format":false,"excerpt":"A Universidade Estadual Vale do Acara\u00fa (UVA), atrav\u00e9s da Comiss\u00e3o Executiva de Processos Seletivos (Ceps), est\u00e1 com inscri\u00e7\u00f5es abertas para o Processo Seletivo do Vestibular 2024.2 com o aproveitamento do resultado do Exame Nacional do Ensino M\u00e9dio (Enem). O prazo vai at\u00e9 23 de junho, pelo site https:\/\/vestibular.uvanet.br. Para este\u2026","rel":"","context":"In &quot;Atualidade&quot;","block_context":{"text":"Atualidade","link":"https:\/\/correiodasemana.com\/site\/category\/atualidade\/"},"img":{"alt_text":"","src":"https:\/\/i0.wp.com\/correiodasemana.com\/site\/wp-content\/uploads\/2024\/06\/Fachada-da-UVA.jpeg?resize=350%2C200&ssl=1","width":350,"height":200,"srcset":"https:\/\/i0.wp.com\/correiodasemana.com\/site\/wp-content\/uploads\/2024\/06\/Fachada-da-UVA.jpeg?resize=350%2C200&ssl=1 1x, https:\/\/i0.wp.com\/correiodasemana.com\/site\/wp-content\/uploads\/2024\/06\/Fachada-da-UVA.jpeg?resize=525%2C300&ssl=1 1.5x"},"classes":[]},{"id":29527,"url":"https:\/\/correiodasemana.com\/site\/em-tempo-228\/","url_meta":{"origin":29296,"position":1},"title":"EM TEMPO \u2022","author":"adminredacao","date":"Junho 3, 2024","format":false,"excerpt":"Inscri\u00e7\u00f5es do Vestibular UVA 2024.2 Universidade Estadual Vale do Acara\u00fa (UVA) recebe inscri\u00e7\u00f5es, at\u00e9 23 de junho, para Processo Seletivo do Vestibular 2024.2 com aproveitamento do resultado do Exame Nacional do Ensino M\u00e9dio (Enem), com 1.134 vagas em Sobral, S\u00e3o Benedito, Camocim e Acara\u00fa. Os candidatos dever\u00e3o anexar, no momento\u2026","rel":"","context":"In &quot;Artigos&quot;","block_context":{"text":"Artigos","link":"https:\/\/correiodasemana.com\/site\/category\/artigos\/"},"img":{"alt_text":"","src":"https:\/\/i0.wp.com\/correiodasemana.com\/site\/wp-content\/uploads\/2024\/06\/rodger-rogerio-150x150.jpg?resize=350%2C200&ssl=1","width":350,"height":200,"srcset":"https:\/\/i0.wp.com\/correiodasemana.com\/site\/wp-content\/uploads\/2024\/06\/rodger-rogerio-150x150.jpg?resize=350%2C200&ssl=1 1x, https:\/\/i0.wp.com\/correiodasemana.com\/site\/wp-content\/uploads\/2024\/06\/rodger-rogerio-150x150.jpg?resize=525%2C300&ssl=1 1.5x, https:\/\/i0.wp.com\/correiodasemana.com\/site\/wp-content\/uploads\/2024\/06\/rodger-rogerio-150x150.jpg?resize=700%2C400&ssl=1 2x"},"classes":[]},{"id":33337,"url":"https:\/\/correiodasemana.com\/site\/uva-abre-processo-seletivo-para-vestibular-2025-2-com-reaproveitamento-da-nota-do-enem\/","url_meta":{"origin":29296,"position":2},"title":"UVA abre Processo Seletivo para Vestibular 2025.2 com reaproveitamento da nota do ENEM","author":"adminredacao","date":"Abril 14, 2025","format":false,"excerpt":"A Universidade Estadual Vale do Acara\u00fa - UVA abriu inscri\u00e7\u00f5es para o Processo Seletivo do Vestibular 2025.2 por meio da Comiss\u00e3o Executiva de Processos Seletivos - CEPS, com aproveitamento do resultado do ENEM. Neste processo seletivo, ser\u00e3o ofertadas 1.134 vagas, distribu\u00eddas da seguinte forma: 854 vagas para os cursos de\u2026","rel":"","context":"In &quot;Atualidade&quot;","block_context":{"text":"Atualidade","link":"https:\/\/correiodasemana.com\/site\/category\/atualidade\/"},"img":{"alt_text":"","src":"https:\/\/i0.wp.com\/correiodasemana.com\/site\/wp-content\/uploads\/2025\/04\/UVA-Universidade-Vale-do-Acarau-Sobral-scaled.jpg?resize=350%2C200&ssl=1","width":350,"height":200,"srcset":"https:\/\/i0.wp.com\/correiodasemana.com\/site\/wp-content\/uploads\/2025\/04\/UVA-Universidade-Vale-do-Acarau-Sobral-scaled.jpg?resize=350%2C200&ssl=1 1x, https:\/\/i0.wp.com\/correiodasemana.com\/site\/wp-content\/uploads\/2025\/04\/UVA-Universidade-Vale-do-Acarau-Sobral-scaled.jpg?resize=525%2C300&ssl=1 1.5x, https:\/\/i0.wp.com\/correiodasemana.com\/site\/wp-content\/uploads\/2025\/04\/UVA-Universidade-Vale-do-Acarau-Sobral-scaled.jpg?resize=700%2C400&ssl=1 2x, https:\/\/i0.wp.com\/correiodasemana.com\/site\/wp-content\/uploads\/2025\/04\/UVA-Universidade-Vale-do-Acarau-Sobral-scaled.jpg?resize=1050%2C600&ssl=1 3x, https:\/\/i0.wp.com\/correiodasemana.com\/site\/wp-content\/uploads\/2025\/04\/UVA-Universidade-Vale-do-Acarau-Sobral-scaled.jpg?resize=1400%2C800&ssl=1 4x"},"classes":[]},{"id":37959,"url":"https:\/\/correiodasemana.com\/site\/uva-abre-processo-seletivo-do-vestibular-2026-2-com-nota-do-enem-curso-de-psicologia-passa-a-ser-ofertado\/","url_meta":{"origin":29296,"position":3},"title":"UVA abre Processo Seletivo do Vestibular 2026.2 com nota do ENEM; curso de Psicologia passa a ser ofertado","author":"adminredacao","date":"Abril 11, 2026","format":false,"excerpt":"A Universidade Estadual Vale do Acara\u00fa (UVA) anuncia a abertura do Processo Seletivo do Vestibular 2026.2 para ingresso no ensino superior, por meio da nota do Exame Nacional do Ensino M\u00e9dio (ENEM), ampliando as oportunidades de acesso \u00e0 gradua\u00e7\u00e3o para estudantes de toda a regi\u00e3o. A sele\u00e7\u00e3o permite que candidatos\u2026","rel":"","context":"In &quot;Atualidade&quot;","block_context":{"text":"Atualidade","link":"https:\/\/correiodasemana.com\/site\/category\/atualidade\/"},"img":{"alt_text":"","src":"https:\/\/i0.wp.com\/correiodasemana.com\/site\/wp-content\/uploads\/2026\/04\/WhatsApp-Image-2026-03-20-at-08.54.13.jpeg?resize=350%2C200&ssl=1","width":350,"height":200,"srcset":"https:\/\/i0.wp.com\/correiodasemana.com\/site\/wp-content\/uploads\/2026\/04\/WhatsApp-Image-2026-03-20-at-08.54.13.jpeg?resize=350%2C200&ssl=1 1x, https:\/\/i0.wp.com\/correiodasemana.com\/site\/wp-content\/uploads\/2026\/04\/WhatsApp-Image-2026-03-20-at-08.54.13.jpeg?resize=525%2C300&ssl=1 1.5x, https:\/\/i0.wp.com\/correiodasemana.com\/site\/wp-content\/uploads\/2026\/04\/WhatsApp-Image-2026-03-20-at-08.54.13.jpeg?resize=700%2C400&ssl=1 2x, https:\/\/i0.wp.com\/correiodasemana.com\/site\/wp-content\/uploads\/2026\/04\/WhatsApp-Image-2026-03-20-at-08.54.13.jpeg?resize=1050%2C600&ssl=1 3x, https:\/\/i0.wp.com\/correiodasemana.com\/site\/wp-content\/uploads\/2026\/04\/WhatsApp-Image-2026-03-20-at-08.54.13.jpeg?resize=1400%2C800&ssl=1 4x"},"classes":[]},{"id":33602,"url":"https:\/\/correiodasemana.com\/site\/em-tempo-275\/","url_meta":{"origin":29296,"position":4},"title":"EM TEMPO \u2022","author":"adminredacao","date":"Maio 5, 2025","format":false,"excerpt":"Um passeio virtual na Gruta de Ubajara Que tal visitar a Gruta de Ubajara, na Serra da Ibiapaba, Cear\u00e1, sem sair de casa? Essa \u00e9 a ideia do projeto DocumentaCE, realizado pelo Instituto de Arquitetura e Urbanismo e Design da Universidade Federal do Cear\u00e1. Lan\u00e7amento do passeio virtual est\u00e1 previsto\u2026","rel":"","context":"In &quot;Artigos&quot;","block_context":{"text":"Artigos","link":"https:\/\/correiodasemana.com\/site\/category\/artigos\/"},"img":{"alt_text":"","src":"https:\/\/i0.wp.com\/correiodasemana.com\/site\/wp-content\/uploads\/2025\/05\/IMG_3701-2048x1365-1-768x512-1-150x150.jpeg?resize=350%2C200&ssl=1","width":350,"height":200,"srcset":"https:\/\/i0.wp.com\/correiodasemana.com\/site\/wp-content\/uploads\/2025\/05\/IMG_3701-2048x1365-1-768x512-1-150x150.jpeg?resize=350%2C200&ssl=1 1x, https:\/\/i0.wp.com\/correiodasemana.com\/site\/wp-content\/uploads\/2025\/05\/IMG_3701-2048x1365-1-768x512-1-150x150.jpeg?resize=525%2C300&ssl=1 1.5x, https:\/\/i0.wp.com\/correiodasemana.com\/site\/wp-content\/uploads\/2025\/05\/IMG_3701-2048x1365-1-768x512-1-150x150.jpeg?resize=700%2C400&ssl=1 2x"},"classes":[]},{"id":29552,"url":"https:\/\/correiodasemana.com\/site\/em-tempo-229\/","url_meta":{"origin":29296,"position":5},"title":"EM TEMPO \u2022","author":"adminredacao","date":"Junho 10, 2024","format":false,"excerpt":"Festival de Inverno da Meruoca A 17\u00aa edi\u00e7\u00e3o do Festival de Inverno da Serra da Meruoca, de 31 de maio a 3 de junho, teve atra\u00e7\u00f5es gratuitas com feiras, oficinas, exposi\u00e7\u00f5es e shows dos The Fevers, Padre F\u00e1bio de Melo, Banda Magn\u00edficos, Ana Carolina, Anderson Freire e apresenta\u00e7\u00e3o do Maracatu\u2026","rel":"","context":"In &quot;Artigos&quot;","block_context":{"text":"Artigos","link":"https:\/\/correiodasemana.com\/site\/category\/artigos\/"},"img":{"alt_text":"","src":"https:\/\/i0.wp.com\/correiodasemana.com\/site\/wp-content\/uploads\/2024\/06\/Oswald-150x150.jpg?resize=350%2C200&ssl=1","width":350,"height":200,"srcset":"https:\/\/i0.wp.com\/correiodasemana.com\/site\/wp-content\/uploads\/2024\/06\/Oswald-150x150.jpg?resize=350%2C200&ssl=1 1x, https:\/\/i0.wp.com\/correiodasemana.com\/site\/wp-content\/uploads\/2024\/06\/Oswald-150x150.jpg?resize=525%2C300&ssl=1 1.5x, https:\/\/i0.wp.com\/correiodasemana.com\/site\/wp-content\/uploads\/2024\/06\/Oswald-150x150.jpg?resize=700%2C400&ssl=1 2x"},"classes":[]}],"jetpack_sharing_enabled":true,"_links":{"self":[{"href":"https:\/\/correiodasemana.com\/site\/wp-json\/wp\/v2\/posts\/29296","targetHints":{"allow":["GET"]}}],"collection":[{"href":"https:\/\/correiodasemana.com\/site\/wp-json\/wp\/v2\/posts"}],"about":[{"href":"https:\/\/correiodasemana.com\/site\/wp-json\/wp\/v2\/types\/post"}],"author":[{"embeddable":true,"href":"https:\/\/correiodasemana.com\/site\/wp-json\/wp\/v2\/users\/7"}],"replies":[{"embeddable":true,"href":"https:\/\/correiodasemana.com\/site\/wp-json\/wp\/v2\/comments?post=29296"}],"version-history":[{"count":1,"href":"https:\/\/correiodasemana.com\/site\/wp-json\/wp\/v2\/posts\/29296\/revisions"}],"predecessor-version":[{"id":29298,"href":"https:\/\/correiodasemana.com\/site\/wp-json\/wp\/v2\/posts\/29296\/revisions\/29298"}],"wp:featuredmedia":[{"embeddable":true,"href":"https:\/\/correiodasemana.com\/site\/wp-json\/wp\/v2\/media\/18025"}],"wp:attachment":[{"href":"https:\/\/correiodasemana.com\/site\/wp-json\/wp\/v2\/media?parent=29296"}],"wp:term":[{"taxonomy":"category","embeddable":true,"href":"https:\/\/correiodasemana.com\/site\/wp-json\/wp\/v2\/categories?post=29296"},{"taxonomy":"post_tag","embeddable":true,"href":"https:\/\/correiodasemana.com\/site\/wp-json\/wp\/v2\/tags?post=29296"}],"curies":[{"name":"wp","href":"https:\/\/api.w.org\/{rel}","templated":true}]}}