{"id":29344,"date":"2024-05-20T09:54:24","date_gmt":"2024-05-20T12:54:24","guid":{"rendered":"https:\/\/correiodasemana.com\/site\/?p=29344"},"modified":"2024-05-20T09:54:24","modified_gmt":"2024-05-20T12:54:24","slug":"seminaristas-da-teologia-sao-instituidos-acolitos","status":"publish","type":"post","link":"https:\/\/correiodasemana.com\/site\/seminaristas-da-teologia-sao-instituidos-acolitos\/","title":{"rendered":"Seminaristas da Teologia s\u00e3o institu\u00eddos ac\u00f3litos"},"content":{"rendered":"<div id='gallery-1' class='gallery galleryid-29344 gallery-columns-6 gallery-size-thumbnail'><figure class='gallery-item'>\n\t\t\t<div class='gallery-icon portrait'>\n\t\t\t\t<a href='https:\/\/correiodasemana.com\/site\/seminaristas-da-teologia-sao-instituidos-acolitos\/whatsapp-image-2024-05-16-at-21-47-21-1\/'><img loading=\"lazy\" width=\"150\" height=\"150\" src=\"https:\/\/correiodasemana.com\/site\/wp-content\/uploads\/2024\/05\/WhatsApp-Image-2024-05-16-at-21.47.21-1-150x150.jpeg\" class=\"attachment-thumbnail size-thumbnail\" alt=\"WhatsApp Image 2024-05-16 at 21.47.21 (1)\" loading=\"lazy\" decoding=\"async\" \/><\/a>\n\t\t\t<\/div><\/figure><figure class='gallery-item'>\n\t\t\t<div class='gallery-icon portrait'>\n\t\t\t\t<a href='https:\/\/correiodasemana.com\/site\/seminaristas-da-teologia-sao-instituidos-acolitos\/whatsapp-image-2024-05-16-at-21-47-21\/'><img loading=\"lazy\" width=\"150\" height=\"150\" src=\"https:\/\/correiodasemana.com\/site\/wp-content\/uploads\/2024\/05\/WhatsApp-Image-2024-05-16-at-21.47.21-150x150.jpeg\" class=\"attachment-thumbnail size-thumbnail\" alt=\"WhatsApp Image 2024-05-16 at 21.47.21\" loading=\"lazy\" decoding=\"async\" \/><\/a>\n\t\t\t<\/div><\/figure><figure class='gallery-item'>\n\t\t\t<div class='gallery-icon portrait'>\n\t\t\t\t<a href='https:\/\/correiodasemana.com\/site\/seminaristas-da-teologia-sao-instituidos-acolitos\/whatsapp-image-2024-05-16-at-21-47-22-1\/'><img loading=\"lazy\" width=\"150\" height=\"150\" src=\"https:\/\/correiodasemana.com\/site\/wp-content\/uploads\/2024\/05\/WhatsApp-Image-2024-05-16-at-21.47.22-1-150x150.jpeg\" class=\"attachment-thumbnail size-thumbnail\" alt=\"WhatsApp Image 2024-05-16 at 21.47.22 (1)\" loading=\"lazy\" decoding=\"async\" \/><\/a>\n\t\t\t<\/div><\/figure><figure class='gallery-item'>\n\t\t\t<div class='gallery-icon portrait'>\n\t\t\t\t<a href='https:\/\/correiodasemana.com\/site\/seminaristas-da-teologia-sao-instituidos-acolitos\/whatsapp-image-2024-05-16-at-21-47-22\/'><img loading=\"lazy\" width=\"150\" height=\"150\" src=\"https:\/\/correiodasemana.com\/site\/wp-content\/uploads\/2024\/05\/WhatsApp-Image-2024-05-16-at-21.47.22-150x150.jpeg\" class=\"attachment-thumbnail size-thumbnail\" alt=\"WhatsApp Image 2024-05-16 at 21.47.22\" loading=\"lazy\" decoding=\"async\" \/><\/a>\n\t\t\t<\/div><\/figure><figure class='gallery-item'>\n\t\t\t<div class='gallery-icon portrait'>\n\t\t\t\t<a href='https:\/\/correiodasemana.com\/site\/seminaristas-da-teologia-sao-instituidos-acolitos\/whatsapp-image-2024-05-16-at-21-47-23-1\/'><img loading=\"lazy\" width=\"150\" height=\"150\" src=\"https:\/\/correiodasemana.com\/site\/wp-content\/uploads\/2024\/05\/WhatsApp-Image-2024-05-16-at-21.47.23-1-150x150.jpeg\" class=\"attachment-thumbnail size-thumbnail\" alt=\"WhatsApp Image 2024-05-16 at 21.47.23 (1)\" loading=\"lazy\" decoding=\"async\" \/><\/a>\n\t\t\t<\/div><\/figure><figure class='gallery-item'>\n\t\t\t<div class='gallery-icon portrait'>\n\t\t\t\t<a href='https:\/\/correiodasemana.com\/site\/seminaristas-da-teologia-sao-instituidos-acolitos\/whatsapp-image-2024-05-16-at-21-47-23\/'><img loading=\"lazy\" width=\"150\" height=\"150\" src=\"https:\/\/correiodasemana.com\/site\/wp-content\/uploads\/2024\/05\/WhatsApp-Image-2024-05-16-at-21.47.23-150x150.jpeg\" class=\"attachment-thumbnail size-thumbnail\" alt=\"WhatsApp Image 2024-05-16 at 21.47.23\" loading=\"lazy\" decoding=\"async\" \/><\/a>\n\t\t\t<\/div><\/figure><figure class='gallery-item'>\n\t\t\t<div class='gallery-icon portrait'>\n\t\t\t\t<a href='https:\/\/correiodasemana.com\/site\/seminaristas-da-teologia-sao-instituidos-acolitos\/whatsapp-image-2024-05-16-at-21-47-24-1\/'><img loading=\"lazy\" width=\"150\" height=\"150\" src=\"https:\/\/correiodasemana.com\/site\/wp-content\/uploads\/2024\/05\/WhatsApp-Image-2024-05-16-at-21.47.24-1-150x150.jpeg\" class=\"attachment-thumbnail size-thumbnail\" alt=\"WhatsApp Image 2024-05-16 at 21.47.24 (1)\" loading=\"lazy\" decoding=\"async\" \/><\/a>\n\t\t\t<\/div><\/figure><figure class='gallery-item'>\n\t\t\t<div class='gallery-icon portrait'>\n\t\t\t\t<a href='https:\/\/correiodasemana.com\/site\/seminaristas-da-teologia-sao-instituidos-acolitos\/whatsapp-image-2024-05-16-at-21-47-24\/'><img loading=\"lazy\" width=\"150\" height=\"150\" src=\"https:\/\/correiodasemana.com\/site\/wp-content\/uploads\/2024\/05\/WhatsApp-Image-2024-05-16-at-21.47.24-150x150.jpeg\" class=\"attachment-thumbnail size-thumbnail\" alt=\"WhatsApp Image 2024-05-16 at 21.47.24\" loading=\"lazy\" decoding=\"async\" \/><\/a>\n\t\t\t<\/div><\/figure><figure class='gallery-item'>\n\t\t\t<div class='gallery-icon portrait'>\n\t\t\t\t<a href='https:\/\/correiodasemana.com\/site\/seminaristas-da-teologia-sao-instituidos-acolitos\/whatsapp-image-2024-05-16-at-21-47-25\/'><img loading=\"lazy\" width=\"150\" height=\"150\" src=\"https:\/\/correiodasemana.com\/site\/wp-content\/uploads\/2024\/05\/WhatsApp-Image-2024-05-16-at-21.47.25-150x150.jpeg\" class=\"attachment-thumbnail size-thumbnail\" alt=\"WhatsApp Image 2024-05-16 at 21.47.25\" loading=\"lazy\" decoding=\"async\" \/><\/a>\n\t\t\t<\/div><\/figure>\n\t\t<\/div>\n\n<p>Os seminaristas do 4\u00ba ano de Teologia: Lucas Monteiro Barbosa, Raimundo Nonato dos Santos J\u00fanior e Ygor Leonardo Matos Sampaio Sales, foram institu\u00eddos ao minist\u00e9rio do Acolitato na noite da \u00faltima segunda-feira, 13 de maio, durante Santa Missa presidida por Dom Vasconcelos no Semin\u00e1rio Imaculada Concei\u00e7\u00e3o em Fortaleza.<br \/>\nO Ac\u00f3lito \u00e9 institu\u00eddo para o cuidado do servi\u00e7o ao altar, ajudar o di\u00e1cono e servir o sacerdote nos atos lit\u00fargicos, sobretudo na celebra\u00e7\u00e3o da Santa Missa.<br \/>\nConcelebraram: Pe. Eudes Cruz, reitor; Pe. Denilson de Sousa, vice reitor; Pe. Magalh\u00e3es, diretor espiritual da teologia; Pe. F\u00e1bio Soares, p\u00e1roco da Par\u00f3quia de Meruoca; Pe. Emanuel Franklin, p\u00e1roco da Par\u00f3quia de Massap\u00ea e Pe. Rivaldo, p\u00e1roco da Par\u00f3quia Jesus, Maria e Jos\u00e9 em Fortaleza.<br \/>\nAl\u00e9m dos sacerdotes, os familiares dos seminaristas marcaram presen\u00e7a, bem como amigos que acompanham a caminhada vocacional.<br \/>\nEm homilia, Dom Vasconcelos destacou que a miss\u00e3o do ac\u00f3lito n\u00e3o \u00e9 a mesma do di\u00e1cono, que prepara a mesa do altar, mas o ac\u00f3lito \u00e9 aquele que providencia o necess\u00e1rio, assim como Maria nas Bodas de Can\u00e1, ao notar que o vinho estava acabando teve a iniciativa de providenciar para que Jesus realizasse o milagre.<br \/>\nAp\u00f3s a celebra\u00e7\u00e3o, Dom Vasconcelos foi homenageado em virtude do seu anivers\u00e1rio natal\u00edcio ocorrido no dia 12 de maio, domingo.<br \/>\nTha\u00eds Helena &#8211; Reda\u00e7\u00e3o Jornal Correio da Semana<\/p>\n","protected":false},"excerpt":{"rendered":"<p>Os seminaristas do 4\u00ba ano de Teologia: Lucas Monteiro Barbosa, Raimundo Nonato dos Santos J\u00fanior&#8230;<\/p>\n","protected":false},"author":7,"featured_media":29353,"comment_status":"open","ping_status":"open","sticky":false,"template":"","format":"standard","meta":{"_jetpack_memberships_contains_paid_content":false,"footnotes":"","jetpack_publicize_message":"","jetpack_publicize_feature_enabled":true,"jetpack_social_post_already_shared":true,"jetpack_social_options":{"image_generator_settings":{"template":"highway","default_image_id":0,"font":"","enabled":false},"version":2}},"categories":[1],"tags":[],"class_list":["post-29344","post","type-post","status-publish","format-standard","has-post-thumbnail","hentry","category-atualidade"],"jetpack_publicize_connections":[],"jetpack_featured_media_url":"https:\/\/correiodasemana.com\/site\/wp-content\/uploads\/2024\/05\/WhatsApp-Image-2024-05-16-at-21.47.25.jpeg","jetpack-related-posts":[{"id":30240,"url":"https:\/\/correiodasemana.com\/site\/seminaristas-da-teologia-sao-instituidos-ao-ministerio-de-leitor\/","url_meta":{"origin":29344,"position":0},"title":"Seminaristas da Teologia s\u00e3o institu\u00eddos ao Minist\u00e9rio de Leitor","author":"adminredacao","date":"Agosto 3, 2024","format":false,"excerpt":"Oito seminaristas da etapa da configura\u00e7\u00e3o do Semin\u00e1rio de Teologia Imaculada Concei\u00e7\u00e3o, foram institu\u00eddos ao minist\u00e9rio do Leitorado na manh\u00e3 do dia 30 de julho, durante celebra\u00e7\u00e3o eucar\u00edstica presidida por Dom Jos\u00e9 Luiz Gomes de Vasconcelos, na conviv\u00eancia dos seminaristas que aconteceu em Camocim\/CE. Os vocacionados das tr\u00eas etapas formativas:\u2026","rel":"","context":"In &quot;Atualidade&quot;","block_context":{"text":"Atualidade","link":"https:\/\/correiodasemana.com\/site\/category\/atualidade\/"},"img":{"alt_text":"","src":"https:\/\/i0.wp.com\/correiodasemana.com\/site\/wp-content\/uploads\/2024\/08\/WhatsApp-Image-2024-08-02-at-21.35.39-1.jpeg?resize=350%2C200&ssl=1","width":350,"height":200,"srcset":"https:\/\/i0.wp.com\/correiodasemana.com\/site\/wp-content\/uploads\/2024\/08\/WhatsApp-Image-2024-08-02-at-21.35.39-1.jpeg?resize=350%2C200&ssl=1 1x, https:\/\/i0.wp.com\/correiodasemana.com\/site\/wp-content\/uploads\/2024\/08\/WhatsApp-Image-2024-08-02-at-21.35.39-1.jpeg?resize=525%2C300&ssl=1 1.5x, https:\/\/i0.wp.com\/correiodasemana.com\/site\/wp-content\/uploads\/2024\/08\/WhatsApp-Image-2024-08-02-at-21.35.39-1.jpeg?resize=700%2C400&ssl=1 2x, https:\/\/i0.wp.com\/correiodasemana.com\/site\/wp-content\/uploads\/2024\/08\/WhatsApp-Image-2024-08-02-at-21.35.39-1.jpeg?resize=1050%2C600&ssl=1 3x, https:\/\/i0.wp.com\/correiodasemana.com\/site\/wp-content\/uploads\/2024\/08\/WhatsApp-Image-2024-08-02-at-21.35.39-1.jpeg?resize=1400%2C800&ssl=1 4x"},"classes":[]},{"id":24488,"url":"https:\/\/correiodasemana.com\/site\/seminaristas-sao-instituidos-para-os-ministerios-de-leitor-e-acolito\/","url_meta":{"origin":29344,"position":1},"title":"Seminaristas s\u00e3o institu\u00eddos para os minist\u00e9rios de Leitor e Ac\u00f3lito","author":"adminredacao","date":"Maio 8, 2023","format":false,"excerpt":"\u00a0 \u00a0 \u00a0 \u00a0 \u00a0 \u00a0 \u00a0 \u00a0 \u00a0 \u00a0 \u00a0 \u00a0 \u00a0 \u00a0 Seminaristas do 3\u00ba e 4\u00ba ano de Teologia do Semin\u00e1rio Imaculada Concei\u00e7\u00e3o, receberam no findar da tarde desta segunda-feira, 01\/05, dia dedicado a S\u00e3o Jos\u00e9 Oper\u00e1rio, o minist\u00e9rio do acolitato e leitorato. No minist\u00e9rio do Leitorato,\u2026","rel":"","context":"In &quot;Atualidade&quot;","block_context":{"text":"Atualidade","link":"https:\/\/correiodasemana.com\/site\/category\/atualidade\/"},"img":{"alt_text":"","src":"https:\/\/i0.wp.com\/correiodasemana.com\/site\/wp-content\/uploads\/2023\/05\/WhatsApp-Image-2023-05-05-at-17.35.48-1.jpeg?resize=350%2C200&ssl=1","width":350,"height":200,"srcset":"https:\/\/i0.wp.com\/correiodasemana.com\/site\/wp-content\/uploads\/2023\/05\/WhatsApp-Image-2023-05-05-at-17.35.48-1.jpeg?resize=350%2C200&ssl=1 1x, https:\/\/i0.wp.com\/correiodasemana.com\/site\/wp-content\/uploads\/2023\/05\/WhatsApp-Image-2023-05-05-at-17.35.48-1.jpeg?resize=525%2C300&ssl=1 1.5x, https:\/\/i0.wp.com\/correiodasemana.com\/site\/wp-content\/uploads\/2023\/05\/WhatsApp-Image-2023-05-05-at-17.35.48-1.jpeg?resize=700%2C400&ssl=1 2x, https:\/\/i0.wp.com\/correiodasemana.com\/site\/wp-content\/uploads\/2023\/05\/WhatsApp-Image-2023-05-05-at-17.35.48-1.jpeg?resize=1050%2C600&ssl=1 3x"},"classes":[]},{"id":29206,"url":"https:\/\/correiodasemana.com\/site\/tres-seminaristas-da-diocese-de-sobral-serao-instituidos-nos-ministerios-de-acolitato\/","url_meta":{"origin":29344,"position":2},"title":"Tr\u00eas Seminaristas da Diocese de Sobral ser\u00e3o institu\u00eddos nos Minist\u00e9rios de Acolitato","author":"adminredacao","date":"Maio 13, 2024","format":false,"excerpt":"Da esquerda para a direita: Ygor Leonardo, Raimundo Nonato, Dom Vasconcelos, Pe. Eudes Cruz e Lucas Monteiro. Foto\/Reprodu\u00e7\u00e3o Tr\u00eas Seminaristas da Diocese de Sobral ser\u00e3o institu\u00eddos nos Minist\u00e9rios de Acolitato A Santa Missa acontecer\u00e1\u00a0no dia 13 de maio de 2024, \u00e0s 18h, no Semin\u00e1rio de Teologia Imaculada Concei\u00e7\u00e3o em Fortaleza-CE.\u2026","rel":"","context":"In &quot;Atualidade&quot;","block_context":{"text":"Atualidade","link":"https:\/\/correiodasemana.com\/site\/category\/atualidade\/"},"img":{"alt_text":"","src":"https:\/\/i0.wp.com\/correiodasemana.com\/site\/wp-content\/uploads\/2024\/05\/Jornal-Correio-da-Semana-No-1019-Copia.jpg?resize=350%2C200&ssl=1","width":350,"height":200,"srcset":"https:\/\/i0.wp.com\/correiodasemana.com\/site\/wp-content\/uploads\/2024\/05\/Jornal-Correio-da-Semana-No-1019-Copia.jpg?resize=350%2C200&ssl=1 1x, https:\/\/i0.wp.com\/correiodasemana.com\/site\/wp-content\/uploads\/2024\/05\/Jornal-Correio-da-Semana-No-1019-Copia.jpg?resize=525%2C300&ssl=1 1.5x"},"classes":[]},{"id":35844,"url":"https:\/\/correiodasemana.com\/site\/seminaristas-da-teologia-sao-instituidos-aos-ministerios-de-leitor-e-acolito\/","url_meta":{"origin":29344,"position":3},"title":"Seminaristas da Teologia s\u00e3o institu\u00eddos aos Minist\u00e9rios de Leitor e Ac\u00f3lito","author":"adminredacao","date":"Outubro 13, 2025","format":false,"excerpt":"Na manh\u00e3 deste s\u00e1bado (11), sete seminaristas do Semin\u00e1rio de Teologia Imaculada Concei\u00e7\u00e3o foram institu\u00eddos nos Minist\u00e9rios do Leitorado e do Acolitado, durante a Santa Missa presidida pelo bispo diocesano de Sobral, Dom Vasconcelos, na Igreja Matriz de Nossa Senhora da Concei\u00e7\u00e3o, em Meruoca. A celebra\u00e7\u00e3o foi concelebrada por padres\u2026","rel":"","context":"In &quot;Atualidade&quot;","block_context":{"text":"Atualidade","link":"https:\/\/correiodasemana.com\/site\/category\/atualidade\/"},"img":{"alt_text":"","src":"https:\/\/i0.wp.com\/correiodasemana.com\/site\/wp-content\/uploads\/2025\/10\/WhatsApp-Image-2025-10-11-at-19.53.53.jpeg?resize=350%2C200&ssl=1","width":350,"height":200,"srcset":"https:\/\/i0.wp.com\/correiodasemana.com\/site\/wp-content\/uploads\/2025\/10\/WhatsApp-Image-2025-10-11-at-19.53.53.jpeg?resize=350%2C200&ssl=1 1x, https:\/\/i0.wp.com\/correiodasemana.com\/site\/wp-content\/uploads\/2025\/10\/WhatsApp-Image-2025-10-11-at-19.53.53.jpeg?resize=525%2C300&ssl=1 1.5x, https:\/\/i0.wp.com\/correiodasemana.com\/site\/wp-content\/uploads\/2025\/10\/WhatsApp-Image-2025-10-11-at-19.53.53.jpeg?resize=700%2C400&ssl=1 2x, https:\/\/i0.wp.com\/correiodasemana.com\/site\/wp-content\/uploads\/2025\/10\/WhatsApp-Image-2025-10-11-at-19.53.53.jpeg?resize=1050%2C600&ssl=1 3x"},"classes":[]},{"id":28206,"url":"https:\/\/correiodasemana.com\/site\/seminario-propedeutico-sao-jose-acolhe-nova-turma-de-vocacionados\/","url_meta":{"origin":29344,"position":4},"title":"Semin\u00e1rio Proped\u00eautico S\u00e3o Jos\u00e9 acolhe nova turma de vocacionados","author":"adminredacao","date":"Janeiro 29, 2024","format":false,"excerpt":"Na festa de S\u00e3o Tim\u00f3teo e S\u00e3o Tito, no dia 26 de janeiro, o Semin\u00e1rio Proped\u00eautico S\u00e3o Jos\u00e9 da Diocese de Sobral, abriu suas atividades do ano de 2024 com a missa de acolhida aos novos seminaristas, estes, que ao passar por um ano de encontro vocacional deixaram-se guiar pela\u2026","rel":"","context":"In &quot;Atualidade&quot;","block_context":{"text":"Atualidade","link":"https:\/\/correiodasemana.com\/site\/category\/atualidade\/"},"img":{"alt_text":"","src":"https:\/\/i0.wp.com\/correiodasemana.com\/site\/wp-content\/uploads\/2024\/01\/WhatsApp-Image-2024-01-27-at-14.55.45.jpeg?resize=350%2C200&ssl=1","width":350,"height":200,"srcset":"https:\/\/i0.wp.com\/correiodasemana.com\/site\/wp-content\/uploads\/2024\/01\/WhatsApp-Image-2024-01-27-at-14.55.45.jpeg?resize=350%2C200&ssl=1 1x, https:\/\/i0.wp.com\/correiodasemana.com\/site\/wp-content\/uploads\/2024\/01\/WhatsApp-Image-2024-01-27-at-14.55.45.jpeg?resize=525%2C300&ssl=1 1.5x, https:\/\/i0.wp.com\/correiodasemana.com\/site\/wp-content\/uploads\/2024\/01\/WhatsApp-Image-2024-01-27-at-14.55.45.jpeg?resize=700%2C400&ssl=1 2x, https:\/\/i0.wp.com\/correiodasemana.com\/site\/wp-content\/uploads\/2024\/01\/WhatsApp-Image-2024-01-27-at-14.55.45.jpeg?resize=1050%2C600&ssl=1 3x"},"classes":[]},{"id":29617,"url":"https:\/\/correiodasemana.com\/site\/seminaristas-da-teologia-participam-de-retiro-espiritual-em-caucaia\/","url_meta":{"origin":29344,"position":5},"title":"Seminaristas da Teologia participam de retiro espiritual em Caucaia","author":"adminredacao","date":"Junho 18, 2024","format":false,"excerpt":"Os seminaristas da etapa de Teologia, do Semin\u00e1rio dedicado a Imaculada Concei\u00e7\u00e3o, realizaram de 7 a 9 de junho, um retiro espiritual que aconteceu no Instituto Madonnina Del Grappa em Caucaia\/CE. O tema meditado foi: \u201cA experi\u00eancia do amor, como elemento da constru\u00e7\u00e3o da vida\u201d, e o lema: \u201cPara que\u2026","rel":"","context":"In &quot;Atualidade&quot;","block_context":{"text":"Atualidade","link":"https:\/\/correiodasemana.com\/site\/category\/atualidade\/"},"img":{"alt_text":"","src":"https:\/\/i0.wp.com\/correiodasemana.com\/site\/wp-content\/uploads\/2024\/06\/WhatsApp-Image-2024-06-10-at-13.30.06.jpeg?resize=350%2C200&ssl=1","width":350,"height":200,"srcset":"https:\/\/i0.wp.com\/correiodasemana.com\/site\/wp-content\/uploads\/2024\/06\/WhatsApp-Image-2024-06-10-at-13.30.06.jpeg?resize=350%2C200&ssl=1 1x, https:\/\/i0.wp.com\/correiodasemana.com\/site\/wp-content\/uploads\/2024\/06\/WhatsApp-Image-2024-06-10-at-13.30.06.jpeg?resize=525%2C300&ssl=1 1.5x, https:\/\/i0.wp.com\/correiodasemana.com\/site\/wp-content\/uploads\/2024\/06\/WhatsApp-Image-2024-06-10-at-13.30.06.jpeg?resize=700%2C400&ssl=1 2x, https:\/\/i0.wp.com\/correiodasemana.com\/site\/wp-content\/uploads\/2024\/06\/WhatsApp-Image-2024-06-10-at-13.30.06.jpeg?resize=1050%2C600&ssl=1 3x, https:\/\/i0.wp.com\/correiodasemana.com\/site\/wp-content\/uploads\/2024\/06\/WhatsApp-Image-2024-06-10-at-13.30.06.jpeg?resize=1400%2C800&ssl=1 4x"},"classes":[]}],"jetpack_sharing_enabled":true,"_links":{"self":[{"href":"https:\/\/correiodasemana.com\/site\/wp-json\/wp\/v2\/posts\/29344","targetHints":{"allow":["GET"]}}],"collection":[{"href":"https:\/\/correiodasemana.com\/site\/wp-json\/wp\/v2\/posts"}],"about":[{"href":"https:\/\/correiodasemana.com\/site\/wp-json\/wp\/v2\/types\/post"}],"author":[{"embeddable":true,"href":"https:\/\/correiodasemana.com\/site\/wp-json\/wp\/v2\/users\/7"}],"replies":[{"embeddable":true,"href":"https:\/\/correiodasemana.com\/site\/wp-json\/wp\/v2\/comments?post=29344"}],"version-history":[{"count":1,"href":"https:\/\/correiodasemana.com\/site\/wp-json\/wp\/v2\/posts\/29344\/revisions"}],"predecessor-version":[{"id":29354,"href":"https:\/\/correiodasemana.com\/site\/wp-json\/wp\/v2\/posts\/29344\/revisions\/29354"}],"wp:featuredmedia":[{"embeddable":true,"href":"https:\/\/correiodasemana.com\/site\/wp-json\/wp\/v2\/media\/29353"}],"wp:attachment":[{"href":"https:\/\/correiodasemana.com\/site\/wp-json\/wp\/v2\/media?parent=29344"}],"wp:term":[{"taxonomy":"category","embeddable":true,"href":"https:\/\/correiodasemana.com\/site\/wp-json\/wp\/v2\/categories?post=29344"},{"taxonomy":"post_tag","embeddable":true,"href":"https:\/\/correiodasemana.com\/site\/wp-json\/wp\/v2\/tags?post=29344"}],"curies":[{"name":"wp","href":"https:\/\/api.w.org\/{rel}","templated":true}]}}