{"id":29355,"date":"2024-05-20T09:55:31","date_gmt":"2024-05-20T12:55:31","guid":{"rendered":"https:\/\/correiodasemana.com\/site\/?p=29355"},"modified":"2024-05-20T09:55:31","modified_gmt":"2024-05-20T12:55:31","slug":"sesc-ceara-e-municipio-de-sobral-entregam-restaurante-com-capacidade-para-1500-refeicoes","status":"publish","type":"post","link":"https:\/\/correiodasemana.com\/site\/sesc-ceara-e-municipio-de-sobral-entregam-restaurante-com-capacidade-para-1500-refeicoes\/","title":{"rendered":"Sesc Cear\u00e1 e Munic\u00edpio de Sobral entregam restaurante com capacidade para 1500 refei\u00e7\u00f5es"},"content":{"rendered":"<div id='gallery-1' class='gallery galleryid-29355 gallery-columns-6 gallery-size-thumbnail'><figure class='gallery-item'>\n\t\t\t<div class='gallery-icon landscape'>\n\t\t\t\t<a href='https:\/\/correiodasemana.com\/site\/sesc-ceara-e-municipio-de-sobral-entregam-restaurante-com-capacidade-para-1500-refeicoes\/_dsc2001\/'><img loading=\"lazy\" width=\"150\" height=\"150\" src=\"https:\/\/correiodasemana.com\/site\/wp-content\/uploads\/2024\/05\/DSC2001-150x150.jpg\" class=\"attachment-thumbnail size-thumbnail\" alt=\"_DSC2001\" loading=\"lazy\" decoding=\"async\" \/><\/a>\n\t\t\t<\/div><\/figure><figure class='gallery-item'>\n\t\t\t<div class='gallery-icon landscape'>\n\t\t\t\t<a href='https:\/\/correiodasemana.com\/site\/sesc-ceara-e-municipio-de-sobral-entregam-restaurante-com-capacidade-para-1500-refeicoes\/restaurante-sesc-sobral-1\/'><img loading=\"lazy\" width=\"150\" height=\"150\" src=\"https:\/\/correiodasemana.com\/site\/wp-content\/uploads\/2024\/05\/Restaurante-SESC-Sobral-1-150x150.jpg\" class=\"attachment-thumbnail size-thumbnail\" alt=\"Restaurante SESC Sobral (1)\" loading=\"lazy\" decoding=\"async\" \/><\/a>\n\t\t\t<\/div><\/figure>\n\t\t<\/div>\n\n<p>O Sistema Fecom\u00e9rcio, por meio do Sesc Cear\u00e1, inaugurou na sexta-feira (17\/05) a primeira unidade do Restaurante Sesc no munic\u00edpio de Sobral, na regi\u00e3o Norte do Estado. O restaurante tem capacidade para fornecer at\u00e9 1500 refei\u00e7\u00f5es para credenciados do Sesc e o p\u00fablico em geral. A iniciativa \u00e9 fruto de uma parceria entre o Sesc-CE e a Prefeitura de Sobral. A cerim\u00f4nia contou com a presen\u00e7a do prefeito de Sobral, Ivo Gomes, e do superintendente de A\u00e7\u00f5es Integradas do Sistema Fecom\u00e9rcio e diretor regional do Sesc Cear\u00e1, Henrique Javi, al\u00e9m de autoridades locais. Localizado no Centro da cidade, o Restaurante Sesc Sobral tem como objetivo fornecer refei\u00e7\u00f5es de qualidade a pre\u00e7os acess\u00edveis para o p\u00fablico em geral. O espa\u00e7o tamb\u00e9m oferecer\u00e1 um ambiente para apresenta\u00e7\u00f5es culturais, como m\u00fasica ao vivo, contribuindo para a promo\u00e7\u00e3o da cultura local. Al\u00e9m disso, o Restaurante Sesc doar\u00e1 sopa e quentinhas que ser\u00e3o repassadas \u00e0 Secretaria de Assist\u00eancia Social, para os p\u00fablicos atendidos pelos projetos sociais do munic\u00edpio. O superintendente de A\u00e7\u00f5es Integradas do Sistema Fecom\u00e9rcio e diretor regional do Sesc Cear\u00e1, Henrique Javi, ressaltou a miss\u00e3o do novo restaurante, alinhada aos valores do Sistema Fecom\u00e9rcio e do Sesc: \u201cBem-estar \u00e9 a palavra principal que traduz o Sistema Fecom\u00e9rcio, em especial as atividades do Sesc. Esse restaurante n\u00e3o \u00e9 s\u00f3 um local de comedoria, \u00e9 tamb\u00e9m um espa\u00e7o cultural para garantir que possamos alimentar as almas de todos aqueles que estiverem conosco. O presidente Luiz Gast\u00e3o tinha a importante inten\u00e7\u00e3o de oferecer a Sobral todos os servi\u00e7os que o Sesc e o Senac poderiam proporcionar, e estamos fechando esse ciclo. Hoje, a parte do Sesc que estava faltando chegou, e a parte do Senac est\u00e1 chegando em breve, aqui do lado\u201d, disse.<br \/>\nO Restaurante Sesc Sobral funcionar\u00e1 a partir de segunda-feira (20) com a oferta de almo\u00e7o self-service, no hor\u00e1rio das 11h30 \u00e0s 14h30, de segunda a sexta-feira, havendo programa\u00e7\u00e3o prevista para, em breve, tamb\u00e9m oferecer refei\u00e7\u00f5es no jantar e lanches durante o dia.<br \/>\nDurante o evento, o prefeito Ivo Gomes destacou a import\u00e2ncia do restaurante para a comunidade: \u201cO restaurante do Sesc vai servir centenas de refei\u00e7\u00f5es por dia no almo\u00e7o, que ser\u00e3o posteriormente ampliadas para o caf\u00e9 da manh\u00e3 e jantar. Al\u00e9m disso, tamb\u00e9m vai fornecer para a Secretaria dos Direitos Humanos e Assist\u00eancia Social do munic\u00edpio 150 almo\u00e7os por dia e 180 sopas \u00e0 noite para a popula\u00e7\u00e3o em situa\u00e7\u00e3o de vulnerabilidade, garantindo o m\u00ednimo de sustentabilidade alimentar.\u201d Na ocasi\u00e3o, Ivo Gomes reiterou seus agradecimentos ao presidente do Sistema Fecomercio, Luiz Gast\u00e3o, em nome da Prefeitura e da popula\u00e7\u00e3o\u00a0de\u00a0Sobral.<\/p>\n<p>Servi\u00e7o: Restaurante Sesc Sobral<br \/>\nFuncionamento:<br \/>\nDias: Segunda a sexta-feira<br \/>\nHor\u00e1rio: 11h30 \u00e0s 14h30<br \/>\nEndere\u00e7o: Travessa Adriano Dias de Carvalho, 135 \u2013 Centro (ao lado da Biblioteca Municipal)<\/p>\n","protected":false},"excerpt":{"rendered":"<p>O Sistema Fecom\u00e9rcio, por meio do Sesc Cear\u00e1, inaugurou na sexta-feira (17\/05) a primeira unidade&#8230;<\/p>\n","protected":false},"author":7,"featured_media":29356,"comment_status":"open","ping_status":"open","sticky":false,"template":"","format":"standard","meta":{"_jetpack_memberships_contains_paid_content":false,"footnotes":"","jetpack_publicize_message":"","jetpack_publicize_feature_enabled":true,"jetpack_social_post_already_shared":true,"jetpack_social_options":{"image_generator_settings":{"template":"highway","default_image_id":0,"font":"","enabled":false},"version":2}},"categories":[1],"tags":[],"class_list":["post-29355","post","type-post","status-publish","format-standard","has-post-thumbnail","hentry","category-atualidade"],"jetpack_publicize_connections":[],"jetpack_featured_media_url":"https:\/\/correiodasemana.com\/site\/wp-content\/uploads\/2024\/05\/DSC2001-scaled.jpg","jetpack-related-posts":[{"id":23591,"url":"https:\/\/correiodasemana.com\/site\/o-restaurante-popular-esta-de-volta\/","url_meta":{"origin":29355,"position":0},"title":"O Restaurante Popular est\u00e1 de volta!","author":"","date":"Fevereiro 14, 2023","format":false,"excerpt":"Sobral foi a \u00fanica cidade do Brasil que permaneceu com o Restaurante Popular fechado ap\u00f3s a Pandemia de COVID-19. Diante desse problema, o comunicador Ivan Frota liderou a campanha intitulada \"Queremos de volta o nosso restaurante\". Tal iniciativa envolveu toda a sociedade Sobralense, reunindo mais de 5 mil assinaturas em\u2026","rel":"","context":"In &quot;Atualidade&quot;","block_context":{"text":"Atualidade","link":"https:\/\/correiodasemana.com\/site\/category\/atualidade\/"},"img":{"alt_text":"","src":"https:\/\/i0.wp.com\/correiodasemana.com\/site\/wp-content\/uploads\/2023\/02\/IMG_3355-scaled-1.jpg?resize=350%2C200&ssl=1","width":350,"height":200,"srcset":"https:\/\/i0.wp.com\/correiodasemana.com\/site\/wp-content\/uploads\/2023\/02\/IMG_3355-scaled-1.jpg?resize=350%2C200&ssl=1 1x, https:\/\/i0.wp.com\/correiodasemana.com\/site\/wp-content\/uploads\/2023\/02\/IMG_3355-scaled-1.jpg?resize=525%2C300&ssl=1 1.5x, https:\/\/i0.wp.com\/correiodasemana.com\/site\/wp-content\/uploads\/2023\/02\/IMG_3355-scaled-1.jpg?resize=700%2C400&ssl=1 2x, https:\/\/i0.wp.com\/correiodasemana.com\/site\/wp-content\/uploads\/2023\/02\/IMG_3355-scaled-1.jpg?resize=1050%2C600&ssl=1 3x, https:\/\/i0.wp.com\/correiodasemana.com\/site\/wp-content\/uploads\/2023\/02\/IMG_3355-scaled-1.jpg?resize=1400%2C800&ssl=1 4x"},"classes":[]},{"id":36577,"url":"https:\/\/correiodasemana.com\/site\/area-pastoral-de-jordao-e-contemplada-na-acao-fortal-solidario-2025\/","url_meta":{"origin":29355,"position":1},"title":"\u00c1rea Pastoral de Jord\u00e3o \u00e9 contemplada na A\u00e7\u00e3o Fortal Solid\u00e1rio 2025","author":"adminredacao","date":"Dezembro 1, 2025","format":false,"excerpt":"Na tarde desta segunda-feira, dia 24 de novembro, \u00e0s 14h, na sede da unidade SESC Fortaleza, foi realizada a cerim\u00f4nia de apresenta\u00e7\u00e3o e assinatura da nova coopera\u00e7\u00e3o de trabalho entre o Fortal Solid\u00e1rio 2025 e o Sistema Fecom\u00e9rcio Cear\u00e1. O evento contou com a presen\u00e7a da diretora institucional Dra. Claudia\u2026","rel":"","context":"In &quot;Atualidade&quot;","block_context":{"text":"Atualidade","link":"https:\/\/correiodasemana.com\/site\/category\/atualidade\/"},"img":{"alt_text":"","src":"https:\/\/i0.wp.com\/correiodasemana.com\/site\/wp-content\/uploads\/2025\/12\/PAG-8-ED-1100-3-scaled.jpeg?resize=350%2C200&ssl=1","width":350,"height":200,"srcset":"https:\/\/i0.wp.com\/correiodasemana.com\/site\/wp-content\/uploads\/2025\/12\/PAG-8-ED-1100-3-scaled.jpeg?resize=350%2C200&ssl=1 1x, https:\/\/i0.wp.com\/correiodasemana.com\/site\/wp-content\/uploads\/2025\/12\/PAG-8-ED-1100-3-scaled.jpeg?resize=525%2C300&ssl=1 1.5x, https:\/\/i0.wp.com\/correiodasemana.com\/site\/wp-content\/uploads\/2025\/12\/PAG-8-ED-1100-3-scaled.jpeg?resize=700%2C400&ssl=1 2x, https:\/\/i0.wp.com\/correiodasemana.com\/site\/wp-content\/uploads\/2025\/12\/PAG-8-ED-1100-3-scaled.jpeg?resize=1050%2C600&ssl=1 3x, https:\/\/i0.wp.com\/correiodasemana.com\/site\/wp-content\/uploads\/2025\/12\/PAG-8-ED-1100-3-scaled.jpeg?resize=1400%2C800&ssl=1 4x"},"classes":[]},{"id":36651,"url":"https:\/\/correiodasemana.com\/site\/sistema-fecomercio-ce-divulga-vencedores-da-primeira-edicao-do-premio-de-jornalismo\/","url_meta":{"origin":29355,"position":2},"title":"Sistema Fecom\u00e9rcio-CE divulga vencedores da primeira edi\u00e7\u00e3o do Pr\u00eamio de Jornalismo","author":"adminredacao","date":"Dezembro 11, 2025","format":false,"excerpt":"Por Lucas Diniz - Assessor de Comunica\u00e7\u00e3o O Sistema Fecom\u00e9rcio Cear\u00e1 anunciou, nesta segunda-feira (08\/12), os vencedores da primeira edi\u00e7\u00e3o do Pr\u00eamio Sistema Fecom\u00e9rcio-CE de Jornalismo, em solenidade realizada no Senac Aldeota. Ao todo, foram distribu\u00eddos R$ 100 mil em premia\u00e7\u00f5es, reconhecendo profissionais e equipes que se destacaram na cobertura\u2026","rel":"","context":"In &quot;Atualidade&quot;","block_context":{"text":"Atualidade","link":"https:\/\/correiodasemana.com\/site\/category\/atualidade\/"},"img":{"alt_text":"","src":"https:\/\/i0.wp.com\/correiodasemana.com\/site\/wp-content\/uploads\/2025\/12\/Zaira-Almeida-e-Thais-Helena-no-Premio-de-Jornalismo-do-Sistema-Fecomercio-em-Fortaleza.jpeg?resize=350%2C200&ssl=1","width":350,"height":200,"srcset":"https:\/\/i0.wp.com\/correiodasemana.com\/site\/wp-content\/uploads\/2025\/12\/Zaira-Almeida-e-Thais-Helena-no-Premio-de-Jornalismo-do-Sistema-Fecomercio-em-Fortaleza.jpeg?resize=350%2C200&ssl=1 1x, https:\/\/i0.wp.com\/correiodasemana.com\/site\/wp-content\/uploads\/2025\/12\/Zaira-Almeida-e-Thais-Helena-no-Premio-de-Jornalismo-do-Sistema-Fecomercio-em-Fortaleza.jpeg?resize=525%2C300&ssl=1 1.5x, https:\/\/i0.wp.com\/correiodasemana.com\/site\/wp-content\/uploads\/2025\/12\/Zaira-Almeida-e-Thais-Helena-no-Premio-de-Jornalismo-do-Sistema-Fecomercio-em-Fortaleza.jpeg?resize=700%2C400&ssl=1 2x"},"classes":[]},{"id":28699,"url":"https:\/\/correiodasemana.com\/site\/ancora-cultural-e-social-de-sobral-cafe-jaibaras-sera-transformado-em-museu-organico\/","url_meta":{"origin":29355,"position":3},"title":"\u00c2ncora cultural e social de Sobral, Caf\u00e9 Jaibaras ser\u00e1 transformado em Museu Org\u00e2nico","author":"adminredacao","date":"Mar\u00e7o 18, 2024","format":false,"excerpt":"Com mais de 70 anos de hist\u00f3ria e um rico acervo, o Caf\u00e9 Jaibaras, localizado no sobralense Becco do Cotovelo, ser\u00e1 o 16\u00ba museu org\u00e2nico do Sesc Cear\u00e1. A inaugura\u00e7\u00e3o aconteceu no dia dia 16 de mar\u00e7o, \u00e0s 9h No cora\u00e7\u00e3o de Sobral, entre as ruas hist\u00f3ricas e os becos\u2026","rel":"","context":"In &quot;Atualidade&quot;","block_context":{"text":"Atualidade","link":"https:\/\/correiodasemana.com\/site\/category\/atualidade\/"},"img":{"alt_text":"","src":"https:\/\/i0.wp.com\/correiodasemana.com\/site\/wp-content\/uploads\/2024\/03\/WhatsApp-Image-2024-03-15-at-21.31.11.jpeg?resize=350%2C200&ssl=1","width":350,"height":200,"srcset":"https:\/\/i0.wp.com\/correiodasemana.com\/site\/wp-content\/uploads\/2024\/03\/WhatsApp-Image-2024-03-15-at-21.31.11.jpeg?resize=350%2C200&ssl=1 1x, https:\/\/i0.wp.com\/correiodasemana.com\/site\/wp-content\/uploads\/2024\/03\/WhatsApp-Image-2024-03-15-at-21.31.11.jpeg?resize=525%2C300&ssl=1 1.5x, https:\/\/i0.wp.com\/correiodasemana.com\/site\/wp-content\/uploads\/2024\/03\/WhatsApp-Image-2024-03-15-at-21.31.11.jpeg?resize=700%2C400&ssl=1 2x, https:\/\/i0.wp.com\/correiodasemana.com\/site\/wp-content\/uploads\/2024\/03\/WhatsApp-Image-2024-03-15-at-21.31.11.jpeg?resize=1050%2C600&ssl=1 3x, https:\/\/i0.wp.com\/correiodasemana.com\/site\/wp-content\/uploads\/2024\/03\/WhatsApp-Image-2024-03-15-at-21.31.11.jpeg?resize=1400%2C800&ssl=1 4x"},"classes":[]},{"id":35394,"url":"https:\/\/correiodasemana.com\/site\/em-tempo-292\/","url_meta":{"origin":29355,"position":4},"title":"EM TEMPO \u2022","author":"adminredacao","date":"Setembro 1, 2025","format":false,"excerpt":"Festival de Orquestras Jovens em Sobral Sobral \u00e9 palco da 6\u00aa edi\u00e7\u00e3o sul-americana e 36\u00aa edi\u00e7\u00e3o mundial do Festival Internacional de Orquestras de Jovens \u2013 Eurochestries. Programa\u00e7\u00e3o iniciou dia 28 de agosto e segue at\u00e9 6 de setembro, com 90 jovens m\u00fasicos de diferentes pa\u00edses em apresenta\u00e7\u00f5es abertas ao p\u00fablico.\u2026","rel":"","context":"In &quot;Artigos&quot;","block_context":{"text":"Artigos","link":"https:\/\/correiodasemana.com\/site\/category\/artigos\/"},"img":{"alt_text":"","src":"https:\/\/i0.wp.com\/correiodasemana.com\/site\/wp-content\/uploads\/2025\/09\/OK-ana-marcia-150x150.png?resize=350%2C200&ssl=1","width":350,"height":200,"srcset":"https:\/\/i0.wp.com\/correiodasemana.com\/site\/wp-content\/uploads\/2025\/09\/OK-ana-marcia-150x150.png?resize=350%2C200&ssl=1 1x, https:\/\/i0.wp.com\/correiodasemana.com\/site\/wp-content\/uploads\/2025\/09\/OK-ana-marcia-150x150.png?resize=525%2C300&ssl=1 1.5x, https:\/\/i0.wp.com\/correiodasemana.com\/site\/wp-content\/uploads\/2025\/09\/OK-ana-marcia-150x150.png?resize=700%2C400&ssl=1 2x, https:\/\/i0.wp.com\/correiodasemana.com\/site\/wp-content\/uploads\/2025\/09\/OK-ana-marcia-150x150.png?resize=1050%2C600&ssl=1 3x"},"classes":[]},{"id":32967,"url":"https:\/\/correiodasemana.com\/site\/cafe-jaibaras-celebra-1-ano-como-museu-organico-com-show-de-joquinha-gonzaga\/","url_meta":{"origin":29355,"position":5},"title":"Caf\u00e9 Jaibaras celebra 1 ano como Museu Org\u00e2nico com show de Joquinha Gonzaga","author":"adminredacao","date":"Mar\u00e7o 17, 2025","format":false,"excerpt":"No dia 15 de mar\u00e7o de 2024, o Caf\u00e9 Jaibaras, um dos mais emblem\u00e1ticos espa\u00e7os de Sobral, celebrou seu primeiro ano como Museu Org\u00e2nico, com uma programa\u00e7\u00e3o especial. A festividade aconteceu no hist\u00f3rico Becco do Cotovelo, local que abriga o Caf\u00e9 e que \u00e9 reconhecido como ponto de encontro e\u2026","rel":"","context":"In &quot;Atualidade&quot;","block_context":{"text":"Atualidade","link":"https:\/\/correiodasemana.com\/site\/category\/atualidade\/"},"img":{"alt_text":"","src":"https:\/\/i0.wp.com\/correiodasemana.com\/site\/wp-content\/uploads\/2025\/03\/DSC_8069.jpg?resize=350%2C200&ssl=1","width":350,"height":200,"srcset":"https:\/\/i0.wp.com\/correiodasemana.com\/site\/wp-content\/uploads\/2025\/03\/DSC_8069.jpg?resize=350%2C200&ssl=1 1x, https:\/\/i0.wp.com\/correiodasemana.com\/site\/wp-content\/uploads\/2025\/03\/DSC_8069.jpg?resize=525%2C300&ssl=1 1.5x, https:\/\/i0.wp.com\/correiodasemana.com\/site\/wp-content\/uploads\/2025\/03\/DSC_8069.jpg?resize=700%2C400&ssl=1 2x, https:\/\/i0.wp.com\/correiodasemana.com\/site\/wp-content\/uploads\/2025\/03\/DSC_8069.jpg?resize=1050%2C600&ssl=1 3x, https:\/\/i0.wp.com\/correiodasemana.com\/site\/wp-content\/uploads\/2025\/03\/DSC_8069.jpg?resize=1400%2C800&ssl=1 4x"},"classes":[]}],"jetpack_sharing_enabled":true,"_links":{"self":[{"href":"https:\/\/correiodasemana.com\/site\/wp-json\/wp\/v2\/posts\/29355","targetHints":{"allow":["GET"]}}],"collection":[{"href":"https:\/\/correiodasemana.com\/site\/wp-json\/wp\/v2\/posts"}],"about":[{"href":"https:\/\/correiodasemana.com\/site\/wp-json\/wp\/v2\/types\/post"}],"author":[{"embeddable":true,"href":"https:\/\/correiodasemana.com\/site\/wp-json\/wp\/v2\/users\/7"}],"replies":[{"embeddable":true,"href":"https:\/\/correiodasemana.com\/site\/wp-json\/wp\/v2\/comments?post=29355"}],"version-history":[{"count":1,"href":"https:\/\/correiodasemana.com\/site\/wp-json\/wp\/v2\/posts\/29355\/revisions"}],"predecessor-version":[{"id":29358,"href":"https:\/\/correiodasemana.com\/site\/wp-json\/wp\/v2\/posts\/29355\/revisions\/29358"}],"wp:featuredmedia":[{"embeddable":true,"href":"https:\/\/correiodasemana.com\/site\/wp-json\/wp\/v2\/media\/29356"}],"wp:attachment":[{"href":"https:\/\/correiodasemana.com\/site\/wp-json\/wp\/v2\/media?parent=29355"}],"wp:term":[{"taxonomy":"category","embeddable":true,"href":"https:\/\/correiodasemana.com\/site\/wp-json\/wp\/v2\/categories?post=29355"},{"taxonomy":"post_tag","embeddable":true,"href":"https:\/\/correiodasemana.com\/site\/wp-json\/wp\/v2\/tags?post=29355"}],"curies":[{"name":"wp","href":"https:\/\/api.w.org\/{rel}","templated":true}]}}