{"id":29359,"date":"2024-05-20T09:57:28","date_gmt":"2024-05-20T12:57:28","guid":{"rendered":"https:\/\/correiodasemana.com\/site\/?p=29359"},"modified":"2024-05-20T09:57:28","modified_gmt":"2024-05-20T12:57:28","slug":"becco-ponto-com-167","status":"publish","type":"post","link":"https:\/\/correiodasemana.com\/site\/becco-ponto-com-167\/","title":{"rendered":"BECCO PONTO.COM"},"content":{"rendered":"<p><strong>Socorrinha Brasileiro esteve na Prefeitura de Sobral para agilizar reforma no Anexo Gerardo Cristino de Menezes<\/strong><\/p>\n<div id='gallery-1' class='gallery galleryid-29359 gallery-columns-3 gallery-size-thumbnail'><figure class='gallery-item'>\n\t\t\t<div class='gallery-icon landscape'>\n\t\t\t\t<a href='https:\/\/correiodasemana.com\/site\/becco-ponto-com-167\/7d35fb8b-6f77-4e44-9f7c-d287da1ff7-27-768x635\/'><img loading=\"lazy\" width=\"150\" height=\"150\" src=\"https:\/\/correiodasemana.com\/site\/wp-content\/uploads\/2024\/05\/7d35fb8b-6f77-4e44-9f7c-d287da1ff7-27-768x635-1-150x150.jpg\" class=\"attachment-thumbnail size-thumbnail\" alt=\"7d35fb8b-6f77-4e44-9f7c-d287da1ff7-27-768x635\" loading=\"lazy\" decoding=\"async\" \/><\/a>\n\t\t\t<\/div><\/figure>\n\t\t<\/div>\n\n<p>A obstina\u00e7\u00e3o da presidente da C\u00e2mara Municipal de Sobral, vereadora Socorrinha Brasileiro, \u00e9 algo admir\u00e1vel. Poucas horas ap\u00f3s saber da chegada dos recursos enviados pelo senador Cid Gomes e deputado federal Moses Rodrigues para recupera\u00e7\u00e3o do Edif\u00edcio Gerardo Cristino de Menezes, consumido por um inc\u00eandio em maio de 2022, Socorrinha j\u00e1 esteve com o secret\u00e1rio da Infraestrutura de Sobral, Davi Bastos, solicitando agilidade no processo de licita\u00e7\u00e3o e posterior inicio das obras. A vereadora tamb\u00e9m esteve com o chefe de gabinete do prefeito Ivo Gomes, David Duarte, e com o assessor especial Alexandre Cunha.<\/p>\n<p><strong>Sobral receber\u00e1 creche, escola sem tempo integral, espa\u00e7o esportivo e \u00f4nibus do Pac Sele\u00e7\u00f5es<\/strong><br \/>\n<a href=\"https:\/\/correiodasemana.com\/site\/becco-ponto-com-167\/novo-pac-selecoes\/\" rel=\"attachment wp-att-29361\"><img fetchpriority=\"high\" decoding=\"async\" class=\"aligncenter size-full wp-image-29361\" src=\"https:\/\/correiodasemana.com\/site\/wp-content\/uploads\/2024\/05\/Novo-PAC-Selecoes.jpeg\" alt=\"\" width=\"768\" height=\"460\" srcset=\"https:\/\/correiodasemana.com\/site\/wp-content\/uploads\/2024\/05\/Novo-PAC-Selecoes.jpeg 768w, https:\/\/correiodasemana.com\/site\/wp-content\/uploads\/2024\/05\/Novo-PAC-Selecoes-300x180.jpeg 300w\" sizes=\"(max-width: 768px) 100vw, 768px\" \/><\/a>Sobral \u00e9 uma das 48 cidades brasileiras que se beneficiar\u00e3o com pelo menos quatro interven\u00e7\u00f5es do PAC Sele\u00e7\u00f5es. Para o munic\u00edpio est\u00e3o previstos uma creche, uma escola em tempo integral, um \u00f4nibus escolar e um espa\u00e7o esportivo comunit\u00e1rio, que trar\u00e3o mais qualidade de vida para as m\u00e3es e seus filhos.<br \/>\nO PAC Sele\u00e7\u00f5es, nesta vertente, se conecta com as fam\u00edlias do pr\u00e9-natal ao fim do ensino fundamental e ajuda a aprimorar a presta\u00e7\u00e3o de servi\u00e7os p\u00fablicos. No Cear\u00e1, al\u00e9m de Sobral, cinco munic\u00edpios receber\u00e3o pelo menos quatro obras ou equipamentos: Russas, Morada Nova, Crato, Horizonte e Caucaia.<br \/>\nEm todo o pa\u00eds, o PAC Sele\u00e7\u00f5es vai destinar R$ 15,7 bilh\u00f5es para viabilizar 3,6 mil obras e equipamentos em 2,4 mil munic\u00edpios de todas as 27 unidades da Federa\u00e7\u00e3o. Ser\u00e3o 36 maternidades, 30 centros de parto normal, 1,1 mil creches e escolas de educa\u00e7\u00e3o infantil, 685 escolas de tempo integral, 240 espa\u00e7os comunit\u00e1rios com parquinho, al\u00e9m de 1.500 novo \u00f4nibus escolares entregues. Todas as obras foram definidas de acordo com prioridades tra\u00e7adas pelas prefeituras e governos do estado em parceria com o Governo Federal.<\/p>\n<p>PERFIL: VEREADOR ROB\u00c9RIO CAVALCANTE<\/p>\n<div id='gallery-2' class='gallery galleryid-29359 gallery-columns-6 gallery-size-thumbnail'><figure class='gallery-item'>\n\t\t\t<div class='gallery-icon landscape'>\n\t\t\t\t<a href='https:\/\/correiodasemana.com\/site\/becco-ponto-com-167\/vereador-roberio-cavalcante\/'><img loading=\"lazy\" width=\"150\" height=\"150\" src=\"https:\/\/correiodasemana.com\/site\/wp-content\/uploads\/2024\/05\/Vereador-Roberio-Cavalcante-150x150.jpg\" class=\"attachment-thumbnail size-thumbnail\" alt=\"Vereador Rob\u00e9rio Cavalcante\" srcset=\"https:\/\/correiodasemana.com\/site\/wp-content\/uploads\/2024\/05\/Vereador-Roberio-Cavalcante-150x150.jpg 150w, https:\/\/correiodasemana.com\/site\/wp-content\/uploads\/2024\/05\/Vereador-Roberio-Cavalcante-300x300.jpg 300w, https:\/\/correiodasemana.com\/site\/wp-content\/uploads\/2024\/05\/Vereador-Roberio-Cavalcante.jpg 526w\" sizes=\"auto, (max-width: 150px) 100vw, 150px\" loading=\"lazy\" decoding=\"async\" \/><\/a>\n\t\t\t<\/div><\/figure>\n\t\t<\/div>\n\n<p>Um cidad\u00e3o com todas as letras e digno suplente de vereador Rob\u00e9rio Cavalcante, que assumiu a cadeira do vereador e que est\u00e1 realizando seu sonho. A solenidade aconteceu no gabinete da presid\u00eancia e contou com a presen\u00e7a do deputado estadual Oscar Rodrigues. Rob\u00e9rio Cavalcante \u00e9 da Renova\u00e7\u00e3o Carism\u00e1tica. Fundador da Comunidade M\u00e3e da Divina Provid\u00eancia. Seu foco \u00e9 zelar pelos mais pobres. Parab\u00e9ns, ao edil! Nesta semana ilustra nossa coluna.<\/p>\n<p>LIVRE PENSAR:<br \/>\n\u201cViva um dia de cada vez, foque-se nas coisas boas da sua vida e sorria mesmo quando n\u00e3o parece haver raz\u00f5es!\u201d (Poeta Chico Prado \u2013 Presidente do Centro Cultural Dom Jos\u00e9)<\/p>\n","protected":false},"excerpt":{"rendered":"<p>Socorrinha Brasileiro esteve na Prefeitura de Sobral para agilizar reforma no Anexo Gerardo Cristino de&#8230;<\/p>\n","protected":false},"author":7,"featured_media":17437,"comment_status":"open","ping_status":"open","sticky":false,"template":"","format":"standard","meta":{"_jetpack_memberships_contains_paid_content":false,"footnotes":"","jetpack_publicize_message":"","jetpack_publicize_feature_enabled":true,"jetpack_social_post_already_shared":true,"jetpack_social_options":{"image_generator_settings":{"template":"highway","default_image_id":0,"font":"","enabled":false},"version":2}},"categories":[11,27],"tags":[],"class_list":["post-29359","post","type-post","status-publish","format-standard","has-post-thumbnail","hentry","category-artigos","category-becco-ponto-com"],"jetpack_publicize_connections":[],"jetpack_featured_media_url":"https:\/\/correiodasemana.com\/site\/wp-content\/uploads\/2021\/09\/Dr-Chico-Prado-Trofeu-Dom-Jose-1.jpg","jetpack-related-posts":[{"id":27521,"url":"https:\/\/correiodasemana.com\/site\/senador-cid-gomes-garante-verba-parlamentar-para-a-reforma-do-anexo-da-camara-municipal-de-sobral\/","url_meta":{"origin":29359,"position":0},"title":"Senador Cid Gomes garante verba parlamentar para a reforma do anexo da C\u00e2mara Municipal de Sobral","author":"adminredacao","date":"Dezembro 11, 2023","format":false,"excerpt":"Na tarde de segunda-feira\u00a0(4\/12). a prefeita em exerc\u00edcio de Sobral, Socorrinha Brasileiro, acompanhada do l\u00edder do prefeito na C\u00e2mara Municipal, vereador Roque Hudson, estiveram reunidos com o senador Cid Gomes. Na pauta,\u00a0a reforma do anexo Gerardo Cristino de Menezes, da C\u00e2mara sobralense, que teve parte da sua estrutura consumida por\u2026","rel":"","context":"In &quot;Atualidade&quot;","block_context":{"text":"Atualidade","link":"https:\/\/correiodasemana.com\/site\/category\/atualidade\/"},"img":{"alt_text":"","src":"https:\/\/i0.wp.com\/correiodasemana.com\/site\/wp-content\/uploads\/2023\/12\/Anexo-da-camara-municipal-de-Sobral.jpg?resize=350%2C200&ssl=1","width":350,"height":200,"srcset":"https:\/\/i0.wp.com\/correiodasemana.com\/site\/wp-content\/uploads\/2023\/12\/Anexo-da-camara-municipal-de-Sobral.jpg?resize=350%2C200&ssl=1 1x, https:\/\/i0.wp.com\/correiodasemana.com\/site\/wp-content\/uploads\/2023\/12\/Anexo-da-camara-municipal-de-Sobral.jpg?resize=525%2C300&ssl=1 1.5x, https:\/\/i0.wp.com\/correiodasemana.com\/site\/wp-content\/uploads\/2023\/12\/Anexo-da-camara-municipal-de-Sobral.jpg?resize=700%2C400&ssl=1 2x, https:\/\/i0.wp.com\/correiodasemana.com\/site\/wp-content\/uploads\/2023\/12\/Anexo-da-camara-municipal-de-Sobral.jpg?resize=1050%2C600&ssl=1 3x, https:\/\/i0.wp.com\/correiodasemana.com\/site\/wp-content\/uploads\/2023\/12\/Anexo-da-camara-municipal-de-Sobral.jpg?resize=1400%2C800&ssl=1 4x"},"classes":[]},{"id":10951,"url":"https:\/\/correiodasemana.com\/site\/panorama-politico-31\/","url_meta":{"origin":29359,"position":1},"title":"Panorama Pol\u00edtico","author":"","date":"Fevereiro 25, 2020","format":false,"excerpt":"Banco Mundial destaca educa\u00e7\u00e3o em Sobral como exemplo de boas pr\u00e1ticas para outros pa\u00edses Agora, internacionalmente conhecida como \u201cCase de sucesso no Brasil\u201d, a educa\u00e7\u00e3o de Sobral foi tema de reuni\u00e3o da comitiva do Banco Mundial no Centro de Conven\u00e7\u00f5es com o prefeito Ivo Gomes. O objetivo do encontro foi\u2026","rel":"","context":"In &quot;Artigos&quot;","block_context":{"text":"Artigos","link":"https:\/\/correiodasemana.com\/site\/category\/artigos\/"},"img":{"alt_text":"","src":"https:\/\/i0.wp.com\/correiodasemana.com\/site\/wp-content\/uploads\/2019\/09\/camara-de-sobral.jpeg?resize=350%2C200&ssl=1","width":350,"height":200,"srcset":"https:\/\/i0.wp.com\/correiodasemana.com\/site\/wp-content\/uploads\/2019\/09\/camara-de-sobral.jpeg?resize=350%2C200&ssl=1 1x, https:\/\/i0.wp.com\/correiodasemana.com\/site\/wp-content\/uploads\/2019\/09\/camara-de-sobral.jpeg?resize=525%2C300&ssl=1 1.5x, https:\/\/i0.wp.com\/correiodasemana.com\/site\/wp-content\/uploads\/2019\/09\/camara-de-sobral.jpeg?resize=700%2C400&ssl=1 2x"},"classes":[]},{"id":9986,"url":"https:\/\/correiodasemana.com\/site\/politica-em-evidencia-15\/","url_meta":{"origin":29359,"position":2},"title":"Pol\u00edtica em Evid\u00eancia","author":"","date":"Novembro 27, 2019","format":false,"excerpt":"A vice-prefeita Christianne Coelho e o secret\u00e1rio dos Direitos Humanos, Habita\u00e7\u00e3o e Assist\u00eancia Social, J\u00falio C\u00e9sar Alexandre, lan\u00e7aram, no dia 14 de novembro, o Crescer Bem - programa de transfer\u00eancia de renda da Prefeitura Municipal voltado para a supera\u00e7\u00e3o da extrema pobreza na Primeira inf\u00e2ncia. Criado pela Lei Municipal n\u00ba\u2026","rel":"","context":"In &quot;Artigos&quot;","block_context":{"text":"Artigos","link":"https:\/\/correiodasemana.com\/site\/category\/artigos\/"},"img":{"alt_text":"","src":"https:\/\/i0.wp.com\/correiodasemana.com\/site\/wp-content\/uploads\/2019\/08\/urna_lecr-e1447217261594.jpg?resize=350%2C200&ssl=1","width":350,"height":200,"srcset":"https:\/\/i0.wp.com\/correiodasemana.com\/site\/wp-content\/uploads\/2019\/08\/urna_lecr-e1447217261594.jpg?resize=350%2C200&ssl=1 1x, https:\/\/i0.wp.com\/correiodasemana.com\/site\/wp-content\/uploads\/2019\/08\/urna_lecr-e1447217261594.jpg?resize=525%2C300&ssl=1 1.5x, https:\/\/i0.wp.com\/correiodasemana.com\/site\/wp-content\/uploads\/2019\/08\/urna_lecr-e1447217261594.jpg?resize=700%2C400&ssl=1 2x, https:\/\/i0.wp.com\/correiodasemana.com\/site\/wp-content\/uploads\/2019\/08\/urna_lecr-e1447217261594.jpg?resize=1050%2C600&ssl=1 3x, https:\/\/i0.wp.com\/correiodasemana.com\/site\/wp-content\/uploads\/2019\/08\/urna_lecr-e1447217261594.jpg?resize=1400%2C800&ssl=1 4x"},"classes":[]},{"id":27452,"url":"https:\/\/correiodasemana.com\/site\/socorrinha-brasileiro-assumiu-interinamente-a-prefeitura-de-sobral\/","url_meta":{"origin":29359,"position":3},"title":"Socorrinha Brasileiro, assumiu interinamente a Prefeitura de Sobral","author":"adminredacao","date":"Dezembro 4, 2023","format":false,"excerpt":"Na quarta-feira (29\/11), a presidente da C\u00e2mara dos Vereadores, Socorrinha Brasileiro, assumiu interinamente a Prefeitura de Sobral. Ela permanecer\u00e1 no cargo at\u00e9 o dia 8 de dezembro, per\u00edodo em que o prefeito Ivo Gomes participar\u00e1 da 28\u00aa Confer\u00eancia das Na\u00e7\u00f5es Unidas sobre Mudan\u00e7a do Clima (COP-28), em Dubai, nos Emirados\u2026","rel":"","context":"In &quot;Atualidade&quot;","block_context":{"text":"Atualidade","link":"https:\/\/correiodasemana.com\/site\/category\/atualidade\/"},"img":{"alt_text":"","src":"https:\/\/i0.wp.com\/correiodasemana.com\/site\/wp-content\/uploads\/2023\/12\/405397320_763352109170521_7153456612100058205_n.jpg?resize=350%2C200&ssl=1","width":350,"height":200,"srcset":"https:\/\/i0.wp.com\/correiodasemana.com\/site\/wp-content\/uploads\/2023\/12\/405397320_763352109170521_7153456612100058205_n.jpg?resize=350%2C200&ssl=1 1x, https:\/\/i0.wp.com\/correiodasemana.com\/site\/wp-content\/uploads\/2023\/12\/405397320_763352109170521_7153456612100058205_n.jpg?resize=525%2C300&ssl=1 1.5x, https:\/\/i0.wp.com\/correiodasemana.com\/site\/wp-content\/uploads\/2023\/12\/405397320_763352109170521_7153456612100058205_n.jpg?resize=700%2C400&ssl=1 2x, https:\/\/i0.wp.com\/correiodasemana.com\/site\/wp-content\/uploads\/2023\/12\/405397320_763352109170521_7153456612100058205_n.jpg?resize=1050%2C600&ssl=1 3x, https:\/\/i0.wp.com\/correiodasemana.com\/site\/wp-content\/uploads\/2023\/12\/405397320_763352109170521_7153456612100058205_n.jpg?resize=1400%2C800&ssl=1 4x"},"classes":[]},{"id":25374,"url":"https:\/\/correiodasemana.com\/site\/presidente-da-camara-a-vereadora-socorrinha-brasileiro-pdt-acompanha-o-atendimento-da-unidade-movel-do-caminhao-do-cidadao-e-defensoria-publica-em-taperuaba\/","url_meta":{"origin":29359,"position":4},"title":"Presidente da C\u00e2mara, a vereadora Socorrinha Brasileiro, (PDT) acompanha o atendimento da Unidade M\u00f3vel do Caminh\u00e3o do Cidad\u00e3o e Defensoria P\u00fablica em Taperuaba","author":"adminredacao","date":"Junho 26, 2023","format":false,"excerpt":"Na manh\u00e3 de segunda-feira (19\/06), a Presidente da C\u00e2mara Municipal de Sobral, vereadora Socorrinha Brasileiro, esteve acompanhando o in\u00edcio dos atendimentos da Unidade M\u00f3vel do Caminh\u00e3o do Cidad\u00e3o e da Defensoria P\u00fablica no distrito de Taperuaba, que est\u00e3o atendendo em frente \u00e0 Escola E. M. T. I. Dep. Ces\u00e1rio Barreto\u2026","rel":"","context":"In &quot;Atualidade&quot;","block_context":{"text":"Atualidade","link":"https:\/\/correiodasemana.com\/site\/category\/atualidade\/"},"img":{"alt_text":"","src":"https:\/\/i0.wp.com\/correiodasemana.com\/site\/wp-content\/uploads\/2023\/06\/WhatsApp-Image-2023-06-19-at-10.54.06-3.jpeg?resize=350%2C200&ssl=1","width":350,"height":200,"srcset":"https:\/\/i0.wp.com\/correiodasemana.com\/site\/wp-content\/uploads\/2023\/06\/WhatsApp-Image-2023-06-19-at-10.54.06-3.jpeg?resize=350%2C200&ssl=1 1x, https:\/\/i0.wp.com\/correiodasemana.com\/site\/wp-content\/uploads\/2023\/06\/WhatsApp-Image-2023-06-19-at-10.54.06-3.jpeg?resize=525%2C300&ssl=1 1.5x, https:\/\/i0.wp.com\/correiodasemana.com\/site\/wp-content\/uploads\/2023\/06\/WhatsApp-Image-2023-06-19-at-10.54.06-3.jpeg?resize=700%2C400&ssl=1 2x, https:\/\/i0.wp.com\/correiodasemana.com\/site\/wp-content\/uploads\/2023\/06\/WhatsApp-Image-2023-06-19-at-10.54.06-3.jpeg?resize=1050%2C600&ssl=1 3x"},"classes":[]},{"id":10592,"url":"https:\/\/correiodasemana.com\/site\/panorama-politica\/","url_meta":{"origin":29359,"position":5},"title":"Panorama Pol\u00edtica","author":"","date":"Janeiro 27, 2020","format":false,"excerpt":"Prefeito Ivo Gomes visita casas construidas pelo projeto Jo\u00e3o de Barro O prefeito Ivo Gomes esteve no Bairro Sumar\u00e9 para visitar as 14 fam\u00edlias que tiveram suas casas de taipas substitu\u00eddas por alvenarias. A a\u00e7\u00e3o \u00e9 fruto do Projeto Jo\u00e3o de Bairro do Centro de Forma\u00e7\u00e3o Humana Padre Ibiapina, coordenado\u2026","rel":"","context":"In &quot;Artigos&quot;","block_context":{"text":"Artigos","link":"https:\/\/correiodasemana.com\/site\/category\/artigos\/"},"img":{"alt_text":"","src":"https:\/\/i0.wp.com\/correiodasemana.com\/site\/wp-content\/uploads\/2019\/09\/camara-de-sobral.jpeg?resize=350%2C200&ssl=1","width":350,"height":200,"srcset":"https:\/\/i0.wp.com\/correiodasemana.com\/site\/wp-content\/uploads\/2019\/09\/camara-de-sobral.jpeg?resize=350%2C200&ssl=1 1x, https:\/\/i0.wp.com\/correiodasemana.com\/site\/wp-content\/uploads\/2019\/09\/camara-de-sobral.jpeg?resize=525%2C300&ssl=1 1.5x, https:\/\/i0.wp.com\/correiodasemana.com\/site\/wp-content\/uploads\/2019\/09\/camara-de-sobral.jpeg?resize=700%2C400&ssl=1 2x"},"classes":[]}],"jetpack_sharing_enabled":true,"_links":{"self":[{"href":"https:\/\/correiodasemana.com\/site\/wp-json\/wp\/v2\/posts\/29359","targetHints":{"allow":["GET"]}}],"collection":[{"href":"https:\/\/correiodasemana.com\/site\/wp-json\/wp\/v2\/posts"}],"about":[{"href":"https:\/\/correiodasemana.com\/site\/wp-json\/wp\/v2\/types\/post"}],"author":[{"embeddable":true,"href":"https:\/\/correiodasemana.com\/site\/wp-json\/wp\/v2\/users\/7"}],"replies":[{"embeddable":true,"href":"https:\/\/correiodasemana.com\/site\/wp-json\/wp\/v2\/comments?post=29359"}],"version-history":[{"count":2,"href":"https:\/\/correiodasemana.com\/site\/wp-json\/wp\/v2\/posts\/29359\/revisions"}],"predecessor-version":[{"id":29364,"href":"https:\/\/correiodasemana.com\/site\/wp-json\/wp\/v2\/posts\/29359\/revisions\/29364"}],"wp:featuredmedia":[{"embeddable":true,"href":"https:\/\/correiodasemana.com\/site\/wp-json\/wp\/v2\/media\/17437"}],"wp:attachment":[{"href":"https:\/\/correiodasemana.com\/site\/wp-json\/wp\/v2\/media?parent=29359"}],"wp:term":[{"taxonomy":"category","embeddable":true,"href":"https:\/\/correiodasemana.com\/site\/wp-json\/wp\/v2\/categories?post=29359"},{"taxonomy":"post_tag","embeddable":true,"href":"https:\/\/correiodasemana.com\/site\/wp-json\/wp\/v2\/tags?post=29359"}],"curies":[{"name":"wp","href":"https:\/\/api.w.org\/{rel}","templated":true}]}}