{"id":29479,"date":"2024-06-03T09:37:23","date_gmt":"2024-06-03T12:37:23","guid":{"rendered":"https:\/\/correiodasemana.com\/site\/?p=29479"},"modified":"2024-06-03T09:37:23","modified_gmt":"2024-06-03T12:37:23","slug":"becco-ponto-com-169","status":"publish","type":"post","link":"https:\/\/correiodasemana.com\/site\/becco-ponto-com-169\/","title":{"rendered":"Becco Ponto Com"},"content":{"rendered":"<p>LIVRAI NOS SENHOR<br \/>\nDOS PEITISTAS VOLTANDO A PISTA DO PODER<br \/>\nDOS CURSOS TIPO BODEGAS PAGOU PASSOU<br \/>\nDA RUMA DE CANDIDATOS BOLACHINHAS UI<br \/>\nDA CRACOLANDIA DIA E NOITE NO BECCO UI<br \/>\nDA VOLTA DO PT AO PODER DOS FGS. UFA!!!<br \/>\nDA VOLTA DA TAXA DO LIXO NELES NO CANO<br \/>\nDA MAMATA POLITICA J\u00c1 PUXANDO VOTOS!!<br \/>\nDO LARANJAL VIA VOTOS VIA URNAS J\u00c1 2024<br \/>\nDO CENTRO HISTORICO VIRANDO J\u00c1 MUSEU<br \/>\nDA BURGUESIA FALIDA NOS PEITO DA VIUVA<\/p>\n<p>N O T I C I A N D O<br \/>\nParab\u00e9ns a Dona Lurdinha Vasconcelos pela homenagem justa recebida pela c\u00e2mara esta semana indicada pela presidente da casa Sra.<br \/>\nSocorrinha Brasileiro em grande estilo, mulher empreendedora foi o pr\u00eamio do ano. A digna senhora falou em nome das homenageadas e deu um show no plen\u00e1rio 5 de julho na noite de gala neste nfesta popular sobralense.<br \/>\nDezembro vem a\u00ed e com ele a festa dos meninos da rua da fortaleza, anos 60 ir\u00e1 ser um dia hist\u00f3rico para cidade. E vir\u00e3o amigos e convidados de todo estado no m\u00eas dezembro no clube dos cal\u00e7adistas em manha de sol que terminar\u00e1 com a tert\u00falia dan\u00e7ante da festa homenagem dos anos dourados da jovem guarda. \u00c9 aguardar para viver o momento magico.<br \/>\nA reforma da pra\u00e7a cidad\u00e3o Marcio Soares vem ai no bairro do junco pr\u00f3xima do est\u00e1dio<br \/>\nA vereadora Micheline Ibiapina \u00e9 autora deste projeto ambicioso urban\u00edstico para cidade. \u00c9 a mulher marcando presen\u00e7a na casa do povo e mostrando trabalho em prol do povo.<br \/>\nO famoso caf\u00e9 Jaibaras vai inaugurar nestes dias a sua biblioteca que abrigara os autores sobralenses famosos na escrita, ser\u00e3o poetas jornalistas, escritores da regi\u00e3o, que far\u00e3o a historia popular da cidade em verso e prosa.<br \/>\nParabenizar a digna jovem senhora Marcia Roujane Frota que recebeu nesta semana o Trof\u00e9u Mulheres de Sucesso na cidade em festa glamorosa realizada mais uma vez pelo Promoter Cesinha Macedo. Viva as mulheres do ano fazendo hist\u00f3ria viva na terra de Dom Jose Tupinamb\u00e1 da Frota. Viva Sobral.<\/p>\n<p>P E R F I L &#8211; Dr. Francisco Herlon Ponte de Vasconcelos<\/p>\n<div id='gallery-1' class='gallery galleryid-29479 gallery-columns-3 gallery-size-thumbnail'><figure class='gallery-item'>\n\t\t\t<div class='gallery-icon landscape'>\n\t\t\t\t<a href='https:\/\/correiodasemana.com\/site\/becco-ponto-com-169\/herlon-vasconcelos\/'><img loading=\"lazy\" width=\"150\" height=\"150\" src=\"https:\/\/correiodasemana.com\/site\/wp-content\/uploads\/2024\/06\/Herlon-Vasconcelos-150x150.jpg\" class=\"attachment-thumbnail size-thumbnail\" alt=\"Herlon Vasconcelos\" loading=\"lazy\" decoding=\"async\" \/><\/a>\n\t\t\t<\/div><\/figure>\n\t\t<\/div>\n\n<p>Um cidad\u00e3o com todas as letras, digno sobralense, amigo do beco, psic\u00f3logo renomado na cidade ser afeito a fazer o bem, falo do Dr. FRANCISCO HERLON PONTE DE VASCONCELOS, funcion\u00e1rio p\u00fablico de carreira que hoje por m\u00e9ritos figura como o PERFIL da semana em nossa coluna t\u00e3o lida. FORMA\u00c7\u00c3O: Possui gradua\u00e7\u00e3o em Psicologia pela Faculdade Luciano Feij\u00e3o (2016). Tem experi\u00eancia na \u00e1rea de Psicologia, com \u00eanfase em Psicologia, atuando principalmente nos seguintes temas: sa\u00fade p\u00fablica, masculinidades, assist\u00eancia social, pol\u00edticas p\u00fablicas e psican\u00e1lise. Atualmente \u00e9 gerene da c\u00e9lula psicossocial na coordenadoria de diagn\u00f3stico e cultura de paz.<\/p>\n<p>LIVRE PENSAR:<br \/>\n\u201cO silencio \u00e9 a voz alta da sabedoria humana\u201d. Poeta Chico Prado \u2013 (Presidente do Centro Cultural Dom Jos\u00e9)<\/p>\n","protected":false},"excerpt":{"rendered":"<p>LIVRAI NOS SENHOR DOS PEITISTAS VOLTANDO A PISTA DO PODER DOS CURSOS TIPO BODEGAS PAGOU&#8230;<\/p>\n","protected":false},"author":7,"featured_media":17437,"comment_status":"open","ping_status":"open","sticky":false,"template":"","format":"standard","meta":{"_jetpack_memberships_contains_paid_content":false,"footnotes":"","jetpack_publicize_message":"","jetpack_publicize_feature_enabled":true,"jetpack_social_post_already_shared":true,"jetpack_social_options":{"image_generator_settings":{"template":"highway","default_image_id":0,"font":"","enabled":false},"version":2}},"categories":[11,27],"tags":[],"class_list":["post-29479","post","type-post","status-publish","format-standard","has-post-thumbnail","hentry","category-artigos","category-becco-ponto-com"],"jetpack_publicize_connections":[],"jetpack_featured_media_url":"https:\/\/correiodasemana.com\/site\/wp-content\/uploads\/2021\/09\/Dr-Chico-Prado-Trofeu-Dom-Jose-1.jpg","jetpack-related-posts":[{"id":27485,"url":"https:\/\/correiodasemana.com\/site\/becco-ponto-com-148\/","url_meta":{"origin":29479,"position":0},"title":"Becco Ponto Com","author":"adminredacao","date":"Dezembro 4, 2023","format":false,"excerpt":"LIVRAI-NOS, SENHOR! Dos casamentos movidos a \u201cPix Presentes\u201d Dos t\u00edtulos persona non grata via c\u00e2mara. Do mi mi mi dos pol\u00edticos de ocasi\u00e3o em 2024. Da piada de vice em uma viagem a Portugal, j\u00e1! Da ruma de calangos em cima do , ufa! Dos fgs perderem o poder \u201cvia\u2026","rel":"","context":"In &quot;Artigos&quot;","block_context":{"text":"Artigos","link":"https:\/\/correiodasemana.com\/site\/category\/artigos\/"},"img":{"alt_text":"","src":"https:\/\/i0.wp.com\/correiodasemana.com\/site\/wp-content\/uploads\/2021\/09\/Dr-Chico-Prado-Trofeu-Dom-Jose-1.jpg?resize=350%2C200&ssl=1","width":350,"height":200,"srcset":"https:\/\/i0.wp.com\/correiodasemana.com\/site\/wp-content\/uploads\/2021\/09\/Dr-Chico-Prado-Trofeu-Dom-Jose-1.jpg?resize=350%2C200&ssl=1 1x, https:\/\/i0.wp.com\/correiodasemana.com\/site\/wp-content\/uploads\/2021\/09\/Dr-Chico-Prado-Trofeu-Dom-Jose-1.jpg?resize=525%2C300&ssl=1 1.5x, https:\/\/i0.wp.com\/correiodasemana.com\/site\/wp-content\/uploads\/2021\/09\/Dr-Chico-Prado-Trofeu-Dom-Jose-1.jpg?resize=700%2C400&ssl=1 2x, https:\/\/i0.wp.com\/correiodasemana.com\/site\/wp-content\/uploads\/2021\/09\/Dr-Chico-Prado-Trofeu-Dom-Jose-1.jpg?resize=1050%2C600&ssl=1 3x, https:\/\/i0.wp.com\/correiodasemana.com\/site\/wp-content\/uploads\/2021\/09\/Dr-Chico-Prado-Trofeu-Dom-Jose-1.jpg?resize=1400%2C800&ssl=1 4x"},"classes":[]},{"id":17173,"url":"https:\/\/correiodasemana.com\/site\/becco-ponto-com-48\/","url_meta":{"origin":29479,"position":1},"title":"Becco ponto Com","author":"","date":"Agosto 9, 2021","format":false,"excerpt":"Livrai-nos, senhor! 01. Da babaquise dos doutores sabe tudo de Sobral. 02. Da campanha de baixo n\u00edvel para presid\u00eancia, ui! 03. Da santa ignor\u00e2ncia dos eleitores gados daqui. 04. Das faculdades formando intelectuais fakes, ui! 05. Das C\u00e2maras municipais j\u00e1 camaradas do poder. 06. Das festas pol\u00edticas atraindo votos via\u2026","rel":"","context":"In &quot;Artigos&quot;","block_context":{"text":"Artigos","link":"https:\/\/correiodasemana.com\/site\/category\/artigos\/"},"img":{"alt_text":"","src":"https:\/\/i0.wp.com\/correiodasemana.com\/site\/wp-content\/uploads\/2021\/04\/Chico-Prado-22.jpg?resize=350%2C200&ssl=1","width":350,"height":200,"srcset":"https:\/\/i0.wp.com\/correiodasemana.com\/site\/wp-content\/uploads\/2021\/04\/Chico-Prado-22.jpg?resize=350%2C200&ssl=1 1x, https:\/\/i0.wp.com\/correiodasemana.com\/site\/wp-content\/uploads\/2021\/04\/Chico-Prado-22.jpg?resize=525%2C300&ssl=1 1.5x, https:\/\/i0.wp.com\/correiodasemana.com\/site\/wp-content\/uploads\/2021\/04\/Chico-Prado-22.jpg?resize=700%2C400&ssl=1 2x"},"classes":[]},{"id":29972,"url":"https:\/\/correiodasemana.com\/site\/becco-ponto-com-175\/","url_meta":{"origin":29479,"position":2},"title":"BECCO PONTO.COM","author":"adminredacao","date":"Julho 16, 2024","format":false,"excerpt":"LIVRAI-NOS, SENHOR! Da bufa falsa at\u00e9 no votar, ufa! Do Becco virando cracol\u00e2ndia. Dos pol\u00edticos bolachinhas, ufa! Do pt de Lula, voltando a roubar. Das escolas modernas via papo. Da viol\u00eancia matando todo o dia. Dos gastos para eleger um edil. Das pesquisas encomendadas, ui! Da briga surda nas fm\u2019s\u2026","rel":"","context":"In &quot;Artigos&quot;","block_context":{"text":"Artigos","link":"https:\/\/correiodasemana.com\/site\/category\/artigos\/"},"img":{"alt_text":"","src":"https:\/\/i0.wp.com\/correiodasemana.com\/site\/wp-content\/uploads\/2021\/09\/Dr-Chico-Prado-Trofeu-Dom-Jose-1.jpg?resize=350%2C200&ssl=1","width":350,"height":200,"srcset":"https:\/\/i0.wp.com\/correiodasemana.com\/site\/wp-content\/uploads\/2021\/09\/Dr-Chico-Prado-Trofeu-Dom-Jose-1.jpg?resize=350%2C200&ssl=1 1x, https:\/\/i0.wp.com\/correiodasemana.com\/site\/wp-content\/uploads\/2021\/09\/Dr-Chico-Prado-Trofeu-Dom-Jose-1.jpg?resize=525%2C300&ssl=1 1.5x, https:\/\/i0.wp.com\/correiodasemana.com\/site\/wp-content\/uploads\/2021\/09\/Dr-Chico-Prado-Trofeu-Dom-Jose-1.jpg?resize=700%2C400&ssl=1 2x, https:\/\/i0.wp.com\/correiodasemana.com\/site\/wp-content\/uploads\/2021\/09\/Dr-Chico-Prado-Trofeu-Dom-Jose-1.jpg?resize=1050%2C600&ssl=1 3x, https:\/\/i0.wp.com\/correiodasemana.com\/site\/wp-content\/uploads\/2021\/09\/Dr-Chico-Prado-Trofeu-Dom-Jose-1.jpg?resize=1400%2C800&ssl=1 4x"},"classes":[]},{"id":25271,"url":"https:\/\/correiodasemana.com\/site\/becco-ponto-com-126\/","url_meta":{"origin":29479,"position":3},"title":"Becco Ponto Com","author":"adminredacao","date":"Junho 19, 2023","format":false,"excerpt":"LIVRAI-NOS, SENHOR! Das manifesta\u00e7\u00f5es petista, ufa! Da gabolice dos novos ricos, ui! Das novas figuras pol\u00edticas, ufa! Dos puxa-sacos na cola do voto. Do lulismo invadindo a mis\u00e9ria, ui! Das igrejas atacadas via petista. Do abandono do becco, o cora\u00e7\u00e3o de Sobral. Da ditadura da fome voltando, ui! Dos doutores\u2026","rel":"","context":"In &quot;Artigos&quot;","block_context":{"text":"Artigos","link":"https:\/\/correiodasemana.com\/site\/category\/artigos\/"},"img":{"alt_text":"","src":"https:\/\/i0.wp.com\/correiodasemana.com\/site\/wp-content\/uploads\/2021\/09\/Dr-Chico-Prado-Trofeu-Dom-Jose-1.jpg?resize=350%2C200&ssl=1","width":350,"height":200,"srcset":"https:\/\/i0.wp.com\/correiodasemana.com\/site\/wp-content\/uploads\/2021\/09\/Dr-Chico-Prado-Trofeu-Dom-Jose-1.jpg?resize=350%2C200&ssl=1 1x, https:\/\/i0.wp.com\/correiodasemana.com\/site\/wp-content\/uploads\/2021\/09\/Dr-Chico-Prado-Trofeu-Dom-Jose-1.jpg?resize=525%2C300&ssl=1 1.5x, https:\/\/i0.wp.com\/correiodasemana.com\/site\/wp-content\/uploads\/2021\/09\/Dr-Chico-Prado-Trofeu-Dom-Jose-1.jpg?resize=700%2C400&ssl=1 2x, https:\/\/i0.wp.com\/correiodasemana.com\/site\/wp-content\/uploads\/2021\/09\/Dr-Chico-Prado-Trofeu-Dom-Jose-1.jpg?resize=1050%2C600&ssl=1 3x, https:\/\/i0.wp.com\/correiodasemana.com\/site\/wp-content\/uploads\/2021\/09\/Dr-Chico-Prado-Trofeu-Dom-Jose-1.jpg?resize=1400%2C800&ssl=1 4x"},"classes":[]},{"id":17351,"url":"https:\/\/correiodasemana.com\/site\/becco-ponto-com-51\/","url_meta":{"origin":29479,"position":4},"title":"Becco ponto Com","author":"","date":"Agosto 30, 2021","format":false,"excerpt":"LIVRAI-NOS, SENHOR! 01. Dos bl\u00e1, bl\u00e1, bl\u00e1 t\u00e3o pol\u00edtico via 2022. 02. Dos ap\u00f3stolos do d\u00edzimo na elei\u00e7\u00e3o. 03. Da sess\u00e3o bate-carteira via \u2018lulismo\u2019. 04. Da novela vacina vacinai do s.u.s., ui! 05. Dos cursos paga e leva t\u00e3o nossos. 06. Das brigas surdas: voto! Voto! Votos! 07. Das dondocas\u2026","rel":"","context":"In &quot;Artigos&quot;","block_context":{"text":"Artigos","link":"https:\/\/correiodasemana.com\/site\/category\/artigos\/"},"img":{"alt_text":"","src":"https:\/\/i0.wp.com\/correiodasemana.com\/site\/wp-content\/uploads\/2021\/04\/Chico-Prado-22.jpg?resize=350%2C200&ssl=1","width":350,"height":200,"srcset":"https:\/\/i0.wp.com\/correiodasemana.com\/site\/wp-content\/uploads\/2021\/04\/Chico-Prado-22.jpg?resize=350%2C200&ssl=1 1x, https:\/\/i0.wp.com\/correiodasemana.com\/site\/wp-content\/uploads\/2021\/04\/Chico-Prado-22.jpg?resize=525%2C300&ssl=1 1.5x, https:\/\/i0.wp.com\/correiodasemana.com\/site\/wp-content\/uploads\/2021\/04\/Chico-Prado-22.jpg?resize=700%2C400&ssl=1 2x"},"classes":[]},{"id":29818,"url":"https:\/\/correiodasemana.com\/site\/becco-ponto-com-173\/","url_meta":{"origin":29479,"position":5},"title":"BECCO PONTO.COM","author":"adminredacao","date":"Julho 1, 2024","format":false,"excerpt":"LIVRAI-NOS, SENHOR! Das festas juninas ora t\u00e3o carnavalescas. Da moda moderna: \u201ca mulher prefeita vem\u201d! Da mem\u00f3ria do eleitor pobre, \u201cvale 1 real\u201d. Do fumo Arapiraca. \u201cVoltou a taxa do lixo\u201d. Das chacinas no Estado do Cear\u00e1, ufa! Ui! Dos mendigos do voto voltando nos edis. Dos puxas na fila\u2026","rel":"","context":"In &quot;Artigos&quot;","block_context":{"text":"Artigos","link":"https:\/\/correiodasemana.com\/site\/category\/artigos\/"},"img":{"alt_text":"","src":"https:\/\/i0.wp.com\/correiodasemana.com\/site\/wp-content\/uploads\/2021\/09\/Dr-Chico-Prado-Trofeu-Dom-Jose-1.jpg?resize=350%2C200&ssl=1","width":350,"height":200,"srcset":"https:\/\/i0.wp.com\/correiodasemana.com\/site\/wp-content\/uploads\/2021\/09\/Dr-Chico-Prado-Trofeu-Dom-Jose-1.jpg?resize=350%2C200&ssl=1 1x, https:\/\/i0.wp.com\/correiodasemana.com\/site\/wp-content\/uploads\/2021\/09\/Dr-Chico-Prado-Trofeu-Dom-Jose-1.jpg?resize=525%2C300&ssl=1 1.5x, https:\/\/i0.wp.com\/correiodasemana.com\/site\/wp-content\/uploads\/2021\/09\/Dr-Chico-Prado-Trofeu-Dom-Jose-1.jpg?resize=700%2C400&ssl=1 2x, https:\/\/i0.wp.com\/correiodasemana.com\/site\/wp-content\/uploads\/2021\/09\/Dr-Chico-Prado-Trofeu-Dom-Jose-1.jpg?resize=1050%2C600&ssl=1 3x, https:\/\/i0.wp.com\/correiodasemana.com\/site\/wp-content\/uploads\/2021\/09\/Dr-Chico-Prado-Trofeu-Dom-Jose-1.jpg?resize=1400%2C800&ssl=1 4x"},"classes":[]}],"jetpack_sharing_enabled":true,"_links":{"self":[{"href":"https:\/\/correiodasemana.com\/site\/wp-json\/wp\/v2\/posts\/29479","targetHints":{"allow":["GET"]}}],"collection":[{"href":"https:\/\/correiodasemana.com\/site\/wp-json\/wp\/v2\/posts"}],"about":[{"href":"https:\/\/correiodasemana.com\/site\/wp-json\/wp\/v2\/types\/post"}],"author":[{"embeddable":true,"href":"https:\/\/correiodasemana.com\/site\/wp-json\/wp\/v2\/users\/7"}],"replies":[{"embeddable":true,"href":"https:\/\/correiodasemana.com\/site\/wp-json\/wp\/v2\/comments?post=29479"}],"version-history":[{"count":1,"href":"https:\/\/correiodasemana.com\/site\/wp-json\/wp\/v2\/posts\/29479\/revisions"}],"predecessor-version":[{"id":29481,"href":"https:\/\/correiodasemana.com\/site\/wp-json\/wp\/v2\/posts\/29479\/revisions\/29481"}],"wp:featuredmedia":[{"embeddable":true,"href":"https:\/\/correiodasemana.com\/site\/wp-json\/wp\/v2\/media\/17437"}],"wp:attachment":[{"href":"https:\/\/correiodasemana.com\/site\/wp-json\/wp\/v2\/media?parent=29479"}],"wp:term":[{"taxonomy":"category","embeddable":true,"href":"https:\/\/correiodasemana.com\/site\/wp-json\/wp\/v2\/categories?post=29479"},{"taxonomy":"post_tag","embeddable":true,"href":"https:\/\/correiodasemana.com\/site\/wp-json\/wp\/v2\/tags?post=29479"}],"curies":[{"name":"wp","href":"https:\/\/api.w.org\/{rel}","templated":true}]}}