{"id":29525,"date":"2024-06-03T09:51:00","date_gmt":"2024-06-03T12:51:00","guid":{"rendered":"https:\/\/correiodasemana.com\/site\/?p=29525"},"modified":"2024-06-03T09:51:00","modified_gmt":"2024-06-03T12:51:00","slug":"comunidade-filhos-de-siao-9","status":"publish","type":"post","link":"https:\/\/correiodasemana.com\/site\/comunidade-filhos-de-siao-9\/","title":{"rendered":"COMUNIDADE FILHOS DE SI\u00c3O"},"content":{"rendered":"<div><strong>Por que Maria \u00e9 perfeito louvor a Deus?<\/strong><\/div>\n<p>Porque n\u00e3o louvou apenas em palavras, mas a sua vida foi um louvor a Deus e \u00e9 neste louvor que precisamos nos inspirar.<br \/>\nFomos criados para a gl\u00f3ria de Deus: esta \u00e9 a finalidade da nossa vida. Nossa vida precisa cantar louvores a Deus, pois foi para isso que fomos criados.<\/p>\n<p>O louvor que Deus espera dos Filhos de Si\u00e3o<br \/>\nAs pessoas precisam amar Jesus porque eu amo. Talvez em nossa casa n\u00f3s sejamos os \u00fanicos que temos uma vida em Deus. O louvor \u00e9 a forma de ora\u00e7\u00e3o que mais imediatamente reconhece que Deus \u00e9 Deus! (conforme \u00a7 2.639 do Catecismo da Igreja Cat\u00f3lica).<br \/>\nQuando reconhecemos quem \u00e9 Deus automaticamente sabemos o nosso lugar de criatura. O louvor me faz reconhecer quem \u00e9 Deus e quem sou eu. Ele \u00e9 criador e eu sou obra de suas m\u00e3os.O poder de Deus n\u00e3o se calcula pela quantidade de milagres que Ele pode fazer na sua vida ou pelos prod\u00edgios. Ele \u00e9 Deus sempre!<\/p>\n<p>Uma marca indel\u00e9vel<br \/>\nO louvor me faz reconhecer a Deus. E para os Filhos de Si\u00e3o \u00e9 uma marca indel\u00e9vel: somos o povo do louvor. Deus espera de n\u00f3s o louvor. Ele espera que reconhe\u00e7amos quem Ele \u00e9: somos identificados pelo louvor.<br \/>\nAssim, que em nenhum momento nos falte o louvor, e, na hora da dor e do sofrimento, demos a Deus o perfeito louvor.<br \/>\nO perfeito louvor est\u00e1 relacionado \u00e0 minha vida. N\u00e3o basta apenas reconhecer o amor de Deus em palavras, mas com a vida. Precisamos sair dessa fase da nossa vida de s\u00f3 falar, de declarar s\u00f3 com a boca. \u00c9 hora de sermos todo dele e fazer da nossa vida uma can\u00e7\u00e3o de louvor.<br \/>\nSe Deus permite situa\u00e7\u00f5es em nossas vidas, Ele tira um bem! A n\u00f3s cabe acreditar e louvar. Confiar! Reconhecer a soberania de Deus.<br \/>\nO louvor dos pequeninos sabe reconhecer quem \u00e9 Deus.<br \/>\nMar\u00edlia Ivina Mendes &#8211; Consagrada da Comunidade de Vida Filhos de Si\u00e3o<\/p>\n","protected":false},"excerpt":{"rendered":"<p>Por que Maria \u00e9 perfeito louvor a Deus? Porque n\u00e3o louvou apenas em palavras, mas&#8230;<\/p>\n","protected":false},"author":7,"featured_media":58,"comment_status":"open","ping_status":"open","sticky":false,"template":"","format":"standard","meta":{"_jetpack_memberships_contains_paid_content":false,"footnotes":"","jetpack_publicize_message":"","jetpack_publicize_feature_enabled":true,"jetpack_social_post_already_shared":true,"jetpack_social_options":{"image_generator_settings":{"template":"highway","default_image_id":0,"font":"","enabled":false},"version":2}},"categories":[11,87],"tags":[],"class_list":["post-29525","post","type-post","status-publish","format-standard","has-post-thumbnail","hentry","category-artigos","category-filhos-de-siao"],"jetpack_publicize_connections":[],"jetpack_featured_media_url":"https:\/\/correiodasemana.com\/site\/wp-content\/uploads\/2019\/07\/Igreja_S\u00e9.jpg","jetpack-related-posts":[{"id":28087,"url":"https:\/\/correiodasemana.com\/site\/bem-aventurada-virgem-filha-de-siao-perfeito-louvor-a-deus\/","url_meta":{"origin":29525,"position":0},"title":"Bem-aventurada Virgem Filha de Si\u00e3o: Perfeito Louvor a Deus","author":"adminredacao","date":"Janeiro 15, 2024","format":false,"excerpt":"Quando os disc\u00edpulos de Jesus voltam da miss\u00e3o transbordantes de alegria, Jesus reza ao Pai exultante de alegria no Esp\u00edrito Santo, dizendo: \u201cPai, Senhor do C\u00e9u e da Terra, eu te dou gra\u00e7as porque escondestes essas coisas aos s\u00e1bios e inteligentes e as revelastes aos pequeninos\u201d (Lc 10,21). Foi numa\u2026","rel":"","context":"In &quot;Artigos&quot;","block_context":{"text":"Artigos","link":"https:\/\/correiodasemana.com\/site\/category\/artigos\/"},"img":{"alt_text":"","src":"https:\/\/i0.wp.com\/correiodasemana.com\/site\/wp-content\/uploads\/2019\/07\/Igreja_S%C3%A9.jpg?resize=350%2C200&ssl=1","width":350,"height":200,"srcset":"https:\/\/i0.wp.com\/correiodasemana.com\/site\/wp-content\/uploads\/2019\/07\/Igreja_S%C3%A9.jpg?resize=350%2C200&ssl=1 1x, https:\/\/i0.wp.com\/correiodasemana.com\/site\/wp-content\/uploads\/2019\/07\/Igreja_S%C3%A9.jpg?resize=525%2C300&ssl=1 1.5x, https:\/\/i0.wp.com\/correiodasemana.com\/site\/wp-content\/uploads\/2019\/07\/Igreja_S%C3%A9.jpg?resize=700%2C400&ssl=1 2x, https:\/\/i0.wp.com\/correiodasemana.com\/site\/wp-content\/uploads\/2019\/07\/Igreja_S%C3%A9.jpg?resize=1050%2C600&ssl=1 3x, https:\/\/i0.wp.com\/correiodasemana.com\/site\/wp-content\/uploads\/2019\/07\/Igreja_S%C3%A9.jpg?resize=1400%2C800&ssl=1 4x"},"classes":[]},{"id":28108,"url":"https:\/\/correiodasemana.com\/site\/comunidade-filhos-de-siao-2\/","url_meta":{"origin":29525,"position":1},"title":"COMUNIDADE FILHOS DE SI\u00c3O","author":"adminredacao","date":"Janeiro 22, 2024","format":false,"excerpt":"Virgem de Si\u00e3o, perfeito louvor a Deus O ano de 2024 ser\u00e1 dedicado \u00e0 Nossa Senhora na Comunidade Filhos de Si\u00e3o. Neste tempo, vamos aprender a tamb\u00e9m elevar a Deus o nosso perfeito louvor. A exemplo dEla, seguiremos rendendo o perfeito louvor ao nosso Criador e Salvador. Dessa forma, a\u2026","rel":"","context":"In &quot;Artigos&quot;","block_context":{"text":"Artigos","link":"https:\/\/correiodasemana.com\/site\/category\/artigos\/"},"img":{"alt_text":"","src":"https:\/\/i0.wp.com\/correiodasemana.com\/site\/wp-content\/uploads\/2019\/07\/Igreja_S%C3%A9.jpg?resize=350%2C200&ssl=1","width":350,"height":200,"srcset":"https:\/\/i0.wp.com\/correiodasemana.com\/site\/wp-content\/uploads\/2019\/07\/Igreja_S%C3%A9.jpg?resize=350%2C200&ssl=1 1x, https:\/\/i0.wp.com\/correiodasemana.com\/site\/wp-content\/uploads\/2019\/07\/Igreja_S%C3%A9.jpg?resize=525%2C300&ssl=1 1.5x, https:\/\/i0.wp.com\/correiodasemana.com\/site\/wp-content\/uploads\/2019\/07\/Igreja_S%C3%A9.jpg?resize=700%2C400&ssl=1 2x, https:\/\/i0.wp.com\/correiodasemana.com\/site\/wp-content\/uploads\/2019\/07\/Igreja_S%C3%A9.jpg?resize=1050%2C600&ssl=1 3x, https:\/\/i0.wp.com\/correiodasemana.com\/site\/wp-content\/uploads\/2019\/07\/Igreja_S%C3%A9.jpg?resize=1400%2C800&ssl=1 4x"},"classes":[]},{"id":37814,"url":"https:\/\/correiodasemana.com\/site\/nao-a-minha-mas-a-tua-vontade\/","url_meta":{"origin":29525,"position":2},"title":"N\u00e3o a minha, mas a tua vontade","author":"adminredacao","date":"Mar\u00e7o 20, 2026","format":false,"excerpt":"A Comunidade Filhos de Si\u00e3o \u00e9 um carisma novo na Igreja. Possui um jeito pr\u00f3prio de ser, de estar no mundo, de rezar, de vestir-se e de viver. Temos uma identidade pr\u00f3pria. Quando sentimos o chamado para esse carisma, o Senhor se encarrega de imprimir em n\u00f3s essa identidade. O\u2026","rel":"","context":"In &quot;Filhos de Si\u00e3o&quot;","block_context":{"text":"Filhos de Si\u00e3o","link":"https:\/\/correiodasemana.com\/site\/category\/filhos-de-siao\/"},"img":{"alt_text":"","src":"https:\/\/i0.wp.com\/correiodasemana.com\/site\/wp-content\/uploads\/2020\/08\/Catedral-da-Se-N.-S.-da-Conceicao-Sobral-Ceara-scaled.jpg?resize=350%2C200&ssl=1","width":350,"height":200,"srcset":"https:\/\/i0.wp.com\/correiodasemana.com\/site\/wp-content\/uploads\/2020\/08\/Catedral-da-Se-N.-S.-da-Conceicao-Sobral-Ceara-scaled.jpg?resize=350%2C200&ssl=1 1x, https:\/\/i0.wp.com\/correiodasemana.com\/site\/wp-content\/uploads\/2020\/08\/Catedral-da-Se-N.-S.-da-Conceicao-Sobral-Ceara-scaled.jpg?resize=525%2C300&ssl=1 1.5x, https:\/\/i0.wp.com\/correiodasemana.com\/site\/wp-content\/uploads\/2020\/08\/Catedral-da-Se-N.-S.-da-Conceicao-Sobral-Ceara-scaled.jpg?resize=700%2C400&ssl=1 2x, https:\/\/i0.wp.com\/correiodasemana.com\/site\/wp-content\/uploads\/2020\/08\/Catedral-da-Se-N.-S.-da-Conceicao-Sobral-Ceara-scaled.jpg?resize=1050%2C600&ssl=1 3x, https:\/\/i0.wp.com\/correiodasemana.com\/site\/wp-content\/uploads\/2020\/08\/Catedral-da-Se-N.-S.-da-Conceicao-Sobral-Ceara-scaled.jpg?resize=1400%2C800&ssl=1 4x"},"classes":[]},{"id":27030,"url":"https:\/\/correiodasemana.com\/site\/filhos-de-siao-12\/","url_meta":{"origin":29525,"position":3},"title":"FILHOS DE SI\u00c3O","author":"adminredacao","date":"Outubro 23, 2023","format":false,"excerpt":"Encarnar o Carisma Filhos de Si\u00e3o Sabendo dessa realidade, \u00e9 preciso tomar posse do carisma. Ele \u00e9 uma pot\u00eancia, uma for\u00e7a que nos transforma, molda e deixa capacitado para toda boa obra - de eternidade, louvor e adora\u00e7\u00e3o. O Senhor te fez um separado e deu algo extraordin\u00e1rio: o dom\u2026","rel":"","context":"In &quot;Artigos&quot;","block_context":{"text":"Artigos","link":"https:\/\/correiodasemana.com\/site\/category\/artigos\/"},"img":{"alt_text":"","src":"https:\/\/i0.wp.com\/correiodasemana.com\/site\/wp-content\/uploads\/2018\/02\/Igreja_Se%CC%81.jpg?resize=350%2C200&ssl=1","width":350,"height":200,"srcset":"https:\/\/i0.wp.com\/correiodasemana.com\/site\/wp-content\/uploads\/2018\/02\/Igreja_Se%CC%81.jpg?resize=350%2C200&ssl=1 1x, https:\/\/i0.wp.com\/correiodasemana.com\/site\/wp-content\/uploads\/2018\/02\/Igreja_Se%CC%81.jpg?resize=525%2C300&ssl=1 1.5x, https:\/\/i0.wp.com\/correiodasemana.com\/site\/wp-content\/uploads\/2018\/02\/Igreja_Se%CC%81.jpg?resize=700%2C400&ssl=1 2x, https:\/\/i0.wp.com\/correiodasemana.com\/site\/wp-content\/uploads\/2018\/02\/Igreja_Se%CC%81.jpg?resize=1050%2C600&ssl=1 3x, https:\/\/i0.wp.com\/correiodasemana.com\/site\/wp-content\/uploads\/2018\/02\/Igreja_Se%CC%81.jpg?resize=1400%2C800&ssl=1 4x"},"classes":[]},{"id":37346,"url":"https:\/\/correiodasemana.com\/site\/nao-se-consagra-para-fazer-mas-para-ser\/","url_meta":{"origin":29525,"position":4},"title":"N\u00e3o se consagra para fazer, mas para ser","author":"adminredacao","date":"Fevereiro 11, 2026","format":false,"excerpt":"\u201cN\u00e3o h\u00e1 um s\u00f3 minuto da minha vida que eu queira voltar a viver segundo a minha pr\u00f3pria vontade. Andar conforme a minha vontade n\u00e3o deu certo; minha vida s\u00f3 se ordenou quando encontrei a vontade de Deus.\u201d Acima de tudo, a vontade de Deus. N\u00e3o sou escrava do mundo,\u2026","rel":"","context":"In &quot;Artigos&quot;","block_context":{"text":"Artigos","link":"https:\/\/correiodasemana.com\/site\/category\/artigos\/"},"img":{"alt_text":"","src":"https:\/\/i0.wp.com\/correiodasemana.com\/site\/wp-content\/uploads\/2019\/07\/Igreja_S%C3%A9.jpg?resize=350%2C200&ssl=1","width":350,"height":200,"srcset":"https:\/\/i0.wp.com\/correiodasemana.com\/site\/wp-content\/uploads\/2019\/07\/Igreja_S%C3%A9.jpg?resize=350%2C200&ssl=1 1x, https:\/\/i0.wp.com\/correiodasemana.com\/site\/wp-content\/uploads\/2019\/07\/Igreja_S%C3%A9.jpg?resize=525%2C300&ssl=1 1.5x, https:\/\/i0.wp.com\/correiodasemana.com\/site\/wp-content\/uploads\/2019\/07\/Igreja_S%C3%A9.jpg?resize=700%2C400&ssl=1 2x, https:\/\/i0.wp.com\/correiodasemana.com\/site\/wp-content\/uploads\/2019\/07\/Igreja_S%C3%A9.jpg?resize=1050%2C600&ssl=1 3x, https:\/\/i0.wp.com\/correiodasemana.com\/site\/wp-content\/uploads\/2019\/07\/Igreja_S%C3%A9.jpg?resize=1400%2C800&ssl=1 4x"},"classes":[]},{"id":33781,"url":"https:\/\/correiodasemana.com\/site\/comunidade-catolica-filhos-de-siao-9\/","url_meta":{"origin":29525,"position":5},"title":"COMUNIDADE CAT\u00d3LICA FILHOS DE SI\u00c3O","author":"adminredacao","date":"Maio 19, 2025","format":false,"excerpt":"Retiro Espiritual: \u201cA minha alma engrandece o Senhor, e meu esp\u00edrito exulta em Deus, meu Salvador.\u201d O Povo da Adora\u00e7\u00e3o e do Louvor Que alegria! Somos o povo do louvor, o povo da adora\u00e7\u00e3o. Isso \u00e9 para n\u00f3s motivo de j\u00fabilo:\u00a0\u201cO Senhor est\u00e1 contigo!\u201d (Lc1,28b) Assim, nossa adora\u00e7\u00e3o \u00e9, portanto,\u00a0\u201cuma\u2026","rel":"","context":"In &quot;Artigos&quot;","block_context":{"text":"Artigos","link":"https:\/\/correiodasemana.com\/site\/category\/artigos\/"},"img":{"alt_text":"","src":"https:\/\/i0.wp.com\/correiodasemana.com\/site\/wp-content\/uploads\/2019\/07\/Igreja_S%C3%A9.jpg?resize=350%2C200&ssl=1","width":350,"height":200,"srcset":"https:\/\/i0.wp.com\/correiodasemana.com\/site\/wp-content\/uploads\/2019\/07\/Igreja_S%C3%A9.jpg?resize=350%2C200&ssl=1 1x, https:\/\/i0.wp.com\/correiodasemana.com\/site\/wp-content\/uploads\/2019\/07\/Igreja_S%C3%A9.jpg?resize=525%2C300&ssl=1 1.5x, https:\/\/i0.wp.com\/correiodasemana.com\/site\/wp-content\/uploads\/2019\/07\/Igreja_S%C3%A9.jpg?resize=700%2C400&ssl=1 2x, https:\/\/i0.wp.com\/correiodasemana.com\/site\/wp-content\/uploads\/2019\/07\/Igreja_S%C3%A9.jpg?resize=1050%2C600&ssl=1 3x, https:\/\/i0.wp.com\/correiodasemana.com\/site\/wp-content\/uploads\/2019\/07\/Igreja_S%C3%A9.jpg?resize=1400%2C800&ssl=1 4x"},"classes":[]}],"jetpack_sharing_enabled":true,"_links":{"self":[{"href":"https:\/\/correiodasemana.com\/site\/wp-json\/wp\/v2\/posts\/29525","targetHints":{"allow":["GET"]}}],"collection":[{"href":"https:\/\/correiodasemana.com\/site\/wp-json\/wp\/v2\/posts"}],"about":[{"href":"https:\/\/correiodasemana.com\/site\/wp-json\/wp\/v2\/types\/post"}],"author":[{"embeddable":true,"href":"https:\/\/correiodasemana.com\/site\/wp-json\/wp\/v2\/users\/7"}],"replies":[{"embeddable":true,"href":"https:\/\/correiodasemana.com\/site\/wp-json\/wp\/v2\/comments?post=29525"}],"version-history":[{"count":1,"href":"https:\/\/correiodasemana.com\/site\/wp-json\/wp\/v2\/posts\/29525\/revisions"}],"predecessor-version":[{"id":29526,"href":"https:\/\/correiodasemana.com\/site\/wp-json\/wp\/v2\/posts\/29525\/revisions\/29526"}],"wp:featuredmedia":[{"embeddable":true,"href":"https:\/\/correiodasemana.com\/site\/wp-json\/wp\/v2\/media\/58"}],"wp:attachment":[{"href":"https:\/\/correiodasemana.com\/site\/wp-json\/wp\/v2\/media?parent=29525"}],"wp:term":[{"taxonomy":"category","embeddable":true,"href":"https:\/\/correiodasemana.com\/site\/wp-json\/wp\/v2\/categories?post=29525"},{"taxonomy":"post_tag","embeddable":true,"href":"https:\/\/correiodasemana.com\/site\/wp-json\/wp\/v2\/tags?post=29525"}],"curies":[{"name":"wp","href":"https:\/\/api.w.org\/{rel}","templated":true}]}}