{"id":29547,"date":"2024-06-10T14:54:49","date_gmt":"2024-06-10T17:54:49","guid":{"rendered":"https:\/\/correiodasemana.com\/site\/?p=29547"},"modified":"2024-06-10T14:54:49","modified_gmt":"2024-06-10T17:54:49","slug":"semana-verde-hrn-promove-programacao-em-alusao-ao-dia-mundial-do-meio-ambiente","status":"publish","type":"post","link":"https:\/\/correiodasemana.com\/site\/semana-verde-hrn-promove-programacao-em-alusao-ao-dia-mundial-do-meio-ambiente\/","title":{"rendered":"Semana Verde: HRN promove programa\u00e7\u00e3o em alus\u00e3o ao Dia Mundial do Meio Ambiente"},"content":{"rendered":"<div id='gallery-1' class='gallery galleryid-29547 gallery-columns-6 gallery-size-thumbnail'><figure class='gallery-item'>\n\t\t\t<div class='gallery-icon landscape'>\n\t\t\t\t<a href='https:\/\/correiodasemana.com\/site\/semana-verde-hrn-promove-programacao-em-alusao-ao-dia-mundial-do-meio-ambiente\/arvores-1\/'><img loading=\"lazy\" width=\"150\" height=\"150\" src=\"https:\/\/correiodasemana.com\/site\/wp-content\/uploads\/2024\/06\/Arvores-1-150x150.jpg\" class=\"attachment-thumbnail size-thumbnail\" alt=\"\u00c1rvores (1)\" loading=\"lazy\" decoding=\"async\" \/><\/a>\n\t\t\t<\/div><\/figure><figure class='gallery-item'>\n\t\t\t<div class='gallery-icon landscape'>\n\t\t\t\t<a href='https:\/\/correiodasemana.com\/site\/semana-verde-hrn-promove-programacao-em-alusao-ao-dia-mundial-do-meio-ambiente\/fotos-3\/'><img loading=\"lazy\" width=\"150\" height=\"150\" src=\"https:\/\/correiodasemana.com\/site\/wp-content\/uploads\/2024\/06\/fotos-3-150x150.jpg\" class=\"attachment-thumbnail size-thumbnail\" alt=\"fotos 3\" loading=\"lazy\" decoding=\"async\" \/><\/a>\n\t\t\t<\/div><\/figure><figure class='gallery-item'>\n\t\t\t<div class='gallery-icon landscape'>\n\t\t\t\t<a href='https:\/\/correiodasemana.com\/site\/semana-verde-hrn-promove-programacao-em-alusao-ao-dia-mundial-do-meio-ambiente\/plantar\/'><img loading=\"lazy\" width=\"150\" height=\"150\" src=\"https:\/\/correiodasemana.com\/site\/wp-content\/uploads\/2024\/06\/plantar-150x150.jpg\" class=\"attachment-thumbnail size-thumbnail\" alt=\"plantar\" loading=\"lazy\" decoding=\"async\" \/><\/a>\n\t\t\t<\/div><\/figure>\n\t\t<\/div>\n\n<p>Com foco em sustentabilidade e responsabilidade socioambiental, o Hospital Regional Norte (HRN), unidade da Secretaria da Sa\u00fade (Sesa), administrada pelo Instituto de Sa\u00fade e Gest\u00e3o Hospitalar (ISGH), em Sobral, est\u00e1 realizando a Semana Verde em alus\u00e3o ao Dia Mundial do Meio Ambiente, celebrado dia 5 de junho. As atividades visam refor\u00e7ar a sustentabilidade como um dos valores do hospital. Na ter\u00e7a-feira (4), foram plantadas cerca de 50 mudas de \u00e1rvores da flora local, dando in\u00edcio ao projeto de arboriza\u00e7\u00e3o da unidade. A atividade envolveu colaboradores de diversos setores da unidade, comunidade acad\u00eamica e sociedade civil.<br \/>\nA escolha das esp\u00e9cies a serem plantadas no HRN foi feita em um estudo em parceria com a Ag\u00eancia Municipal do Meio Ambiente (AMA) de Sobral. Foi definida a planta\u00e7\u00e3o de aceroleiras, peregrinas e catingueiras, plantas da flora local bem adaptadas ao clima e ao tipo de terreno. \u201cAs \u00e1rvores dessa \u00e1rea precisam ter ra\u00edzes rasas e ser de pequeno ou m\u00e9dio porte. Al\u00e9m disso, precisamos fazer podas frequentes para que n\u00e3o cres\u00e7am demais e estejam adequadas \u00e0 estrutura do hospital\u201d, explica o jardineiro do HRN, Aldo Cruz.<br \/>\nO projeto tamb\u00e9m teve a parceria do curso de saneamento ambiental do Instituto Federal de Educa\u00e7\u00e3o Ci\u00eancia e Tecnologia do Cear\u00e1 (IFCE) e do projeto Pensando Verde do curso de ci\u00eancias biol\u00f3gicas da Universidade Estadual Vale do Acara\u00fa (UVA). O diretor geral do HRN, Carlos Hilton Albuquerque Soares, ressaltou a iniciativa e disse que a planta\u00e7\u00e3o de novas \u00e1rvores no hospital ser\u00e1 tamb\u00e9m uma \u201calternativa terap\u00eautica\u201d para os pacientes e para os cuidadores. \u201cAl\u00e9m dos tratamentos conduzidos pelas equipes m\u00e9dica e multiprofissional, estamos criando alternativas terap\u00eauticas como o uso da m\u00fasica, da arte e a arboriza\u00e7\u00e3o para criar ambientes de cuidado e aten\u00e7\u00e3o para nossos pacientes\u201d, refor\u00e7a.<br \/>\nA enfermeira e coordenadora do Centro de Estudos do HRN, Ana Egliny Cavalcante, destacou a import\u00e2ncia da participa\u00e7\u00e3o dos trabalhadores do HRN na iniciativa de arboriza\u00e7\u00e3o. \u201c\u00c9 emocionante porque deixando uma \u00e1rvore plantada, imprimimos tamb\u00e9m a marca de cada um de n\u00f3s no HRN. Al\u00e9m disso, a quest\u00e3o da sustentabilidade \u00e9 muito importante de ser trabalhada, em especial em um hospital como o HRN que \u00e9 100% SUS\u201d.<\/p>\n<p><strong>Programa\u00e7\u00e3o<\/strong><br \/>\nAl\u00e9m do plantio de mudas, a Semana Verde tem uma ampla programa\u00e7\u00e3o com a\u00e7\u00f5es educativas voltadas \u00e0 educa\u00e7\u00e3o ambiental e \u00e0 conscientiza\u00e7\u00e3o dos p\u00fablicos de interesse do hospital: trabalhadores, acompanhantes, visitantes e pacientes. \u201cNosso objetivo \u00e9 trazer a tem\u00e1tica da sustentabilidade para a rotina dos nossos p\u00fablicos\u201d, garante a vice-presidente da Comiss\u00e3o de Gerenciamento de Res\u00edduos de Servi\u00e7os de Sa\u00fade (CGRSS) do HRN , Giovanna Randal.<br \/>\nA primeira atividade teve in\u00edcio na segunda-feira (3) com a entrega de mudas de cactos para os funcion\u00e1rios no momento da chegada. \u201cO cacto representa a flora local, bem como toda a resili\u00eancia da planta\u201d, explica Randal.<br \/>\nA programa\u00e7\u00e3o contou ainda com a exposi\u00e7\u00e3o de um banner interativo que aborda como o res\u00edduo s\u00f3lido e o res\u00edduo org\u00e2nico se comportam nos servi\u00e7os de sa\u00fade. J\u00e1 nesta quarta-feira (5), ocorreu uma palestra educativa sobre o fluxo da \u00e1gua com o diretor de engenharia do Servi\u00e7o Aut\u00f4nomo de \u00c1gua e Esgoto de Sobral (SAAE), Kemmison Luiz. Tamb\u00e9m participou do momento, o diretor-presidente do Saae de Sobral, Gustavo Weyne.<\/p>\n","protected":false},"excerpt":{"rendered":"<p>Com foco em sustentabilidade e responsabilidade socioambiental, o Hospital Regional Norte (HRN), unidade da Secretaria&#8230;<\/p>\n","protected":false},"author":7,"featured_media":29548,"comment_status":"open","ping_status":"open","sticky":false,"template":"","format":"standard","meta":{"_jetpack_memberships_contains_paid_content":false,"footnotes":"","jetpack_publicize_message":"","jetpack_publicize_feature_enabled":true,"jetpack_social_post_already_shared":true,"jetpack_social_options":{"image_generator_settings":{"template":"highway","default_image_id":0,"font":"","enabled":false},"version":2}},"categories":[1],"tags":[],"class_list":["post-29547","post","type-post","status-publish","format-standard","has-post-thumbnail","hentry","category-atualidade"],"jetpack_publicize_connections":[],"jetpack_featured_media_url":"https:\/\/correiodasemana.com\/site\/wp-content\/uploads\/2024\/06\/Arvores-1-scaled.jpg","jetpack-related-posts":[{"id":12488,"url":"https:\/\/correiodasemana.com\/site\/hrn-promove-mamaco-virtual-durante-semana-mundial-de-amamentacao\/","url_meta":{"origin":29547,"position":0},"title":"HRN promove \u201cmama\u00e7o virtual\u201d durante Semana Mundial de Amamenta\u00e7\u00e3o","author":"","date":"Agosto 4, 2020","format":false,"excerpt":"O Hospital Regional Norte (HRN), da rede p\u00fablica da Secretaria da Sa\u00fade do Cear\u00e1 (Sesa), do Governo do Estado, administrado pelo Instituto de Sa\u00fade e Gest\u00e3o Hospitalar (ISGH) preparou uma programa\u00e7\u00e3o especial em alus\u00e3o ao Agosto Dourado, campanha voltada \u00e0 promo\u00e7\u00e3o, prote\u00e7\u00e3o e apoio ao aleitamento materno. Um \u201cmama\u00e7o virtual\u201d\u2026","rel":"","context":"In &quot;Atualidade&quot;","block_context":{"text":"Atualidade","link":"https:\/\/correiodasemana.com\/site\/category\/atualidade\/"},"img":{"alt_text":"","src":"https:\/\/i0.wp.com\/correiodasemana.com\/site\/wp-content\/uploads\/2020\/08\/foto-scaled.jpg?resize=350%2C200&ssl=1","width":350,"height":200,"srcset":"https:\/\/i0.wp.com\/correiodasemana.com\/site\/wp-content\/uploads\/2020\/08\/foto-scaled.jpg?resize=350%2C200&ssl=1 1x, https:\/\/i0.wp.com\/correiodasemana.com\/site\/wp-content\/uploads\/2020\/08\/foto-scaled.jpg?resize=525%2C300&ssl=1 1.5x, https:\/\/i0.wp.com\/correiodasemana.com\/site\/wp-content\/uploads\/2020\/08\/foto-scaled.jpg?resize=700%2C400&ssl=1 2x, https:\/\/i0.wp.com\/correiodasemana.com\/site\/wp-content\/uploads\/2020\/08\/foto-scaled.jpg?resize=1050%2C600&ssl=1 3x, https:\/\/i0.wp.com\/correiodasemana.com\/site\/wp-content\/uploads\/2020\/08\/foto-scaled.jpg?resize=1400%2C800&ssl=1 4x"},"classes":[]},{"id":12546,"url":"https:\/\/correiodasemana.com\/site\/hrn-promove-mamaco-virtual-durante-semana-mundial-de-amamentacao-2\/","url_meta":{"origin":29547,"position":1},"title":"HRN promove \u201cmama\u00e7o virtual\u201d durante Semana Mundial de Amamenta\u00e7\u00e3o","author":"","date":"Agosto 9, 2020","format":false,"excerpt":"O Hospital Regional Norte (HRN), da rede p\u00fablica da Secretaria da Sa\u00fade do Cear\u00e1 (Sesa), do Governo do Estado, administrado pelo Instituto de Sa\u00fade e Gest\u00e3o Hospitalar (ISGH) preparou uma programa\u00e7\u00e3o especial em alus\u00e3o ao Agosto Dourado, campanha voltada \u00e0 promo\u00e7\u00e3o, prote\u00e7\u00e3o e apoio ao aleitamento materno. Um \u201cmama\u00e7o virtual\u201d\u2026","rel":"","context":"In &quot;Atualidade&quot;","block_context":{"text":"Atualidade","link":"https:\/\/correiodasemana.com\/site\/category\/atualidade\/"},"img":{"alt_text":"","src":"https:\/\/i0.wp.com\/correiodasemana.com\/site\/wp-content\/uploads\/2020\/08\/foto-3-scaled.jpg?resize=350%2C200&ssl=1","width":350,"height":200,"srcset":"https:\/\/i0.wp.com\/correiodasemana.com\/site\/wp-content\/uploads\/2020\/08\/foto-3-scaled.jpg?resize=350%2C200&ssl=1 1x, https:\/\/i0.wp.com\/correiodasemana.com\/site\/wp-content\/uploads\/2020\/08\/foto-3-scaled.jpg?resize=525%2C300&ssl=1 1.5x, https:\/\/i0.wp.com\/correiodasemana.com\/site\/wp-content\/uploads\/2020\/08\/foto-3-scaled.jpg?resize=700%2C400&ssl=1 2x, https:\/\/i0.wp.com\/correiodasemana.com\/site\/wp-content\/uploads\/2020\/08\/foto-3-scaled.jpg?resize=1050%2C600&ssl=1 3x, https:\/\/i0.wp.com\/correiodasemana.com\/site\/wp-content\/uploads\/2020\/08\/foto-3-scaled.jpg?resize=1400%2C800&ssl=1 4x"},"classes":[]},{"id":15911,"url":"https:\/\/correiodasemana.com\/site\/com-dez-novos-leitos-hrn-soma-100-unidades-de-enfermaria-e-de-uti-para-covid-19\/","url_meta":{"origin":29547,"position":2},"title":"Com dez novos leitos, HRN soma 100 unidades de enfermaria e de UTI para Covid-19","author":"","date":"Mar\u00e7o 8, 2021","format":false,"excerpt":"Em meio ao avan\u00e7o de casos de Covid-19 na regi\u00e3o Norte do Cear\u00e1, o Hospital Regional Norte (HRN), unidade da Secretaria de Sa\u00fade da Estado (Sesa), vem ampliando os leitos de enfermaria e de Unidade de Terapia Intensiva (UTI\u2019s) exclusivos para atendimento a pacientes Covid. Nesta semana, foram disponibilizados mais\u2026","rel":"","context":"In &quot;Atualidade&quot;","block_context":{"text":"Atualidade","link":"https:\/\/correiodasemana.com\/site\/category\/atualidade\/"},"img":{"alt_text":"","src":"https:\/\/i0.wp.com\/correiodasemana.com\/site\/wp-content\/uploads\/2021\/03\/image-40-768x481-1.png?resize=350%2C200&ssl=1","width":350,"height":200,"srcset":"https:\/\/i0.wp.com\/correiodasemana.com\/site\/wp-content\/uploads\/2021\/03\/image-40-768x481-1.png?resize=350%2C200&ssl=1 1x, https:\/\/i0.wp.com\/correiodasemana.com\/site\/wp-content\/uploads\/2021\/03\/image-40-768x481-1.png?resize=525%2C300&ssl=1 1.5x, https:\/\/i0.wp.com\/correiodasemana.com\/site\/wp-content\/uploads\/2021\/03\/image-40-768x481-1.png?resize=700%2C400&ssl=1 2x"},"classes":[]},{"id":31043,"url":"https:\/\/correiodasemana.com\/site\/hospital-regional-norte-mantem-titulo-de-excelencia-da-organizacao-nacional-de-acreditacao-pelo-sexto-ano\/","url_meta":{"origin":29547,"position":3},"title":"Hospital Regional Norte mant\u00e9m t\u00edtulo de excel\u00eancia da Organiza\u00e7\u00e3o Nacional de Acredita\u00e7\u00e3o pelo sexto ano","author":"adminredacao","date":"Outubro 21, 2024","format":false,"excerpt":"Qualidade e seguran\u00e7a do paciente, excel\u00eancia em gest\u00e3o integrada e melhoria cont\u00ednua. Os requisitos, necess\u00e1rios para certificar com excel\u00eancia unidades de sa\u00fade no Brasil, s\u00e3o definidos a partir de padr\u00f5es pr\u00e9-estabelecidos pela Organiza\u00e7\u00e3o Nacional de Acredita\u00e7\u00e3o (ONA). Uma das institui\u00e7\u00f5es certificadas \u00e9 o Hospital Regional Norte (HRN), unidade da Secretaria\u2026","rel":"","context":"In &quot;Atualidade&quot;","block_context":{"text":"Atualidade","link":"https:\/\/correiodasemana.com\/site\/category\/atualidade\/"},"img":{"alt_text":"","src":"https:\/\/i0.wp.com\/correiodasemana.com\/site\/wp-content\/uploads\/2024\/10\/Visita-acreditacao-2.jpeg?resize=350%2C200&ssl=1","width":350,"height":200,"srcset":"https:\/\/i0.wp.com\/correiodasemana.com\/site\/wp-content\/uploads\/2024\/10\/Visita-acreditacao-2.jpeg?resize=350%2C200&ssl=1 1x, https:\/\/i0.wp.com\/correiodasemana.com\/site\/wp-content\/uploads\/2024\/10\/Visita-acreditacao-2.jpeg?resize=525%2C300&ssl=1 1.5x, https:\/\/i0.wp.com\/correiodasemana.com\/site\/wp-content\/uploads\/2024\/10\/Visita-acreditacao-2.jpeg?resize=700%2C400&ssl=1 2x, https:\/\/i0.wp.com\/correiodasemana.com\/site\/wp-content\/uploads\/2024\/10\/Visita-acreditacao-2.jpeg?resize=1050%2C600&ssl=1 3x"},"classes":[]},{"id":37152,"url":"https:\/\/correiodasemana.com\/site\/hospital-regional-norte-acumula-mais-de-650-mil-atendimentos-de-urgencia-e-emergencia-em-13-anos-de-funcionamento\/","url_meta":{"origin":29547,"position":4},"title":"Hospital Regional Norte acumula mais de 650 mil atendimentos de urg\u00eancia e emerg\u00eancia em 13 anos de funcionamento","author":"adminredacao","date":"Fevereiro 5, 2026","format":false,"excerpt":"Por Thais Menezes Pereira Rodrigues O Hospital Regional Norte (HRN), unidade da Secretaria da Sa\u00fade do Cear\u00e1 (Sesa) em Sobral, somou 659.799 atendimentos de emerg\u00eancias e urg\u00eancias entre 2013 e 2026. O equipamento completou 13 anos de funcionamento neste m\u00eas de janeiro. Ele \u00e9 o maior hospital em \u00e1rea do\u2026","rel":"","context":"In &quot;Atualidade&quot;","block_context":{"text":"Atualidade","link":"https:\/\/correiodasemana.com\/site\/category\/atualidade\/"},"img":{"alt_text":"","src":"https:\/\/i0.wp.com\/correiodasemana.com\/site\/wp-content\/uploads\/2026\/02\/Foto-3-HRN-768x576-1.jpeg?resize=350%2C200&ssl=1","width":350,"height":200,"srcset":"https:\/\/i0.wp.com\/correiodasemana.com\/site\/wp-content\/uploads\/2026\/02\/Foto-3-HRN-768x576-1.jpeg?resize=350%2C200&ssl=1 1x, https:\/\/i0.wp.com\/correiodasemana.com\/site\/wp-content\/uploads\/2026\/02\/Foto-3-HRN-768x576-1.jpeg?resize=525%2C300&ssl=1 1.5x, https:\/\/i0.wp.com\/correiodasemana.com\/site\/wp-content\/uploads\/2026\/02\/Foto-3-HRN-768x576-1.jpeg?resize=700%2C400&ssl=1 2x"},"classes":[]},{"id":31180,"url":"https:\/\/correiodasemana.com\/site\/hospital-regional-norte-realiza-acoes-de-conscientizacao-sobre-o-avc\/","url_meta":{"origin":29547,"position":5},"title":"Hospital Regional Norte realiza a\u00e7\u00f5es de conscientiza\u00e7\u00e3o sobre o AVC","author":"adminredacao","date":"Novembro 3, 2024","format":false,"excerpt":"O servi\u00e7o de AVC do Hospital Regional Norte (HRN), em Sobral, unidade da Secretaria da Sa\u00fade do Cear\u00e1, administrada pelo Instituto de Sa\u00fade e Gest\u00e3o Hospitalar (ISGH), em Sobral, realiza a\u00e7\u00f5es de conscientiza\u00e7\u00e3o e combate ao AVC com exposi\u00e7\u00e3o de stands em locais p\u00fablicos da cidade de Sobral. Al\u00e9m da\u2026","rel":"","context":"In &quot;Atualidade&quot;","block_context":{"text":"Atualidade","link":"https:\/\/correiodasemana.com\/site\/category\/atualidade\/"},"img":{"alt_text":"","src":"https:\/\/i0.wp.com\/correiodasemana.com\/site\/wp-content\/uploads\/2024\/11\/Diretor-HRN-3-1-scaled.jpg?resize=350%2C200&ssl=1","width":350,"height":200,"srcset":"https:\/\/i0.wp.com\/correiodasemana.com\/site\/wp-content\/uploads\/2024\/11\/Diretor-HRN-3-1-scaled.jpg?resize=350%2C200&ssl=1 1x, https:\/\/i0.wp.com\/correiodasemana.com\/site\/wp-content\/uploads\/2024\/11\/Diretor-HRN-3-1-scaled.jpg?resize=525%2C300&ssl=1 1.5x, https:\/\/i0.wp.com\/correiodasemana.com\/site\/wp-content\/uploads\/2024\/11\/Diretor-HRN-3-1-scaled.jpg?resize=700%2C400&ssl=1 2x, https:\/\/i0.wp.com\/correiodasemana.com\/site\/wp-content\/uploads\/2024\/11\/Diretor-HRN-3-1-scaled.jpg?resize=1050%2C600&ssl=1 3x, https:\/\/i0.wp.com\/correiodasemana.com\/site\/wp-content\/uploads\/2024\/11\/Diretor-HRN-3-1-scaled.jpg?resize=1400%2C800&ssl=1 4x"},"classes":[]}],"jetpack_sharing_enabled":true,"_links":{"self":[{"href":"https:\/\/correiodasemana.com\/site\/wp-json\/wp\/v2\/posts\/29547","targetHints":{"allow":["GET"]}}],"collection":[{"href":"https:\/\/correiodasemana.com\/site\/wp-json\/wp\/v2\/posts"}],"about":[{"href":"https:\/\/correiodasemana.com\/site\/wp-json\/wp\/v2\/types\/post"}],"author":[{"embeddable":true,"href":"https:\/\/correiodasemana.com\/site\/wp-json\/wp\/v2\/users\/7"}],"replies":[{"embeddable":true,"href":"https:\/\/correiodasemana.com\/site\/wp-json\/wp\/v2\/comments?post=29547"}],"version-history":[{"count":1,"href":"https:\/\/correiodasemana.com\/site\/wp-json\/wp\/v2\/posts\/29547\/revisions"}],"predecessor-version":[{"id":29551,"href":"https:\/\/correiodasemana.com\/site\/wp-json\/wp\/v2\/posts\/29547\/revisions\/29551"}],"wp:featuredmedia":[{"embeddable":true,"href":"https:\/\/correiodasemana.com\/site\/wp-json\/wp\/v2\/media\/29548"}],"wp:attachment":[{"href":"https:\/\/correiodasemana.com\/site\/wp-json\/wp\/v2\/media?parent=29547"}],"wp:term":[{"taxonomy":"category","embeddable":true,"href":"https:\/\/correiodasemana.com\/site\/wp-json\/wp\/v2\/categories?post=29547"},{"taxonomy":"post_tag","embeddable":true,"href":"https:\/\/correiodasemana.com\/site\/wp-json\/wp\/v2\/tags?post=29547"}],"curies":[{"name":"wp","href":"https:\/\/api.w.org\/{rel}","templated":true}]}}