{"id":29577,"date":"2024-06-10T15:00:48","date_gmt":"2024-06-10T18:00:48","guid":{"rendered":"https:\/\/correiodasemana.com\/site\/?p=29577"},"modified":"2024-06-10T15:00:48","modified_gmt":"2024-06-10T18:00:48","slug":"becco-ponto-com-170","status":"publish","type":"post","link":"https:\/\/correiodasemana.com\/site\/becco-ponto-com-170\/","title":{"rendered":"BECCO PONTO.COM"},"content":{"rendered":"<p>LIVRAI-NOS, SENHOR!<br \/>\nDa viol\u00eancia nos bairros e distritos, ui!<br \/>\nDa guerra pol\u00edtica entre \u201cgoverno e bandidos\u201d.<br \/>\nDas futricas nos r\u00e1dios da cidade, ufa!<br \/>\nDa log\u00edstica no festival da Meruoca.<br \/>\nDo Becco com bancos de agiotagem.<br \/>\nDas pesquisas fajutas \u201cvia pt capital\u201d.<br \/>\nDa santa maioria anunciada via fg\u2019s.<br \/>\nDo milh\u00e3o para eleger um vereador.<br \/>\nDo cano do saae virando taxa de lixo.<br \/>\nDos puxa-sacos na pista para elei\u00e7\u00e3o.<\/p>\n<p>NOTICIANDO<br \/>\nO digno empres\u00e1rio, Fl\u00e1vio do Flanas, ir\u00e1 receber por m\u00e9ritos, o \u201cT\u00edtulo de Cidadania de Sobral\u201d requerido pelo vereador Aleandro Linhares e com indica\u00e7\u00e3o do seu funcion\u00e1rio Irm\u00e3o Oliveira, brevemente no Plen\u00e1rio 05 de Julho em grande estilo na cidade princesa.<br \/>\nA Ponte Estaiada a ser inaugurada no dia 12 de junho receber\u00e1, por m\u00e9ritos, o nome do grande sobralense e jurista Desembargador Mart\u00f4nio Vasconcelos (in memoriam). A obra \u00e9 importante para cidade e marcar\u00e1 hist\u00f3ria na vida urban\u00edstica de nossa princesa.<br \/>\nVem a\u00ed em outubro, a entrega do Trof\u00e9u Becco do Cotovelo, no Caf\u00e9 Jaibaras, com a presen\u00e7a dos amigos e o homenageados da festa: Dr. Cid Gomes que receber\u00e1 no \u201cDia do Becco\u201d esta homenagem justa em momento festivo na cidade de Dom Jos\u00e9.<br \/>\nFoi sucesso total a realiza\u00e7\u00e3o de mais uma vez do Festival de Inverno da Meruoca com p\u00fablico digno de registro. Os artistas que atuam na m\u00fasica da zona Norte fizeram seu show \u00e0 parte e marcaram tal festa musical.<br \/>\nOs amigos da mesa, um do nosso Becco do Cotovelo est\u00e3o recebendo mimos deste caro amigo todas as semanas. S\u00e3o miniaturas de carros el\u00e9tricos para lembrarem a amizade dos frequentadores dos ass\u00edduos do Becco. S\u00e3o eles: Rui Silva, Assis Muniz, Vicente Rocha, Expedito Vasconcelos, Marcildo Brito e este escriba Aguiarzinho, o mais novo convidado deste grupo.<\/p>\n<p>PERFIL: INSPETOR MOTA DINIZ<\/p>\n<div id='gallery-1' class='gallery galleryid-29577 gallery-columns-6 gallery-size-thumbnail'><figure class='gallery-item'>\n\t\t\t<div class='gallery-icon landscape'>\n\t\t\t\t<a href='https:\/\/correiodasemana.com\/site\/becco-ponto-com-170\/inspetor-mota-diniz\/'><img loading=\"lazy\" width=\"150\" height=\"150\" src=\"https:\/\/correiodasemana.com\/site\/wp-content\/uploads\/2024\/06\/Inspetor-Mota-Diniz-150x150.jpg\" class=\"attachment-thumbnail size-thumbnail\" alt=\"Inspetor Mota Diniz\" srcset=\"https:\/\/correiodasemana.com\/site\/wp-content\/uploads\/2024\/06\/Inspetor-Mota-Diniz-150x150.jpg 150w, https:\/\/correiodasemana.com\/site\/wp-content\/uploads\/2024\/06\/Inspetor-Mota-Diniz-300x300.jpg 300w, https:\/\/correiodasemana.com\/site\/wp-content\/uploads\/2024\/06\/Inspetor-Mota-Diniz-1024x1024.jpg 1024w, https:\/\/correiodasemana.com\/site\/wp-content\/uploads\/2024\/06\/Inspetor-Mota-Diniz-768x768.jpg 768w, https:\/\/correiodasemana.com\/site\/wp-content\/uploads\/2024\/06\/Inspetor-Mota-Diniz.jpg 1440w\" sizes=\"auto, (max-width: 150px) 100vw, 150px\" loading=\"lazy\" decoding=\"async\" \/><\/a>\n\t\t\t<\/div><\/figure>\n\t\t<\/div>\n\n<p>Um cidad\u00e3o com todas as letras, digno funcion\u00e1rio p\u00fablico federal e amigo do Becco, h\u00e1 anos. Falo do Inspetor Mota Muniz, que hoje, por m\u00e9ritos, engalana nossa coluna.<\/p>\n<p>LIVRE PENSAR:<br \/>\n\u201cO idoso \u00e9 um jovem vivo do passado que convive com o presente\u201d. (Poeta Chico Prado).<\/p>\n","protected":false},"excerpt":{"rendered":"<p>LIVRAI-NOS, SENHOR! Da viol\u00eancia nos bairros e distritos, ui! Da guerra pol\u00edtica entre \u201cgoverno e&#8230;<\/p>\n","protected":false},"author":7,"featured_media":17437,"comment_status":"open","ping_status":"open","sticky":false,"template":"","format":"standard","meta":{"_jetpack_memberships_contains_paid_content":false,"footnotes":"","jetpack_publicize_message":"","jetpack_publicize_feature_enabled":true,"jetpack_social_post_already_shared":true,"jetpack_social_options":{"image_generator_settings":{"template":"highway","default_image_id":0,"font":"","enabled":false},"version":2}},"categories":[11,27],"tags":[],"class_list":["post-29577","post","type-post","status-publish","format-standard","has-post-thumbnail","hentry","category-artigos","category-becco-ponto-com"],"jetpack_publicize_connections":[],"jetpack_featured_media_url":"https:\/\/correiodasemana.com\/site\/wp-content\/uploads\/2021\/09\/Dr-Chico-Prado-Trofeu-Dom-Jose-1.jpg","jetpack-related-posts":[{"id":20747,"url":"https:\/\/correiodasemana.com\/site\/becco-ponto-com-96\/","url_meta":{"origin":29577,"position":0},"title":"Becco ponto Com","author":"","date":"Agosto 21, 2022","format":false,"excerpt":"Livrai-nos, senhor! do bate boca na C\u00e2mara dos Vereadores. da ira dos candidatos no presente pleito. Das consultas mata e morre via sus, aqui. Da agiotagem na corrida pelo voto 2022. Do lixo cultural e musical via pisadinhas. Das novelas do dia a dia na \u2018rede bobos\u2019. Das dondocas vendendo\u2026","rel":"","context":"In &quot;Artigos&quot;","block_context":{"text":"Artigos","link":"https:\/\/correiodasemana.com\/site\/category\/artigos\/"},"img":{"alt_text":"","src":"https:\/\/i0.wp.com\/correiodasemana.com\/site\/wp-content\/uploads\/2021\/09\/Dr-Chico-Prado-Trofeu-Dom-Jose-1-1.jpg?resize=350%2C200&ssl=1","width":350,"height":200,"srcset":"https:\/\/i0.wp.com\/correiodasemana.com\/site\/wp-content\/uploads\/2021\/09\/Dr-Chico-Prado-Trofeu-Dom-Jose-1-1.jpg?resize=350%2C200&ssl=1 1x, https:\/\/i0.wp.com\/correiodasemana.com\/site\/wp-content\/uploads\/2021\/09\/Dr-Chico-Prado-Trofeu-Dom-Jose-1-1.jpg?resize=525%2C300&ssl=1 1.5x, https:\/\/i0.wp.com\/correiodasemana.com\/site\/wp-content\/uploads\/2021\/09\/Dr-Chico-Prado-Trofeu-Dom-Jose-1-1.jpg?resize=700%2C400&ssl=1 2x"},"classes":[]},{"id":19913,"url":"https:\/\/correiodasemana.com\/site\/becco-ponto-com-86\/","url_meta":{"origin":29577,"position":1},"title":"Becco ponto Com","author":"","date":"Maio 30, 2022","format":false,"excerpt":"LIVRAI-NOS, SENHOR! Da \u2018Var\u00edola dos Macacos\u2019. Ufa, sa\u00fade! Da debandada do pt aos f.g.s. fui... Da viol\u00eancia matamata no Cear\u00e1. Da gula por impostos por aqui, ufa! Do lixo global pisadinhas via \u2018Anita\u2019. Dos ensinos via internet faz bobos. Da bandalheira do voto via elei\u00e7\u00f5es. Dos puxasacos invadindo os votos.\u2026","rel":"","context":"In &quot;Artigos&quot;","block_context":{"text":"Artigos","link":"https:\/\/correiodasemana.com\/site\/category\/artigos\/"},"img":{"alt_text":"","src":"https:\/\/i0.wp.com\/correiodasemana.com\/site\/wp-content\/uploads\/2021\/09\/Dr-Chico-Prado-Trofeu-Dom-Jose-1-1.jpg?resize=350%2C200&ssl=1","width":350,"height":200,"srcset":"https:\/\/i0.wp.com\/correiodasemana.com\/site\/wp-content\/uploads\/2021\/09\/Dr-Chico-Prado-Trofeu-Dom-Jose-1-1.jpg?resize=350%2C200&ssl=1 1x, https:\/\/i0.wp.com\/correiodasemana.com\/site\/wp-content\/uploads\/2021\/09\/Dr-Chico-Prado-Trofeu-Dom-Jose-1-1.jpg?resize=525%2C300&ssl=1 1.5x, https:\/\/i0.wp.com\/correiodasemana.com\/site\/wp-content\/uploads\/2021\/09\/Dr-Chico-Prado-Trofeu-Dom-Jose-1-1.jpg?resize=700%2C400&ssl=1 2x"},"classes":[]},{"id":37925,"url":"https:\/\/correiodasemana.com\/site\/becco-ponto-com-254\/","url_meta":{"origin":29577,"position":2},"title":"Becco ponto Com","author":"adminredacao","date":"Abril 11, 2026","format":false,"excerpt":"LIVRAI-NOS, SENHOR! Dos conselheiros pol\u00edticos t\u00e3o corruptos. Do cano J\u00fanior Mano no Camilo, via cid, ufa! Das briguinhas de coron\u00e9is da pol\u00edtica do Cear\u00e1. Da ruma de vacaros (cover) soltos na pol\u00edtica nossa. Das briguinhas de araque Ciro x Cid ao Aboli\u00e7\u00e3o. Das faculdades produzindo chofer de pra\u00e7as. Do rombo\u2026","rel":"","context":"In &quot;Artigos&quot;","block_context":{"text":"Artigos","link":"https:\/\/correiodasemana.com\/site\/category\/artigos\/"},"img":{"alt_text":"","src":"https:\/\/i0.wp.com\/correiodasemana.com\/site\/wp-content\/uploads\/2021\/09\/Dr-Chico-Prado-Trofeu-Dom-Jose-1-1.jpg?resize=350%2C200&ssl=1","width":350,"height":200,"srcset":"https:\/\/i0.wp.com\/correiodasemana.com\/site\/wp-content\/uploads\/2021\/09\/Dr-Chico-Prado-Trofeu-Dom-Jose-1-1.jpg?resize=350%2C200&ssl=1 1x, https:\/\/i0.wp.com\/correiodasemana.com\/site\/wp-content\/uploads\/2021\/09\/Dr-Chico-Prado-Trofeu-Dom-Jose-1-1.jpg?resize=525%2C300&ssl=1 1.5x, https:\/\/i0.wp.com\/correiodasemana.com\/site\/wp-content\/uploads\/2021\/09\/Dr-Chico-Prado-Trofeu-Dom-Jose-1-1.jpg?resize=700%2C400&ssl=1 2x"},"classes":[]},{"id":35163,"url":"https:\/\/correiodasemana.com\/site\/becco-ponto-com-227\/","url_meta":{"origin":29577,"position":3},"title":"Becco ponto Com","author":"adminredacao","date":"Agosto 17, 2025","format":false,"excerpt":"LIVRAI-NOS, SENHOR! Das artimanhas politicas via votos ora t\u00e3o vendidos Do pedido de socorro \u201cs.o.s becco do Cotovelo\u201d, ufa! Ui! Das escolas p\u00fablicas em faces fajutas via a pesquisa. Do Lula, chamando o trUmp para o clima da Amaz\u00f4nia. Do fica e vai de Ciro via Aboli\u00e7\u00e3o com aval de\u2026","rel":"","context":"In &quot;Artigos&quot;","block_context":{"text":"Artigos","link":"https:\/\/correiodasemana.com\/site\/category\/artigos\/"},"img":{"alt_text":"","src":"https:\/\/i0.wp.com\/correiodasemana.com\/site\/wp-content\/uploads\/2021\/09\/Dr-Chico-Prado-Trofeu-Dom-Jose-1.jpg?resize=350%2C200&ssl=1","width":350,"height":200,"srcset":"https:\/\/i0.wp.com\/correiodasemana.com\/site\/wp-content\/uploads\/2021\/09\/Dr-Chico-Prado-Trofeu-Dom-Jose-1.jpg?resize=350%2C200&ssl=1 1x, https:\/\/i0.wp.com\/correiodasemana.com\/site\/wp-content\/uploads\/2021\/09\/Dr-Chico-Prado-Trofeu-Dom-Jose-1.jpg?resize=525%2C300&ssl=1 1.5x, https:\/\/i0.wp.com\/correiodasemana.com\/site\/wp-content\/uploads\/2021\/09\/Dr-Chico-Prado-Trofeu-Dom-Jose-1.jpg?resize=700%2C400&ssl=1 2x, https:\/\/i0.wp.com\/correiodasemana.com\/site\/wp-content\/uploads\/2021\/09\/Dr-Chico-Prado-Trofeu-Dom-Jose-1.jpg?resize=1050%2C600&ssl=1 3x, https:\/\/i0.wp.com\/correiodasemana.com\/site\/wp-content\/uploads\/2021\/09\/Dr-Chico-Prado-Trofeu-Dom-Jose-1.jpg?resize=1400%2C800&ssl=1 4x"},"classes":[]},{"id":34881,"url":"https:\/\/correiodasemana.com\/site\/becco-ponto-com-224\/","url_meta":{"origin":29577,"position":4},"title":"BECCO PONTO.COM","author":"adminredacao","date":"Julho 28, 2025","format":false,"excerpt":"LIVRAI-NOS, SENHOR! Da ruma de festas ca\u00e7a votos nas cidades, por aqui. Dos cursos oferecendo \u201cDeus da Sabedoria\u201d a grana. Da sa\u00fade em frangalhos nos postos e hospitais, ufa! Das C\u00e2maras camaradas sem fazer nada nas cidades. Do mercad\u00e3o que virou o Becco, com suas barracas. Do lix\u00e3o variando processo\u2026","rel":"","context":"In &quot;Artigos&quot;","block_context":{"text":"Artigos","link":"https:\/\/correiodasemana.com\/site\/category\/artigos\/"},"img":{"alt_text":"","src":"https:\/\/i0.wp.com\/correiodasemana.com\/site\/wp-content\/uploads\/2021\/09\/Dr-Chico-Prado-Trofeu-Dom-Jose-1-1.jpg?resize=350%2C200&ssl=1","width":350,"height":200,"srcset":"https:\/\/i0.wp.com\/correiodasemana.com\/site\/wp-content\/uploads\/2021\/09\/Dr-Chico-Prado-Trofeu-Dom-Jose-1-1.jpg?resize=350%2C200&ssl=1 1x, https:\/\/i0.wp.com\/correiodasemana.com\/site\/wp-content\/uploads\/2021\/09\/Dr-Chico-Prado-Trofeu-Dom-Jose-1-1.jpg?resize=525%2C300&ssl=1 1.5x, https:\/\/i0.wp.com\/correiodasemana.com\/site\/wp-content\/uploads\/2021\/09\/Dr-Chico-Prado-Trofeu-Dom-Jose-1-1.jpg?resize=700%2C400&ssl=1 2x"},"classes":[]},{"id":9192,"url":"https:\/\/correiodasemana.com\/site\/becco-ponto-com-12\/","url_meta":{"origin":29577,"position":5},"title":"Becco ponto Com","author":"","date":"Setembro 23, 2019","format":false,"excerpt":"Livrai-nos, senhor! Do esp\u00edrito de porco dos pol\u00edticos do PT Lula. Das especula\u00e7\u00f5es quanto as elei\u00e7\u00f5es de 2020 grita. Do povo por emprego e meio de vida, ui! Do analfabetismo provindo da redes sociais. do lixo musical forr\u00f3 moderno via Safad\u00e3o. Das mortes violentas nas ruas de Sobral, ui! Da\u2026","rel":"","context":"In &quot;Artigos&quot;","block_context":{"text":"Artigos","link":"https:\/\/correiodasemana.com\/site\/category\/artigos\/"},"img":{"alt_text":"","src":"https:\/\/i0.wp.com\/correiodasemana.com\/site\/wp-content\/uploads\/2019\/09\/Jos%C3%A9-Olavo.jpg?resize=350%2C200&ssl=1","width":350,"height":200,"srcset":"https:\/\/i0.wp.com\/correiodasemana.com\/site\/wp-content\/uploads\/2019\/09\/Jos%C3%A9-Olavo.jpg?resize=350%2C200&ssl=1 1x, https:\/\/i0.wp.com\/correiodasemana.com\/site\/wp-content\/uploads\/2019\/09\/Jos%C3%A9-Olavo.jpg?resize=525%2C300&ssl=1 1.5x, https:\/\/i0.wp.com\/correiodasemana.com\/site\/wp-content\/uploads\/2019\/09\/Jos%C3%A9-Olavo.jpg?resize=700%2C400&ssl=1 2x, https:\/\/i0.wp.com\/correiodasemana.com\/site\/wp-content\/uploads\/2019\/09\/Jos%C3%A9-Olavo.jpg?resize=1050%2C600&ssl=1 3x, https:\/\/i0.wp.com\/correiodasemana.com\/site\/wp-content\/uploads\/2019\/09\/Jos%C3%A9-Olavo.jpg?resize=1400%2C800&ssl=1 4x"},"classes":[]}],"jetpack_sharing_enabled":true,"_links":{"self":[{"href":"https:\/\/correiodasemana.com\/site\/wp-json\/wp\/v2\/posts\/29577","targetHints":{"allow":["GET"]}}],"collection":[{"href":"https:\/\/correiodasemana.com\/site\/wp-json\/wp\/v2\/posts"}],"about":[{"href":"https:\/\/correiodasemana.com\/site\/wp-json\/wp\/v2\/types\/post"}],"author":[{"embeddable":true,"href":"https:\/\/correiodasemana.com\/site\/wp-json\/wp\/v2\/users\/7"}],"replies":[{"embeddable":true,"href":"https:\/\/correiodasemana.com\/site\/wp-json\/wp\/v2\/comments?post=29577"}],"version-history":[{"count":1,"href":"https:\/\/correiodasemana.com\/site\/wp-json\/wp\/v2\/posts\/29577\/revisions"}],"predecessor-version":[{"id":29579,"href":"https:\/\/correiodasemana.com\/site\/wp-json\/wp\/v2\/posts\/29577\/revisions\/29579"}],"wp:featuredmedia":[{"embeddable":true,"href":"https:\/\/correiodasemana.com\/site\/wp-json\/wp\/v2\/media\/17437"}],"wp:attachment":[{"href":"https:\/\/correiodasemana.com\/site\/wp-json\/wp\/v2\/media?parent=29577"}],"wp:term":[{"taxonomy":"category","embeddable":true,"href":"https:\/\/correiodasemana.com\/site\/wp-json\/wp\/v2\/categories?post=29577"},{"taxonomy":"post_tag","embeddable":true,"href":"https:\/\/correiodasemana.com\/site\/wp-json\/wp\/v2\/tags?post=29577"}],"curies":[{"name":"wp","href":"https:\/\/api.w.org\/{rel}","templated":true}]}}