{"id":29659,"date":"2024-06-18T09:10:40","date_gmt":"2024-06-18T12:10:40","guid":{"rendered":"https:\/\/correiodasemana.com\/site\/?p=29659"},"modified":"2024-06-18T09:10:40","modified_gmt":"2024-06-18T12:10:40","slug":"capela-de-santa-terezinha-em-lisieux-acolhe-pe-antonio-jose-como-vigario-paroquial","status":"publish","type":"post","link":"https:\/\/correiodasemana.com\/site\/capela-de-santa-terezinha-em-lisieux-acolhe-pe-antonio-jose-como-vigario-paroquial\/","title":{"rendered":"Capela de Santa Terezinha em Lisieux, acolhe Pe. Ant\u00f4nio Jos\u00e9 como vig\u00e1rio paroquial"},"content":{"rendered":"<div id='gallery-1' class='gallery galleryid-29659 gallery-columns-6 gallery-size-thumbnail'><figure class='gallery-item'>\n\t\t\t<div class='gallery-icon landscape'>\n\t\t\t\t<a href='https:\/\/correiodasemana.com\/site\/capela-de-santa-terezinha-em-lisieux-acolhe-pe-antonio-jose-como-vigario-paroquial\/whatsapp-image-2024-06-17-at-10-58-59\/'><img loading=\"lazy\" width=\"150\" height=\"150\" src=\"https:\/\/correiodasemana.com\/site\/wp-content\/uploads\/2024\/06\/WhatsApp-Image-2024-06-17-at-10.58.59-150x150.jpeg\" class=\"attachment-thumbnail size-thumbnail\" alt=\"WhatsApp Image 2024-06-17 at 10.58.59\" loading=\"lazy\" decoding=\"async\" \/><\/a>\n\t\t\t<\/div><\/figure><figure class='gallery-item'>\n\t\t\t<div class='gallery-icon landscape'>\n\t\t\t\t<a href='https:\/\/correiodasemana.com\/site\/capela-de-santa-terezinha-em-lisieux-acolhe-pe-antonio-jose-como-vigario-paroquial\/whatsapp-image-2024-06-17-at-10-59-01-1\/'><img loading=\"lazy\" width=\"150\" height=\"150\" src=\"https:\/\/correiodasemana.com\/site\/wp-content\/uploads\/2024\/06\/WhatsApp-Image-2024-06-17-at-10.59.01-1-150x150.jpeg\" class=\"attachment-thumbnail size-thumbnail\" alt=\"WhatsApp Image 2024-06-17 at 10.59.01 (1)\" loading=\"lazy\" decoding=\"async\" \/><\/a>\n\t\t\t<\/div><\/figure><figure class='gallery-item'>\n\t\t\t<div class='gallery-icon landscape'>\n\t\t\t\t<a href='https:\/\/correiodasemana.com\/site\/capela-de-santa-terezinha-em-lisieux-acolhe-pe-antonio-jose-como-vigario-paroquial\/whatsapp-image-2024-06-17-at-10-59-01-2\/'><img loading=\"lazy\" width=\"150\" height=\"150\" src=\"https:\/\/correiodasemana.com\/site\/wp-content\/uploads\/2024\/06\/WhatsApp-Image-2024-06-17-at-10.59.01-2-150x150.jpeg\" class=\"attachment-thumbnail size-thumbnail\" alt=\"WhatsApp Image 2024-06-17 at 10.59.01 (2)\" loading=\"lazy\" decoding=\"async\" \/><\/a>\n\t\t\t<\/div><\/figure><figure class='gallery-item'>\n\t\t\t<div class='gallery-icon landscape'>\n\t\t\t\t<a href='https:\/\/correiodasemana.com\/site\/capela-de-santa-terezinha-em-lisieux-acolhe-pe-antonio-jose-como-vigario-paroquial\/whatsapp-image-2024-06-17-at-10-59-01\/'><img loading=\"lazy\" width=\"150\" height=\"150\" src=\"https:\/\/correiodasemana.com\/site\/wp-content\/uploads\/2024\/06\/WhatsApp-Image-2024-06-17-at-10.59.01-150x150.jpeg\" class=\"attachment-thumbnail size-thumbnail\" alt=\"WhatsApp Image 2024-06-17 at 10.59.01\" loading=\"lazy\" decoding=\"async\" \/><\/a>\n\t\t\t<\/div><\/figure><figure class='gallery-item'>\n\t\t\t<div class='gallery-icon landscape'>\n\t\t\t\t<a href='https:\/\/correiodasemana.com\/site\/capela-de-santa-terezinha-em-lisieux-acolhe-pe-antonio-jose-como-vigario-paroquial\/whatsapp-image-2024-06-17-at-10-59-02\/'><img loading=\"lazy\" width=\"150\" height=\"150\" src=\"https:\/\/correiodasemana.com\/site\/wp-content\/uploads\/2024\/06\/WhatsApp-Image-2024-06-17-at-10.59.02-150x150.jpeg\" class=\"attachment-thumbnail size-thumbnail\" alt=\"WhatsApp Image 2024-06-17 at 10.59.02\" loading=\"lazy\" decoding=\"async\" \/><\/a>\n\t\t\t<\/div><\/figure><figure class='gallery-item'>\n\t\t\t<div class='gallery-icon landscape'>\n\t\t\t\t<a href='https:\/\/correiodasemana.com\/site\/capela-de-santa-terezinha-em-lisieux-acolhe-pe-antonio-jose-como-vigario-paroquial\/whatsapp-image-2024-06-17-at-10-59-03-1\/'><img loading=\"lazy\" width=\"150\" height=\"150\" src=\"https:\/\/correiodasemana.com\/site\/wp-content\/uploads\/2024\/06\/WhatsApp-Image-2024-06-17-at-10.59.03-1-150x150.jpeg\" class=\"attachment-thumbnail size-thumbnail\" alt=\"WhatsApp Image 2024-06-17 at 10.59.03 (1)\" loading=\"lazy\" decoding=\"async\" \/><\/a>\n\t\t\t<\/div><\/figure><figure class='gallery-item'>\n\t\t\t<div class='gallery-icon landscape'>\n\t\t\t\t<a href='https:\/\/correiodasemana.com\/site\/capela-de-santa-terezinha-em-lisieux-acolhe-pe-antonio-jose-como-vigario-paroquial\/whatsapp-image-2024-06-17-at-10-59-03-2\/'><img loading=\"lazy\" width=\"150\" height=\"150\" src=\"https:\/\/correiodasemana.com\/site\/wp-content\/uploads\/2024\/06\/WhatsApp-Image-2024-06-17-at-10.59.03-2-150x150.jpeg\" class=\"attachment-thumbnail size-thumbnail\" alt=\"WhatsApp Image 2024-06-17 at 10.59.03 (2)\" loading=\"lazy\" decoding=\"async\" \/><\/a>\n\t\t\t<\/div><\/figure><figure class='gallery-item'>\n\t\t\t<div class='gallery-icon landscape'>\n\t\t\t\t<a href='https:\/\/correiodasemana.com\/site\/capela-de-santa-terezinha-em-lisieux-acolhe-pe-antonio-jose-como-vigario-paroquial\/whatsapp-image-2024-06-17-at-10-59-03\/'><img loading=\"lazy\" width=\"150\" height=\"150\" src=\"https:\/\/correiodasemana.com\/site\/wp-content\/uploads\/2024\/06\/WhatsApp-Image-2024-06-17-at-10.59.03-150x150.jpeg\" class=\"attachment-thumbnail size-thumbnail\" alt=\"WhatsApp Image 2024-06-17 at 10.59.03\" loading=\"lazy\" decoding=\"async\" \/><\/a>\n\t\t\t<\/div><\/figure><figure class='gallery-item'>\n\t\t\t<div class='gallery-icon landscape'>\n\t\t\t\t<a href='https:\/\/correiodasemana.com\/site\/capela-de-santa-terezinha-em-lisieux-acolhe-pe-antonio-jose-como-vigario-paroquial\/whatsapp-image-2024-06-17-at-10-59-04\/'><img loading=\"lazy\" width=\"150\" height=\"150\" src=\"https:\/\/correiodasemana.com\/site\/wp-content\/uploads\/2024\/06\/WhatsApp-Image-2024-06-17-at-10.59.04-150x150.jpeg\" class=\"attachment-thumbnail size-thumbnail\" alt=\"WhatsApp Image 2024-06-17 at 10.59.04\" loading=\"lazy\" decoding=\"async\" \/><\/a>\n\t\t\t<\/div><\/figure>\n\t\t<\/div>\n\n<p>No \u00faltimo domingo, em 16 de junho, Dom Vasconcelos esteve no distrito de Lisieux para presidir a Santa Missa e apresentar aos paroquianos o Pe. Ant\u00f4nio Jos\u00e9 Viana Monte, como novo vig\u00e1rio paroquial, onde ir\u00e1 contribuir com os trabalhos da capela dedicada a Santa Terezinha localizada naquela comunidade.<br \/>\nO sacerdote estava exercendo trabalho pastoral como p\u00e1roco da Par\u00f3quia de Santo Ant\u00f4nio em Aracatia\u00e7u desde fevereiro de 2023. A localidade de Lisieux \u00e9 um distrito do munic\u00edpio de Santa Quit\u00e9ria, mas pertence ao territ\u00f3rio da par\u00f3quia de Aracatia\u00e7u.<br \/>\nDiante de uma nova necessidade pastoral, Pe. Ant\u00f4nio Jos\u00e9 foi transferido para a comunidade, onde continuar\u00e1 o seu trabalho, mas agora como vig\u00e1rio paroquial, em comunh\u00e3o com o p\u00e1roco, Pe. Manoel Gilson.<br \/>\nA celebra\u00e7\u00e3o foi concelebrada pelos novos padres da par\u00f3quia, Pe. Manoel Gilson e Pe. Ant\u00f4nio Jos\u00e9, assim como, por Pe. Jo\u00e3o Bosco, p\u00e1roco da Par\u00f3quia de Nossa Senhora do Perp\u00e9tuo Socorro em Reriutaba.<br \/>\nA provis\u00e3o can\u00f4nica foi lida por Pe. Bosco, e em seguida, o sacerdote foi apresentado a conhecida comunidade. Paroquianos, representantes da Par\u00f3quia de Groa\u00edras, sua ex par\u00f3quia; e autoridades locais, estiveram presentes e homenagearam o padre diante de sua nova miss\u00e3o.<\/p>\n<p>Thais Helena &#8211; Jornalista \u2013 Jornal Correio da Semana<\/p>\n","protected":false},"excerpt":{"rendered":"<p>No \u00faltimo domingo, em 16 de junho, Dom Vasconcelos esteve no distrito de Lisieux para&#8230;<\/p>\n","protected":false},"author":7,"featured_media":29664,"comment_status":"open","ping_status":"open","sticky":false,"template":"","format":"standard","meta":{"_jetpack_memberships_contains_paid_content":false,"footnotes":"","jetpack_publicize_message":"","jetpack_publicize_feature_enabled":true,"jetpack_social_post_already_shared":true,"jetpack_social_options":{"image_generator_settings":{"template":"highway","default_image_id":0,"font":"","enabled":false},"version":2}},"categories":[1],"tags":[],"class_list":["post-29659","post","type-post","status-publish","format-standard","has-post-thumbnail","hentry","category-atualidade"],"jetpack_publicize_connections":[],"jetpack_featured_media_url":"https:\/\/correiodasemana.com\/site\/wp-content\/uploads\/2024\/06\/WhatsApp-Image-2024-06-17-at-10.59.02.jpeg","jetpack-related-posts":[{"id":37434,"url":"https:\/\/correiodasemana.com\/site\/dom-vasconcelos-empossa-padre-valdir-na-comunidade-de-lisieux\/","url_meta":{"origin":29659,"position":0},"title":"Dom Vasconcelos empossa padre Valdir na comunidade de Lisieux","author":"adminredacao","date":"Fevereiro 20, 2026","format":false,"excerpt":"O padre Valdir Braga foi empossado na comunidade de Lisieux na noite da \u00faltima sexta-feira (13\/02). A localidade, situada a 71 km de Sobral, \u00e9 dedicada a Santa Terezinha e integra a Par\u00f3quia de Santo Ant\u00f4nio, em Aracatia\u00e7u\/CE. A celebra\u00e7\u00e3o eucar\u00edstica presidida por Dom Vasconcelos e concelebrada por diversos presb\u00edteros,\u2026","rel":"","context":"In &quot;Atualidade&quot;","block_context":{"text":"Atualidade","link":"https:\/\/correiodasemana.com\/site\/category\/atualidade\/"},"img":{"alt_text":"","src":"https:\/\/i0.wp.com\/correiodasemana.com\/site\/wp-content\/uploads\/2026\/02\/WhatsApp-Image-2026-02-15-at-11.44.36.jpeg?resize=350%2C200&ssl=1","width":350,"height":200,"srcset":"https:\/\/i0.wp.com\/correiodasemana.com\/site\/wp-content\/uploads\/2026\/02\/WhatsApp-Image-2026-02-15-at-11.44.36.jpeg?resize=350%2C200&ssl=1 1x, https:\/\/i0.wp.com\/correiodasemana.com\/site\/wp-content\/uploads\/2026\/02\/WhatsApp-Image-2026-02-15-at-11.44.36.jpeg?resize=525%2C300&ssl=1 1.5x, https:\/\/i0.wp.com\/correiodasemana.com\/site\/wp-content\/uploads\/2026\/02\/WhatsApp-Image-2026-02-15-at-11.44.36.jpeg?resize=700%2C400&ssl=1 2x, https:\/\/i0.wp.com\/correiodasemana.com\/site\/wp-content\/uploads\/2026\/02\/WhatsApp-Image-2026-02-15-at-11.44.36.jpeg?resize=1050%2C600&ssl=1 3x"},"classes":[]},{"id":23546,"url":"https:\/\/correiodasemana.com\/site\/em-aracatiacu-padre-antonio-jose-e-empossado-como-novo-administrador-paroquial\/","url_meta":{"origin":29659,"position":1},"title":"Em Aracatia\u00e7u, Padre Ant\u00f4nio Jos\u00e9 \u00e9 empossado como novo administrador paroquial","author":"adminredacao","date":"Fevereiro 14, 2023","format":false,"excerpt":"A Par\u00f3quia de Santo Ant\u00f4nio celebrou nesta ter\u00e7a-feira, 07 de fevereiro, a posse de seu novo administrador paroquial, Pe. Ant\u00f4nio Jos\u00e9 Viana Monte, que estar\u00e1 \u00e0 frente dos trabalhos pastorais em comunh\u00e3o com a comunidade local. A celebra\u00e7\u00e3o da Santa Missa aconteceu na igreja matriz, foi presidida por Dom Vasconcelos,\u2026","rel":"","context":"In &quot;Atualidade&quot;","block_context":{"text":"Atualidade","link":"https:\/\/correiodasemana.com\/site\/category\/atualidade\/"},"img":{"alt_text":"","src":"https:\/\/i0.wp.com\/correiodasemana.com\/site\/wp-content\/uploads\/2023\/02\/padre-antonio-jose-1.jpg?resize=350%2C200&ssl=1","width":350,"height":200,"srcset":"https:\/\/i0.wp.com\/correiodasemana.com\/site\/wp-content\/uploads\/2023\/02\/padre-antonio-jose-1.jpg?resize=350%2C200&ssl=1 1x, https:\/\/i0.wp.com\/correiodasemana.com\/site\/wp-content\/uploads\/2023\/02\/padre-antonio-jose-1.jpg?resize=525%2C300&ssl=1 1.5x, https:\/\/i0.wp.com\/correiodasemana.com\/site\/wp-content\/uploads\/2023\/02\/padre-antonio-jose-1.jpg?resize=700%2C400&ssl=1 2x"},"classes":[]},{"id":33638,"url":"https:\/\/correiodasemana.com\/site\/pastoral-da-crianca-40-anos-de-fundacao-no-ceara\/","url_meta":{"origin":29659,"position":2},"title":"Pastoral da Crian\u00e7a: 40 anos de funda\u00e7\u00e3o no Cear\u00e1","author":"adminredacao","date":"Maio 5, 2025","format":false,"excerpt":"No dia 26 de abril, as pastorais de todas as dioceses do Regional Nordeste 1, incluindo a Arquidiocese de Fortaleza, participaram da programa\u00e7\u00e3o comemorativa alusiva \u00e0 data festiva, realizada no munic\u00edpio de Ocara\/CE. Da Diocese de Sobral, esteve presente uma caravana com 40 agentes da Pastoral da Crian\u00e7a, oriundos de\u2026","rel":"","context":"In &quot;Atualidade&quot;","block_context":{"text":"Atualidade","link":"https:\/\/correiodasemana.com\/site\/category\/atualidade\/"},"img":{"alt_text":"","src":"https:\/\/i0.wp.com\/correiodasemana.com\/site\/wp-content\/uploads\/2025\/05\/WhatsApp-Image-2025-04-29-at-10.32.00-1.jpeg?resize=350%2C200&ssl=1","width":350,"height":200,"srcset":"https:\/\/i0.wp.com\/correiodasemana.com\/site\/wp-content\/uploads\/2025\/05\/WhatsApp-Image-2025-04-29-at-10.32.00-1.jpeg?resize=350%2C200&ssl=1 1x, https:\/\/i0.wp.com\/correiodasemana.com\/site\/wp-content\/uploads\/2025\/05\/WhatsApp-Image-2025-04-29-at-10.32.00-1.jpeg?resize=525%2C300&ssl=1 1.5x, https:\/\/i0.wp.com\/correiodasemana.com\/site\/wp-content\/uploads\/2025\/05\/WhatsApp-Image-2025-04-29-at-10.32.00-1.jpeg?resize=700%2C400&ssl=1 2x, https:\/\/i0.wp.com\/correiodasemana.com\/site\/wp-content\/uploads\/2025\/05\/WhatsApp-Image-2025-04-29-at-10.32.00-1.jpeg?resize=1050%2C600&ssl=1 3x"},"classes":[]},{"id":20145,"url":"https:\/\/correiodasemana.com\/site\/paroquia-de-santo-antonio-em-aracatiacu-realiza-festa-de-seu-padroeiro\/","url_meta":{"origin":29659,"position":3},"title":"Par\u00f3quia de Santo Ant\u00f4nio em Aracatia\u00e7u realiza festa de seu padroeiro","author":"","date":"Junho 19, 2022","format":false,"excerpt":"DE ARACATIA\u00c7U: CORRESPONDENTE: KALU CAVALCANTE Sob um clima de muito fervor religioso, a Par\u00f3quia de Aracatia\u00e7u realizou do dia 03 a 14 de junho a festa de seu padroeiro Santo Ant\u00f4nio Devido o triste per\u00edodo que o mundo vivenciou com a pandemia do Covid 19, em que todos os pa\u00edses\u2026","rel":"","context":"In &quot;Atualidade&quot;","block_context":{"text":"Atualidade","link":"https:\/\/correiodasemana.com\/site\/category\/atualidade\/"},"img":{"alt_text":"","src":"https:\/\/i0.wp.com\/correiodasemana.com\/site\/wp-content\/uploads\/2022\/06\/parquia-santo-antonio.jpg?resize=350%2C200&ssl=1","width":350,"height":200,"srcset":"https:\/\/i0.wp.com\/correiodasemana.com\/site\/wp-content\/uploads\/2022\/06\/parquia-santo-antonio.jpg?resize=350%2C200&ssl=1 1x, https:\/\/i0.wp.com\/correiodasemana.com\/site\/wp-content\/uploads\/2022\/06\/parquia-santo-antonio.jpg?resize=525%2C300&ssl=1 1.5x, https:\/\/i0.wp.com\/correiodasemana.com\/site\/wp-content\/uploads\/2022\/06\/parquia-santo-antonio.jpg?resize=700%2C400&ssl=1 2x"},"classes":[]},{"id":8373,"url":"https:\/\/correiodasemana.com\/site\/paroquia-nossa-senhora-do-carmo-em-taperuaba-completa-10-anos\/","url_meta":{"origin":29659,"position":4},"title":"Par\u00f3quia Nossa Senhora do Carmo em Taperuaba completa 10 anos","author":"","date":"Julho 22, 2019","format":false,"excerpt":"Par\u00f3quia \u00e9 atualmente composta por 28 capelas dividas em seis setores, tr\u00eas grutas, 1 orat\u00f3rio da m\u00e3e Rainha, 1 Orat\u00f3rio de N. S. de F\u00e1tima e sete setores no centro da cidade A Par\u00f3quia Nossa Senhora do Carmo de Taperuaba, completou na ter\u00e7a-feira (16) 10 anos de sua cria\u00e7\u00e3o. Em\u2026","rel":"","context":"In &quot;Igreja&quot;","block_context":{"text":"Igreja","link":"https:\/\/correiodasemana.com\/site\/category\/igreja\/"},"img":{"alt_text":"","src":"https:\/\/i0.wp.com\/correiodasemana.com\/site\/wp-content\/uploads\/2019\/07\/IMG-20190717-WA0025.jpg?resize=350%2C200&ssl=1","width":350,"height":200,"srcset":"https:\/\/i0.wp.com\/correiodasemana.com\/site\/wp-content\/uploads\/2019\/07\/IMG-20190717-WA0025.jpg?resize=350%2C200&ssl=1 1x, https:\/\/i0.wp.com\/correiodasemana.com\/site\/wp-content\/uploads\/2019\/07\/IMG-20190717-WA0025.jpg?resize=525%2C300&ssl=1 1.5x, https:\/\/i0.wp.com\/correiodasemana.com\/site\/wp-content\/uploads\/2019\/07\/IMG-20190717-WA0025.jpg?resize=700%2C400&ssl=1 2x, https:\/\/i0.wp.com\/correiodasemana.com\/site\/wp-content\/uploads\/2019\/07\/IMG-20190717-WA0025.jpg?resize=1050%2C600&ssl=1 3x"},"classes":[]},{"id":18532,"url":"https:\/\/correiodasemana.com\/site\/diocese-de-sobral-alegra-se-com-os-aniversarios-de-ordenacao-de-tres-sacerdotes\/","url_meta":{"origin":29659,"position":5},"title":"Diocese de Sobral alegra-se com os anivers\u00e1rios de ordena\u00e7\u00e3o de tr\u00eas sacerdotes","author":"","date":"Janeiro 10, 2022","format":false,"excerpt":"Por Thais Helena (Reda\u00e7\u00e3o Jornal Correio da Semana) Monsenhor Gon\u00e7alo de Pinho Gomes O segundo bispo da Diocese de Sobral, Dom Jo\u00e3o Jos\u00e9 da Mota, na festa da Epifania, em 06 de janeiro de 1963, conferiu a ordena\u00e7\u00e3o sacerdotal ao esperan\u00e7oso Revmo. Monsenhor Gon\u00e7alo de Pinho Gomes, em Poranga, sua\u2026","rel":"","context":"In &quot;Atualidade&quot;","block_context":{"text":"Atualidade","link":"https:\/\/correiodasemana.com\/site\/category\/atualidade\/"},"img":{"alt_text":"","src":"https:\/\/i0.wp.com\/correiodasemana.com\/site\/wp-content\/uploads\/2022\/01\/capa.jpg?resize=350%2C200&ssl=1","width":350,"height":200,"srcset":"https:\/\/i0.wp.com\/correiodasemana.com\/site\/wp-content\/uploads\/2022\/01\/capa.jpg?resize=350%2C200&ssl=1 1x, https:\/\/i0.wp.com\/correiodasemana.com\/site\/wp-content\/uploads\/2022\/01\/capa.jpg?resize=525%2C300&ssl=1 1.5x, https:\/\/i0.wp.com\/correiodasemana.com\/site\/wp-content\/uploads\/2022\/01\/capa.jpg?resize=700%2C400&ssl=1 2x, https:\/\/i0.wp.com\/correiodasemana.com\/site\/wp-content\/uploads\/2022\/01\/capa.jpg?resize=1050%2C600&ssl=1 3x, https:\/\/i0.wp.com\/correiodasemana.com\/site\/wp-content\/uploads\/2022\/01\/capa.jpg?resize=1400%2C800&ssl=1 4x"},"classes":[]}],"jetpack_sharing_enabled":true,"_links":{"self":[{"href":"https:\/\/correiodasemana.com\/site\/wp-json\/wp\/v2\/posts\/29659","targetHints":{"allow":["GET"]}}],"collection":[{"href":"https:\/\/correiodasemana.com\/site\/wp-json\/wp\/v2\/posts"}],"about":[{"href":"https:\/\/correiodasemana.com\/site\/wp-json\/wp\/v2\/types\/post"}],"author":[{"embeddable":true,"href":"https:\/\/correiodasemana.com\/site\/wp-json\/wp\/v2\/users\/7"}],"replies":[{"embeddable":true,"href":"https:\/\/correiodasemana.com\/site\/wp-json\/wp\/v2\/comments?post=29659"}],"version-history":[{"count":1,"href":"https:\/\/correiodasemana.com\/site\/wp-json\/wp\/v2\/posts\/29659\/revisions"}],"predecessor-version":[{"id":29669,"href":"https:\/\/correiodasemana.com\/site\/wp-json\/wp\/v2\/posts\/29659\/revisions\/29669"}],"wp:featuredmedia":[{"embeddable":true,"href":"https:\/\/correiodasemana.com\/site\/wp-json\/wp\/v2\/media\/29664"}],"wp:attachment":[{"href":"https:\/\/correiodasemana.com\/site\/wp-json\/wp\/v2\/media?parent=29659"}],"wp:term":[{"taxonomy":"category","embeddable":true,"href":"https:\/\/correiodasemana.com\/site\/wp-json\/wp\/v2\/categories?post=29659"},{"taxonomy":"post_tag","embeddable":true,"href":"https:\/\/correiodasemana.com\/site\/wp-json\/wp\/v2\/tags?post=29659"}],"curies":[{"name":"wp","href":"https:\/\/api.w.org\/{rel}","templated":true}]}}