{"id":29673,"date":"2024-06-18T09:15:03","date_gmt":"2024-06-18T12:15:03","guid":{"rendered":"https:\/\/correiodasemana.com\/site\/?p=29673"},"modified":"2024-06-18T09:15:03","modified_gmt":"2024-06-18T12:15:03","slug":"educacao-e-cidadania-52","status":"publish","type":"post","link":"https:\/\/correiodasemana.com\/site\/educacao-e-cidadania-52\/","title":{"rendered":"EDUCA\u00c7\u00c3O E CIDADANIA \u2022"},"content":{"rendered":"<p><strong>Cuidar do Meio Ambiente \u00e9 Cuidar da Sa\u00fade<\/strong><\/p>\n<p>\u201cO impacto da polui\u00e7\u00e3o do ar para a sa\u00fade. A queima do combust\u00edvel f\u00f3ssil gera diversos poluentes que trazem preju\u00edzos \u00e0 sa\u00fade. \u00d3xido nitroso, di\u00f3xido de enxofre, compostos org\u00e2nicos vol\u00e1teis, mon\u00f3xido de carbono, oz\u00f4nio e os materiais particulados s\u00e3o alguns dos principais. O contato prolongado com essa polui\u00e7\u00e3o pode acarretar problemas cr\u00f4nicos e agudos.<br \/>\nO m\u00e9dico Ubiratan de Paula Santos, membro da Comiss\u00e3o de Doen\u00e7as Respirat\u00f3rias Ocupacionais e Ambientais da Sociedade Brasileira de Pneumologia, explica que um adulto em condi\u00e7\u00f5es normais respira 10 a 15 mil litros de ar por dia. \u201cJunto do oxig\u00eanio, v\u00eam porcarias que t\u00eam no ar, desde p\u00f3len, bact\u00e9rias, v\u00edrus, fungos e esses poluentes.\u201d<br \/>\nEsses compostos s\u00e3o interpretados pelas c\u00e9lulas do pulm\u00e3o como uma infec\u00e7\u00e3o. \u201c(Acontece que) os poluentes s\u00e3o subst\u00e2ncias qu\u00edmicas e as nossas defesas n\u00e3o s\u00e3o boas para combat\u00ea-las. Elas acabam autoagredindo o pulm\u00e3o e cronicamente v\u00e3o provocando uma inflama\u00e7\u00e3o\u201d, diz.<br \/>\nDoen\u00e7as cardiovasculares, acidentes vasculares cerebrais (AVC), doen\u00e7a pulmonar cr\u00f4nica, c\u00e2ncer de pulm\u00e3o e infec\u00e7\u00f5es respirat\u00f3rias s\u00e3o as condi\u00e7\u00f5es mais comuns provenientes do contato com a polui\u00e7\u00e3o do ar.<br \/>\nMesmo em concentra\u00e7\u00f5es nos limites das diretrizes da Organiza\u00e7\u00e3o Mundial da Sa\u00fade (OMS), os materiais particulados s\u00e3o os principais causadores dos preju\u00edzos, segundo o m\u00e9dico. Quanto mais pr\u00f3ximo dos locais geradores de polui\u00e7\u00e3o, como ind\u00fastrias e avenidas com grande tr\u00e1fego, maiores os riscos\u201d. (O Povo 12.06.24).<br \/>\n\u201cO cuidado do ar que voc\u00ea respira. A respira\u00e7\u00e3o \u00e9 fundamental para manter o bom funcionamento do nosso corpo, \u00e9 atrav\u00e9s do ato de inalar e exalar o ar que equilibramos fun\u00e7\u00f5es org\u00e2nicas e eliminamos toxinas. Mas voc\u00ea j\u00e1 parou para pensar na qualidade do ar que respira? E na quantidade de toxinas que invadem seu organismo ao dar aquele suspiro para se acalmar?<br \/>\nPois \u00e9, o ar que respiramos sofre influ\u00eancia direta da atividade humana, da emiss\u00e3o de gases por ind\u00fastrias, calefa\u00e7\u00f5es, carros, \u00f4nibus e caminh\u00f5es. E se engana quem pensa que dentro de casa est\u00e1 livre do contato com microrganismos e compostos qu\u00edmicos dispersos no ar. A exposi\u00e7\u00e3o constante a um ar de baixa qualidade pode causar s\u00e9rios danos \u00e0 nossa sa\u00fade e bem-estar.<br \/>\nDe acordo com a OMS \u2013 Organiza\u00e7\u00e3o Mundial da Sa\u00fade 90% da popula\u00e7\u00e3o mundial respira um ar polu\u00eddo. Isto \u00e9, um ar com altos \u00edndices de \u00f3xido de nitrog\u00eanio, enxofre, metais pesados e compostos org\u00e2nicos por exemplo.<br \/>\nE sabe qual o resultado disso? Sete milh\u00f5es de mortes por ano causadas por part\u00edculas finas que chegam aos nossos pulm\u00f5es e sistema cardiovascular atrav\u00e9s da respira\u00e7\u00e3o. Al\u00e9m \u00e9 claro da degrada\u00e7\u00e3o do meio ambiente e diminui\u00e7\u00e3o do tempo de vida de animais. (thermomatic.com.br).<br \/>\nFortaleza \u00e9 a \u00fanica cidade do Brasil a atingir todos os par\u00e2metros que consideram a qualidade do ar boa, segundo o 6\u00ba Relat\u00f3rio Anual Mundial sobre a Qualidade do Ar, feito pela empresa su\u00ed\u00e7a, IQAir. O documento analisa os n\u00edveis de polui\u00e7\u00e3o do ar em diversos pa\u00edses e a capital cearense se destacou entre 38 cidades brasileiras que participaram do estudo, atingindo todas as diretrizes determinadas pela Organiza\u00e7\u00e3o Mundial da Sa\u00fade (OMS).<br \/>\nO levantamento usa a medida PM2.5, sigla que representa o material particulado, que consiste em part\u00edculas inal\u00e1veis que caracterizam um elemento de polui\u00e7\u00e3o atmosf\u00e9rica. \u00cdndices de 0 a 5 \u00b5g\/m\u00b3 s\u00e3o considerados ideais. J\u00e1 os \u00edndices entre 5.1 e 10 \u00b5g\/m\u00b3 s\u00e3o considerados acima do ideal, mas ainda s\u00e3o aceit\u00e1veis, por causarem poucos riscos \u00e0 sa\u00fade da popula\u00e7\u00e3o. Fortaleza apresentou \u00edndice de 3,4 \u00b5g\/m\u00b3, se enquadrando nas cidades com qualidade do ar ideal.<br \/>\nPara o relat\u00f3rio, foram analisados os dados de mais de 30 mil esta\u00e7\u00f5es de monitoramento da qualidade do ar, instaladas em 7.812 locais localizados em 134 pa\u00edses. (fortaleza.ce.gov.br).<br \/>\nPara evitar polui\u00e7\u00e3o do ar na sua casa limpe regularmente tapetes, carpetes, filtros de ar condicionados, ventiladores, mude frequentemente colcha de cama, fronhas, use purificadores de ar, n\u00e3o utilize produtos de limpeza t\u00f3xicos e, enfeitando sua casa com plantas vai ajudar tamb\u00e9m.<br \/>\nProf. Salmito Campos \u2013 (jornalista e radialista).<\/p>\n","protected":false},"excerpt":{"rendered":"<p>Cuidar do Meio Ambiente \u00e9 Cuidar da Sa\u00fade \u201cO impacto da polui\u00e7\u00e3o do ar para&#8230;<\/p>\n","protected":false},"author":7,"featured_media":18809,"comment_status":"open","ping_status":"open","sticky":false,"template":"","format":"standard","meta":{"_jetpack_memberships_contains_paid_content":false,"footnotes":"","jetpack_publicize_message":"","jetpack_publicize_feature_enabled":true,"jetpack_social_post_already_shared":true,"jetpack_social_options":{"image_generator_settings":{"template":"highway","default_image_id":0,"font":"","enabled":false},"version":2}},"categories":[11,81],"tags":[],"class_list":["post-29673","post","type-post","status-publish","format-standard","has-post-thumbnail","hentry","category-artigos","category-salmito-campos"],"jetpack_publicize_connections":[],"jetpack_featured_media_url":"https:\/\/correiodasemana.com\/site\/wp-content\/uploads\/2022\/02\/Salmito-Campos-1-scaled.jpg","jetpack-related-posts":[{"id":21806,"url":"https:\/\/correiodasemana.com\/site\/usina-de-uranio-em-santa-quiteria-deve-elevar-radiacao-acima-do-limite-e-afetar-11-cidades-no-ceara\/","url_meta":{"origin":29673,"position":0},"title":"Usina de Ur\u00e2nio em Santa Quit\u00e9ria deve elevar radia\u00e7\u00e3o acima do limite e afetar 11 cidades no Cear\u00e1","author":"","date":"Novembro 24, 2022","format":false,"excerpt":"Um projeto para extra\u00e7\u00e3o de ur\u00e2nio em Santa Quit\u00e9ria, no Sert\u00e3o dos Inhamuns, interior do Cear\u00e1, pode ferir direitos humanos com 28 irregularidades identificadas e impactar diretamente, pelo menos, 11 munic\u00edpios com material radioativo, al\u00e9m de elevar a radia\u00e7\u00e3o do local. O alerta foi feito em relat\u00f3rio do Conselho Nacional\u2026","rel":"","context":"In &quot;Atualidade&quot;","block_context":{"text":"Atualidade","link":"https:\/\/correiodasemana.com\/site\/category\/atualidade\/"},"img":{"alt_text":"","src":"https:\/\/i0.wp.com\/correiodasemana.com\/site\/wp-content\/uploads\/2022\/11\/WhatsApp-Image-2021-05-12-at-11.13.29.jpeg?resize=350%2C200&ssl=1","width":350,"height":200,"srcset":"https:\/\/i0.wp.com\/correiodasemana.com\/site\/wp-content\/uploads\/2022\/11\/WhatsApp-Image-2021-05-12-at-11.13.29.jpeg?resize=350%2C200&ssl=1 1x, https:\/\/i0.wp.com\/correiodasemana.com\/site\/wp-content\/uploads\/2022\/11\/WhatsApp-Image-2021-05-12-at-11.13.29.jpeg?resize=525%2C300&ssl=1 1.5x, https:\/\/i0.wp.com\/correiodasemana.com\/site\/wp-content\/uploads\/2022\/11\/WhatsApp-Image-2021-05-12-at-11.13.29.jpeg?resize=700%2C400&ssl=1 2x, https:\/\/i0.wp.com\/correiodasemana.com\/site\/wp-content\/uploads\/2022\/11\/WhatsApp-Image-2021-05-12-at-11.13.29.jpeg?resize=1050%2C600&ssl=1 3x"},"classes":[]},{"id":9117,"url":"https:\/\/correiodasemana.com\/site\/que-ideologias-estao-por-tras-de-nossas-dificuldades\/","url_meta":{"origin":29673,"position":1},"title":"Que ideologias est\u00e3o por tr\u00e1s de nossas dificuldades?","author":"","date":"Setembro 15, 2019","format":false,"excerpt":"Veja bem, a atual situa\u00e7\u00e3o em que n\u00f3s brasileiros passamos. \u00c9 que o valor do litro da gasolina, de maneira geral, beira os R$ 5,00, a tarifa da energia el\u00e9trica nos chega com bandeira vermelha, o pre\u00e7o dos alimentos s\u00f3 aumentam, por\u00e9m, os \u00edndices da infla\u00e7\u00e3o, segundo os \u00f3rg\u00e3os especializados,\u2026","rel":"","context":"In &quot;Artigos&quot;","block_context":{"text":"Artigos","link":"https:\/\/correiodasemana.com\/site\/category\/artigos\/"},"img":{"alt_text":"","src":"https:\/\/i0.wp.com\/correiodasemana.com\/site\/wp-content\/uploads\/2019\/09\/ideologia-cke.jpg?resize=350%2C200&ssl=1","width":350,"height":200,"srcset":"https:\/\/i0.wp.com\/correiodasemana.com\/site\/wp-content\/uploads\/2019\/09\/ideologia-cke.jpg?resize=350%2C200&ssl=1 1x, https:\/\/i0.wp.com\/correiodasemana.com\/site\/wp-content\/uploads\/2019\/09\/ideologia-cke.jpg?resize=525%2C300&ssl=1 1.5x"},"classes":[]},{"id":22331,"url":"https:\/\/correiodasemana.com\/site\/cuidando-do-meio-ambiente-dicas-da-agenda-21\/","url_meta":{"origin":29673,"position":2},"title":"Cuidando do Meio Ambiente: Dicas da Agenda 21","author":"","date":"Dezembro 19, 2022","format":false,"excerpt":"Desligue o seu computador: muita gente tem o p\u00e9ssimo h\u00e1bito de deixar o computador de casa ou da empresa ligado ininterruptamente, \u00e0s vezes fazendo downloads, \u00e0s vezes simplesmente por comodidade. Desligue o computador sempre que for ficar mais de 2 horas sem utiliz\u00e1-lo e o monitor por at\u00e9 quinze minutos.\u2026","rel":"","context":"In &quot;Artigos&quot;","block_context":{"text":"Artigos","link":"https:\/\/correiodasemana.com\/site\/category\/artigos\/"},"img":{"alt_text":"","src":"https:\/\/i0.wp.com\/correiodasemana.com\/site\/wp-content\/uploads\/2021\/08\/Salmito-Campos.jpg?resize=350%2C200&ssl=1","width":350,"height":200,"srcset":"https:\/\/i0.wp.com\/correiodasemana.com\/site\/wp-content\/uploads\/2021\/08\/Salmito-Campos.jpg?resize=350%2C200&ssl=1 1x, https:\/\/i0.wp.com\/correiodasemana.com\/site\/wp-content\/uploads\/2021\/08\/Salmito-Campos.jpg?resize=525%2C300&ssl=1 1.5x, https:\/\/i0.wp.com\/correiodasemana.com\/site\/wp-content\/uploads\/2021\/08\/Salmito-Campos.jpg?resize=700%2C400&ssl=1 2x, https:\/\/i0.wp.com\/correiodasemana.com\/site\/wp-content\/uploads\/2021\/08\/Salmito-Campos.jpg?resize=1050%2C600&ssl=1 3x, https:\/\/i0.wp.com\/correiodasemana.com\/site\/wp-content\/uploads\/2021\/08\/Salmito-Campos.jpg?resize=1400%2C800&ssl=1 4x"},"classes":[]},{"id":9879,"url":"https:\/\/correiodasemana.com\/site\/colegio-coracao-de-jesus-e-pioneiro-no-uso-de-energia-solar\/","url_meta":{"origin":29673,"position":3},"title":"Col\u00e9gio Cora\u00e7\u00e3o de Jesus \u00e9 pioneiro no uso de energia solar","author":"","date":"Novembro 18, 2019","format":false,"excerpt":"Com o objetivo de contribuir com o meio ambiente, se manter com sua pr\u00f3pria energia e, consequentemente, diminuir os gastos, o Col\u00e9gio Cora\u00e7\u00e3o de Jesus optou pelo uso da energia solar. S\u00e3o 192 placas solares fotovoltaicas instaladas no teto do pr\u00e9dio, transformando a luz do sol em eletricidade para todo\u2026","rel":"","context":"In &quot;Atualidade&quot;","block_context":{"text":"Atualidade","link":"https:\/\/correiodasemana.com\/site\/category\/atualidade\/"},"img":{"alt_text":"","src":"https:\/\/i0.wp.com\/correiodasemana.com\/site\/wp-content\/uploads\/2019\/11\/ENERGIA-SOLAR-CCJ-3.jpg?resize=350%2C200&ssl=1","width":350,"height":200},"classes":[]},{"id":34946,"url":"https:\/\/correiodasemana.com\/site\/herculano-costa-comenta-11\/","url_meta":{"origin":29673,"position":4},"title":"Herculano Costa Comenta","author":"adminredacao","date":"Agosto 4, 2025","format":false,"excerpt":"Reciclagem e consumo consciente: A import\u00e2ncia da sustentabilidade ambiental Neste coment\u00e1rio de hoje, abordaremos a import\u00e2ncia da reciclagem e do consumo consciente, revelando como essas a\u00e7\u00f5es individuais podem ter um impacto significativo na conserva\u00e7\u00e3o do meio ambiente e na constru\u00e7\u00e3o de um futuro mais sustent\u00e1vel para todos n\u00f3s. A reciclagem\u2026","rel":"","context":"In &quot;Artigos&quot;","block_context":{"text":"Artigos","link":"https:\/\/correiodasemana.com\/site\/category\/artigos\/"},"img":{"alt_text":"","src":"https:\/\/i0.wp.com\/correiodasemana.com\/site\/wp-content\/uploads\/2022\/01\/Herculano-Costa.jpg?resize=350%2C200&ssl=1","width":350,"height":200},"classes":[]},{"id":11766,"url":"https:\/\/correiodasemana.com\/site\/ano-laudato-si-para-cuidar-da-casa-comum\/","url_meta":{"origin":29673,"position":5},"title":"Ano Laudato Si: para cuidar da casa comum","author":"","date":"Julho 12, 2020","format":false,"excerpt":"Este ano especial decorre de 2020 a 2021 e tem o objetivo de \u201cchamar a aten\u00e7\u00e3o para o grito da terra e dos pobres\u201d. Para promover o cuidado da casa comum atrav\u00e9s de uma ecologia integral. Rui Saraiva - Porto No passado dia 24 de maio, o Papa Francisco assinalou\u2026","rel":"","context":"In &quot;Artigos&quot;","block_context":{"text":"Artigos","link":"https:\/\/correiodasemana.com\/site\/category\/artigos\/"},"img":{"alt_text":"","src":"https:\/\/i0.wp.com\/correiodasemana.com\/site\/wp-content\/uploads\/2018\/02\/editorial-cs.jpg?resize=350%2C200&ssl=1","width":350,"height":200,"srcset":"https:\/\/i0.wp.com\/correiodasemana.com\/site\/wp-content\/uploads\/2018\/02\/editorial-cs.jpg?resize=350%2C200&ssl=1 1x, https:\/\/i0.wp.com\/correiodasemana.com\/site\/wp-content\/uploads\/2018\/02\/editorial-cs.jpg?resize=525%2C300&ssl=1 1.5x"},"classes":[]}],"jetpack_sharing_enabled":true,"_links":{"self":[{"href":"https:\/\/correiodasemana.com\/site\/wp-json\/wp\/v2\/posts\/29673","targetHints":{"allow":["GET"]}}],"collection":[{"href":"https:\/\/correiodasemana.com\/site\/wp-json\/wp\/v2\/posts"}],"about":[{"href":"https:\/\/correiodasemana.com\/site\/wp-json\/wp\/v2\/types\/post"}],"author":[{"embeddable":true,"href":"https:\/\/correiodasemana.com\/site\/wp-json\/wp\/v2\/users\/7"}],"replies":[{"embeddable":true,"href":"https:\/\/correiodasemana.com\/site\/wp-json\/wp\/v2\/comments?post=29673"}],"version-history":[{"count":1,"href":"https:\/\/correiodasemana.com\/site\/wp-json\/wp\/v2\/posts\/29673\/revisions"}],"predecessor-version":[{"id":29674,"href":"https:\/\/correiodasemana.com\/site\/wp-json\/wp\/v2\/posts\/29673\/revisions\/29674"}],"wp:featuredmedia":[{"embeddable":true,"href":"https:\/\/correiodasemana.com\/site\/wp-json\/wp\/v2\/media\/18809"}],"wp:attachment":[{"href":"https:\/\/correiodasemana.com\/site\/wp-json\/wp\/v2\/media?parent=29673"}],"wp:term":[{"taxonomy":"category","embeddable":true,"href":"https:\/\/correiodasemana.com\/site\/wp-json\/wp\/v2\/categories?post=29673"},{"taxonomy":"post_tag","embeddable":true,"href":"https:\/\/correiodasemana.com\/site\/wp-json\/wp\/v2\/tags?post=29673"}],"curies":[{"name":"wp","href":"https:\/\/api.w.org\/{rel}","templated":true}]}}