{"id":29698,"date":"2024-06-18T09:23:10","date_gmt":"2024-06-18T12:23:10","guid":{"rendered":"https:\/\/correiodasemana.com\/site\/?p=29698"},"modified":"2024-06-18T09:23:10","modified_gmt":"2024-06-18T12:23:10","slug":"padre-gilson-toma-posse-como-novo-paroco-da-paroquia-de-santo-antonio-em-aracatiacu","status":"publish","type":"post","link":"https:\/\/correiodasemana.com\/site\/padre-gilson-toma-posse-como-novo-paroco-da-paroquia-de-santo-antonio-em-aracatiacu\/","title":{"rendered":"Padre Gilson toma posse como novo p\u00e1roco da Par\u00f3quia de Santo Ant\u00f4nio em Aracatia\u00e7u"},"content":{"rendered":"<div id='gallery-1' class='gallery galleryid-29698 gallery-columns-6 gallery-size-thumbnail'><figure class='gallery-item'>\n\t\t\t<div class='gallery-icon landscape'>\n\t\t\t\t<a href='https:\/\/correiodasemana.com\/site\/padre-gilson-toma-posse-como-novo-paroco-da-paroquia-de-santo-antonio-em-aracatiacu\/whatsapp-image-2024-06-16-at-21-43-15\/'><img loading=\"lazy\" width=\"150\" height=\"150\" src=\"https:\/\/correiodasemana.com\/site\/wp-content\/uploads\/2024\/06\/WhatsApp-Image-2024-06-16-at-21.43.15-150x150.jpeg\" class=\"attachment-thumbnail size-thumbnail\" alt=\"WhatsApp Image 2024-06-16 at 21.43.15\" loading=\"lazy\" decoding=\"async\" \/><\/a>\n\t\t\t<\/div><\/figure><figure class='gallery-item'>\n\t\t\t<div class='gallery-icon landscape'>\n\t\t\t\t<a href='https:\/\/correiodasemana.com\/site\/padre-gilson-toma-posse-como-novo-paroco-da-paroquia-de-santo-antonio-em-aracatiacu\/whatsapp-image-2024-06-16-at-21-43-16\/'><img loading=\"lazy\" width=\"150\" height=\"150\" src=\"https:\/\/correiodasemana.com\/site\/wp-content\/uploads\/2024\/06\/WhatsApp-Image-2024-06-16-at-21.43.16-150x150.jpeg\" class=\"attachment-thumbnail size-thumbnail\" alt=\"WhatsApp Image 2024-06-16 at 21.43.16\" loading=\"lazy\" decoding=\"async\" \/><\/a>\n\t\t\t<\/div><\/figure><figure class='gallery-item'>\n\t\t\t<div class='gallery-icon landscape'>\n\t\t\t\t<a href='https:\/\/correiodasemana.com\/site\/padre-gilson-toma-posse-como-novo-paroco-da-paroquia-de-santo-antonio-em-aracatiacu\/whatsapp-image-2024-06-16-at-21-43-17-1\/'><img loading=\"lazy\" width=\"150\" height=\"150\" src=\"https:\/\/correiodasemana.com\/site\/wp-content\/uploads\/2024\/06\/WhatsApp-Image-2024-06-16-at-21.43.17-1-150x150.jpeg\" class=\"attachment-thumbnail size-thumbnail\" alt=\"WhatsApp Image 2024-06-16 at 21.43.17 (1)\" loading=\"lazy\" decoding=\"async\" \/><\/a>\n\t\t\t<\/div><\/figure><figure class='gallery-item'>\n\t\t\t<div class='gallery-icon landscape'>\n\t\t\t\t<a href='https:\/\/correiodasemana.com\/site\/padre-gilson-toma-posse-como-novo-paroco-da-paroquia-de-santo-antonio-em-aracatiacu\/whatsapp-image-2024-06-16-at-21-43-17-2\/'><img loading=\"lazy\" width=\"150\" height=\"150\" src=\"https:\/\/correiodasemana.com\/site\/wp-content\/uploads\/2024\/06\/WhatsApp-Image-2024-06-16-at-21.43.17-2-150x150.jpeg\" class=\"attachment-thumbnail size-thumbnail\" alt=\"WhatsApp Image 2024-06-16 at 21.43.17 (2)\" loading=\"lazy\" decoding=\"async\" \/><\/a>\n\t\t\t<\/div><\/figure><figure class='gallery-item'>\n\t\t\t<div class='gallery-icon landscape'>\n\t\t\t\t<a href='https:\/\/correiodasemana.com\/site\/padre-gilson-toma-posse-como-novo-paroco-da-paroquia-de-santo-antonio-em-aracatiacu\/whatsapp-image-2024-06-16-at-21-43-17-3\/'><img loading=\"lazy\" width=\"150\" height=\"150\" src=\"https:\/\/correiodasemana.com\/site\/wp-content\/uploads\/2024\/06\/WhatsApp-Image-2024-06-16-at-21.43.17-3-150x150.jpeg\" class=\"attachment-thumbnail size-thumbnail\" alt=\"WhatsApp Image 2024-06-16 at 21.43.17 (3)\" loading=\"lazy\" decoding=\"async\" \/><\/a>\n\t\t\t<\/div><\/figure><figure class='gallery-item'>\n\t\t\t<div class='gallery-icon landscape'>\n\t\t\t\t<a href='https:\/\/correiodasemana.com\/site\/padre-gilson-toma-posse-como-novo-paroco-da-paroquia-de-santo-antonio-em-aracatiacu\/whatsapp-image-2024-06-16-at-21-43-17\/'><img loading=\"lazy\" width=\"150\" height=\"150\" src=\"https:\/\/correiodasemana.com\/site\/wp-content\/uploads\/2024\/06\/WhatsApp-Image-2024-06-16-at-21.43.17-150x150.jpeg\" class=\"attachment-thumbnail size-thumbnail\" alt=\"WhatsApp Image 2024-06-16 at 21.43.17\" loading=\"lazy\" decoding=\"async\" \/><\/a>\n\t\t\t<\/div><\/figure><figure class='gallery-item'>\n\t\t\t<div class='gallery-icon landscape'>\n\t\t\t\t<a href='https:\/\/correiodasemana.com\/site\/padre-gilson-toma-posse-como-novo-paroco-da-paroquia-de-santo-antonio-em-aracatiacu\/whatsapp-image-2024-06-16-at-21-43-18-1\/'><img loading=\"lazy\" width=\"150\" height=\"150\" src=\"https:\/\/correiodasemana.com\/site\/wp-content\/uploads\/2024\/06\/WhatsApp-Image-2024-06-16-at-21.43.18-1-150x150.jpeg\" class=\"attachment-thumbnail size-thumbnail\" alt=\"WhatsApp Image 2024-06-16 at 21.43.18 (1)\" loading=\"lazy\" decoding=\"async\" \/><\/a>\n\t\t\t<\/div><\/figure><figure class='gallery-item'>\n\t\t\t<div class='gallery-icon landscape'>\n\t\t\t\t<a href='https:\/\/correiodasemana.com\/site\/padre-gilson-toma-posse-como-novo-paroco-da-paroquia-de-santo-antonio-em-aracatiacu\/whatsapp-image-2024-06-16-at-21-43-18\/'><img loading=\"lazy\" width=\"150\" height=\"150\" src=\"https:\/\/correiodasemana.com\/site\/wp-content\/uploads\/2024\/06\/WhatsApp-Image-2024-06-16-at-21.43.18-150x150.jpeg\" class=\"attachment-thumbnail size-thumbnail\" alt=\"WhatsApp Image 2024-06-16 at 21.43.18\" loading=\"lazy\" decoding=\"async\" \/><\/a>\n\t\t\t<\/div><\/figure><figure class='gallery-item'>\n\t\t\t<div class='gallery-icon landscape'>\n\t\t\t\t<a href='https:\/\/correiodasemana.com\/site\/padre-gilson-toma-posse-como-novo-paroco-da-paroquia-de-santo-antonio-em-aracatiacu\/whatsapp-image-2024-06-16-at-21-43-19-1\/'><img loading=\"lazy\" width=\"150\" height=\"150\" src=\"https:\/\/correiodasemana.com\/site\/wp-content\/uploads\/2024\/06\/WhatsApp-Image-2024-06-16-at-21.43.19-1-150x150.jpeg\" class=\"attachment-thumbnail size-thumbnail\" alt=\"WhatsApp Image 2024-06-16 at 21.43.19 (1)\" loading=\"lazy\" decoding=\"async\" \/><\/a>\n\t\t\t<\/div><\/figure><figure class='gallery-item'>\n\t\t\t<div class='gallery-icon landscape'>\n\t\t\t\t<a href='https:\/\/correiodasemana.com\/site\/padre-gilson-toma-posse-como-novo-paroco-da-paroquia-de-santo-antonio-em-aracatiacu\/whatsapp-image-2024-06-16-at-21-43-19\/'><img loading=\"lazy\" width=\"150\" height=\"150\" src=\"https:\/\/correiodasemana.com\/site\/wp-content\/uploads\/2024\/06\/WhatsApp-Image-2024-06-16-at-21.43.19-150x150.jpeg\" class=\"attachment-thumbnail size-thumbnail\" alt=\"WhatsApp Image 2024-06-16 at 21.43.19\" loading=\"lazy\" decoding=\"async\" \/><\/a>\n\t\t\t<\/div><\/figure><figure class='gallery-item'>\n\t\t\t<div class='gallery-icon landscape'>\n\t\t\t\t<a href='https:\/\/correiodasemana.com\/site\/padre-gilson-toma-posse-como-novo-paroco-da-paroquia-de-santo-antonio-em-aracatiacu\/whatsapp-image-2024-06-16-at-21-43-20-1\/'><img loading=\"lazy\" width=\"150\" height=\"150\" src=\"https:\/\/correiodasemana.com\/site\/wp-content\/uploads\/2024\/06\/WhatsApp-Image-2024-06-16-at-21.43.20-1-150x150.jpeg\" class=\"attachment-thumbnail size-thumbnail\" alt=\"WhatsApp Image 2024-06-16 at 21.43.20 (1)\" loading=\"lazy\" decoding=\"async\" \/><\/a>\n\t\t\t<\/div><\/figure><figure class='gallery-item'>\n\t\t\t<div class='gallery-icon landscape'>\n\t\t\t\t<a href='https:\/\/correiodasemana.com\/site\/padre-gilson-toma-posse-como-novo-paroco-da-paroquia-de-santo-antonio-em-aracatiacu\/whatsapp-image-2024-06-16-at-21-43-20\/'><img loading=\"lazy\" width=\"150\" height=\"150\" src=\"https:\/\/correiodasemana.com\/site\/wp-content\/uploads\/2024\/06\/WhatsApp-Image-2024-06-16-at-21.43.20-150x150.jpeg\" class=\"attachment-thumbnail size-thumbnail\" alt=\"WhatsApp Image 2024-06-16 at 21.43.20\" loading=\"lazy\" decoding=\"async\" \/><\/a>\n\t\t\t<\/div><\/figure>\n\t\t<\/div>\n\n<p>O Padre Manoel Gilson foi empossado canonicamente como novo p\u00e1roco da Par\u00f3quia de Santo Ant\u00f4nio em Aracatia\u00e7u, no dia 15 de junho, durante Missa com Rito de Posse, presidida por Dom Vasconcelos e concelebrada por Pe. Maur\u00edlio Xavier na igreja matriz.<br \/>\nAp\u00f3s a sauda\u00e7\u00e3o inicial, a provis\u00e3o e decreto de nomea\u00e7\u00e3o foi lida e posteriormente assinada pelo novo p\u00e1roco que chega para dar continuidade a miss\u00e3o deixada por seu antecessor, Pe. Ant\u00f4nio Jos\u00e9. Na aclama\u00e7\u00e3o do evangelho o novo p\u00e1roco recebeu das m\u00e3os do bispo o evangeli\u00e1rio e proclamou o evangelho, recordando que uma das fun\u00e7\u00f5es do p\u00e1roco \u00e9 o an\u00fancio da palavra.<br \/>\nEm um dos trechos da homilia, Dom Vasconcelos recordou que a miss\u00e3o do pastor \u00e9 levar almas ao c\u00e9u, e no final de tudo juntos todos contemplarem a gl\u00f3ria celeste. Ap\u00f3s a homilia, o bispo entregou ao sacerdote os s\u00edmbolos: chave da igreja, chave do sacr\u00e1rio, estola roxa e instrumentos para o batismo. Padre Gilson percorreu a nave central da igreja na companhia de Dom Vasconcelos, e com o rito finalizado e aplausos da comunidade, o padre foi declarado empossado.<br \/>\nThais Helena &#8211; Jornalista \u2013 Jornal Correio da Semana<\/p>\n","protected":false},"excerpt":{"rendered":"<p>O Padre Manoel Gilson foi empossado canonicamente como novo p\u00e1roco da Par\u00f3quia de Santo Ant\u00f4nio&#8230;<\/p>\n","protected":false},"author":7,"featured_media":29710,"comment_status":"open","ping_status":"open","sticky":false,"template":"","format":"standard","meta":{"_jetpack_memberships_contains_paid_content":false,"footnotes":"","jetpack_publicize_message":"","jetpack_publicize_feature_enabled":true,"jetpack_social_post_already_shared":true,"jetpack_social_options":{"image_generator_settings":{"template":"highway","default_image_id":0,"font":"","enabled":false},"version":2}},"categories":[1],"tags":[],"class_list":["post-29698","post","type-post","status-publish","format-standard","has-post-thumbnail","hentry","category-atualidade"],"jetpack_publicize_connections":[],"jetpack_featured_media_url":"https:\/\/correiodasemana.com\/site\/wp-content\/uploads\/2024\/06\/WhatsApp-Image-2024-06-16-at-21.43.20.jpeg","jetpack-related-posts":[{"id":29659,"url":"https:\/\/correiodasemana.com\/site\/capela-de-santa-terezinha-em-lisieux-acolhe-pe-antonio-jose-como-vigario-paroquial\/","url_meta":{"origin":29698,"position":0},"title":"Capela de Santa Terezinha em Lisieux, acolhe Pe. Ant\u00f4nio Jos\u00e9 como vig\u00e1rio paroquial","author":"adminredacao","date":"Junho 18, 2024","format":false,"excerpt":"No \u00faltimo domingo, em 16 de junho, Dom Vasconcelos esteve no distrito de Lisieux para presidir a Santa Missa e apresentar aos paroquianos o Pe. Ant\u00f4nio Jos\u00e9 Viana Monte, como novo vig\u00e1rio paroquial, onde ir\u00e1 contribuir com os trabalhos da capela dedicada a Santa Terezinha localizada naquela comunidade. O sacerdote\u2026","rel":"","context":"In &quot;Atualidade&quot;","block_context":{"text":"Atualidade","link":"https:\/\/correiodasemana.com\/site\/category\/atualidade\/"},"img":{"alt_text":"","src":"https:\/\/i0.wp.com\/correiodasemana.com\/site\/wp-content\/uploads\/2024\/06\/WhatsApp-Image-2024-06-17-at-10.59.02.jpeg?resize=350%2C200&ssl=1","width":350,"height":200,"srcset":"https:\/\/i0.wp.com\/correiodasemana.com\/site\/wp-content\/uploads\/2024\/06\/WhatsApp-Image-2024-06-17-at-10.59.02.jpeg?resize=350%2C200&ssl=1 1x, https:\/\/i0.wp.com\/correiodasemana.com\/site\/wp-content\/uploads\/2024\/06\/WhatsApp-Image-2024-06-17-at-10.59.02.jpeg?resize=525%2C300&ssl=1 1.5x, https:\/\/i0.wp.com\/correiodasemana.com\/site\/wp-content\/uploads\/2024\/06\/WhatsApp-Image-2024-06-17-at-10.59.02.jpeg?resize=700%2C400&ssl=1 2x, https:\/\/i0.wp.com\/correiodasemana.com\/site\/wp-content\/uploads\/2024\/06\/WhatsApp-Image-2024-06-17-at-10.59.02.jpeg?resize=1050%2C600&ssl=1 3x, https:\/\/i0.wp.com\/correiodasemana.com\/site\/wp-content\/uploads\/2024\/06\/WhatsApp-Image-2024-06-17-at-10.59.02.jpeg?resize=1400%2C800&ssl=1 4x"},"classes":[]},{"id":23546,"url":"https:\/\/correiodasemana.com\/site\/em-aracatiacu-padre-antonio-jose-e-empossado-como-novo-administrador-paroquial\/","url_meta":{"origin":29698,"position":1},"title":"Em Aracatia\u00e7u, Padre Ant\u00f4nio Jos\u00e9 \u00e9 empossado como novo administrador paroquial","author":"adminredacao","date":"Fevereiro 14, 2023","format":false,"excerpt":"A Par\u00f3quia de Santo Ant\u00f4nio celebrou nesta ter\u00e7a-feira, 07 de fevereiro, a posse de seu novo administrador paroquial, Pe. Ant\u00f4nio Jos\u00e9 Viana Monte, que estar\u00e1 \u00e0 frente dos trabalhos pastorais em comunh\u00e3o com a comunidade local. A celebra\u00e7\u00e3o da Santa Missa aconteceu na igreja matriz, foi presidida por Dom Vasconcelos,\u2026","rel":"","context":"In &quot;Atualidade&quot;","block_context":{"text":"Atualidade","link":"https:\/\/correiodasemana.com\/site\/category\/atualidade\/"},"img":{"alt_text":"","src":"https:\/\/i0.wp.com\/correiodasemana.com\/site\/wp-content\/uploads\/2023\/02\/padre-antonio-jose-1.jpg?resize=350%2C200&ssl=1","width":350,"height":200,"srcset":"https:\/\/i0.wp.com\/correiodasemana.com\/site\/wp-content\/uploads\/2023\/02\/padre-antonio-jose-1.jpg?resize=350%2C200&ssl=1 1x, https:\/\/i0.wp.com\/correiodasemana.com\/site\/wp-content\/uploads\/2023\/02\/padre-antonio-jose-1.jpg?resize=525%2C300&ssl=1 1.5x, https:\/\/i0.wp.com\/correiodasemana.com\/site\/wp-content\/uploads\/2023\/02\/padre-antonio-jose-1.jpg?resize=700%2C400&ssl=1 2x"},"classes":[]},{"id":31678,"url":"https:\/\/correiodasemana.com\/site\/santuario-diocesano-em-aracatiacu-celebra-festa-de-nossa-senhora-de-fatima\/","url_meta":{"origin":29698,"position":2},"title":"Santu\u00e1rio Diocesano em Aracatia\u00e7u celebra Festa de Nossa Senhora de F\u00e1tima","author":"adminredacao","date":"Dezembro 2, 2024","format":false,"excerpt":"De 1 a 13 de novembro a comunidade paroquial de Santo Ant\u00f4nio em Aracatia\u00e7u celebrou a Festa de Nossa Senhora de F\u00e1tima no Santu\u00e1rio Diocesano. O tema proposto para este retiro espiritual foi: \u201cBem Aventurada Virgem Maria, modelo de ora\u00e7\u00e3o e peregrina da esperan\u00e7a\u201d. Diversos sacerdotes diocesanos contribu\u00edram a cada\u2026","rel":"","context":"In &quot;Atualidade&quot;","block_context":{"text":"Atualidade","link":"https:\/\/correiodasemana.com\/site\/category\/atualidade\/"},"img":{"alt_text":"","src":"https:\/\/i0.wp.com\/correiodasemana.com\/site\/wp-content\/uploads\/2024\/12\/festa-em-aracatiacu-1.jpeg?resize=350%2C200&ssl=1","width":350,"height":200,"srcset":"https:\/\/i0.wp.com\/correiodasemana.com\/site\/wp-content\/uploads\/2024\/12\/festa-em-aracatiacu-1.jpeg?resize=350%2C200&ssl=1 1x, https:\/\/i0.wp.com\/correiodasemana.com\/site\/wp-content\/uploads\/2024\/12\/festa-em-aracatiacu-1.jpeg?resize=525%2C300&ssl=1 1.5x, https:\/\/i0.wp.com\/correiodasemana.com\/site\/wp-content\/uploads\/2024\/12\/festa-em-aracatiacu-1.jpeg?resize=700%2C400&ssl=1 2x, https:\/\/i0.wp.com\/correiodasemana.com\/site\/wp-content\/uploads\/2024\/12\/festa-em-aracatiacu-1.jpeg?resize=1050%2C600&ssl=1 3x, https:\/\/i0.wp.com\/correiodasemana.com\/site\/wp-content\/uploads\/2024\/12\/festa-em-aracatiacu-1.jpeg?resize=1400%2C800&ssl=1 4x"},"classes":[]},{"id":30162,"url":"https:\/\/correiodasemana.com\/site\/paroquia-de-nossa-senhora-da-saude-em-frecheirinha-tem-novo-paroco-e-vigario-paroquial\/","url_meta":{"origin":29698,"position":3},"title":"Par\u00f3quia de Nossa Senhora da Sa\u00fade em Frecheirinha, tem novo p\u00e1roco e vig\u00e1rio paroquial","author":"adminredacao","date":"Julho 29, 2024","format":false,"excerpt":"Na noite da \u00faltima quarta-feira, 24 de julho, Dom Vasconcelos deu posse ao novo p\u00e1roco da Par\u00f3quia de Nossa Senhora da Sa\u00fade em Frecheirinha, Pe. Em\u00eddio Moura, e apresentou o novo vig\u00e1rio paroquial, Pe. Renato Welton. A celebra\u00e7\u00e3o eucar\u00edstica com rito de posse can\u00f4nica aconteceu na igreja matriz e contou\u2026","rel":"","context":"In &quot;Atualidade&quot;","block_context":{"text":"Atualidade","link":"https:\/\/correiodasemana.com\/site\/category\/atualidade\/"},"img":{"alt_text":"","src":"https:\/\/i0.wp.com\/correiodasemana.com\/site\/wp-content\/uploads\/2024\/07\/Frecheirinha-5.jpeg?resize=350%2C200&ssl=1","width":350,"height":200,"srcset":"https:\/\/i0.wp.com\/correiodasemana.com\/site\/wp-content\/uploads\/2024\/07\/Frecheirinha-5.jpeg?resize=350%2C200&ssl=1 1x, https:\/\/i0.wp.com\/correiodasemana.com\/site\/wp-content\/uploads\/2024\/07\/Frecheirinha-5.jpeg?resize=525%2C300&ssl=1 1.5x, https:\/\/i0.wp.com\/correiodasemana.com\/site\/wp-content\/uploads\/2024\/07\/Frecheirinha-5.jpeg?resize=700%2C400&ssl=1 2x, https:\/\/i0.wp.com\/correiodasemana.com\/site\/wp-content\/uploads\/2024\/07\/Frecheirinha-5.jpeg?resize=1050%2C600&ssl=1 3x, https:\/\/i0.wp.com\/correiodasemana.com\/site\/wp-content\/uploads\/2024\/07\/Frecheirinha-5.jpeg?resize=1400%2C800&ssl=1 4x"},"classes":[]},{"id":27848,"url":"https:\/\/correiodasemana.com\/site\/em-taperuaba-dom-vasconcelos-empossa-o-novo-paroco\/","url_meta":{"origin":29698,"position":4},"title":"Em Taperuaba, Dom Vasconcelos empossa o novo p\u00e1roco","author":"adminredacao","date":"Dezembro 26, 2023","format":false,"excerpt":"Um novo tempo inicia para a Par\u00f3quia de Nossa Senhora do Carmo em Taperuaba. Na noite desta quinta-feira, 21\/12, foi apresentado e empossado o terceiro p\u00e1roco, Pe. F\u00e1bio Gomes. A celebra\u00e7\u00e3o eucar\u00edstica com rito de posse can\u00f4nica foi presidida pelo bispo diocesano, Dom Vasconcelos, e concelebrada por diversos sacerdotes diocesanos.\u2026","rel":"","context":"In &quot;Diocese&quot;","block_context":{"text":"Diocese","link":"https:\/\/correiodasemana.com\/site\/category\/diocese\/"},"img":{"alt_text":"","src":"https:\/\/i0.wp.com\/correiodasemana.com\/site\/wp-content\/uploads\/2023\/12\/WhatsApp-Image-2023-12-22-at-18.52.43-1.jpeg?resize=350%2C200&ssl=1","width":350,"height":200,"srcset":"https:\/\/i0.wp.com\/correiodasemana.com\/site\/wp-content\/uploads\/2023\/12\/WhatsApp-Image-2023-12-22-at-18.52.43-1.jpeg?resize=350%2C200&ssl=1 1x, https:\/\/i0.wp.com\/correiodasemana.com\/site\/wp-content\/uploads\/2023\/12\/WhatsApp-Image-2023-12-22-at-18.52.43-1.jpeg?resize=525%2C300&ssl=1 1.5x, https:\/\/i0.wp.com\/correiodasemana.com\/site\/wp-content\/uploads\/2023\/12\/WhatsApp-Image-2023-12-22-at-18.52.43-1.jpeg?resize=700%2C400&ssl=1 2x, https:\/\/i0.wp.com\/correiodasemana.com\/site\/wp-content\/uploads\/2023\/12\/WhatsApp-Image-2023-12-22-at-18.52.43-1.jpeg?resize=1050%2C600&ssl=1 3x, https:\/\/i0.wp.com\/correiodasemana.com\/site\/wp-content\/uploads\/2023\/12\/WhatsApp-Image-2023-12-22-at-18.52.43-1.jpeg?resize=1400%2C800&ssl=1 4x"},"classes":[]},{"id":32506,"url":"https:\/\/correiodasemana.com\/site\/distrito-de-rafael-arruda-acolhe-o-3o-quase-paroco-pe-joao-oliveira-em-missa-com-rito-de-posse-canonica\/","url_meta":{"origin":29698,"position":5},"title":"Distrito de Rafael Arruda acolhe o 3\u00ba quase-p\u00e1roco, Pe. Jo\u00e3o Oliveira em Missa com Rito de Posse Can\u00f4nica","author":"adminredacao","date":"Fevereiro 10, 2025","format":false,"excerpt":"Em Rafael Arruda, distrito situado a cerca de 44km de Sobral, Dom Vasconcelos presidiu a Santa Missa com Rito de Posse Can\u00f4nica do 3\u00ba quase-p\u00e1roco da Quase-Par\u00f3quia de S\u00e3o Francisco de Assis, Padre Jo\u00e3o Batista Oliveira, na noite desta sexta-feira, 07 de fevereiro. A celebra\u00e7\u00e3o teve in\u00edcio com a leitura\u2026","rel":"","context":"In &quot;Atualidade&quot;","block_context":{"text":"Atualidade","link":"https:\/\/correiodasemana.com\/site\/category\/atualidade\/"},"img":{"alt_text":"","src":"https:\/\/i0.wp.com\/correiodasemana.com\/site\/wp-content\/uploads\/2025\/02\/WhatsApp-Image-2025-02-08-at-17.51.23-1.jpeg?resize=350%2C200&ssl=1","width":350,"height":200,"srcset":"https:\/\/i0.wp.com\/correiodasemana.com\/site\/wp-content\/uploads\/2025\/02\/WhatsApp-Image-2025-02-08-at-17.51.23-1.jpeg?resize=350%2C200&ssl=1 1x, https:\/\/i0.wp.com\/correiodasemana.com\/site\/wp-content\/uploads\/2025\/02\/WhatsApp-Image-2025-02-08-at-17.51.23-1.jpeg?resize=525%2C300&ssl=1 1.5x, https:\/\/i0.wp.com\/correiodasemana.com\/site\/wp-content\/uploads\/2025\/02\/WhatsApp-Image-2025-02-08-at-17.51.23-1.jpeg?resize=700%2C400&ssl=1 2x, https:\/\/i0.wp.com\/correiodasemana.com\/site\/wp-content\/uploads\/2025\/02\/WhatsApp-Image-2025-02-08-at-17.51.23-1.jpeg?resize=1050%2C600&ssl=1 3x, https:\/\/i0.wp.com\/correiodasemana.com\/site\/wp-content\/uploads\/2025\/02\/WhatsApp-Image-2025-02-08-at-17.51.23-1.jpeg?resize=1400%2C800&ssl=1 4x"},"classes":[]}],"jetpack_sharing_enabled":true,"_links":{"self":[{"href":"https:\/\/correiodasemana.com\/site\/wp-json\/wp\/v2\/posts\/29698","targetHints":{"allow":["GET"]}}],"collection":[{"href":"https:\/\/correiodasemana.com\/site\/wp-json\/wp\/v2\/posts"}],"about":[{"href":"https:\/\/correiodasemana.com\/site\/wp-json\/wp\/v2\/types\/post"}],"author":[{"embeddable":true,"href":"https:\/\/correiodasemana.com\/site\/wp-json\/wp\/v2\/users\/7"}],"replies":[{"embeddable":true,"href":"https:\/\/correiodasemana.com\/site\/wp-json\/wp\/v2\/comments?post=29698"}],"version-history":[{"count":1,"href":"https:\/\/correiodasemana.com\/site\/wp-json\/wp\/v2\/posts\/29698\/revisions"}],"predecessor-version":[{"id":29711,"href":"https:\/\/correiodasemana.com\/site\/wp-json\/wp\/v2\/posts\/29698\/revisions\/29711"}],"wp:featuredmedia":[{"embeddable":true,"href":"https:\/\/correiodasemana.com\/site\/wp-json\/wp\/v2\/media\/29710"}],"wp:attachment":[{"href":"https:\/\/correiodasemana.com\/site\/wp-json\/wp\/v2\/media?parent=29698"}],"wp:term":[{"taxonomy":"category","embeddable":true,"href":"https:\/\/correiodasemana.com\/site\/wp-json\/wp\/v2\/categories?post=29698"},{"taxonomy":"post_tag","embeddable":true,"href":"https:\/\/correiodasemana.com\/site\/wp-json\/wp\/v2\/tags?post=29698"}],"curies":[{"name":"wp","href":"https:\/\/api.w.org\/{rel}","templated":true}]}}