{"id":29719,"date":"2024-06-24T20:16:34","date_gmt":"2024-06-24T23:16:34","guid":{"rendered":"https:\/\/correiodasemana.com\/site\/?p=29719"},"modified":"2024-06-24T20:16:34","modified_gmt":"2024-06-24T23:16:34","slug":"a-barca-da-igreja-e-a-evangelizacao","status":"publish","type":"post","link":"https:\/\/correiodasemana.com\/site\/a-barca-da-igreja-e-a-evangelizacao\/","title":{"rendered":"A BARCA DA IGREJA E A EVANGELIZA\u00c7\u00c3O"},"content":{"rendered":"<p>As \u00e1guas, os rios e os mares sempre provocaram a humanidade. Ao mesmo tempo que s\u00e3o fonte de vida e alimento, meio de transporte e comunica\u00e7\u00e3o entre as pessoas, impressionam pela sua for\u00e7a tamb\u00e9m destrutiva, como testemunham enchentes recentes em nosso pa\u00eds e outras partes do mundo.<br \/>\nNossa Arquidiocese de Bel\u00e9m, com seus v\u00e1rios n\u00facleos insulares de assist\u00eancia pastoral, convive com embarca\u00e7\u00f5es de todo porte, desde os grandes navios e balsas, passando pelos barcos, lanchas, rabetas e simples \u201ccasquinhas\u201d que transportam pessoas e g\u00eaneros aliment\u00edcios. Nossos portos e trapiches, de todo tipo e tamanho, podem servir para o bem e, infelizmente, muitas vezes servem para o terr\u00edvel tr\u00e1fico humano e de drogas.<br \/>\nConvivemos com as \u00e1guas, ouvimos tantas vezes as pessoas dizerem que o rio \u00e9 nossa rua, assumimos juntos o desafio de conservar as imensas riquezas de nossas \u00e1guas, educando as novas gera\u00e7\u00f5es ao trato mais respeitoso com os dons que Deus nos prodigalizou em abund\u00e2ncia.<br \/>\nH\u00e1 poucos dias, com Dom Ant\u00f4nio e Dom Paulo, participamos de uma magn\u00edfica peregrina\u00e7\u00e3o e conviv\u00eancia com outros Bispos brasileiros, a convite das Comunidades Neocatecumenais, um imenso e reconhecido servi\u00e7o de Evangeliza\u00e7\u00e3o, presente em muitas de nossas Par\u00f3quias. Uma das propostas de medita\u00e7\u00e3o e ora\u00e7\u00e3o foi motivada pelo Evangelho do D\u00e9cimo Segundo Domingo do Tempo Comum, Palavra proclamada neste final de semana e que ouvimos proclamado onde Jesus o anunciou. Numa boa parte do tempo, estivemos em torno do Mar da Galileia.<br \/>\nEm nossas Missas desse final de semana, com a semente parecida com o gr\u00e3o de mostarda do Evangelho do Domingo anterior, cujos frutos certamente aparecer\u00e3o, na hora e na medida de Deus, desejamos ajudar-nos mutuamente a superar os desafios e os medos das \u00e1guas do mar da vida, tantas vezes revoltas e amea\u00e7adoras.<br \/>\nJesus, em tempos de Galileia, atravessou muitas vezes o Lago, que de t\u00e3o grande era chamado de Mar, percorrendo as vilas e cidades. Quem est\u00e1 no cimo do Monte das Bem-aventuran\u00e7as, lugar em que os Bispos se hospedaram durante alguns dias, onde tamb\u00e9m o Senhor pronunciou o Serm\u00e3o da Montanha, tem uma vis\u00e3o privilegiada.<br \/>\nFoi ali, \u00e0 beira do Lago que Jesus determinou que os disc\u00edpulos de ontem e de hoje se aventurassem por \u00e1guas mais profundas (Cf. Lc 5,1-11). Ali, Tabgha, lugar do primado de Pedro, \u00e0s margens do Lago, onde Jesus, n\u00e3o uma sombra ou um fantasma, mas o pr\u00f3prio Senhor, os mandou lan\u00e7ar as redes e preparou-lhes uma refei\u00e7\u00e3o mais do que simb\u00f3lica, ou Cafarnaum, quem sabe, Magdala, Tiber\u00edades e outros tantos lugares. \u00c9 poss\u00edvel ver, do outro lado do Lago, \u00e1reas que pertencem hoje \u00e0 S\u00edria. Por aquelas bandas Jesus foi \u00e0 regi\u00e3o da Dec\u00e1pole, onde mostrou tamb\u00e9m sua for\u00e7a, poder e miss\u00e3o. Foi tamb\u00e9m pelo Lago que Jesus foi a G\u00e9rasa (Cf. Mc 5,1-20), onde expulsou dem\u00f4nios e foi rejeitado pelos moradores. Muitos os fatos, todos eles carregados de ensinamentos, que n\u00e3o estamos diante de um livro de hist\u00f3rias edificantes, mas do Evangelho! Foi a nossa experi\u00eancia nesta peregrina\u00e7\u00e3o \u00e0 Terra Santa.<br \/>\nEm Tabgha, os Bispos participaram de um rito significativo, respondendo \u201cTu sabes tudo, tudo sabes que te amo\u201d, depois da pergunta feita por Jesus a Pedro: \u201cTu me amas?\u201d Foi uma gra\u00e7a especial presidir a este rito, assim como \u00e0 renova\u00e7\u00e3o dos compromissos Episcopais, feita em Jerusal\u00e9m, na \u201cDomus Mambr\u00e9\u201d, no mesmo dia em que visitamos o Cen\u00e1culo. Deus nos fez experimentar a beleza e a responsabilidade da Comunh\u00e3o, para comprometer-nos com a ora\u00e7\u00e3o sacerdotal de Jesus: \u201cQue todos sejam um, para que o mundo creia\u201d (Jo 17,21).<br \/>\nEntretanto, a Liturgia do d\u00e9cimo segundo Domingo do Tempo Comum (J\u00f3 38,1-8.11; 1 Cor 5,14-17; Mc 4, 35-41) oferece-nos tamb\u00e9m oportunidade privilegiada para uma reflex\u00e3o a partir do receio provocado pelas \u00e1guas e a for\u00e7a de Deus Criador e Senhor, que ali\u00e1s se manifesta diante dos disc\u00edpulos, acostumados ao medo das \u00e1guas e das tempestades, por muitos dos antigos consideradas habita\u00e7\u00f5es de monstros e sinal de morte!<br \/>\nProvavelmente n\u00e3o lhes era claro o que j\u00e1 se encontrava no livro de J\u00f3, pronunciado pelo Senhor: \u201cQuem fechou com portas o mar, quando ele irrompeu, como se sa\u00edsse das entranhas, quando eu lhe dava a nuvem por vestido e o envolvia de escurid\u00e3o como de fralda? Eu o demarquei com meus limites e lhe pus ferrolho e portas, dizendo: \u2018At\u00e9 aqui chegar\u00e1s, e n\u00e3o al\u00e9m; aqui dominar\u00e1s as tuas ondas encapeladas!\u2019\u201d (J\u00f3 38,8-11)<br \/>\nJesus determina aos disc\u00edpulos a viagem para outra margem (Mc 4,35-41). Noutra ocasi\u00e3o, mandou-os \u00e0 frente, para depois caminhar sobre as \u00e1guas (Jo 6,16-20), quando podemos imagin\u00e1-lo \u201ccavalgando sobre as \u00e1guas\u201d (Cf. Sl 46,1-12; Sl 68,1-5). Agora Jesus est\u00e1 placidamente dormindo dentro da barca, e o vento e a chuva se enfurecem. Pensam estar perecendo por n\u00e3o terem tomado consci\u00eancia daquele que os acompanhava, cujo poder faz as \u00e1guas se acalmarem.<br \/>\nAgora, os disc\u00edpulos de hoje. N\u00e3o basta repetir o que temos feito at\u00e9 hoje! Os desafios s\u00e3o novos e diferentes. O apelo do Papa Francisco ressoa a atitude de Jesus, lan\u00e7ando-nos a descobrir caminhos novos, sair missionariamente ao encontro dos mais afastados. Aceitar a provoca\u00e7\u00e3o positiva que nos lan\u00e7a a buscar \u00e1guas mais profundas (Cf. Lc 5,1-11), mesmo quando nos sentimos fr\u00e1geis e pecadores, pois o Senhor vai al\u00e9m de nossos pecados e fraquezas, fazendo de todos n\u00f3s pescadores de homens, como aconteceu com os primeiros disc\u00edpulos.<br \/>\nA atitude a ser assumida \u00e9 a coragem vinda da f\u00e9, lan\u00e7ando-nos a buscar caminhos novos, criatividade e ousadia.\u00a0\u00a0 Em meu primeiro encontro com o Papa Francisco, na Jornada Mundial da Juventude do Rio de Janeiro, em 2013, ao apresentar-me como Arcebispo de Bel\u00e9m, ouvi palavras fortes, \u00e0 \u00e9poca transmitidas ao povo de Bel\u00e9m: \u201cSejam corajosos, sejam ousados. Se n\u00e3o forem ousados, j\u00e1 estar\u00e3o errando de princ\u00edpio\u201d. E nossa Igreja h\u00e1 de retomar esta proposta. Temos abertas algumas estradas e tantas portas, para ajudarmos nosso mundo e nosso tempo a se encherem de alegria!<br \/>\nO desafio atual tem tr\u00eas nomes: Primeiro, assumir como pr\u00f3prio de todas as inst\u00e2ncias da vida da Igreja o compromisso Mission\u00e1rio. O segundo \u00e9 a Evangeliza\u00e7\u00e3o da Juventude, que tem um sinal expressivo do Acampamento Arquidiocesano da Juventude, no primeiro final de semana de julho. Terceiro desafio, mas n\u00e3o menos importante, \u00e9 que todos acolhamos a bel\u00edssima diversidade de m\u00e9todos pastorais, servi\u00e7os e iniciativas que o Esp\u00edrito Santo suscita em nossa Arquidiocese, o desafio da unidade e da comunh\u00e3o. O diferente n\u00e3o \u00e9 inimigo ou advers\u00e1rio, mas conduzido pelo Esp\u00edrito a atingir pessoas e grupos sedentos do Evangelho com o Testemunho e a Palavra. \u00c9 um tempo novo e positivamente provocante, com outras margens e \u00e1guas mais profundas.\u00a0 E conclu\u00edmos com o grande an\u00fancio ressoado a partir da pedra do Santo Sepulcro, onde celebramos a Eucaristia no encerramento da Peregrina\u00e7\u00e3o: \u201cAquele que venceu as ondas da morte est\u00e1 vivo no meio de n\u00f3s. Ele \u00e9 o Senhor e Salvador. Com ele e nele somos anunciadores e realizadores da esperan\u00e7a para o nosso tempo\u201d. Beijei a pedra do Santo Sepulcro em nome de todos os nossos fi\u00e9is da Igreja de Bel\u00e9m. Todos estavam ali conosco!<br \/>\nDom Alberto Taveira Corr\u00eaa &#8211; Arcebispo de Bel\u00e9m do Par\u00e1 (PA)<\/p>\n","protected":false},"excerpt":{"rendered":"<p>As \u00e1guas, os rios e os mares sempre provocaram a humanidade. Ao mesmo tempo que&#8230;<\/p>\n","protected":false},"author":7,"featured_media":28960,"comment_status":"open","ping_status":"open","sticky":false,"template":"","format":"standard","meta":{"_jetpack_memberships_contains_paid_content":false,"footnotes":"","jetpack_publicize_message":"","jetpack_publicize_feature_enabled":true,"jetpack_social_post_already_shared":true,"jetpack_social_options":{"image_generator_settings":{"template":"highway","default_image_id":0,"font":"","enabled":false},"version":2}},"categories":[24],"tags":[],"class_list":["post-29719","post","type-post","status-publish","format-standard","has-post-thumbnail","hentry","category-a-voz-do-pastor"],"jetpack_publicize_connections":[],"jetpack_featured_media_url":"https:\/\/correiodasemana.com\/site\/wp-content\/uploads\/2024\/04\/Dom-Jose-Luiz-Gomes-Vasconcelos-bispo-diocesano-de-Sobral.jpeg","jetpack-related-posts":[{"id":25927,"url":"https:\/\/correiodasemana.com\/site\/homilia-do-papa-francisco-no-mosteiro-dos-jeronimos\/","url_meta":{"origin":29719,"position":0},"title":"Homilia do Papa Francisco no Mosteiro dos Jer\u00f3nimos","author":"adminredacao","date":"Agosto 8, 2023","format":false,"excerpt":"\u00abQueridos irm\u00e3os bispos, queridos padres e di\u00e1conos, consagrados e consagradas e seminaristas, queridos agentes pastorais, irm\u00e3os e irm\u00e3s: Boa tarde! Estou feliz por estar entre v\u00f3s para viver com tantos jovens o Dia Mundial da Juventude, mas tamb\u00e9m para compartilhar a vossa caminhada eclesial, o vosso cansa\u00e7o e as vossas\u2026","rel":"","context":"In &quot;A voz do Pastor&quot;","block_context":{"text":"A voz do Pastor","link":"https:\/\/correiodasemana.com\/site\/category\/a-voz-do-pastor\/"},"img":{"alt_text":"","src":"https:\/\/i0.wp.com\/correiodasemana.com\/site\/wp-content\/uploads\/2018\/02\/Dom-Vasconcelos-posses.jpg?resize=350%2C200&ssl=1","width":350,"height":200,"srcset":"https:\/\/i0.wp.com\/correiodasemana.com\/site\/wp-content\/uploads\/2018\/02\/Dom-Vasconcelos-posses.jpg?resize=350%2C200&ssl=1 1x, https:\/\/i0.wp.com\/correiodasemana.com\/site\/wp-content\/uploads\/2018\/02\/Dom-Vasconcelos-posses.jpg?resize=525%2C300&ssl=1 1.5x, https:\/\/i0.wp.com\/correiodasemana.com\/site\/wp-content\/uploads\/2018\/02\/Dom-Vasconcelos-posses.jpg?resize=700%2C400&ssl=1 2x"},"classes":[]},{"id":29227,"url":"https:\/\/correiodasemana.com\/site\/chuvas-no-rs-causam-ao-menos-116-mortes-e-deixam-143-desaparecidos\/","url_meta":{"origin":29719,"position":1},"title":"Chuvas no RS causam ao menos 116 mortes e deixam 143 desaparecidos","author":"adminredacao","date":"Maio 13, 2024","format":false,"excerpt":"Em todo o estado, cerca de 1,9 milh\u00e3o de pessoas foram atingidas Por Alex Rodrigues - Rep\u00f3rter da Ag\u00eancia Brasil - Bras\u00edlia Ao menos 116 pessoas perderam a vida e outras 143 est\u00e3o desaparecidas em consequ\u00eancia das fortes chuvas que atingem o Rio Grande do Sul desde o \u00faltimo dia\u2026","rel":"","context":"In &quot;Atualidade&quot;","block_context":{"text":"Atualidade","link":"https:\/\/correiodasemana.com\/site\/category\/atualidade\/"},"img":{"alt_text":"","src":"https:\/\/i0.wp.com\/correiodasemana.com\/site\/wp-content\/uploads\/2024\/05\/F.jpg?resize=350%2C200&ssl=1","width":350,"height":200,"srcset":"https:\/\/i0.wp.com\/correiodasemana.com\/site\/wp-content\/uploads\/2024\/05\/F.jpg?resize=350%2C200&ssl=1 1x, https:\/\/i0.wp.com\/correiodasemana.com\/site\/wp-content\/uploads\/2024\/05\/F.jpg?resize=525%2C300&ssl=1 1.5x"},"classes":[]},{"id":24873,"url":"https:\/\/correiodasemana.com\/site\/nas-asas-do-espirito\/","url_meta":{"origin":29719,"position":2},"title":"NAS ASAS DO ESP\u00cdRITO","author":"adminredacao","date":"Maio 29, 2023","format":false,"excerpt":"Celebramos com grande alegria, fruto do Esp\u00edrito, a Solenidade de Pentecostes. Nossa Igreja olha para frente e para o alto, como desejamos meditar e rezar na Grande Vig\u00edlia, preparada com carinho por tantas pessoas que a ela se dedicaram. No Pentecostes, a Igreja saiu \u00e0 vida p\u00fablica, come\u00e7ando pelas ruas\u2026","rel":"","context":"In &quot;Atualidade&quot;","block_context":{"text":"Atualidade","link":"https:\/\/correiodasemana.com\/site\/category\/atualidade\/"},"img":{"alt_text":"","src":"https:\/\/i0.wp.com\/correiodasemana.com\/site\/wp-content\/uploads\/2018\/02\/Dom-Vasconcelos-posses.jpg?resize=350%2C200&ssl=1","width":350,"height":200,"srcset":"https:\/\/i0.wp.com\/correiodasemana.com\/site\/wp-content\/uploads\/2018\/02\/Dom-Vasconcelos-posses.jpg?resize=350%2C200&ssl=1 1x, https:\/\/i0.wp.com\/correiodasemana.com\/site\/wp-content\/uploads\/2018\/02\/Dom-Vasconcelos-posses.jpg?resize=525%2C300&ssl=1 1.5x, https:\/\/i0.wp.com\/correiodasemana.com\/site\/wp-content\/uploads\/2018\/02\/Dom-Vasconcelos-posses.jpg?resize=700%2C400&ssl=1 2x"},"classes":[]},{"id":26510,"url":"https:\/\/correiodasemana.com\/site\/conviver-com-as-diferencas\/","url_meta":{"origin":29719,"position":3},"title":"CONVIVER COM AS DIFEREN\u00c7AS","author":"adminredacao","date":"Setembro 18, 2023","format":false,"excerpt":"\u201cA Igreja de Bel\u00e9m toma a peito o dever da evangeliza\u00e7\u00e3o em todos os ambientes, nas cidades, em suas \u00e1reas paroquiais, \u00e1reas mission\u00e1rias e periferias existenciais. \u201cN\u00e3o pode haver verdadeira evangeliza\u00e7\u00e3o sem o an\u00fancio expl\u00edcito de Jesus como Senhor e sem existir uma \u2018primazia do an\u00fancio de Jesus Cristo em\u2026","rel":"","context":"In &quot;Atualidade&quot;","block_context":{"text":"Atualidade","link":"https:\/\/correiodasemana.com\/site\/category\/atualidade\/"},"img":{"alt_text":"","src":"https:\/\/i0.wp.com\/correiodasemana.com\/site\/wp-content\/uploads\/2019\/07\/Dom-Vasconcelos-posses.jpg?resize=350%2C200&ssl=1","width":350,"height":200,"srcset":"https:\/\/i0.wp.com\/correiodasemana.com\/site\/wp-content\/uploads\/2019\/07\/Dom-Vasconcelos-posses.jpg?resize=350%2C200&ssl=1 1x, https:\/\/i0.wp.com\/correiodasemana.com\/site\/wp-content\/uploads\/2019\/07\/Dom-Vasconcelos-posses.jpg?resize=525%2C300&ssl=1 1.5x, https:\/\/i0.wp.com\/correiodasemana.com\/site\/wp-content\/uploads\/2019\/07\/Dom-Vasconcelos-posses.jpg?resize=700%2C400&ssl=1 2x"},"classes":[]},{"id":37880,"url":"https:\/\/correiodasemana.com\/site\/silveira-rocha-2\/","url_meta":{"origin":29719,"position":4},"title":"Silveira Rocha","author":"adminredacao","date":"Abril 11, 2026","format":false,"excerpt":"Moscas na sopa do Ciro O Cear\u00e1 se depara e convive com um quadro pol\u00edtico que foge \u00e0 normalidade, principalmente no aspecto da moralidade, do respeito e da \u00e9tica, que s\u00e3o raros nesse nicho, mas que na atualidade exacerbam. Pela primeira vez v\u00ea-se uma briga entre irm\u00e3os e grupos, fatos\u2026","rel":"","context":"In &quot;Artigos&quot;","block_context":{"text":"Artigos","link":"https:\/\/correiodasemana.com\/site\/category\/artigos\/"},"img":{"alt_text":"","src":"","width":0,"height":0},"classes":[]},{"id":37451,"url":"https:\/\/correiodasemana.com\/site\/de-olho-na-lingua-150\/","url_meta":{"origin":29719,"position":5},"title":"De Olho na L\u00edngua","author":"adminredacao","date":"Fevereiro 20, 2026","format":false,"excerpt":"Carnaval (Etimologia) Deriva do Latim \u201cCarrus Navalis\u201d, pelo italiano \u201ccarnavale\u201d, por sua vez radicado na express\u00e3o latina \u201ccarne vale\u201d (adeus carne) ou \u201ccarne levare\u201d (prazeres da carne), designando os festejos dos dias que antecedem a entrada da Quaresma. Tamb\u00e9m conhecido como \u201centrudo\u201d, do Latim \u201cintroitos\u201d (entrada). Do Latim \u201cCarrus Navalis\u201d\u2026","rel":"","context":"In &quot;Artigos&quot;","block_context":{"text":"Artigos","link":"https:\/\/correiodasemana.com\/site\/category\/artigos\/"},"img":{"alt_text":"","src":"","width":0,"height":0},"classes":[]}],"jetpack_sharing_enabled":true,"_links":{"self":[{"href":"https:\/\/correiodasemana.com\/site\/wp-json\/wp\/v2\/posts\/29719","targetHints":{"allow":["GET"]}}],"collection":[{"href":"https:\/\/correiodasemana.com\/site\/wp-json\/wp\/v2\/posts"}],"about":[{"href":"https:\/\/correiodasemana.com\/site\/wp-json\/wp\/v2\/types\/post"}],"author":[{"embeddable":true,"href":"https:\/\/correiodasemana.com\/site\/wp-json\/wp\/v2\/users\/7"}],"replies":[{"embeddable":true,"href":"https:\/\/correiodasemana.com\/site\/wp-json\/wp\/v2\/comments?post=29719"}],"version-history":[{"count":1,"href":"https:\/\/correiodasemana.com\/site\/wp-json\/wp\/v2\/posts\/29719\/revisions"}],"predecessor-version":[{"id":29720,"href":"https:\/\/correiodasemana.com\/site\/wp-json\/wp\/v2\/posts\/29719\/revisions\/29720"}],"wp:featuredmedia":[{"embeddable":true,"href":"https:\/\/correiodasemana.com\/site\/wp-json\/wp\/v2\/media\/28960"}],"wp:attachment":[{"href":"https:\/\/correiodasemana.com\/site\/wp-json\/wp\/v2\/media?parent=29719"}],"wp:term":[{"taxonomy":"category","embeddable":true,"href":"https:\/\/correiodasemana.com\/site\/wp-json\/wp\/v2\/categories?post=29719"},{"taxonomy":"post_tag","embeddable":true,"href":"https:\/\/correiodasemana.com\/site\/wp-json\/wp\/v2\/tags?post=29719"}],"curies":[{"name":"wp","href":"https:\/\/api.w.org\/{rel}","templated":true}]}}