{"id":29726,"date":"2024-06-24T20:21:14","date_gmt":"2024-06-24T23:21:14","guid":{"rendered":"https:\/\/correiodasemana.com\/site\/?p=29726"},"modified":"2024-06-24T20:21:14","modified_gmt":"2024-06-24T23:21:14","slug":"em-tempo-231","status":"publish","type":"post","link":"https:\/\/correiodasemana.com\/site\/em-tempo-231\/","title":{"rendered":"Em Tempo"},"content":{"rendered":"<p><strong>Tecnologias da informa\u00e7\u00e3o e comunica\u00e7\u00e3o<\/strong><br \/>\nO Minist\u00e9rio da Ci\u00eancia, Tecnologia e Inova\u00e7\u00e3o, o Instituto Federal do Cear\u00e1 (IFCE), a Universidade Estadual do Cear\u00e1 e o Instituto Atl\u00e2ntico ofertam 2,4 mil vagas em cursos de curta dura\u00e7\u00e3o na \u00e1rea de tecnologias da informa\u00e7\u00e3o e comunica\u00e7\u00e3o, com carga hor\u00e1ria de 480 horas.<br \/>\nAs vagas s\u00e3o para o p\u00fablico externo e para estudantes de gradua\u00e7\u00e3o e cursos t\u00e9cnicos do IFCE. Interessados podem se inscrever at\u00e9 26 de junho. Objetivo da iniciativa \u00e9 desenvolver nos participantes habilidades essenciais para o mercado de trabalho, com apoio de mentores.<\/p>\n<p><strong>Mestrado e doutorado da UFC em Artes<\/strong><br \/>\nO Programa de P\u00f3s-Gradua\u00e7\u00e3o em Artes (PPGARTES), do Instituto de Cultura e Arte da Universidade Federal do Cear\u00e1, recebe, at\u00e9 1\u00ba de agosto, inscri\u00e7\u00f5es para o processo seletivo de discentes dos cursos de Mestrado e Doutorado Acad\u00eamico em Artes, com in\u00edcio em 2025.1.<br \/>\nPara o mestrado, s\u00e3o oferecidas 20 vagas, enquanto o doutorado disponibiliza 10 vagas. S\u00e3o duas as linhas de pesquisa: Arte e Pensamento e Arte e Processo de Cria\u00e7\u00e3o. Os editais est\u00e3o dispon\u00edveis no site www.ppgartes.ufc.br, onde mais informa\u00e7\u00f5es podem ser consultadas.<\/p>\n<p><strong><a href=\"https:\/\/correiodasemana.com\/site\/em-tempo-231\/chico-buarque\/\" rel=\"attachment wp-att-29727\"><img fetchpriority=\"high\" decoding=\"async\" class=\"wp-image-29727 size-medium alignright\" src=\"https:\/\/correiodasemana.com\/site\/wp-content\/uploads\/2024\/06\/CHICO-BUARQUE-300x200.jpg\" alt=\"\" width=\"300\" height=\"200\" srcset=\"https:\/\/correiodasemana.com\/site\/wp-content\/uploads\/2024\/06\/CHICO-BUARQUE-300x200.jpg 300w, https:\/\/correiodasemana.com\/site\/wp-content\/uploads\/2024\/06\/CHICO-BUARQUE.jpg 750w\" sizes=\"(max-width: 300px) 100vw, 300px\" \/><\/a>M\u00fasicas mais tocadas de Chico Buarque<\/strong><br \/>\n<strong>Foto: Francisco Proner\/Divulga\u00e7\u00e3o <\/strong><br \/>\n<strong>Cantor e compositor Chico Buarque completou 80 anos de idade<\/strong><br \/>\nUm dos nomes mais importantes da m\u00fasica brasileira festejou 80 anos, dia 19 de junho. Nascido Francisco Buarque de Hollanda, o Chico Buarque se tornou refer\u00eancia em diversos \u00e2mbitos da arte, como tamb\u00e9m na pol\u00edtica e filosofia. Como m\u00fasico, comp\u00f4s 537 obras.<br \/>\nA can\u00e7\u00e3o de Chico Buarque mais tocada no Brasil h\u00e1 cinco anos \u00e9 \u201cIolanda\u201d, lan\u00e7ada em 1986. Em segundo lugar, \u201cA Banda\u201d, de 1966. Na sequ\u00eancia, \u201cJo\u00e3o e Maria\u201d (1977). Estas informa\u00e7\u00f5es foram divulgadas pelo Escrit\u00f3rio Central de Arrecada\u00e7\u00e3o e Distribui\u00e7\u00e3o (Ecad).<\/p>\n<p><strong>Registro de filme sobre Drag\u00e3o do Mar<\/strong><br \/>\nFilme dos anos 1940 inspirado no jangadeiro Francisco Jos\u00e9 do Nascimento, o Drag\u00e3o do Mar, com di\u00e1logos assinados pela escritora Rachel de Queiroz e que destacaria a hist\u00f3ria do Cear\u00e1 de maneira in\u00e9dita foi visto, \u00e0 \u00e9poca, como \u201ca grande esperan\u00e7a do cinema brasileiro\u201d.<br \/>\nAp\u00f3s dois anos de trabalho, \u00e0s v\u00e9speras de ser finalizado, o longa \u201cJangada\u201d teve c\u00f3pias incendiadas em 1949. Mais de 70 anos depois, o que restou da obra foi redescoberto, recuperado e digitalizado pela Cinemateca Brasileira. Pode ser acessado em https:\/\/vivacinemateca.org.br.<\/p>\n<p><strong>Cidades M\u00e9dias e Planejamento Urbano<\/strong><br \/>\nUniversidade Estadual Vale do Acara\u00fa promoveu, em Sobral, o Semin\u00e1rio Internacional \u201cCidades M\u00e9dias e Planejamento Urbano\u201d, que reuniu profissionais nacionais e internacionais das \u00e1reas de ci\u00eancia geogr\u00e1fica, arquitetura e engenharia, com troca de conhecimentos.<br \/>\nO evento aconteceu de 27 a 30 de maio. Na abertura, no campus Bet\u00e2nia, foi proferida a palestra \u201cFragmenta\u00e7\u00e3o Socioespacial e Cidades M\u00e9dias\u201d, pela professora Maria Encarna\u00e7\u00e3o Beltr\u00e3o Sposito, do Departamento de Geografia da Universidade Estadual Paulista (Unesp).<\/p>\n<p><strong>Dica da Coluna\u00a0<\/strong><br \/>\nLeia o Blog do Edilson (www.blogdoedilson.com.br): Cultura, educa\u00e7\u00e3o, pol\u00edtica e utilidade p\u00fablica.<\/p>\n","protected":false},"excerpt":{"rendered":"<p>Tecnologias da informa\u00e7\u00e3o e comunica\u00e7\u00e3o O Minist\u00e9rio da Ci\u00eancia, Tecnologia e Inova\u00e7\u00e3o, o Instituto Federal&#8230;<\/p>\n","protected":false},"author":7,"featured_media":18025,"comment_status":"open","ping_status":"open","sticky":false,"template":"","format":"standard","meta":{"_jetpack_memberships_contains_paid_content":false,"footnotes":"","jetpack_publicize_message":"","jetpack_publicize_feature_enabled":true,"jetpack_social_post_already_shared":true,"jetpack_social_options":{"image_generator_settings":{"template":"highway","default_image_id":0,"font":"","enabled":false},"version":2}},"categories":[36],"tags":[],"class_list":["post-29726","post","type-post","status-publish","format-standard","has-post-thumbnail","hentry","category-em-tempo"],"jetpack_publicize_connections":[],"jetpack_featured_media_url":"https:\/\/correiodasemana.com\/site\/wp-content\/uploads\/2021\/11\/Edilson-Silva.jpg","jetpack-related-posts":[{"id":22626,"url":"https:\/\/correiodasemana.com\/site\/em-tempo-164\/","url_meta":{"origin":29726,"position":0},"title":"Em Tempo","author":"adminredacao","date":"Janeiro 8, 2023","format":false,"excerpt":"Filme cearense no Festival de Roterd\u00e3\u00a0 Longa de estreia de Diego Hoefel, ga\u00facho radicado no Cear\u00e1, filme\u00a0\u201cRepresa\u201d, produzido pela cearense Tardo Filmes e com nomes do Estado na equipe e elenco, ter\u00e1 estreia no\u00a0Festival de Roterd\u00e3\u00a0de 2023. A obra comp\u00f5e a mostra \u201cBright Future\u201d, competitiva do evento europeu. Escrito por\u00a0Diego\u2026","rel":"","context":"In &quot;Artigos&quot;","block_context":{"text":"Artigos","link":"https:\/\/correiodasemana.com\/site\/category\/artigos\/"},"img":{"alt_text":"","src":"https:\/\/i0.wp.com\/correiodasemana.com\/site\/wp-content\/uploads\/2023\/01\/balet.jpg?resize=350%2C200&ssl=1","width":350,"height":200},"classes":[]},{"id":37700,"url":"https:\/\/correiodasemana.com\/site\/em-tempo-317\/","url_meta":{"origin":29726,"position":1},"title":"Em Tempo","author":"adminredacao","date":"Mar\u00e7o 10, 2026","format":false,"excerpt":"274 vagas para docentes e t\u00e9cnicos Foram publicados editais do concurso p\u00fablico do Instituto Federal de Educa\u00e7\u00e3o, Ci\u00eancia e Tecnologia do Cear\u00e1 (IFCE) 2026. S\u00e3o 274 vagas: 169 para docentes e 105 para t\u00e9cnicos administrativos (n\u00edveis m\u00e9dio, t\u00e9cnico e superior). As inscri\u00e7\u00f5es seguem at\u00e9 o dia 20 de mar\u00e7o. As\u2026","rel":"","context":"In &quot;Artigos&quot;","block_context":{"text":"Artigos","link":"https:\/\/correiodasemana.com\/site\/category\/artigos\/"},"img":{"alt_text":"","src":"https:\/\/i0.wp.com\/correiodasemana.com\/site\/wp-content\/uploads\/2019\/12\/FOTO-EDILSON-SILVA-2.jpg?resize=350%2C200&ssl=1","width":350,"height":200,"srcset":"https:\/\/i0.wp.com\/correiodasemana.com\/site\/wp-content\/uploads\/2019\/12\/FOTO-EDILSON-SILVA-2.jpg?resize=350%2C200&ssl=1 1x, https:\/\/i0.wp.com\/correiodasemana.com\/site\/wp-content\/uploads\/2019\/12\/FOTO-EDILSON-SILVA-2.jpg?resize=525%2C300&ssl=1 1.5x, https:\/\/i0.wp.com\/correiodasemana.com\/site\/wp-content\/uploads\/2019\/12\/FOTO-EDILSON-SILVA-2.jpg?resize=700%2C400&ssl=1 2x"},"classes":[]},{"id":28203,"url":"https:\/\/correiodasemana.com\/site\/em-tempo-212\/","url_meta":{"origin":29726,"position":2},"title":"EM TEMPO \u2022","author":"adminredacao","date":"Janeiro 29, 2024","format":false,"excerpt":"IFCE tem 410 vagas no SISU O campus de Sobral do Instituto Federal de Educa\u00e7\u00e3o, Ci\u00eancia e Tecnologia do Cear\u00e1 (IFCE) vai ofertar 410 vagas em seis cursos de gradua\u00e7\u00e3o para o Sistema de Sele\u00e7\u00e3o Unificada (Sisu) em 2024. As inscri\u00e7\u00f5es podem ser feitas at\u00e9 25 de janeiro, em acessounico.mec.gov.br.\u2026","rel":"","context":"In &quot;Artigos&quot;","block_context":{"text":"Artigos","link":"https:\/\/correiodasemana.com\/site\/category\/artigos\/"},"img":{"alt_text":"","src":"https:\/\/i0.wp.com\/correiodasemana.com\/site\/wp-content\/uploads\/2024\/01\/1_alan_morais-25142196-150x150.png?resize=350%2C200&ssl=1","width":350,"height":200,"srcset":"https:\/\/i0.wp.com\/correiodasemana.com\/site\/wp-content\/uploads\/2024\/01\/1_alan_morais-25142196-150x150.png?resize=350%2C200&ssl=1 1x, https:\/\/i0.wp.com\/correiodasemana.com\/site\/wp-content\/uploads\/2024\/01\/1_alan_morais-25142196-150x150.png?resize=525%2C300&ssl=1 1.5x, https:\/\/i0.wp.com\/correiodasemana.com\/site\/wp-content\/uploads\/2024\/01\/1_alan_morais-25142196-150x150.png?resize=700%2C400&ssl=1 2x"},"classes":[]},{"id":27137,"url":"https:\/\/correiodasemana.com\/site\/em-tempo-200\/","url_meta":{"origin":29726,"position":3},"title":"EM TEMPO \u2022","author":"adminredacao","date":"Novembro 6, 2023","format":false,"excerpt":"Semana do Livro e da Biblioteca Palestras, minicursos, oficina, visita\u00e7\u00e3o, lan\u00e7amentos de livros, apresenta\u00e7\u00f5es musicais, exposi\u00e7\u00f5es e premia\u00e7\u00f5es marcaram a XIX Semana do Livro e da Biblioteca, em Sobral, com o 42\u00ba anivers\u00e1rio de funcionamento da Biblioteca da Universidade Estadual Vale do Acara\u00fa. Programa\u00e7\u00e3o ocorreu de 24 a 26 de\u2026","rel":"","context":"In &quot;Artigos&quot;","block_context":{"text":"Artigos","link":"https:\/\/correiodasemana.com\/site\/category\/artigos\/"},"img":{"alt_text":"","src":"https:\/\/i0.wp.com\/correiodasemana.com\/site\/wp-content\/uploads\/2023\/11\/josafa-duarte-300x225.jpeg?resize=350%2C200&ssl=1","width":350,"height":200},"classes":[]},{"id":35946,"url":"https:\/\/correiodasemana.com\/site\/em-tempo-298\/","url_meta":{"origin":29726,"position":4},"title":"EM TEMPO \u2022","author":"adminredacao","date":"Outubro 29, 2025","format":false,"excerpt":"Programa de capacita\u00e7\u00e3o de jornalistas O Sindicato dos Jornalistas do Cear\u00e1 (Sindjorce) recebe inscri\u00e7\u00f5es, at\u00e9 24 de outubro, para Programa Jovem Jornalista. Aulas acorrer\u00e3o de 28 de outubro a 5 de fevereiro de 2026. S\u00e3o 80 vagas:30 presenciais em Fortaleza e 50 para participantes do interior, via plataforma Zoom. O\u2026","rel":"","context":"In &quot;Artigos&quot;","block_context":{"text":"Artigos","link":"https:\/\/correiodasemana.com\/site\/category\/artigos\/"},"img":{"alt_text":"","src":"https:\/\/i0.wp.com\/correiodasemana.com\/site\/wp-content\/uploads\/2025\/10\/Cearenses-finalistas-2025-150x150.jpg?resize=350%2C200&ssl=1","width":350,"height":200,"srcset":"https:\/\/i0.wp.com\/correiodasemana.com\/site\/wp-content\/uploads\/2025\/10\/Cearenses-finalistas-2025-150x150.jpg?resize=350%2C200&ssl=1 1x, https:\/\/i0.wp.com\/correiodasemana.com\/site\/wp-content\/uploads\/2025\/10\/Cearenses-finalistas-2025-150x150.jpg?resize=525%2C300&ssl=1 1.5x, https:\/\/i0.wp.com\/correiodasemana.com\/site\/wp-content\/uploads\/2025\/10\/Cearenses-finalistas-2025-150x150.jpg?resize=700%2C400&ssl=1 2x"},"classes":[]},{"id":37590,"url":"https:\/\/correiodasemana.com\/site\/em-tempo-316\/","url_meta":{"origin":29726,"position":5},"title":"EM TEMPO \u2022","author":"adminredacao","date":"Mar\u00e7o 3, 2026","format":false,"excerpt":"Fortalecimento da agricultura ecol\u00f3gica A Universidade Estadual Vale do Acara\u00fa (UVA), com apoio do Conselho Nacional de Desenvolvimento Cient\u00edfico e Tecnol\u00f3gico (CNPq), recebeu, dia 12 de fevereiro, equipamentos e insumos paraa\u00e7\u00f5es de pesquisa e inova\u00e7\u00e3o voltadas \u00e0 agroecologia e \u00e0 produ\u00e7\u00e3o org\u00e2nica. Entre os itens, destaca-se um tratorito, entregue na\u2026","rel":"","context":"In &quot;Artigos&quot;","block_context":{"text":"Artigos","link":"https:\/\/correiodasemana.com\/site\/category\/artigos\/"},"img":{"alt_text":"","src":"https:\/\/i0.wp.com\/correiodasemana.com\/site\/wp-content\/uploads\/2026\/03\/okFeito-Pipa-_.jpg?resize=350%2C200&ssl=1","width":350,"height":200,"srcset":"https:\/\/i0.wp.com\/correiodasemana.com\/site\/wp-content\/uploads\/2026\/03\/okFeito-Pipa-_.jpg?resize=350%2C200&ssl=1 1x, https:\/\/i0.wp.com\/correiodasemana.com\/site\/wp-content\/uploads\/2026\/03\/okFeito-Pipa-_.jpg?resize=525%2C300&ssl=1 1.5x, https:\/\/i0.wp.com\/correiodasemana.com\/site\/wp-content\/uploads\/2026\/03\/okFeito-Pipa-_.jpg?resize=700%2C400&ssl=1 2x, https:\/\/i0.wp.com\/correiodasemana.com\/site\/wp-content\/uploads\/2026\/03\/okFeito-Pipa-_.jpg?resize=1050%2C600&ssl=1 3x"},"classes":[]}],"jetpack_sharing_enabled":true,"_links":{"self":[{"href":"https:\/\/correiodasemana.com\/site\/wp-json\/wp\/v2\/posts\/29726","targetHints":{"allow":["GET"]}}],"collection":[{"href":"https:\/\/correiodasemana.com\/site\/wp-json\/wp\/v2\/posts"}],"about":[{"href":"https:\/\/correiodasemana.com\/site\/wp-json\/wp\/v2\/types\/post"}],"author":[{"embeddable":true,"href":"https:\/\/correiodasemana.com\/site\/wp-json\/wp\/v2\/users\/7"}],"replies":[{"embeddable":true,"href":"https:\/\/correiodasemana.com\/site\/wp-json\/wp\/v2\/comments?post=29726"}],"version-history":[{"count":2,"href":"https:\/\/correiodasemana.com\/site\/wp-json\/wp\/v2\/posts\/29726\/revisions"}],"predecessor-version":[{"id":29729,"href":"https:\/\/correiodasemana.com\/site\/wp-json\/wp\/v2\/posts\/29726\/revisions\/29729"}],"wp:featuredmedia":[{"embeddable":true,"href":"https:\/\/correiodasemana.com\/site\/wp-json\/wp\/v2\/media\/18025"}],"wp:attachment":[{"href":"https:\/\/correiodasemana.com\/site\/wp-json\/wp\/v2\/media?parent=29726"}],"wp:term":[{"taxonomy":"category","embeddable":true,"href":"https:\/\/correiodasemana.com\/site\/wp-json\/wp\/v2\/categories?post=29726"},{"taxonomy":"post_tag","embeddable":true,"href":"https:\/\/correiodasemana.com\/site\/wp-json\/wp\/v2\/tags?post=29726"}],"curies":[{"name":"wp","href":"https:\/\/api.w.org\/{rel}","templated":true}]}}