{"id":29748,"date":"2024-06-24T20:29:17","date_gmt":"2024-06-24T23:29:17","guid":{"rendered":"https:\/\/correiodasemana.com\/site\/?p=29748"},"modified":"2024-06-24T20:29:17","modified_gmt":"2024-06-24T23:29:17","slug":"com-muito-respeito-mas-me-perdoe","status":"publish","type":"post","link":"https:\/\/correiodasemana.com\/site\/com-muito-respeito-mas-me-perdoe\/","title":{"rendered":"Com Muito Respeito, Mas me Perdoe"},"content":{"rendered":"<p>Com muito respeito, mas me perdoe as pessoas que ap\u00f3iam pessoas que s\u00e3o a favor da tortura.<br \/>\nNa \u00e9poca da ditadura militar no Brasil, per\u00edodo de 1964 a 1985 houve muita tortura. Al\u00e9m da censura quando n\u00e3o se podia ter a liberdade de express\u00e3o, as pessoas eram presas, torturadas e at\u00e9 mortas como aconteceu com o jornalista Vladimir Herzog, que foi enforcado na cela em que estava preso. Ditadura nunca mais.<br \/>\n\u201cEntre as principais\u00a0t\u00e9cnicas de tortura aplicadas no per\u00edodo, podem ser citadas\u02d0 o afogamento, a cadeira do drag\u00e3o (esp\u00e9cie de cadeira el\u00e9trica), soro da verdade (droga injet\u00e1vel que deixa a v\u00edtima em estado de sonol\u00eancia), a geladeira (pequena caixa em que a v\u00edtima era confinada e sofria com oscila\u00e7\u00f5es\u201d.\u00a0(pt.wikipedia.org).<br \/>\n\u201cAlguns tipos\u00a0que s\u00e3o mais conhecidos: choques el\u00e9tricos, palmat\u00f3rias, \u201cpau de arara\u201d, afogamento, telefone (tapas nos dois ouvidos ao mesmo tempo), queimadura por cigarro, inje\u00e7\u00f5es com \u00e9ter para necrosar tecidos, sufocamento e espancamentos eram comuns.\u00a0(rollingstone.uol.com.br).<br \/>\nCom muito respeito, mas me perdoe as pessoas que ap\u00f3iam pessoas que s\u00e3o a favor do genoc\u00eddio.<br \/>\n\u201cO crime de genoc\u00eddio \u00e9 uma das formas mais graves de viola\u00e7\u00e3o dos direitos humanos. Ele ocorre quando existe a inten\u00e7\u00e3o de destruir, total ou parcialmente, um grupo \u00e9tnico, nacional, racial ou religioso. O termo foi cunhado ap\u00f3s a Segunda Guerra Mundial, em refer\u00eancia aos crimes cometidos pelos nazistas contra judeus e outras minorias.<br \/>\n\u201cInfelizmente casos de genoc\u00eddio acontece em lugares atualmente. Basta ver o caso da guerra entre Israel e Hamas na Palestina\u201d.\u00a0(crivo do autor).<br \/>\nNo Brasil, a Lei\u00a02.889\/56 define e pune o crime de genoc\u00eddio, elencando as condutas e suas penas:<br \/>\nArt. 1\u00ba Quem, com a inten\u00e7\u00e3o de destruir, no todo ou em parte, grupo nacional, \u00e9tnico, racial ou religioso, como tal: (Vide Lei n\u00ba\u00a07.960, de 1989)<br \/>\na) matar membros do grupo;<br \/>\nb) causar les\u00e3o grave \u00e0 integridade f\u00edsica ou mental de membros do grupo;<br \/>\nc) submeter intencionalmente o grupo a condi\u00e7\u00f5es de exist\u00eancia capazes de ocasionar-lhe a destrui\u00e7\u00e3o f\u00edsica total ou parcial;<br \/>\nd) adotar medidas destinadas a impedir os nascimentos no seio do grupo;<br \/>\ne) efetuar a transfer\u00eancia for\u00e7ada de crian\u00e7as do grupo para outro grupo;<br \/>\n(jusbrasil.com.br).<br \/>\n\u201cO Conselho Ind\u00edgena de Roraima (CIR) garante haver evid\u00eancias suficientes para julgar pessoas por genoc\u00eddio de povos ind\u00edgenas. Entre elas, o sucateamento e a militariza\u00e7\u00e3o da Funai, que fortaleceu o garimpo ilegal\u00a0e resultou na crise humanit\u00e1ria enfrentada pelos Yanomami\u201d.\u00a0(brasildefato.com.br).<br \/>\n\u201cEm resumo, o crime de genoc\u00eddio \u00e9 uma viola\u00e7\u00e3o inaceit\u00e1vel dos direitos humanos e deve ser combatido com firmeza em todas as suas formas. A justi\u00e7a e a solidariedade s\u00e3o fundamentais para garantir que a hist\u00f3ria n\u00e3o se repita e que possamos construir um mundo mais justo e humano para as futuras gera\u00e7\u00f5es\u201d.\u00a0(jusbrasil.com.br).<br \/>\nCom muito respeito, mas me perdoe as pessoas que ap\u00f3iam pessoas que s\u00e3o a favor do feminic\u00eddio.<br \/>\nO assassinato de mulheres em contextos discriminat\u00f3rios recebeu uma designa\u00e7\u00e3o pr\u00f3pria: feminic\u00eddio. Nomear o problema \u00e9 uma forma de visibilizar um cen\u00e1rio grave e permanente: milhares de mulheres s\u00e3o mortas todos os anos no Brasil. De acordo com o Mapa da Viol\u00eancia 2015, em 2013 foram registrados 13 homic\u00eddios femininos por dia, quase cinco mil no ano. Ainda assim, o enfrentamento \u00e0s ra\u00edzes dessa viol\u00eancia extrema n\u00e3o est\u00e1 no centro do debate p\u00fablico com a intensidade e profundidade necess\u00e1rias diante da gravidade do problema.<br \/>\nO feminic\u00eddio \u00e9 a express\u00e3o fatal das diversas viol\u00eancias que podem atingir as mulheres em sociedades marcadas pela desigualdade de poder entre os g\u00eaneros masculino e feminino e por constru\u00e7\u00f5es hist\u00f3ricas, culturais, econ\u00f4micas, pol\u00edticas e sociais discriminat\u00f3rias.\u00a0(dossies.agenciapatriciagalvao.org.br).<br \/>\nProf. Salmito Campos \u2013 (jornalista e radialista).<\/p>\n","protected":false},"excerpt":{"rendered":"<p>Com muito respeito, mas me perdoe as pessoas que ap\u00f3iam pessoas que s\u00e3o a favor&#8230;<\/p>\n","protected":false},"author":7,"featured_media":17116,"comment_status":"open","ping_status":"open","sticky":false,"template":"","format":"standard","meta":{"_jetpack_memberships_contains_paid_content":false,"footnotes":"","jetpack_publicize_message":"","jetpack_publicize_feature_enabled":true,"jetpack_social_post_already_shared":true,"jetpack_social_options":{"image_generator_settings":{"template":"highway","default_image_id":0,"font":"","enabled":false},"version":2}},"categories":[81],"tags":[],"class_list":["post-29748","post","type-post","status-publish","format-standard","has-post-thumbnail","hentry","category-salmito-campos"],"jetpack_publicize_connections":[],"jetpack_featured_media_url":"https:\/\/correiodasemana.com\/site\/wp-content\/uploads\/2021\/08\/Salmito-Campos.jpg","jetpack-related-posts":[{"id":28694,"url":"https:\/\/correiodasemana.com\/site\/papa-francisco-autoriza-novos-decretos-brasileiro-se-torna-veneravel\/","url_meta":{"origin":29748,"position":0},"title":"Papa Francisco autoriza novos decretos. Brasileiro se torna vener\u00e1vel","author":"adminredacao","date":"Mar\u00e7o 18, 2024","format":false,"excerpt":"Padre Lib\u00e9rio recebe t\u00edtulo de vener\u00e1vel pela Igreja Cat\u00f3lica Na manh\u00e3 desta quinta-feira, o Papa Francisco recebeu em audi\u00eancia o prefeito do Dicast\u00e9rio das Causas dos Santos, cardeal Marcello Semeraro, ao qual autorizou a promulga\u00e7\u00e3o dos decretos relativos a 19 novos beatos e 7 novos vener\u00e1veis. Dos dezenove beatos, dezesseis\u2026","rel":"","context":"In &quot;Atualidade&quot;","block_context":{"text":"Atualidade","link":"https:\/\/correiodasemana.com\/site\/category\/atualidade\/"},"img":{"alt_text":"","src":"https:\/\/i0.wp.com\/correiodasemana.com\/site\/wp-content\/uploads\/2024\/03\/whatsapp-image-2023-06-29-at-18.07.26.webp?resize=350%2C200&ssl=1","width":350,"height":200,"srcset":"https:\/\/i0.wp.com\/correiodasemana.com\/site\/wp-content\/uploads\/2024\/03\/whatsapp-image-2023-06-29-at-18.07.26.webp?resize=350%2C200&ssl=1 1x, https:\/\/i0.wp.com\/correiodasemana.com\/site\/wp-content\/uploads\/2024\/03\/whatsapp-image-2023-06-29-at-18.07.26.webp?resize=525%2C300&ssl=1 1.5x, https:\/\/i0.wp.com\/correiodasemana.com\/site\/wp-content\/uploads\/2024\/03\/whatsapp-image-2023-06-29-at-18.07.26.webp?resize=700%2C400&ssl=1 2x"},"classes":[]},{"id":8564,"url":"https:\/\/correiodasemana.com\/site\/pastoral-carceraria-se-manifesta-sobre-o-massacre-de-altamira\/","url_meta":{"origin":29748,"position":1},"title":"Pastoral Carcer\u00e1ria se manifesta sobre o massacre de Altamira","author":"","date":"Agosto 6, 2019","format":false,"excerpt":"Comunicado do padre Gianfranco Graziola, da Pastoral Carcer\u00e1ria Nacional da CNBB sobre o massacre de Altamira Cidade do Vaticano No dia 29 de julho, depois de uma rebeli\u00e3o na Pris\u00e3o de Altamira, 58 pessoas, sendo a \u00faltima registrada na quarta-feira (31), morreram em consequ\u00eancia de um verdadeiro massacre dentro da\u2026","rel":"","context":"In &quot;Atualidade&quot;","block_context":{"text":"Atualidade","link":"https:\/\/correiodasemana.com\/site\/category\/atualidade\/"},"img":{"alt_text":"","src":"https:\/\/i0.wp.com\/correiodasemana.com\/site\/wp-content\/uploads\/2019\/08\/cq5dam.thumbnail.cropped.750.422-1.jpeg?resize=350%2C200&ssl=1","width":350,"height":200,"srcset":"https:\/\/i0.wp.com\/correiodasemana.com\/site\/wp-content\/uploads\/2019\/08\/cq5dam.thumbnail.cropped.750.422-1.jpeg?resize=350%2C200&ssl=1 1x, https:\/\/i0.wp.com\/correiodasemana.com\/site\/wp-content\/uploads\/2019\/08\/cq5dam.thumbnail.cropped.750.422-1.jpeg?resize=525%2C300&ssl=1 1.5x, https:\/\/i0.wp.com\/correiodasemana.com\/site\/wp-content\/uploads\/2019\/08\/cq5dam.thumbnail.cropped.750.422-1.jpeg?resize=700%2C400&ssl=1 2x"},"classes":[]},{"id":16522,"url":"https:\/\/correiodasemana.com\/site\/sobral-sobral-41\/","url_meta":{"origin":29748,"position":2},"title":"Sobral, Sobral","author":"","date":"Maio 24, 2021","format":false,"excerpt":"PARA TER ALGO QUE NUNCA TEVE, VOC\u00ca PRECISA FAZER ALGO QUE NUNCA FEZ !! MINHAS HIST\u00d3RIAS... Sabe o significado original das CARTAS DE UM BARALHO??? As 52 cartas representam as 52 semanas no ano. As duas cores: o dia e noite. Os 4 naipes s\u00e3o as 4 esta\u00e7\u00f5es ( ver\u00e3o=ouros,\u2026","rel":"","context":"In &quot;Artigos&quot;","block_context":{"text":"Artigos","link":"https:\/\/correiodasemana.com\/site\/category\/artigos\/"},"img":{"alt_text":"","src":"https:\/\/i0.wp.com\/correiodasemana.com\/site\/wp-content\/uploads\/2021\/02\/artigo-carolino-radio.png?resize=350%2C200&ssl=1","width":350,"height":200,"srcset":"https:\/\/i0.wp.com\/correiodasemana.com\/site\/wp-content\/uploads\/2021\/02\/artigo-carolino-radio.png?resize=350%2C200&ssl=1 1x, https:\/\/i0.wp.com\/correiodasemana.com\/site\/wp-content\/uploads\/2021\/02\/artigo-carolino-radio.png?resize=525%2C300&ssl=1 1.5x, https:\/\/i0.wp.com\/correiodasemana.com\/site\/wp-content\/uploads\/2021\/02\/artigo-carolino-radio.png?resize=700%2C400&ssl=1 2x"},"classes":[]},{"id":10047,"url":"https:\/\/correiodasemana.com\/site\/confianca-nao-merecida\/","url_meta":{"origin":29748,"position":3},"title":"Confian\u00e7a n\u00e3o merecida","author":"","date":"Dezembro 2, 2019","format":false,"excerpt":"por F\u00e1tima Moura Semana passada, ao sair do trabalho no hor\u00e1rio de meio dia, percebi que o carro estava t\u00e3o quente por a\u00e7\u00e3o do sol, que o sistema de ar n\u00e3o dava conta da situa\u00e7\u00e3o. Ent\u00e3o resolvi abrir os vidros. Ao chegar no sem\u00e1foro do cruzamento pr\u00f3ximo ao Arco, local\u2026","rel":"","context":"In &quot;Artigos&quot;","block_context":{"text":"Artigos","link":"https:\/\/correiodasemana.com\/site\/category\/artigos\/"},"img":{"alt_text":"","src":"https:\/\/i0.wp.com\/correiodasemana.com\/site\/wp-content\/uploads\/2019\/12\/trancas-scaled.jpg?resize=350%2C200&ssl=1","width":350,"height":200,"srcset":"https:\/\/i0.wp.com\/correiodasemana.com\/site\/wp-content\/uploads\/2019\/12\/trancas-scaled.jpg?resize=350%2C200&ssl=1 1x, https:\/\/i0.wp.com\/correiodasemana.com\/site\/wp-content\/uploads\/2019\/12\/trancas-scaled.jpg?resize=525%2C300&ssl=1 1.5x, https:\/\/i0.wp.com\/correiodasemana.com\/site\/wp-content\/uploads\/2019\/12\/trancas-scaled.jpg?resize=700%2C400&ssl=1 2x, https:\/\/i0.wp.com\/correiodasemana.com\/site\/wp-content\/uploads\/2019\/12\/trancas-scaled.jpg?resize=1050%2C600&ssl=1 3x, https:\/\/i0.wp.com\/correiodasemana.com\/site\/wp-content\/uploads\/2019\/12\/trancas-scaled.jpg?resize=1400%2C800&ssl=1 4x"},"classes":[]},{"id":35473,"url":"https:\/\/correiodasemana.com\/site\/por-hora-14-criancas-sao-internadas-por-acidentes-saiba-como-evitar\/","url_meta":{"origin":29748,"position":4},"title":"Por hora, 14 crian\u00e7as s\u00e3o internadas por acidentes; saiba como evitar","author":"adminredacao","date":"Setembro 8, 2025","format":false,"excerpt":"Estudo aponta que hospitaliza\u00e7\u00f5es cresceram 2% em rela\u00e7\u00e3o a 2023 fonte: Ag\u00eancia Brasil Em 2024,\u00a0121.933 crian\u00e7as e adolescentes at\u00e9 14 anos\u00a0foram internados no Brasil v\u00edtimas de acidentes. Em m\u00e9dia, s\u00e3o\u00a0334 hospitaliza\u00e7\u00f5es por dia, o que representa cerca de\u00a014 interna\u00e7\u00f5es por hora\u00a0em raz\u00e3o desses epis\u00f3dios. Os dados fazem parte de um\u2026","rel":"","context":"In &quot;Atualidade&quot;","block_context":{"text":"Atualidade","link":"https:\/\/correiodasemana.com\/site\/category\/atualidade\/"},"img":{"alt_text":"","src":"https:\/\/i0.wp.com\/correiodasemana.com\/site\/wp-content\/uploads\/2025\/09\/agenciabrasil180512_mca2402.webp?resize=350%2C200&ssl=1","width":350,"height":200,"srcset":"https:\/\/i0.wp.com\/correiodasemana.com\/site\/wp-content\/uploads\/2025\/09\/agenciabrasil180512_mca2402.webp?resize=350%2C200&ssl=1 1x, https:\/\/i0.wp.com\/correiodasemana.com\/site\/wp-content\/uploads\/2025\/09\/agenciabrasil180512_mca2402.webp?resize=525%2C300&ssl=1 1.5x, https:\/\/i0.wp.com\/correiodasemana.com\/site\/wp-content\/uploads\/2025\/09\/agenciabrasil180512_mca2402.webp?resize=700%2C400&ssl=1 2x, https:\/\/i0.wp.com\/correiodasemana.com\/site\/wp-content\/uploads\/2025\/09\/agenciabrasil180512_mca2402.webp?resize=1050%2C600&ssl=1 3x"},"classes":[]},{"id":23019,"url":"https:\/\/correiodasemana.com\/site\/monique-medeiros-re-pela-morte-do-proprio-filho-henry-volta-a-ocupar-cargo-publico\/","url_meta":{"origin":29748,"position":5},"title":"Monique Medeiros, r\u00e9 pela morte do pr\u00f3prio filho Henry, volta a ocupar cargo p\u00fablico","author":"","date":"Janeiro 23, 2023","format":false,"excerpt":"Acusada de participar da morte do filho Henry Borel, de 4 anos, Monique vai trabalhar em fun\u00e7\u00e3o administrativa da Secretaria de Educa\u00e7\u00e3o. Monique Medeiros, r\u00e9 pela morte do menino Henry Borel, voltou a trabalhar. A acusada pelo assassinato do filho tamb\u00e9m \u00e9 servidora concursada da Secretaria municipal de Educa\u00e7\u00e3o do\u2026","rel":"","context":"In &quot;Atualidade&quot;","block_context":{"text":"Atualidade","link":"https:\/\/correiodasemana.com\/site\/category\/atualidade\/"},"img":{"alt_text":"","src":"https:\/\/i0.wp.com\/correiodasemana.com\/site\/wp-content\/uploads\/2023\/01\/image_processing20211006-12769-1lgo8jg.jpeg?resize=350%2C200&ssl=1","width":350,"height":200,"srcset":"https:\/\/i0.wp.com\/correiodasemana.com\/site\/wp-content\/uploads\/2023\/01\/image_processing20211006-12769-1lgo8jg.jpeg?resize=350%2C200&ssl=1 1x, https:\/\/i0.wp.com\/correiodasemana.com\/site\/wp-content\/uploads\/2023\/01\/image_processing20211006-12769-1lgo8jg.jpeg?resize=525%2C300&ssl=1 1.5x, https:\/\/i0.wp.com\/correiodasemana.com\/site\/wp-content\/uploads\/2023\/01\/image_processing20211006-12769-1lgo8jg.jpeg?resize=700%2C400&ssl=1 2x"},"classes":[]}],"jetpack_sharing_enabled":true,"_links":{"self":[{"href":"https:\/\/correiodasemana.com\/site\/wp-json\/wp\/v2\/posts\/29748","targetHints":{"allow":["GET"]}}],"collection":[{"href":"https:\/\/correiodasemana.com\/site\/wp-json\/wp\/v2\/posts"}],"about":[{"href":"https:\/\/correiodasemana.com\/site\/wp-json\/wp\/v2\/types\/post"}],"author":[{"embeddable":true,"href":"https:\/\/correiodasemana.com\/site\/wp-json\/wp\/v2\/users\/7"}],"replies":[{"embeddable":true,"href":"https:\/\/correiodasemana.com\/site\/wp-json\/wp\/v2\/comments?post=29748"}],"version-history":[{"count":1,"href":"https:\/\/correiodasemana.com\/site\/wp-json\/wp\/v2\/posts\/29748\/revisions"}],"predecessor-version":[{"id":29749,"href":"https:\/\/correiodasemana.com\/site\/wp-json\/wp\/v2\/posts\/29748\/revisions\/29749"}],"wp:featuredmedia":[{"embeddable":true,"href":"https:\/\/correiodasemana.com\/site\/wp-json\/wp\/v2\/media\/17116"}],"wp:attachment":[{"href":"https:\/\/correiodasemana.com\/site\/wp-json\/wp\/v2\/media?parent=29748"}],"wp:term":[{"taxonomy":"category","embeddable":true,"href":"https:\/\/correiodasemana.com\/site\/wp-json\/wp\/v2\/categories?post=29748"},{"taxonomy":"post_tag","embeddable":true,"href":"https:\/\/correiodasemana.com\/site\/wp-json\/wp\/v2\/tags?post=29748"}],"curies":[{"name":"wp","href":"https:\/\/api.w.org\/{rel}","templated":true}]}}